{"id":58447,"date":"2019-06-03T21:13:00","date_gmt":"2019-06-03T21:13:00","guid":{"rendered":"http:\/\/desarrollo.mcvicious.com\/aero2020\/2019\/06\/03\/trump-dice-que-se-mantiene-firme-sobre-su-amenaza-arancelaria-mientras-mexico-cree-que-habra-acuerdo\/"},"modified":"2019-06-03T21:13:00","modified_gmt":"2019-06-03T21:13:00","slug":"trump-dice-que-se-mantiene-firme-sobre-su-amenaza-arancelaria-mientras-mexico-cree-que-habra-acuerdo","status":"publish","type":"post","link":"https:\/\/aeronoticias.com.pe\/noticiero\/internacionales\/trump-dice-que-se-mantiene-firme-sobre-su-amenaza-arancelaria-mientras-mexico-cree-que-habra-acuerdo\/","title":{"rendered":"Trump dice que se mantiene firme sobre su amenaza arancelaria, mientras M\u00e9xico cree que habr\u00e1 acuerdo"},"content":{"rendered":"<p style=\"text-align: justify;\"><strong>(Aeronoticias) <\/strong><span style=\"text-align: justify;\">Las negociaciones entre los funcionarios del Gobierno mexicano y el Gobierno del presidente Donald Trump esta semana determinar\u00e1n si entrar\u00e1 en vigencia el arancel unilateral del 5% con el que amenaz\u00f3 Trump para todos los bienes mexicanos a partir del 10 de junio, como anunci\u00f3 la semana pasada.<\/span><\/p>\n<p style=\"text-align: justify;\">A pesar de que Trump y sus asesores se\u00f1alaron repetidamente que estaban dispuestos a cumplir con la amenaza durante el fin de semana, el presidente de M\u00e9xico Andr\u00e9s Manuel L\u00f3pez Obrador expres\u00f3 su optimismo de que se puede persuadir a la Casa Blanca para que rechace la amenaza.<\/p>\n<p style=\"text-align: justify;\">Los aranceles, destinados a presionar al gobierno de M\u00e9xico para que evite los cruces de fronteras no autorizados hacia Estados Unidos, aumentar\u00e1n mensualmente, hasta una tasa final del 25% en octubre, si Trump no es apaciguado.<\/p>\n<p style=\"text-align: justify;\">\u00bfPor qu\u00e9 M\u00e9xico es tan importante para la industria automotriz estadounidense?<\/p>\n<p style=\"text-align: justify;\"><span style=\"font-size: 12.16px;\"> \u201cLo principal es informar sobre lo que ya estamos haciendo sobre el tema de la migraci\u00f3n, y si es necesario reforzar estas medidas sin violar los derechos humanos, podr\u00edamos estar preparados para alcanzar ese acuerdo\u201d, dijo L\u00f3pez Obrador en una conferencia de prensa el s\u00e1bado.<\/span><\/p>\n<p style=\"text-align: justify;\">Una delegaci\u00f3n mexicana encabezada por el ministro de Relaciones Exteriores, Marcelo Ebrard, se reunir\u00e1 con funcionarios de la administraci\u00f3n, incluido el secretario de Estado Mike Pompeo, el mi\u00e9rcoles en Washington para discutir el asunto.<\/p>\n<p style=\"text-align: justify;\">El secretario general interino de la Casa Blanca, Mick Mulvaney, sugiri\u00f3 que tal acuerdo era poco probable en una aparici\u00f3n en Fox News Sunday. \u201cEs total y absolutamente serio\u201d, dijo Mulvaney sobre la amenaza de Trump. \u201cEspero que estos aranceles contin\u00faen al menos en el nivel del 5% el 10 de junio\u201d.<\/p>\n<p style=\"text-align: justify;\">El presidente Trump tambi\u00e9n proyect\u00f3 escepticismo el domingo, escribiendo: \u201cM\u00e9xico est\u00e1 enviando una gran delegaci\u00f3n para hablar sobre la frontera. El problema es que han estado \u2018hablando\u2019 durante 25 a\u00f1os. Queremos acci\u00f3n, no hablar. Podr\u00edan resolver la crisis fronteriza en un d\u00eda si lo desean. De lo contrario, \u00a1nuestras empresas y nuestros empleos est\u00e1n regresando a Estados Unidos!\u201d.<\/p>\n<p style=\"text-align: justify;\">Mexico is sending a big delegation to talk about the Border. Problem is, they\u2019ve been \u201ctalking\u201d for 25 years. We want action, not talk. They could solve the Border Crisis in one day if they so desired. Otherwise, our companies and jobs are coming back to the USA!<\/p>\n<p style=\"text-align: justify;\">El Congreso analizar\u00e1 c\u00f3mo responder<\/p>\n<p style=\"text-align: justify;\"><span style=\"font-size: 12.16px;\">La defensa de Trump de los aranceles \u2014que ser\u00edan empleados para asegurar la frontera sur\u2014 no ha hecho m\u00e1s f\u00e1cil que los republicanos critiquen inequ\u00edvocamente la medida. A\u00fan as\u00ed, los senadores principales del Partido Republicano de los estados agr\u00edcolas y fronterizos condenaron la medida el viernes, argumentando que la pol\u00edtica perjudicar\u00eda a las compa\u00f1\u00edas estadounidenses que hacen negocios con M\u00e9xico, as\u00ed como a los consumidores estadounidenses.<\/span><\/p>\n<p style=\"text-align: justify;\">Tambi\u00e9n enfatizaron que los aranceles podr\u00edan amenazar seriamente la ratificaci\u00f3n del acuerdo NAFTA renegociado de Trump, el acuerdo comercial entre Estados Unidos, M\u00e9xico y Canad\u00e1, que el presidente dijo que es una de sus principales prioridades este a\u00f1o. Algunos de los asesores de Trump expresaron reservas similares al plan por adelantado, entre ellos el secretario del Tesoro Steven Mnuchin y el representante de Comercio de Estados Unidos, Robert Lighthizer.<\/p>\n<p style=\"text-align: justify;\">Pero no esperes que los senadores del Partido Republicano presenten respuestas legislativas a los aranceles esta semana: muchos miembros, que no est\u00e1n seguros de si Trump cumplir\u00e1, pueden adoptar un enfoque de esperar y ver qu\u00e9 pasa en los pr\u00f3ximos d\u00edas, ansiosos, si no totalmente convencidos, de que sus esfuerzos de cabildeo detr\u00e1s de escena podr\u00edan ganar.<\/p>\n<p style=\"text-align: justify;\">Simplemente pueden hacer lo que siempre han hecho frente al proteccionismo del presidente: instarlo a que respete la pol\u00edtica en privado, pero no tomar ninguna medida concreta para evitarla.<\/p>\n<p style=\"text-align: justify;\">Las reacciones de los senadores republicanos ante la amenaza, que tom\u00f3 a muchos por sorpresa, ser\u00e1n m\u00e1s claras cuando los miembros del partido se re\u00fanan en su almuerzo semanal el martes por la tarde. Si se env\u00eda a alguien de la Casa Blanca, como el vicepresidente Mike Pence, para calmar las tensiones durante la reuni\u00f3n, puede esperar que le presten atenci\u00f3n a los aranceles.<\/p>\n<p style=\"text-align: justify;\"><span style=\"font-size: 12.16px;\"><strong><img decoding=\"async\" src=\"images\/stories\/19\/06\/030619\/dtrump.jpg\" border=\"0\" \/><br \/><\/strong><\/span><\/p>\n<p>\u00a0<\/p>\n<p>\u00a0<\/p>\n","protected":false},"excerpt":{"rendered":"<p>(Aeronoticias) Las negociaciones entre los funcionarios del Gobierno mexicano y el Gobierno del presidente Donald Trump esta semana determinar\u00e1n si entrar\u00e1 en vigencia el arancel unilateral del 5% con el que amenaz\u00f3 Trump para todos los bienes mexicanos a partir del 10 de junio, como anunci\u00f3 la semana pasada. A pesar de que Trump y [&hellip;]<\/p>\n","protected":false},"author":1,"featured_media":0,"comment_status":"open","ping_status":"open","sticky":false,"template":"","format":"standard","meta":{"tdm_status":"","tdm_grid_status":"","footnotes":""},"categories":[34],"tags":[],"class_list":{"0":"post-58447","1":"post","2":"type-post","3":"status-publish","4":"format-standard","6":"category-internacionales"},"yoast_head":"<!-- This site is optimized with the Yoast SEO plugin v25.1 - https:\/\/yoast.com\/wordpress\/plugins\/seo\/ -->\n<title>Trump dice que se mantiene firme sobre su amenaza arancelaria, mientras M\u00e9xico cree que habr\u00e1 acuerdo<\/title>\n<meta name=\"description\" content=\"Portal de noticias del Per\u00fa sobre el transporte a\u00e9reo, aviaci\u00f3n, turismo, hoteleria, actualidad.\" \/>\n<meta name=\"robots\" content=\"index, follow, max-snippet:-1, max-image-preview:large, max-video-preview:-1\" \/>\n<link rel=\"canonical\" href=\"https:\/\/aeronoticias.com.pe\/noticiero\/internacionales\/trump-dice-que-se-mantiene-firme-sobre-su-amenaza-arancelaria-mientras-mexico-cree-que-habra-acuerdo\/\" \/>\n<meta property=\"og:locale\" content=\"es_ES\" \/>\n<meta property=\"og:type\" content=\"article\" \/>\n<meta property=\"og:title\" content=\"Trump dice que se mantiene firme sobre su amenaza arancelaria, mientras M\u00e9xico cree que habr\u00e1 acuerdo\" \/>\n<meta property=\"og:description\" content=\"Portal de noticias del Per\u00fa sobre el transporte a\u00e9reo, aviaci\u00f3n, turismo, hoteleria, actualidad.\" \/>\n<meta property=\"og:url\" content=\"https:\/\/aeronoticias.com.pe\/noticiero\/internacionales\/trump-dice-que-se-mantiene-firme-sobre-su-amenaza-arancelaria-mientras-mexico-cree-que-habra-acuerdo\/\" \/>\n<meta property=\"og:site_name\" content=\"Aeronoticias.com.pe\" \/>\n<meta property=\"article:publisher\" content=\"https:\/\/www.facebook.com\/Aeronoticias.com.pe\/\" \/>\n<meta property=\"article:published_time\" content=\"2019-06-03T21:13:00+00:00\" \/>\n<meta name=\"author\" content=\"Redacci\u00f3n Aeronoticias\" \/>\n<meta name=\"twitter:card\" content=\"summary_large_image\" \/>\n<meta name=\"twitter:creator\" content=\"@aeronoticias\" \/>\n<meta name=\"twitter:site\" content=\"@aeronoticias\" \/>\n<meta name=\"twitter:label1\" content=\"Escrito por\" \/>\n\t<meta name=\"twitter:data1\" content=\"Redacci\u00f3n Aeronoticias\" \/>\n\t<meta name=\"twitter:label2\" content=\"Tiempo de lectura\" \/>\n\t<meta name=\"twitter:data2\" content=\"4 minutos\" \/>\n<script type=\"application\/ld+json\" class=\"yoast-schema-graph\">{\"@context\":\"https:\/\/schema.org\",\"@graph\":[{\"@type\":\"WebPage\",\"@id\":\"https:\/\/aeronoticias.com.pe\/noticiero\/internacionales\/trump-dice-que-se-mantiene-firme-sobre-su-amenaza-arancelaria-mientras-mexico-cree-que-habra-acuerdo\/\",\"url\":\"https:\/\/aeronoticias.com.pe\/noticiero\/internacionales\/trump-dice-que-se-mantiene-firme-sobre-su-amenaza-arancelaria-mientras-mexico-cree-que-habra-acuerdo\/\",\"name\":\"Trump dice que se mantiene firme sobre su amenaza arancelaria, mientras M\u00e9xico cree que habr\u00e1 acuerdo\",\"isPartOf\":{\"@id\":\"https:\/\/aeronoticias.com.pe\/noticiero\/#website\"},\"datePublished\":\"2019-06-03T21:13:00+00:00\",\"author\":{\"@id\":\"https:\/\/aeronoticias.com.pe\/noticiero\/#\/schema\/person\/fc1e5d578f4b62ba1cf7ac2bba1170a0\"},\"description\":\"Portal de noticias del Per\u00fa sobre el transporte a\u00e9reo, aviaci\u00f3n, turismo, hoteleria, actualidad.\",\"breadcrumb\":{\"@id\":\"https:\/\/aeronoticias.com.pe\/noticiero\/internacionales\/trump-dice-que-se-mantiene-firme-sobre-su-amenaza-arancelaria-mientras-mexico-cree-que-habra-acuerdo\/#breadcrumb\"},\"inLanguage\":\"es\",\"potentialAction\":[{\"@type\":\"ReadAction\",\"target\":[\"https:\/\/aeronoticias.com.pe\/noticiero\/internacionales\/trump-dice-que-se-mantiene-firme-sobre-su-amenaza-arancelaria-mientras-mexico-cree-que-habra-acuerdo\/\"]}]},{\"@type\":\"BreadcrumbList\",\"@id\":\"https:\/\/aeronoticias.com.pe\/noticiero\/internacionales\/trump-dice-que-se-mantiene-firme-sobre-su-amenaza-arancelaria-mientras-mexico-cree-que-habra-acuerdo\/#breadcrumb\",\"itemListElement\":[{\"@type\":\"ListItem\",\"position\":1,\"name\":\"Portada\",\"item\":\"https:\/\/aeronoticias.com.pe\/noticiero\/\"},{\"@type\":\"ListItem\",\"position\":2,\"name\":\"Trump dice que se mantiene firme sobre su amenaza arancelaria, mientras M\u00e9xico cree que habr\u00e1 acuerdo\"}]},{\"@type\":\"WebSite\",\"@id\":\"https:\/\/aeronoticias.com.pe\/noticiero\/#website\",\"url\":\"https:\/\/aeronoticias.com.pe\/noticiero\/\",\"name\":\"Aeronoticias.com.pe\",\"description\":\"Noticias de tranporte aereo, turismo, hoteles, gastronomia, actualidad, internacional\",\"potentialAction\":[{\"@type\":\"SearchAction\",\"target\":{\"@type\":\"EntryPoint\",\"urlTemplate\":\"https:\/\/aeronoticias.com.pe\/noticiero\/?s={search_term_string}\"},\"query-input\":{\"@type\":\"PropertyValueSpecification\",\"valueRequired\":true,\"valueName\":\"search_term_string\"}}],\"inLanguage\":\"es\"},{\"@type\":\"Person\",\"@id\":\"https:\/\/aeronoticias.com.pe\/noticiero\/#\/schema\/person\/fc1e5d578f4b62ba1cf7ac2bba1170a0\",\"name\":\"Redacci\u00f3n Aeronoticias\",\"url\":\"https:\/\/aeronoticias.com.pe\/noticiero\/author\/piloto\/\"}]}<\/script>\n<!-- \/ Yoast SEO plugin. -->","yoast_head_json":{"title":"Trump dice que se mantiene firme sobre su amenaza arancelaria, mientras M\u00e9xico cree que habr\u00e1 acuerdo","description":"Portal de noticias del Per\u00fa sobre el transporte a\u00e9reo, aviaci\u00f3n, turismo, hoteleria, actualidad.","robots":{"index":"index","follow":"follow","max-snippet":"max-snippet:-1","max-image-preview":"max-image-preview:large","max-video-preview":"max-video-preview:-1"},"canonical":"https:\/\/aeronoticias.com.pe\/noticiero\/internacionales\/trump-dice-que-se-mantiene-firme-sobre-su-amenaza-arancelaria-mientras-mexico-cree-que-habra-acuerdo\/","og_locale":"es_ES","og_type":"article","og_title":"Trump dice que se mantiene firme sobre su amenaza arancelaria, mientras M\u00e9xico cree que habr\u00e1 acuerdo","og_description":"Portal de noticias del Per\u00fa sobre el transporte a\u00e9reo, aviaci\u00f3n, turismo, hoteleria, actualidad.","og_url":"https:\/\/aeronoticias.com.pe\/noticiero\/internacionales\/trump-dice-que-se-mantiene-firme-sobre-su-amenaza-arancelaria-mientras-mexico-cree-que-habra-acuerdo\/","og_site_name":"Aeronoticias.com.pe","article_publisher":"https:\/\/www.facebook.com\/Aeronoticias.com.pe\/","article_published_time":"2019-06-03T21:13:00+00:00","author":"Redacci\u00f3n Aeronoticias","twitter_card":"summary_large_image","twitter_creator":"@aeronoticias","twitter_site":"@aeronoticias","twitter_misc":{"Escrito por":"Redacci\u00f3n Aeronoticias","Tiempo de lectura":"4 minutos"},"schema":{"@context":"https:\/\/schema.org","@graph":[{"@type":"WebPage","@id":"https:\/\/aeronoticias.com.pe\/noticiero\/internacionales\/trump-dice-que-se-mantiene-firme-sobre-su-amenaza-arancelaria-mientras-mexico-cree-que-habra-acuerdo\/","url":"https:\/\/aeronoticias.com.pe\/noticiero\/internacionales\/trump-dice-que-se-mantiene-firme-sobre-su-amenaza-arancelaria-mientras-mexico-cree-que-habra-acuerdo\/","name":"Trump dice que se mantiene firme sobre su amenaza arancelaria, mientras M\u00e9xico cree que habr\u00e1 acuerdo","isPartOf":{"@id":"https:\/\/aeronoticias.com.pe\/noticiero\/#website"},"datePublished":"2019-06-03T21:13:00+00:00","author":{"@id":"https:\/\/aeronoticias.com.pe\/noticiero\/#\/schema\/person\/fc1e5d578f4b62ba1cf7ac2bba1170a0"},"description":"Portal de noticias del Per\u00fa sobre el transporte a\u00e9reo, aviaci\u00f3n, turismo, hoteleria, actualidad.","breadcrumb":{"@id":"https:\/\/aeronoticias.com.pe\/noticiero\/internacionales\/trump-dice-que-se-mantiene-firme-sobre-su-amenaza-arancelaria-mientras-mexico-cree-que-habra-acuerdo\/#breadcrumb"},"inLanguage":"es","potentialAction":[{"@type":"ReadAction","target":["https:\/\/aeronoticias.com.pe\/noticiero\/internacionales\/trump-dice-que-se-mantiene-firme-sobre-su-amenaza-arancelaria-mientras-mexico-cree-que-habra-acuerdo\/"]}]},{"@type":"BreadcrumbList","@id":"https:\/\/aeronoticias.com.pe\/noticiero\/internacionales\/trump-dice-que-se-mantiene-firme-sobre-su-amenaza-arancelaria-mientras-mexico-cree-que-habra-acuerdo\/#breadcrumb","itemListElement":[{"@type":"ListItem","position":1,"name":"Portada","item":"https:\/\/aeronoticias.com.pe\/noticiero\/"},{"@type":"ListItem","position":2,"name":"Trump dice que se mantiene firme sobre su amenaza arancelaria, mientras M\u00e9xico cree que habr\u00e1 acuerdo"}]},{"@type":"WebSite","@id":"https:\/\/aeronoticias.com.pe\/noticiero\/#website","url":"https:\/\/aeronoticias.com.pe\/noticiero\/","name":"Aeronoticias.com.pe","description":"Noticias de tranporte aereo, turismo, hoteles, gastronomia, actualidad, internacional","potentialAction":[{"@type":"SearchAction","target":{"@type":"EntryPoint","urlTemplate":"https:\/\/aeronoticias.com.pe\/noticiero\/?s={search_term_string}"},"query-input":{"@type":"PropertyValueSpecification","valueRequired":true,"valueName":"search_term_string"}}],"inLanguage":"es"},{"@type":"Person","@id":"https:\/\/aeronoticias.com.pe\/noticiero\/#\/schema\/person\/fc1e5d578f4b62ba1cf7ac2bba1170a0","name":"Redacci\u00f3n Aeronoticias","url":"https:\/\/aeronoticias.com.pe\/noticiero\/author\/piloto\/"}]}},"_links":{"self":[{"href":"https:\/\/aeronoticias.com.pe\/noticiero\/wp-json\/wp\/v2\/posts\/58447","targetHints":{"allow":["GET"]}}],"collection":[{"href":"https:\/\/aeronoticias.com.pe\/noticiero\/wp-json\/wp\/v2\/posts"}],"about":[{"href":"https:\/\/aeronoticias.com.pe\/noticiero\/wp-json\/wp\/v2\/types\/post"}],"author":[{"embeddable":true,"href":"https:\/\/aeronoticias.com.pe\/noticiero\/wp-json\/wp\/v2\/users\/1"}],"replies":[{"embeddable":true,"href":"https:\/\/aeronoticias.com.pe\/noticiero\/wp-json\/wp\/v2\/comments?post=58447"}],"version-history":[{"count":0,"href":"https:\/\/aeronoticias.com.pe\/noticiero\/wp-json\/wp\/v2\/posts\/58447\/revisions"}],"wp:attachment":[{"href":"https:\/\/aeronoticias.com.pe\/noticiero\/wp-json\/wp\/v2\/media?parent=58447"}],"wp:term":[{"taxonomy":"category","embeddable":true,"href":"https:\/\/aeronoticias.com.pe\/noticiero\/wp-json\/wp\/v2\/categories?post=58447"},{"taxonomy":"post_tag","embeddable":true,"href":"https:\/\/aeronoticias.com.pe\/noticiero\/wp-json\/wp\/v2\/tags?post=58447"}],"curies":[{"name":"wp","href":"https:\/\/api.w.org\/{rel}","templated":true}]}}