{"id":58448,"date":"2019-06-03T21:09:02","date_gmt":"2019-06-03T21:09:02","guid":{"rendered":"http:\/\/desarrollo.mcvicious.com\/aero2020\/2019\/06\/03\/air-europa-inaugura-su-nueva-ruta-entre-madrid-y-ciudad-de-panama\/"},"modified":"2019-06-03T21:09:02","modified_gmt":"2019-06-03T21:09:02","slug":"air-europa-inaugura-su-nueva-ruta-entre-madrid-y-ciudad-de-panama","status":"publish","type":"post","link":"https:\/\/aeronoticias.com.pe\/noticiero\/economia\/air-europa-inaugura-su-nueva-ruta-entre-madrid-y-ciudad-de-panama\/","title":{"rendered":"Air Europa inaugura su nueva ruta entre Madrid y Ciudad de Panam\u00e1"},"content":{"rendered":"<p style=\"text-align: justify;\"><strong>(Aeronoticias)<\/strong>.-\u00a0<span style=\"color: #454545; font-family: Helvetica; font-size: 12px;\">La aerol\u00ednea espa\u00f1ola <\/span><span style=\"color: #454545; font-family: Helvetica; font-size: 12px;\">Air Europa<\/span><span style=\"color: #454545; font-family: Helvetica; font-size: 12px;\">, anunci\u00f3 que la tarde de este lunes arribar\u00e1 a suelo paname\u00f1o su primer vuelo procedente de Madrid, como parte del estreno de sus nuevos destinos. La compa\u00f1\u00eda ofrecer\u00e1 cuatro vuelos semanales, operados por su flota Boeing 787 Dreamliner.<\/span><\/p>\n<p class=\"p1\" style=\"text-align: justify;\">El presidente de la Rep\u00fablica, Juan Carlos Varela, mencion\u00f3 en su cuenta de Twitter que con la llegada de Air Europa, contin\u00faa el trabajo para \u201cmantenernos como el pa\u00eds m\u00e1s interconectado de la regi\u00f3n, con una plataforma de conectividad \u00e1gil y segura\u201d.<\/p>\n<p class=\"p1\" style=\"text-align: justify;\">\u00a0<\/p>\n<p class=\"p1\" style=\"text-align: justify;\">Fuente: <span style=\"text-decoration: underline;\"><em><strong>Aviaci\u00f3n al d\u00eda<\/strong><\/em><\/span>.<\/p>\n<p class=\"p1\" style=\"text-align: justify;\">\u00a0<\/p>\n<p class=\"p1\" style=\"text-align: justify;\"><img decoding=\"async\" src=\"images\/stories\/air europa.jpg\" border=\"0\" \/><\/p>\n<p> p.p1 {margin: 0.0px 0.0px 0.0px 0.0px; font: 12.0px Helvetica; color: #454545}<\/p>\n","protected":false},"excerpt":{"rendered":"<p>(Aeronoticias).-\u00a0La aerol\u00ednea espa\u00f1ola Air Europa, anunci\u00f3 que la tarde de este lunes arribar\u00e1 a suelo paname\u00f1o su primer vuelo procedente de Madrid, como parte del estreno de sus nuevos destinos. La compa\u00f1\u00eda ofrecer\u00e1 cuatro vuelos semanales, operados por su flota Boeing 787 Dreamliner. El presidente de la Rep\u00fablica, Juan Carlos Varela, mencion\u00f3 en su cuenta [&hellip;]<\/p>\n","protected":false},"author":1,"featured_media":0,"comment_status":"open","ping_status":"open","sticky":false,"template":"","format":"standard","meta":{"tdm_status":"","tdm_grid_status":"","footnotes":""},"categories":[33],"tags":[],"class_list":{"0":"post-58448","1":"post","2":"type-post","3":"status-publish","4":"format-standard","6":"category-economia"},"yoast_head":"<!-- This site is optimized with the Yoast SEO plugin v25.1 - https:\/\/yoast.com\/wordpress\/plugins\/seo\/ -->\n<title>Air Europa inaugura su nueva ruta entre Madrid y Ciudad de Panam\u00e1<\/title>\n<meta name=\"description\" content=\"Portal de noticias del Per\u00fa sobre el transporte a\u00e9reo, aviaci\u00f3n, turismo, hoteleria, actualidad.\" \/>\n<meta name=\"robots\" content=\"index, follow, max-snippet:-1, max-image-preview:large, max-video-preview:-1\" \/>\n<link rel=\"canonical\" href=\"https:\/\/aeronoticias.com.pe\/noticiero\/economia\/air-europa-inaugura-su-nueva-ruta-entre-madrid-y-ciudad-de-panama\/\" \/>\n<meta property=\"og:locale\" content=\"es_ES\" \/>\n<meta property=\"og:type\" content=\"article\" \/>\n<meta property=\"og:title\" content=\"Air Europa inaugura su nueva ruta entre Madrid y Ciudad de Panam\u00e1\" \/>\n<meta property=\"og:description\" content=\"Portal de noticias del Per\u00fa sobre el transporte a\u00e9reo, aviaci\u00f3n, turismo, hoteleria, actualidad.\" \/>\n<meta property=\"og:url\" content=\"https:\/\/aeronoticias.com.pe\/noticiero\/economia\/air-europa-inaugura-su-nueva-ruta-entre-madrid-y-ciudad-de-panama\/\" \/>\n<meta property=\"og:site_name\" content=\"Aeronoticias.com.pe\" \/>\n<meta property=\"article:publisher\" content=\"https:\/\/www.facebook.com\/Aeronoticias.com.pe\/\" \/>\n<meta property=\"article:published_time\" content=\"2019-06-03T21:09:02+00:00\" \/>\n<meta name=\"author\" content=\"Redacci\u00f3n Aeronoticias\" \/>\n<meta name=\"twitter:card\" content=\"summary_large_image\" \/>\n<meta name=\"twitter:creator\" content=\"@aeronoticias\" \/>\n<meta name=\"twitter:site\" content=\"@aeronoticias\" \/>\n<meta name=\"twitter:label1\" content=\"Escrito por\" \/>\n\t<meta name=\"twitter:data1\" content=\"Redacci\u00f3n Aeronoticias\" \/>\n\t<meta name=\"twitter:label2\" content=\"Tiempo de lectura\" \/>\n\t<meta name=\"twitter:data2\" content=\"1 minuto\" \/>\n<script type=\"application\/ld+json\" class=\"yoast-schema-graph\">{\"@context\":\"https:\/\/schema.org\",\"@graph\":[{\"@type\":\"WebPage\",\"@id\":\"https:\/\/aeronoticias.com.pe\/noticiero\/economia\/air-europa-inaugura-su-nueva-ruta-entre-madrid-y-ciudad-de-panama\/\",\"url\":\"https:\/\/aeronoticias.com.pe\/noticiero\/economia\/air-europa-inaugura-su-nueva-ruta-entre-madrid-y-ciudad-de-panama\/\",\"name\":\"Air Europa inaugura su nueva ruta entre Madrid y Ciudad de Panam\u00e1\",\"isPartOf\":{\"@id\":\"https:\/\/aeronoticias.com.pe\/noticiero\/#website\"},\"datePublished\":\"2019-06-03T21:09:02+00:00\",\"author\":{\"@id\":\"https:\/\/aeronoticias.com.pe\/noticiero\/#\/schema\/person\/fc1e5d578f4b62ba1cf7ac2bba1170a0\"},\"description\":\"Portal de noticias del Per\u00fa sobre el transporte a\u00e9reo, aviaci\u00f3n, turismo, hoteleria, actualidad.\",\"breadcrumb\":{\"@id\":\"https:\/\/aeronoticias.com.pe\/noticiero\/economia\/air-europa-inaugura-su-nueva-ruta-entre-madrid-y-ciudad-de-panama\/#breadcrumb\"},\"inLanguage\":\"es\",\"potentialAction\":[{\"@type\":\"ReadAction\",\"target\":[\"https:\/\/aeronoticias.com.pe\/noticiero\/economia\/air-europa-inaugura-su-nueva-ruta-entre-madrid-y-ciudad-de-panama\/\"]}]},{\"@type\":\"BreadcrumbList\",\"@id\":\"https:\/\/aeronoticias.com.pe\/noticiero\/economia\/air-europa-inaugura-su-nueva-ruta-entre-madrid-y-ciudad-de-panama\/#breadcrumb\",\"itemListElement\":[{\"@type\":\"ListItem\",\"position\":1,\"name\":\"Portada\",\"item\":\"https:\/\/aeronoticias.com.pe\/noticiero\/\"},{\"@type\":\"ListItem\",\"position\":2,\"name\":\"Air Europa inaugura su nueva ruta entre Madrid y Ciudad de Panam\u00e1\"}]},{\"@type\":\"WebSite\",\"@id\":\"https:\/\/aeronoticias.com.pe\/noticiero\/#website\",\"url\":\"https:\/\/aeronoticias.com.pe\/noticiero\/\",\"name\":\"Aeronoticias.com.pe\",\"description\":\"Noticias de tranporte aereo, turismo, hoteles, gastronomia, actualidad, internacional\",\"potentialAction\":[{\"@type\":\"SearchAction\",\"target\":{\"@type\":\"EntryPoint\",\"urlTemplate\":\"https:\/\/aeronoticias.com.pe\/noticiero\/?s={search_term_string}\"},\"query-input\":{\"@type\":\"PropertyValueSpecification\",\"valueRequired\":true,\"valueName\":\"search_term_string\"}}],\"inLanguage\":\"es\"},{\"@type\":\"Person\",\"@id\":\"https:\/\/aeronoticias.com.pe\/noticiero\/#\/schema\/person\/fc1e5d578f4b62ba1cf7ac2bba1170a0\",\"name\":\"Redacci\u00f3n Aeronoticias\",\"url\":\"https:\/\/aeronoticias.com.pe\/noticiero\/author\/piloto\/\"}]}<\/script>\n<!-- \/ Yoast SEO plugin. -->","yoast_head_json":{"title":"Air Europa inaugura su nueva ruta entre Madrid y Ciudad de Panam\u00e1","description":"Portal de noticias del Per\u00fa sobre el transporte a\u00e9reo, aviaci\u00f3n, turismo, hoteleria, actualidad.","robots":{"index":"index","follow":"follow","max-snippet":"max-snippet:-1","max-image-preview":"max-image-preview:large","max-video-preview":"max-video-preview:-1"},"canonical":"https:\/\/aeronoticias.com.pe\/noticiero\/economia\/air-europa-inaugura-su-nueva-ruta-entre-madrid-y-ciudad-de-panama\/","og_locale":"es_ES","og_type":"article","og_title":"Air Europa inaugura su nueva ruta entre Madrid y Ciudad de Panam\u00e1","og_description":"Portal de noticias del Per\u00fa sobre el transporte a\u00e9reo, aviaci\u00f3n, turismo, hoteleria, actualidad.","og_url":"https:\/\/aeronoticias.com.pe\/noticiero\/economia\/air-europa-inaugura-su-nueva-ruta-entre-madrid-y-ciudad-de-panama\/","og_site_name":"Aeronoticias.com.pe","article_publisher":"https:\/\/www.facebook.com\/Aeronoticias.com.pe\/","article_published_time":"2019-06-03T21:09:02+00:00","author":"Redacci\u00f3n Aeronoticias","twitter_card":"summary_large_image","twitter_creator":"@aeronoticias","twitter_site":"@aeronoticias","twitter_misc":{"Escrito por":"Redacci\u00f3n Aeronoticias","Tiempo de lectura":"1 minuto"},"schema":{"@context":"https:\/\/schema.org","@graph":[{"@type":"WebPage","@id":"https:\/\/aeronoticias.com.pe\/noticiero\/economia\/air-europa-inaugura-su-nueva-ruta-entre-madrid-y-ciudad-de-panama\/","url":"https:\/\/aeronoticias.com.pe\/noticiero\/economia\/air-europa-inaugura-su-nueva-ruta-entre-madrid-y-ciudad-de-panama\/","name":"Air Europa inaugura su nueva ruta entre Madrid y Ciudad de Panam\u00e1","isPartOf":{"@id":"https:\/\/aeronoticias.com.pe\/noticiero\/#website"},"datePublished":"2019-06-03T21:09:02+00:00","author":{"@id":"https:\/\/aeronoticias.com.pe\/noticiero\/#\/schema\/person\/fc1e5d578f4b62ba1cf7ac2bba1170a0"},"description":"Portal de noticias del Per\u00fa sobre el transporte a\u00e9reo, aviaci\u00f3n, turismo, hoteleria, actualidad.","breadcrumb":{"@id":"https:\/\/aeronoticias.com.pe\/noticiero\/economia\/air-europa-inaugura-su-nueva-ruta-entre-madrid-y-ciudad-de-panama\/#breadcrumb"},"inLanguage":"es","potentialAction":[{"@type":"ReadAction","target":["https:\/\/aeronoticias.com.pe\/noticiero\/economia\/air-europa-inaugura-su-nueva-ruta-entre-madrid-y-ciudad-de-panama\/"]}]},{"@type":"BreadcrumbList","@id":"https:\/\/aeronoticias.com.pe\/noticiero\/economia\/air-europa-inaugura-su-nueva-ruta-entre-madrid-y-ciudad-de-panama\/#breadcrumb","itemListElement":[{"@type":"ListItem","position":1,"name":"Portada","item":"https:\/\/aeronoticias.com.pe\/noticiero\/"},{"@type":"ListItem","position":2,"name":"Air Europa inaugura su nueva ruta entre Madrid y Ciudad de Panam\u00e1"}]},{"@type":"WebSite","@id":"https:\/\/aeronoticias.com.pe\/noticiero\/#website","url":"https:\/\/aeronoticias.com.pe\/noticiero\/","name":"Aeronoticias.com.pe","description":"Noticias de tranporte aereo, turismo, hoteles, gastronomia, actualidad, internacional","potentialAction":[{"@type":"SearchAction","target":{"@type":"EntryPoint","urlTemplate":"https:\/\/aeronoticias.com.pe\/noticiero\/?s={search_term_string}"},"query-input":{"@type":"PropertyValueSpecification","valueRequired":true,"valueName":"search_term_string"}}],"inLanguage":"es"},{"@type":"Person","@id":"https:\/\/aeronoticias.com.pe\/noticiero\/#\/schema\/person\/fc1e5d578f4b62ba1cf7ac2bba1170a0","name":"Redacci\u00f3n Aeronoticias","url":"https:\/\/aeronoticias.com.pe\/noticiero\/author\/piloto\/"}]}},"_links":{"self":[{"href":"https:\/\/aeronoticias.com.pe\/noticiero\/wp-json\/wp\/v2\/posts\/58448","targetHints":{"allow":["GET"]}}],"collection":[{"href":"https:\/\/aeronoticias.com.pe\/noticiero\/wp-json\/wp\/v2\/posts"}],"about":[{"href":"https:\/\/aeronoticias.com.pe\/noticiero\/wp-json\/wp\/v2\/types\/post"}],"author":[{"embeddable":true,"href":"https:\/\/aeronoticias.com.pe\/noticiero\/wp-json\/wp\/v2\/users\/1"}],"replies":[{"embeddable":true,"href":"https:\/\/aeronoticias.com.pe\/noticiero\/wp-json\/wp\/v2\/comments?post=58448"}],"version-history":[{"count":0,"href":"https:\/\/aeronoticias.com.pe\/noticiero\/wp-json\/wp\/v2\/posts\/58448\/revisions"}],"wp:attachment":[{"href":"https:\/\/aeronoticias.com.pe\/noticiero\/wp-json\/wp\/v2\/media?parent=58448"}],"wp:term":[{"taxonomy":"category","embeddable":true,"href":"https:\/\/aeronoticias.com.pe\/noticiero\/wp-json\/wp\/v2\/categories?post=58448"},{"taxonomy":"post_tag","embeddable":true,"href":"https:\/\/aeronoticias.com.pe\/noticiero\/wp-json\/wp\/v2\/tags?post=58448"}],"curies":[{"name":"wp","href":"https:\/\/api.w.org\/{rel}","templated":true}]}}