{"id":58453,"date":"2019-06-04T17:04:53","date_gmt":"2019-06-04T17:04:53","guid":{"rendered":"http:\/\/desarrollo.mcvicious.com\/aero2020\/2019\/06\/04\/en-argentina-el-suicidio-es-la-segunda-causa-de-muerte-en-adolescentes\/"},"modified":"2019-06-04T17:04:53","modified_gmt":"2019-06-04T17:04:53","slug":"en-argentina-el-suicidio-es-la-segunda-causa-de-muerte-en-adolescentes","status":"publish","type":"post","link":"https:\/\/aeronoticias.com.pe\/noticiero\/mundo\/mundo-mundo-2\/en-argentina-el-suicidio-es-la-segunda-causa-de-muerte-en-adolescentes\/","title":{"rendered":"En Argentina, el suicidio es la segunda causa de muerte en adolescentes"},"content":{"rendered":"<p style=\"text-align: justify;\"><strong>(Aeronoticias) <\/strong><span style=\"text-align: justify;\">En casi 30 a\u00f1os, la tasa de suicidios adolescentes se ha triplicado en Argentina, y es la segunda causa de muerte en esa franja de edad, despu\u00e9s de las lesiones de tr\u00e1nsito. Estos son algunos de los hallazgos del reporte de Unicef presentado la semana pasada en Argentina.<\/span><\/p>\n<p style=\"text-align: justify;\">Seg\u00fan Unicef, los suicidios son m\u00e1s comunes entre los hombres y aquellos con menor nivel educativo. Adem\u00e1s, el estudio encontr\u00f3 que son m\u00e1s comunes en algunos municipios peque\u00f1os.<\/p>\n<p style=\"text-align: justify;\">El reporte de la organizaci\u00f3n se bas\u00f3 en 10 entrevistas a expertos en el tema, 6 entrevistas a funcionarios que se dedican a registrar casos de mortalidad, 38 entrevistas a allegados en 27 casos de suicido consumados y 28 entrevistas a adolescentes que intentaron quitarse la vida.<\/p>\n<p style=\"text-align: justify;\">\u00bfPor qu\u00e9 se suicidan?<\/p>\n<p style=\"text-align: justify;\"><span style=\"font-size: 12.16px;\">Unicef identific\u00f3 tres factores \u201cpreponderantes en relaci\u00f3n con la conducta suicida en adolescentes\u201d: la ausencia de personas o instituciones que sirvan de apoyo afectivo; las dificultades de la transici\u00f3n entre la adolescencia y la adultez y \u201cla rigidez normativa como dificultad para flexibilizar las normas morales incorporadas o el padecimiento mental no atendido\u201d.<\/span><\/p>\n<p style=\"text-align: justify;\">Para combatir esta situaci\u00f3n, Unicef recomienda sensibilizar a la poblaci\u00f3n con campa\u00f1as en los medios \u201cque busquen informar sin alarmar\u201d, visibilizar la labor de las organizaciones para la prevenci\u00f3n del suicidio, fortalecer y crear l\u00edneas telef\u00f3nicas de ayuda en el pa\u00eds, programas en redes sociales para detectar las intenciones, entre otras.<\/p>\n<p style=\"text-align: justify;\">Depresi\u00f3n y suicidio: \u00bfd\u00f3nde buscar ayuda en pa\u00edses de Am\u00e9rica Latina y Espa\u00f1a?<\/p>\n<p style=\"text-align: justify;\"><span style=\"font-size: 12.16px;\">\u00bfD\u00f3nde buscar ayuda cuando si es que t\u00fa o alguien conocido tiene ideas suicidas? En Latinoam\u00e9rica, 65.000 personas se suicidan cada a\u00f1o, seg\u00fan la Organizaci\u00f3n Panamericana de la Salud.<\/span><\/p>\n<p style=\"text-align: justify;\">ARGENTINA<\/p>\n<p style=\"text-align: justify;\"><span style=\"font-size: 12.16px;\">L\u00ednea de prevenci\u00f3n del suicidio \u2013 ayuda al suicida online<\/span><\/p>\n<p style=\"text-align: justify;\"><span style=\"font-size: 12.16px;\">TEL\u00c9FONO: (54-11) 5275-1135 o 135 desde Buenos Aires y GBA<\/span><\/p>\n<p style=\"text-align: justify;\">Hablemos de Todo<\/p>\n<p style=\"text-align: justify;\"><span style=\"font-size: 12.16px;\">Correo electr\u00f3nico: contacto@hablemosdetodo.gob.ar<\/span><\/p>\n<p style=\"text-align: justify;\"><span style=\"font-size: 12.16px;\">Directorio telef\u00f3nico<\/span><\/p>\n<p style=\"text-align: justify;\">BOLIVIA<\/p>\n<p style=\"text-align: justify;\"><span style=\"font-size: 12.16px;\">Tel\u00e9fono de la Esperanza<\/span><\/p>\n<p style=\"text-align: justify;\"><span style=\"font-size: 12.16px;\">La Paz: 2248486<\/span><\/p>\n<p style=\"text-align: justify;\">BRASIL<\/p>\n<p style=\"text-align: justify;\"><span style=\"font-size: 12.16px;\">Centro de Valoriza\u00e7\u00e3o da Vida, CVV<\/span><\/p>\n<p style=\"text-align: justify;\"><span style=\"font-size: 12.16px;\">Tel\u00e9fono: 188<\/span><\/p>\n<p style=\"text-align: justify;\"><span style=\"font-size: 12.16px;\">Chat: (ayuda por chat)<\/span><\/p>\n<p style=\"text-align: justify;\"><span style=\"font-size: 12.16px;\">Correo electr\u00f3nico: atendimento@cvv.org.br<\/span><\/p>\n<p style=\"text-align: justify;\">CHILE<\/p>\n<p style=\"text-align: justify;\"><span style=\"font-size: 12.16px;\">Tel\u00e9fono de la Esperanza<\/span><\/p>\n<p style=\"text-align: justify;\"><span style=\"font-size: 12.16px;\">Tel\u00e9fono: 005642221200<\/span><\/p>\n<p style=\"text-align: justify;\">Todo Mejora, ayuda por correo electr\u00f3nico o chat<\/p>\n<p style=\"text-align: justify;\">COLOMBIA<\/p>\n<p style=\"text-align: justify;\"><span style=\"font-size: 12.16px;\">Tel\u00e9fono de la esperanza<\/span><\/p>\n<p style=\"text-align: justify;\">Barranquilla:(00 57 5) 372 27 27<\/p>\n<p style=\"text-align: justify;\">Bogot\u00e1: (57-1) 323 24 25<\/p>\n<p style=\"text-align: justify;\">Medell\u00edn: (00 57 4) 284 66 00<\/p>\n<p style=\"text-align: justify;\">San Juan de Pasto: 3016326701<\/p>\n<p style=\"text-align: justify;\">COSTA RICA<\/p>\n<p style=\"text-align: justify;\"><span style=\"font-size: 12.16px;\">Tel\u00e9fono de la Esperanza<\/span><\/p>\n<p style=\"text-align: justify;\"><span style=\"font-size: 12.16px;\">Correo electr\u00f3nico: telefonodelaesperanzacr@gmail.com<\/span><\/p>\n<p style=\"text-align: justify;\">ECUADOR<\/p>\n<p style=\"text-align: justify;\"><span style=\"font-size: 12.16px;\">Tel\u00e9fono de la Esperanza<\/span><\/p>\n<p style=\"text-align: justify;\"><span style=\"font-size: 12.16px;\">Quito: (593) 2 6000477 \u2013 2923327<\/span><\/p>\n<p style=\"text-align: justify;\">ESPA\u00d1A<\/p>\n<p style=\"text-align: justify;\"><span style=\"font-size: 12.16px;\">Tel\u00e9fono de la Esperanza: 717 003 717<\/span><\/p>\n<p style=\"text-align: justify;\">HONDURAS<\/p>\n<p style=\"text-align: justify;\"><span style=\"font-size: 12.16px;\">Tel\u00e9fono de la Esperanza<\/span><\/p>\n<p style=\"text-align: justify;\"><span style=\"font-size: 12.16px;\">San Pedro Sula: (00 504) 2558 08 08<\/span><\/p>\n<p style=\"text-align: justify;\">M\u00c9XICO<\/p>\n<p style=\"text-align: justify;\"><span style=\"font-size: 12.16px;\">Instituto Hispanoamericano de Suicidologia, A.C<\/span><\/p>\n<p style=\"text-align: justify;\"><span style=\"font-size: 12.16px;\">Tel\u00e9fono: +5255 46313300<\/span><\/p>\n<p style=\"text-align: justify;\"><span style=\"font-size: 12.16px;\">Correo electr\u00f3nico: info@suicidiologia.com.mx<\/span><\/p>\n<p style=\"text-align: justify;\">Decide Vivir M\u00e9xico, A.C.<\/p>\n<p style=\"text-align: justify;\">PER\u00da<\/p>\n<p style=\"text-align: justify;\"><span style=\"font-size: 12.16px;\">Sentido (Centro Peruano de Suicidolog\u00eda y Prevenci\u00f3n del Suicidio)<\/span><\/p>\n<p style=\"text-align: justify;\"><span style=\"font-size: 12.16px;\">Tel\u00e9fono: 01 498 2711<\/span><\/p>\n<p style=\"text-align: justify;\">Tel\u00e9fono de la Esperanza<\/p>\n<p style=\"text-align: justify;\"><span style=\"font-size: 12.16px;\">Lima: (00 51 1) 273 8026<\/span><\/p>\n<p style=\"text-align: justify;\">PUERTO RICO<\/p>\n<p style=\"text-align: justify;\"><span style=\"font-size: 12.16px;\">L\u00ednea PAS (Primera Ayuda Sicosocial)<\/span><\/p>\n<p style=\"text-align: justify;\"><span style=\"font-size: 12.16px;\">Tel\u00e9fono: 1-800-981-0023<\/span><\/p>\n<p style=\"text-align: justify;\">URUGUAY<\/p>\n<p style=\"text-align: justify;\"><span style=\"font-size: 12.16px;\">\u00daltimo recurso<\/span><\/p>\n<p style=\"text-align: justify;\"><span style=\"font-size: 12.16px;\">Tel\u00e9fono: 0800-Vive (8483)<\/span><\/p>\n<p style=\"text-align: justify;\">VENEZUELA<\/p>\n<p style=\"text-align: justify;\"><span style=\"font-size: 12.16px;\">Tel\u00e9fono de la Esperanza<\/span><\/p>\n<p style=\"text-align: justify;\">Valencia: 0241-8433308<\/p>\n<p style=\"text-align: justify;\">US: 0-800-PSIQUE<\/p>\n<p style=\"text-align: justify;\"><span style=\"font-size: 12.16px;\"><img decoding=\"async\" src=\"images\/stories\/19\/06\/050619\/jovenesargentina.jpg\" border=\"0\" \/><br \/><\/span><\/p>\n<p style=\"text-align: justify;\"><span style=\"font-size: 12.16px;\"><strong><br \/><\/strong><\/span><\/p>\n<p><span style=\"font-size: 12.16px;\"><strong><br \/><\/strong><\/span><\/p>\n<p><span style=\"font-size: 12.16px;\"><strong><br \/><\/strong><\/span><\/p>\n<p><span style=\"font-size: 12.16px;\"><strong><br \/><\/strong><\/span><\/p>\n<p>\u00a0<\/p>\n<p>\u00a0<\/p>\n","protected":false},"excerpt":{"rendered":"<p>(Aeronoticias) En casi 30 a\u00f1os, la tasa de suicidios adolescentes se ha triplicado en Argentina, y es la segunda causa de muerte en esa franja de edad, despu\u00e9s de las lesiones de tr\u00e1nsito. Estos son algunos de los hallazgos del reporte de Unicef presentado la semana pasada en Argentina. Seg\u00fan Unicef, los suicidios son m\u00e1s [&hellip;]<\/p>\n","protected":false},"author":1,"featured_media":0,"comment_status":"open","ping_status":"open","sticky":false,"template":"","format":"standard","meta":{"tdm_status":"","tdm_grid_status":"","footnotes":""},"categories":[65],"tags":[],"class_list":{"0":"post-58453","1":"post","2":"type-post","3":"status-publish","4":"format-standard","6":"category-mundo-mundo-2"},"yoast_head":"<!-- This site is optimized with the Yoast SEO plugin v25.1 - https:\/\/yoast.com\/wordpress\/plugins\/seo\/ -->\n<title>En Argentina, el suicidio es la segunda causa de muerte en adolescentes<\/title>\n<meta name=\"description\" content=\"Portal de noticias del Per\u00fa sobre el transporte a\u00e9reo, aviaci\u00f3n, turismo, hoteleria, actualidad.\" \/>\n<meta name=\"robots\" content=\"index, follow, max-snippet:-1, max-image-preview:large, max-video-preview:-1\" \/>\n<link rel=\"canonical\" href=\"https:\/\/aeronoticias.com.pe\/noticiero\/mundo\/mundo-mundo-2\/en-argentina-el-suicidio-es-la-segunda-causa-de-muerte-en-adolescentes\/\" \/>\n<meta property=\"og:locale\" content=\"es_ES\" \/>\n<meta property=\"og:type\" content=\"article\" \/>\n<meta property=\"og:title\" content=\"En Argentina, el suicidio es la segunda causa de muerte en adolescentes\" \/>\n<meta property=\"og:description\" content=\"Portal de noticias del Per\u00fa sobre el transporte a\u00e9reo, aviaci\u00f3n, turismo, hoteleria, actualidad.\" \/>\n<meta property=\"og:url\" content=\"https:\/\/aeronoticias.com.pe\/noticiero\/mundo\/mundo-mundo-2\/en-argentina-el-suicidio-es-la-segunda-causa-de-muerte-en-adolescentes\/\" \/>\n<meta property=\"og:site_name\" content=\"Aeronoticias.com.pe\" \/>\n<meta property=\"article:publisher\" content=\"https:\/\/www.facebook.com\/Aeronoticias.com.pe\/\" \/>\n<meta property=\"article:published_time\" content=\"2019-06-04T17:04:53+00:00\" \/>\n<meta name=\"author\" content=\"Redacci\u00f3n Aeronoticias\" \/>\n<meta name=\"twitter:card\" content=\"summary_large_image\" \/>\n<meta name=\"twitter:creator\" content=\"@aeronoticias\" \/>\n<meta name=\"twitter:site\" content=\"@aeronoticias\" \/>\n<meta name=\"twitter:label1\" content=\"Escrito por\" \/>\n\t<meta name=\"twitter:data1\" content=\"Redacci\u00f3n Aeronoticias\" \/>\n\t<meta name=\"twitter:label2\" content=\"Tiempo de lectura\" \/>\n\t<meta name=\"twitter:data2\" content=\"3 minutos\" \/>\n<script type=\"application\/ld+json\" class=\"yoast-schema-graph\">{\"@context\":\"https:\/\/schema.org\",\"@graph\":[{\"@type\":\"WebPage\",\"@id\":\"https:\/\/aeronoticias.com.pe\/noticiero\/mundo\/mundo-mundo-2\/en-argentina-el-suicidio-es-la-segunda-causa-de-muerte-en-adolescentes\/\",\"url\":\"https:\/\/aeronoticias.com.pe\/noticiero\/mundo\/mundo-mundo-2\/en-argentina-el-suicidio-es-la-segunda-causa-de-muerte-en-adolescentes\/\",\"name\":\"En Argentina, el suicidio es la segunda causa de muerte en adolescentes\",\"isPartOf\":{\"@id\":\"https:\/\/aeronoticias.com.pe\/noticiero\/#website\"},\"datePublished\":\"2019-06-04T17:04:53+00:00\",\"author\":{\"@id\":\"https:\/\/aeronoticias.com.pe\/noticiero\/#\/schema\/person\/fc1e5d578f4b62ba1cf7ac2bba1170a0\"},\"description\":\"Portal de noticias del Per\u00fa sobre el transporte a\u00e9reo, aviaci\u00f3n, turismo, hoteleria, actualidad.\",\"breadcrumb\":{\"@id\":\"https:\/\/aeronoticias.com.pe\/noticiero\/mundo\/mundo-mundo-2\/en-argentina-el-suicidio-es-la-segunda-causa-de-muerte-en-adolescentes\/#breadcrumb\"},\"inLanguage\":\"es\",\"potentialAction\":[{\"@type\":\"ReadAction\",\"target\":[\"https:\/\/aeronoticias.com.pe\/noticiero\/mundo\/mundo-mundo-2\/en-argentina-el-suicidio-es-la-segunda-causa-de-muerte-en-adolescentes\/\"]}]},{\"@type\":\"BreadcrumbList\",\"@id\":\"https:\/\/aeronoticias.com.pe\/noticiero\/mundo\/mundo-mundo-2\/en-argentina-el-suicidio-es-la-segunda-causa-de-muerte-en-adolescentes\/#breadcrumb\",\"itemListElement\":[{\"@type\":\"ListItem\",\"position\":1,\"name\":\"Portada\",\"item\":\"https:\/\/aeronoticias.com.pe\/noticiero\/\"},{\"@type\":\"ListItem\",\"position\":2,\"name\":\"En Argentina, el suicidio es la segunda causa de muerte en adolescentes\"}]},{\"@type\":\"WebSite\",\"@id\":\"https:\/\/aeronoticias.com.pe\/noticiero\/#website\",\"url\":\"https:\/\/aeronoticias.com.pe\/noticiero\/\",\"name\":\"Aeronoticias.com.pe\",\"description\":\"Noticias de tranporte aereo, turismo, hoteles, gastronomia, actualidad, internacional\",\"potentialAction\":[{\"@type\":\"SearchAction\",\"target\":{\"@type\":\"EntryPoint\",\"urlTemplate\":\"https:\/\/aeronoticias.com.pe\/noticiero\/?s={search_term_string}\"},\"query-input\":{\"@type\":\"PropertyValueSpecification\",\"valueRequired\":true,\"valueName\":\"search_term_string\"}}],\"inLanguage\":\"es\"},{\"@type\":\"Person\",\"@id\":\"https:\/\/aeronoticias.com.pe\/noticiero\/#\/schema\/person\/fc1e5d578f4b62ba1cf7ac2bba1170a0\",\"name\":\"Redacci\u00f3n Aeronoticias\",\"url\":\"https:\/\/aeronoticias.com.pe\/noticiero\/author\/piloto\/\"}]}<\/script>\n<!-- \/ Yoast SEO plugin. -->","yoast_head_json":{"title":"En Argentina, el suicidio es la segunda causa de muerte en adolescentes","description":"Portal de noticias del Per\u00fa sobre el transporte a\u00e9reo, aviaci\u00f3n, turismo, hoteleria, actualidad.","robots":{"index":"index","follow":"follow","max-snippet":"max-snippet:-1","max-image-preview":"max-image-preview:large","max-video-preview":"max-video-preview:-1"},"canonical":"https:\/\/aeronoticias.com.pe\/noticiero\/mundo\/mundo-mundo-2\/en-argentina-el-suicidio-es-la-segunda-causa-de-muerte-en-adolescentes\/","og_locale":"es_ES","og_type":"article","og_title":"En Argentina, el suicidio es la segunda causa de muerte en adolescentes","og_description":"Portal de noticias del Per\u00fa sobre el transporte a\u00e9reo, aviaci\u00f3n, turismo, hoteleria, actualidad.","og_url":"https:\/\/aeronoticias.com.pe\/noticiero\/mundo\/mundo-mundo-2\/en-argentina-el-suicidio-es-la-segunda-causa-de-muerte-en-adolescentes\/","og_site_name":"Aeronoticias.com.pe","article_publisher":"https:\/\/www.facebook.com\/Aeronoticias.com.pe\/","article_published_time":"2019-06-04T17:04:53+00:00","author":"Redacci\u00f3n Aeronoticias","twitter_card":"summary_large_image","twitter_creator":"@aeronoticias","twitter_site":"@aeronoticias","twitter_misc":{"Escrito por":"Redacci\u00f3n Aeronoticias","Tiempo de lectura":"3 minutos"},"schema":{"@context":"https:\/\/schema.org","@graph":[{"@type":"WebPage","@id":"https:\/\/aeronoticias.com.pe\/noticiero\/mundo\/mundo-mundo-2\/en-argentina-el-suicidio-es-la-segunda-causa-de-muerte-en-adolescentes\/","url":"https:\/\/aeronoticias.com.pe\/noticiero\/mundo\/mundo-mundo-2\/en-argentina-el-suicidio-es-la-segunda-causa-de-muerte-en-adolescentes\/","name":"En Argentina, el suicidio es la segunda causa de muerte en adolescentes","isPartOf":{"@id":"https:\/\/aeronoticias.com.pe\/noticiero\/#website"},"datePublished":"2019-06-04T17:04:53+00:00","author":{"@id":"https:\/\/aeronoticias.com.pe\/noticiero\/#\/schema\/person\/fc1e5d578f4b62ba1cf7ac2bba1170a0"},"description":"Portal de noticias del Per\u00fa sobre el transporte a\u00e9reo, aviaci\u00f3n, turismo, hoteleria, actualidad.","breadcrumb":{"@id":"https:\/\/aeronoticias.com.pe\/noticiero\/mundo\/mundo-mundo-2\/en-argentina-el-suicidio-es-la-segunda-causa-de-muerte-en-adolescentes\/#breadcrumb"},"inLanguage":"es","potentialAction":[{"@type":"ReadAction","target":["https:\/\/aeronoticias.com.pe\/noticiero\/mundo\/mundo-mundo-2\/en-argentina-el-suicidio-es-la-segunda-causa-de-muerte-en-adolescentes\/"]}]},{"@type":"BreadcrumbList","@id":"https:\/\/aeronoticias.com.pe\/noticiero\/mundo\/mundo-mundo-2\/en-argentina-el-suicidio-es-la-segunda-causa-de-muerte-en-adolescentes\/#breadcrumb","itemListElement":[{"@type":"ListItem","position":1,"name":"Portada","item":"https:\/\/aeronoticias.com.pe\/noticiero\/"},{"@type":"ListItem","position":2,"name":"En Argentina, el suicidio es la segunda causa de muerte en adolescentes"}]},{"@type":"WebSite","@id":"https:\/\/aeronoticias.com.pe\/noticiero\/#website","url":"https:\/\/aeronoticias.com.pe\/noticiero\/","name":"Aeronoticias.com.pe","description":"Noticias de tranporte aereo, turismo, hoteles, gastronomia, actualidad, internacional","potentialAction":[{"@type":"SearchAction","target":{"@type":"EntryPoint","urlTemplate":"https:\/\/aeronoticias.com.pe\/noticiero\/?s={search_term_string}"},"query-input":{"@type":"PropertyValueSpecification","valueRequired":true,"valueName":"search_term_string"}}],"inLanguage":"es"},{"@type":"Person","@id":"https:\/\/aeronoticias.com.pe\/noticiero\/#\/schema\/person\/fc1e5d578f4b62ba1cf7ac2bba1170a0","name":"Redacci\u00f3n Aeronoticias","url":"https:\/\/aeronoticias.com.pe\/noticiero\/author\/piloto\/"}]}},"_links":{"self":[{"href":"https:\/\/aeronoticias.com.pe\/noticiero\/wp-json\/wp\/v2\/posts\/58453","targetHints":{"allow":["GET"]}}],"collection":[{"href":"https:\/\/aeronoticias.com.pe\/noticiero\/wp-json\/wp\/v2\/posts"}],"about":[{"href":"https:\/\/aeronoticias.com.pe\/noticiero\/wp-json\/wp\/v2\/types\/post"}],"author":[{"embeddable":true,"href":"https:\/\/aeronoticias.com.pe\/noticiero\/wp-json\/wp\/v2\/users\/1"}],"replies":[{"embeddable":true,"href":"https:\/\/aeronoticias.com.pe\/noticiero\/wp-json\/wp\/v2\/comments?post=58453"}],"version-history":[{"count":0,"href":"https:\/\/aeronoticias.com.pe\/noticiero\/wp-json\/wp\/v2\/posts\/58453\/revisions"}],"wp:attachment":[{"href":"https:\/\/aeronoticias.com.pe\/noticiero\/wp-json\/wp\/v2\/media?parent=58453"}],"wp:term":[{"taxonomy":"category","embeddable":true,"href":"https:\/\/aeronoticias.com.pe\/noticiero\/wp-json\/wp\/v2\/categories?post=58453"},{"taxonomy":"post_tag","embeddable":true,"href":"https:\/\/aeronoticias.com.pe\/noticiero\/wp-json\/wp\/v2\/tags?post=58453"}],"curies":[{"name":"wp","href":"https:\/\/api.w.org\/{rel}","templated":true}]}}