{"id":58455,"date":"2019-06-05T04:33:10","date_gmt":"2019-06-05T04:33:10","guid":{"rendered":"http:\/\/desarrollo.mcvicious.com\/aero2020\/2019\/06\/05\/mexico-un-juez-suspendio-la-construccion-del-aeropuerto-de-santa-lucia\/"},"modified":"2019-06-05T04:33:10","modified_gmt":"2019-06-05T04:33:10","slug":"mexico-un-juez-suspendio-la-construccion-del-aeropuerto-de-santa-lucia","status":"publish","type":"post","link":"https:\/\/aeronoticias.com.pe\/noticiero\/internacionales\/mexico-un-juez-suspendio-la-construccion-del-aeropuerto-de-santa-lucia\/","title":{"rendered":"M\u00e9xico: Un juez suspendi\u00f3 la construcci\u00f3n del Aeropuerto de Santa Luc\u00eda"},"content":{"rendered":"<p style=\"text-align: justify;\">(Aeronoticias).-\u00a0<span style=\"color: #454545; font-family: Helvetica; font-size: 12px;\">A poco m\u00e1s de un mes de que el presidente de la Rep\u00fablica, Andr\u00e9s Manuel L\u00f3pez Obrador, pusiera en marcha su proyecto de la nueva terminal a\u00e9rea, en la base militar Santa Luc\u00eda, un tribunal federal orden\u00f3 frenar la construcci\u00f3n hasta que el gobierno compruebe que tiene los dict\u00e1menes y permisos ambientales para garantizar que no afectar\u00e1 al medio ambiente.<\/span><\/p>\n<p class=\"p1\" style=\"text-align: justify;\">La suspensi\u00f3n fue interpuesta por Juan Ram\u00f3n Morera Mitre, director de la empresa textilera Novalan S.A de CV, pues apel\u00f3 que la ejecuci\u00f3n del Aeropuerto de Santa Luc\u00eda se materializ\u00f3 sin contar con las autorizaciones y permisos en materia de impacto ambiental.<\/p>\n<p class=\"p1\" style=\"text-align: justify;\">\u00a0<\/p>\n<p class=\"p1\" style=\"text-align: justify;\">En la resoluci\u00f3n, los magistrados argumentaron que, de no concederse la suspensi\u00f3n, se podr\u00edan ejecutar los actos reclamados de manera irreparable para la sociedad y en perjuicio del medio ambiente.<\/p>\n<p class=\"p1\" style=\"text-align: justify;\">\u00a0<\/p>\n<p class=\"p1\" style=\"text-align: justify;\">\u201cSe concede al quejoso la suspensi\u00f3n provisional de las consecuencias de los actos reclamados, para el efecto de que se detenga la construcci\u00f3n del Aeropuerto Internacional de Santa Luc\u00eda, hasta que sea factible verificar que la obra cuenta con los dict\u00e1menes y permiso ambientales conducentes, a fin de garantizar que no afectar\u00e1 el medio ambiente\u201d, resolvi\u00f3 el colegiado seg\u00fan informaci\u00f3n de El Universal.<\/p>\n<p class=\"p1\" style=\"text-align: justify;\">\u00a0<\/p>\n<p class=\"p1\" style=\"text-align: justify;\">Dicha medida prevalecer\u00e1 hasta que el juez de Distrito resuelva sobre la suspensi\u00f3n definitiva, y si la concede, \u00e9sta permanecer\u00e1 vigente hasta que se dicte sentencia en el amparo.<\/p>\n<p class=\"p1\" style=\"text-align: justify;\">\u201cEs de capital importancia precisar que la suspensi\u00f3n provisional, as\u00ed concebida, no hace m\u00e1s que proteger el medio ambiente, conforme a los principios de precauci\u00f3n, indubio pronatura, no regresividad, razonabilidad y flexibilidad, anteriormente desarrollados en la presente ejecutoria; de forma que no se proh\u00edbe la construcci\u00f3n del Aeropuerto Internacional de Santa Luc\u00eda, sino que \u00fanica y exclusivamente se conceda la medida cautelar para que su construcci\u00f3n se paralice hasta en tanto se verifique que cuenta con los dict\u00e1menes y permisos ambientales conforma a las leyes y reglamentos correspondientes [pues justamente la parte agraviada se duele de que las autoridades responsables pretendan llevar a cabo esa obra de infraestructura, sin contar con los dict\u00e1menes, licencias, permisos o autorizaciones en materia de impacto ambiental que permitan su consecuci\u00f3n\u201d, precisa la sentencia.<\/p>\n<p class=\"p1\" style=\"text-align: justify;\">Respecto a la decisi\u00f3n del juez, AMLO mencion\u00f3:<\/p>\n<p class=\"p1\" style=\"text-align: justify;\">\u00a0<\/p>\n<p class=\"p1\" style=\"text-align: justify;\">\u201cNo hay obras todav\u00eda, de todas maneras vamos a repetar la decisi\u00f3n del tribunal, pero todav\u00eda estamos esperando que se emita el dictamen sobre el impacto ambiental. [\u2026] Desde luego, esta obra les molesta mucho a los corruptos\u201d.<\/p>\n<p class=\"p1\" style=\"text-align: justify;\">\u00a0<\/p>\n<p class=\"p1\" style=\"text-align: justify;\">La Consulta Popular realizada el pasado mes de octubre, dio como resultado la cancelaci\u00f3n de la Base a\u00e9rea de Texcoco, iniciada por el gobierno pe\u00f1ista. Seg\u00fan L\u00f3pez Obrador, dicha construcci\u00f3n se ejecut\u00f3 con corrupci\u00f3n.<\/p>\n<p class=\"p1\" style=\"text-align: justify;\">\u00a0<\/p>\n<p class=\"p1\" style=\"text-align: justify;\">El pasado 29 de abril, el mandatario mexicano encabez\u00f3 el inicio de estudios y trabajos preliminares de la terminal de Santa Lucia, que llevar\u00e1 el nombre de General Felipe \u00c1ngeles. Se pretende que el aeropuerto tenga una capacidad de 20 millones de pasajeros al a\u00f1o en su primera etapa.<\/p>\n<p class=\"p1\" style=\"text-align: justify;\">\u00a0<\/p>\n<p class=\"p1\" style=\"text-align: justify;\">El pasado domingo, L\u00f3pez Obrador dio por iniciada la construcci\u00f3n de la refiner\u00eda Dos Bocas, en Para\u00edso, Tabasco, reiterando que \u00e9sta es necesaria para que M\u00e9xico logre autosuficiencia en la producci\u00f3n petrolera.<\/p>\n<p class=\"p1\" style=\"text-align: justify;\">\u00a0<\/p>\n<p class=\"p1\" style=\"text-align: justify;\">La secretaria de Energ\u00eda, Roc\u00edo Nahle, asegur\u00f3 que se realizaron todos los estudios ambientales requeridos, aprobados por la Semarnat con el n\u00famero SGDPA-DGIRA-DGO7172. Sin embargo, hasta despu\u00e9s de dos semanas que se presentar\u00e1 el estudio de riesgo ambiente manifestaci\u00f3n de impacto ambiental regional.<\/p>\n<p class=\"p1\" style=\"text-align: justify;\">\u00a0<\/p>\n<p class=\"p1\" style=\"text-align: justify;\">Seg\u00fan Nahle, para las investigaciones que justifican el cambio de uso de suelo, se trabaj\u00f3 en conjunto con las instituciones Agencia de Seguridad de Energ\u00eda y el Instituto Mexicano del Petr\u00f3leo.<\/p>\n<p class=\"p1\" style=\"text-align: justify;\">\u00a0<\/p>\n<p class=\"p1\" style=\"text-align: justify;\">Fuente: <span style=\"text-decoration: underline;\"><em><strong>Infobae<\/strong><\/em><\/span><\/p>\n<p class=\"p1\" style=\"text-align: justify;\">\u00a0<\/p>\n<p class=\"p1\" style=\"text-align: justify;\"><img decoding=\"async\" src=\"images\/stories\/a9.jpg\" border=\"0\" \/><\/p>\n<p> p.p1 {margin: 0.0px 0.0px 0.0px 0.0px; font: 12.0px Helvetica; color: #454545}<\/p>\n","protected":false},"excerpt":{"rendered":"<p>(Aeronoticias).-\u00a0A poco m\u00e1s de un mes de que el presidente de la Rep\u00fablica, Andr\u00e9s Manuel L\u00f3pez Obrador, pusiera en marcha su proyecto de la nueva terminal a\u00e9rea, en la base militar Santa Luc\u00eda, un tribunal federal orden\u00f3 frenar la construcci\u00f3n hasta que el gobierno compruebe que tiene los dict\u00e1menes y permisos ambientales para garantizar que [&hellip;]<\/p>\n","protected":false},"author":1,"featured_media":0,"comment_status":"open","ping_status":"open","sticky":false,"template":"","format":"standard","meta":{"tdm_status":"","tdm_grid_status":"","footnotes":""},"categories":[34],"tags":[],"class_list":{"0":"post-58455","1":"post","2":"type-post","3":"status-publish","4":"format-standard","6":"category-internacionales"},"yoast_head":"<!-- This site is optimized with the Yoast SEO plugin v25.1 - https:\/\/yoast.com\/wordpress\/plugins\/seo\/ -->\n<title>M\u00e9xico: Un juez suspendi\u00f3 la construcci\u00f3n del Aeropuerto de Santa Luc\u00eda<\/title>\n<meta name=\"description\" content=\"Portal de noticias del Per\u00fa sobre el transporte a\u00e9reo, aviaci\u00f3n, turismo, hoteleria, actualidad.\" \/>\n<meta name=\"robots\" content=\"index, follow, max-snippet:-1, max-image-preview:large, max-video-preview:-1\" \/>\n<link rel=\"canonical\" href=\"https:\/\/aeronoticias.com.pe\/noticiero\/internacionales\/mexico-un-juez-suspendio-la-construccion-del-aeropuerto-de-santa-lucia\/\" \/>\n<meta property=\"og:locale\" content=\"es_ES\" \/>\n<meta property=\"og:type\" content=\"article\" \/>\n<meta property=\"og:title\" content=\"M\u00e9xico: Un juez suspendi\u00f3 la construcci\u00f3n del Aeropuerto de Santa Luc\u00eda\" \/>\n<meta property=\"og:description\" content=\"Portal de noticias del Per\u00fa sobre el transporte a\u00e9reo, aviaci\u00f3n, turismo, hoteleria, actualidad.\" \/>\n<meta property=\"og:url\" content=\"https:\/\/aeronoticias.com.pe\/noticiero\/internacionales\/mexico-un-juez-suspendio-la-construccion-del-aeropuerto-de-santa-lucia\/\" \/>\n<meta property=\"og:site_name\" content=\"Aeronoticias.com.pe\" \/>\n<meta property=\"article:publisher\" content=\"https:\/\/www.facebook.com\/Aeronoticias.com.pe\/\" \/>\n<meta property=\"article:published_time\" content=\"2019-06-05T04:33:10+00:00\" \/>\n<meta name=\"author\" content=\"Redacci\u00f3n Aeronoticias\" \/>\n<meta name=\"twitter:card\" content=\"summary_large_image\" \/>\n<meta name=\"twitter:creator\" content=\"@aeronoticias\" \/>\n<meta name=\"twitter:site\" content=\"@aeronoticias\" \/>\n<meta name=\"twitter:label1\" content=\"Escrito por\" \/>\n\t<meta name=\"twitter:data1\" content=\"Redacci\u00f3n Aeronoticias\" \/>\n\t<meta name=\"twitter:label2\" content=\"Tiempo de lectura\" \/>\n\t<meta name=\"twitter:data2\" content=\"3 minutos\" \/>\n<script type=\"application\/ld+json\" class=\"yoast-schema-graph\">{\"@context\":\"https:\/\/schema.org\",\"@graph\":[{\"@type\":\"WebPage\",\"@id\":\"https:\/\/aeronoticias.com.pe\/noticiero\/internacionales\/mexico-un-juez-suspendio-la-construccion-del-aeropuerto-de-santa-lucia\/\",\"url\":\"https:\/\/aeronoticias.com.pe\/noticiero\/internacionales\/mexico-un-juez-suspendio-la-construccion-del-aeropuerto-de-santa-lucia\/\",\"name\":\"M\u00e9xico: Un juez suspendi\u00f3 la construcci\u00f3n del Aeropuerto de Santa Luc\u00eda\",\"isPartOf\":{\"@id\":\"https:\/\/aeronoticias.com.pe\/noticiero\/#website\"},\"datePublished\":\"2019-06-05T04:33:10+00:00\",\"author\":{\"@id\":\"https:\/\/aeronoticias.com.pe\/noticiero\/#\/schema\/person\/fc1e5d578f4b62ba1cf7ac2bba1170a0\"},\"description\":\"Portal de noticias del Per\u00fa sobre el transporte a\u00e9reo, aviaci\u00f3n, turismo, hoteleria, actualidad.\",\"breadcrumb\":{\"@id\":\"https:\/\/aeronoticias.com.pe\/noticiero\/internacionales\/mexico-un-juez-suspendio-la-construccion-del-aeropuerto-de-santa-lucia\/#breadcrumb\"},\"inLanguage\":\"es\",\"potentialAction\":[{\"@type\":\"ReadAction\",\"target\":[\"https:\/\/aeronoticias.com.pe\/noticiero\/internacionales\/mexico-un-juez-suspendio-la-construccion-del-aeropuerto-de-santa-lucia\/\"]}]},{\"@type\":\"BreadcrumbList\",\"@id\":\"https:\/\/aeronoticias.com.pe\/noticiero\/internacionales\/mexico-un-juez-suspendio-la-construccion-del-aeropuerto-de-santa-lucia\/#breadcrumb\",\"itemListElement\":[{\"@type\":\"ListItem\",\"position\":1,\"name\":\"Portada\",\"item\":\"https:\/\/aeronoticias.com.pe\/noticiero\/\"},{\"@type\":\"ListItem\",\"position\":2,\"name\":\"M\u00e9xico: Un juez suspendi\u00f3 la construcci\u00f3n del Aeropuerto de Santa Luc\u00eda\"}]},{\"@type\":\"WebSite\",\"@id\":\"https:\/\/aeronoticias.com.pe\/noticiero\/#website\",\"url\":\"https:\/\/aeronoticias.com.pe\/noticiero\/\",\"name\":\"Aeronoticias.com.pe\",\"description\":\"Noticias de tranporte aereo, turismo, hoteles, gastronomia, actualidad, internacional\",\"potentialAction\":[{\"@type\":\"SearchAction\",\"target\":{\"@type\":\"EntryPoint\",\"urlTemplate\":\"https:\/\/aeronoticias.com.pe\/noticiero\/?s={search_term_string}\"},\"query-input\":{\"@type\":\"PropertyValueSpecification\",\"valueRequired\":true,\"valueName\":\"search_term_string\"}}],\"inLanguage\":\"es\"},{\"@type\":\"Person\",\"@id\":\"https:\/\/aeronoticias.com.pe\/noticiero\/#\/schema\/person\/fc1e5d578f4b62ba1cf7ac2bba1170a0\",\"name\":\"Redacci\u00f3n Aeronoticias\",\"url\":\"https:\/\/aeronoticias.com.pe\/noticiero\/author\/piloto\/\"}]}<\/script>\n<!-- \/ Yoast SEO plugin. -->","yoast_head_json":{"title":"M\u00e9xico: Un juez suspendi\u00f3 la construcci\u00f3n del Aeropuerto de Santa Luc\u00eda","description":"Portal de noticias del Per\u00fa sobre el transporte a\u00e9reo, aviaci\u00f3n, turismo, hoteleria, actualidad.","robots":{"index":"index","follow":"follow","max-snippet":"max-snippet:-1","max-image-preview":"max-image-preview:large","max-video-preview":"max-video-preview:-1"},"canonical":"https:\/\/aeronoticias.com.pe\/noticiero\/internacionales\/mexico-un-juez-suspendio-la-construccion-del-aeropuerto-de-santa-lucia\/","og_locale":"es_ES","og_type":"article","og_title":"M\u00e9xico: Un juez suspendi\u00f3 la construcci\u00f3n del Aeropuerto de Santa Luc\u00eda","og_description":"Portal de noticias del Per\u00fa sobre el transporte a\u00e9reo, aviaci\u00f3n, turismo, hoteleria, actualidad.","og_url":"https:\/\/aeronoticias.com.pe\/noticiero\/internacionales\/mexico-un-juez-suspendio-la-construccion-del-aeropuerto-de-santa-lucia\/","og_site_name":"Aeronoticias.com.pe","article_publisher":"https:\/\/www.facebook.com\/Aeronoticias.com.pe\/","article_published_time":"2019-06-05T04:33:10+00:00","author":"Redacci\u00f3n Aeronoticias","twitter_card":"summary_large_image","twitter_creator":"@aeronoticias","twitter_site":"@aeronoticias","twitter_misc":{"Escrito por":"Redacci\u00f3n Aeronoticias","Tiempo de lectura":"3 minutos"},"schema":{"@context":"https:\/\/schema.org","@graph":[{"@type":"WebPage","@id":"https:\/\/aeronoticias.com.pe\/noticiero\/internacionales\/mexico-un-juez-suspendio-la-construccion-del-aeropuerto-de-santa-lucia\/","url":"https:\/\/aeronoticias.com.pe\/noticiero\/internacionales\/mexico-un-juez-suspendio-la-construccion-del-aeropuerto-de-santa-lucia\/","name":"M\u00e9xico: Un juez suspendi\u00f3 la construcci\u00f3n del Aeropuerto de Santa Luc\u00eda","isPartOf":{"@id":"https:\/\/aeronoticias.com.pe\/noticiero\/#website"},"datePublished":"2019-06-05T04:33:10+00:00","author":{"@id":"https:\/\/aeronoticias.com.pe\/noticiero\/#\/schema\/person\/fc1e5d578f4b62ba1cf7ac2bba1170a0"},"description":"Portal de noticias del Per\u00fa sobre el transporte a\u00e9reo, aviaci\u00f3n, turismo, hoteleria, actualidad.","breadcrumb":{"@id":"https:\/\/aeronoticias.com.pe\/noticiero\/internacionales\/mexico-un-juez-suspendio-la-construccion-del-aeropuerto-de-santa-lucia\/#breadcrumb"},"inLanguage":"es","potentialAction":[{"@type":"ReadAction","target":["https:\/\/aeronoticias.com.pe\/noticiero\/internacionales\/mexico-un-juez-suspendio-la-construccion-del-aeropuerto-de-santa-lucia\/"]}]},{"@type":"BreadcrumbList","@id":"https:\/\/aeronoticias.com.pe\/noticiero\/internacionales\/mexico-un-juez-suspendio-la-construccion-del-aeropuerto-de-santa-lucia\/#breadcrumb","itemListElement":[{"@type":"ListItem","position":1,"name":"Portada","item":"https:\/\/aeronoticias.com.pe\/noticiero\/"},{"@type":"ListItem","position":2,"name":"M\u00e9xico: Un juez suspendi\u00f3 la construcci\u00f3n del Aeropuerto de Santa Luc\u00eda"}]},{"@type":"WebSite","@id":"https:\/\/aeronoticias.com.pe\/noticiero\/#website","url":"https:\/\/aeronoticias.com.pe\/noticiero\/","name":"Aeronoticias.com.pe","description":"Noticias de tranporte aereo, turismo, hoteles, gastronomia, actualidad, internacional","potentialAction":[{"@type":"SearchAction","target":{"@type":"EntryPoint","urlTemplate":"https:\/\/aeronoticias.com.pe\/noticiero\/?s={search_term_string}"},"query-input":{"@type":"PropertyValueSpecification","valueRequired":true,"valueName":"search_term_string"}}],"inLanguage":"es"},{"@type":"Person","@id":"https:\/\/aeronoticias.com.pe\/noticiero\/#\/schema\/person\/fc1e5d578f4b62ba1cf7ac2bba1170a0","name":"Redacci\u00f3n Aeronoticias","url":"https:\/\/aeronoticias.com.pe\/noticiero\/author\/piloto\/"}]}},"_links":{"self":[{"href":"https:\/\/aeronoticias.com.pe\/noticiero\/wp-json\/wp\/v2\/posts\/58455","targetHints":{"allow":["GET"]}}],"collection":[{"href":"https:\/\/aeronoticias.com.pe\/noticiero\/wp-json\/wp\/v2\/posts"}],"about":[{"href":"https:\/\/aeronoticias.com.pe\/noticiero\/wp-json\/wp\/v2\/types\/post"}],"author":[{"embeddable":true,"href":"https:\/\/aeronoticias.com.pe\/noticiero\/wp-json\/wp\/v2\/users\/1"}],"replies":[{"embeddable":true,"href":"https:\/\/aeronoticias.com.pe\/noticiero\/wp-json\/wp\/v2\/comments?post=58455"}],"version-history":[{"count":0,"href":"https:\/\/aeronoticias.com.pe\/noticiero\/wp-json\/wp\/v2\/posts\/58455\/revisions"}],"wp:attachment":[{"href":"https:\/\/aeronoticias.com.pe\/noticiero\/wp-json\/wp\/v2\/media?parent=58455"}],"wp:term":[{"taxonomy":"category","embeddable":true,"href":"https:\/\/aeronoticias.com.pe\/noticiero\/wp-json\/wp\/v2\/categories?post=58455"},{"taxonomy":"post_tag","embeddable":true,"href":"https:\/\/aeronoticias.com.pe\/noticiero\/wp-json\/wp\/v2\/tags?post=58455"}],"curies":[{"name":"wp","href":"https:\/\/api.w.org\/{rel}","templated":true}]}}