{"id":58457,"date":"2019-06-05T04:41:50","date_gmt":"2019-06-05T04:41:50","guid":{"rendered":"http:\/\/desarrollo.mcvicious.com\/aero2020\/2019\/06\/05\/emirates-retirara-sus-airbus-a380-a-mediados-de-2030\/"},"modified":"2020-11-25T12:20:49","modified_gmt":"2020-11-25T17:20:49","slug":"emirates-retirara-sus-airbus-a380-a-mediados-de-2030","status":"publish","type":"post","link":"https:\/\/aeronoticias.com.pe\/noticiero\/transporte-aereo\/internacional\/emirates-retirara-sus-airbus-a380-a-mediados-de-2030\/","title":{"rendered":"Emirates retirar\u00e1 sus Airbus A380 a mediados de 2030"},"content":{"rendered":"\n<p>Emirates, el mayor operador mundial del Airbus A380 planea su jubilaci\u00f3n en 2030. La aerol\u00ednea cuenta con 110 de estos aviones en servicio y otros 14 encargados.<\/p>\n\n\n\n<p class=\"p1\">Tim Clark, presidente de Emirates, dijo a Air Transport World (ATW) que \u201cseguiremos invirtiendo en ellos (los A380) hasta mediados de 2030\u201d.<\/p>\n\n\n\n<p class=\"p1\">A principios de este a\u00f1o, Emirates traz\u00f3 una l\u00ednea bajo su \u00faltimo pedido de A380 al reducir su entrega final en 39 aviones. Seguir\u00e1n recibiendo 14 nuevos aviones del pedido, que se espera que lleguen en los pr\u00f3ximos dos a\u00f1os.<\/p>\n\n\n\n<p class=\"p1\">Fuente: <span style=\"text-decoration: underline;\"><em><strong>Aviaci\u00f3n al D\u00eda<\/strong><\/em><\/span><\/p>\n","protected":false},"excerpt":{"rendered":"<p>Emirates, el mayor operador mundial del Airbus A380 planea su jubilaci\u00f3n en 2030. La aerol\u00ednea cuenta con 110 de estos aviones en servicio y otros 14 encargados. Tim Clark, presidente de Emirates, dijo a Air Transport World (ATW) que \u201cseguiremos invirtiendo en ellos (los A380) hasta mediados de 2030\u201d. A principios de este a\u00f1o, Emirates [&hellip;]<\/p>\n","protected":false},"author":1,"featured_media":66648,"comment_status":"open","ping_status":"open","sticky":false,"template":"","format":"standard","meta":{"tdm_status":"","tdm_grid_status":"","footnotes":""},"categories":[32,11],"tags":[294,161],"class_list":{"0":"post-58457","1":"post","2":"type-post","3":"status-publish","4":"format-standard","5":"has-post-thumbnail","7":"category-internacional","8":"category-transporte-aereo","9":"tag-airbus-a380","10":"tag-emirates"},"yoast_head":"<!-- This site is optimized with the Yoast SEO plugin v25.1 - https:\/\/yoast.com\/wordpress\/plugins\/seo\/ -->\n<title>Emirates retirar\u00e1 sus Airbus A380 a mediados de 2030<\/title>\n<meta name=\"description\" content=\"Emirates, el mayor operador mundial del Airbus A380 planea su jubilaci\u00f3n en 2030. La aerol\u00ednea cuenta con 110 de estos aviones en servicio y otros 14 encargados.\" \/>\n<meta name=\"robots\" content=\"index, follow, max-snippet:-1, max-image-preview:large, max-video-preview:-1\" \/>\n<link rel=\"canonical\" href=\"https:\/\/aeronoticias.com.pe\/noticiero\/transporte-aereo\/internacional\/emirates-retirara-sus-airbus-a380-a-mediados-de-2030\/\" \/>\n<meta property=\"og:locale\" content=\"es_ES\" \/>\n<meta property=\"og:type\" content=\"article\" \/>\n<meta property=\"og:title\" content=\"Emirates retirar\u00e1 sus Airbus A380 a mediados de 2030\" \/>\n<meta property=\"og:description\" content=\"Emirates, el mayor operador mundial del Airbus A380 planea su jubilaci\u00f3n en 2030. La aerol\u00ednea cuenta con 110 de estos aviones en servicio y otros 14 encargados.\" \/>\n<meta property=\"og:url\" content=\"https:\/\/aeronoticias.com.pe\/noticiero\/transporte-aereo\/internacional\/emirates-retirara-sus-airbus-a380-a-mediados-de-2030\/\" \/>\n<meta property=\"og:site_name\" content=\"Aeronoticias.com.pe\" \/>\n<meta property=\"article:publisher\" content=\"https:\/\/www.facebook.com\/Aeronoticias.com.pe\/\" \/>\n<meta property=\"article:published_time\" content=\"2019-06-05T04:41:50+00:00\" \/>\n<meta property=\"article:modified_time\" content=\"2020-11-25T17:20:49+00:00\" \/>\n<meta property=\"og:image\" content=\"https:\/\/aeronoticias.com.pe\/noticiero\/wp-content\/uploads\/2019\/06\/Emirates-Airbus-A380.jpg\" \/>\n\t<meta property=\"og:image:width\" content=\"1024\" \/>\n\t<meta property=\"og:image:height\" content=\"576\" \/>\n\t<meta property=\"og:image:type\" content=\"image\/jpeg\" \/>\n<meta name=\"author\" content=\"Redacci\u00f3n Aeronoticias\" \/>\n<meta name=\"twitter:card\" content=\"summary_large_image\" \/>\n<meta name=\"twitter:creator\" content=\"@aeronoticias\" \/>\n<meta name=\"twitter:site\" content=\"@aeronoticias\" \/>\n<meta name=\"twitter:label1\" content=\"Escrito por\" \/>\n\t<meta name=\"twitter:data1\" content=\"Redacci\u00f3n Aeronoticias\" \/>\n<script type=\"application\/ld+json\" class=\"yoast-schema-graph\">{\"@context\":\"https:\/\/schema.org\",\"@graph\":[{\"@type\":\"WebPage\",\"@id\":\"https:\/\/aeronoticias.com.pe\/noticiero\/transporte-aereo\/internacional\/emirates-retirara-sus-airbus-a380-a-mediados-de-2030\/\",\"url\":\"https:\/\/aeronoticias.com.pe\/noticiero\/transporte-aereo\/internacional\/emirates-retirara-sus-airbus-a380-a-mediados-de-2030\/\",\"name\":\"Emirates retirar\u00e1 sus Airbus A380 a mediados de 2030\",\"isPartOf\":{\"@id\":\"https:\/\/aeronoticias.com.pe\/noticiero\/#website\"},\"primaryImageOfPage\":{\"@id\":\"https:\/\/aeronoticias.com.pe\/noticiero\/transporte-aereo\/internacional\/emirates-retirara-sus-airbus-a380-a-mediados-de-2030\/#primaryimage\"},\"image\":{\"@id\":\"https:\/\/aeronoticias.com.pe\/noticiero\/transporte-aereo\/internacional\/emirates-retirara-sus-airbus-a380-a-mediados-de-2030\/#primaryimage\"},\"thumbnailUrl\":\"https:\/\/aeronoticias.com.pe\/noticiero\/wp-content\/uploads\/2019\/06\/Emirates-Airbus-A380.jpg\",\"datePublished\":\"2019-06-05T04:41:50+00:00\",\"dateModified\":\"2020-11-25T17:20:49+00:00\",\"author\":{\"@id\":\"https:\/\/aeronoticias.com.pe\/noticiero\/#\/schema\/person\/fc1e5d578f4b62ba1cf7ac2bba1170a0\"},\"description\":\"Emirates, el mayor operador mundial del Airbus A380 planea su jubilaci\u00f3n en 2030. La aerol\u00ednea cuenta con 110 de estos aviones en servicio y otros 14 encargados.\",\"breadcrumb\":{\"@id\":\"https:\/\/aeronoticias.com.pe\/noticiero\/transporte-aereo\/internacional\/emirates-retirara-sus-airbus-a380-a-mediados-de-2030\/#breadcrumb\"},\"inLanguage\":\"es\",\"potentialAction\":[{\"@type\":\"ReadAction\",\"target\":[\"https:\/\/aeronoticias.com.pe\/noticiero\/transporte-aereo\/internacional\/emirates-retirara-sus-airbus-a380-a-mediados-de-2030\/\"]}]},{\"@type\":\"ImageObject\",\"inLanguage\":\"es\",\"@id\":\"https:\/\/aeronoticias.com.pe\/noticiero\/transporte-aereo\/internacional\/emirates-retirara-sus-airbus-a380-a-mediados-de-2030\/#primaryimage\",\"url\":\"https:\/\/aeronoticias.com.pe\/noticiero\/wp-content\/uploads\/2019\/06\/Emirates-Airbus-A380.jpg\",\"contentUrl\":\"https:\/\/aeronoticias.com.pe\/noticiero\/wp-content\/uploads\/2019\/06\/Emirates-Airbus-A380.jpg\",\"width\":1024,\"height\":576},{\"@type\":\"BreadcrumbList\",\"@id\":\"https:\/\/aeronoticias.com.pe\/noticiero\/transporte-aereo\/internacional\/emirates-retirara-sus-airbus-a380-a-mediados-de-2030\/#breadcrumb\",\"itemListElement\":[{\"@type\":\"ListItem\",\"position\":1,\"name\":\"Portada\",\"item\":\"https:\/\/aeronoticias.com.pe\/noticiero\/\"},{\"@type\":\"ListItem\",\"position\":2,\"name\":\"Emirates retirar\u00e1 sus Airbus A380 a mediados de 2030\"}]},{\"@type\":\"WebSite\",\"@id\":\"https:\/\/aeronoticias.com.pe\/noticiero\/#website\",\"url\":\"https:\/\/aeronoticias.com.pe\/noticiero\/\",\"name\":\"Aeronoticias.com.pe\",\"description\":\"Noticias de tranporte aereo, turismo, hoteles, gastronomia, actualidad, internacional\",\"potentialAction\":[{\"@type\":\"SearchAction\",\"target\":{\"@type\":\"EntryPoint\",\"urlTemplate\":\"https:\/\/aeronoticias.com.pe\/noticiero\/?s={search_term_string}\"},\"query-input\":{\"@type\":\"PropertyValueSpecification\",\"valueRequired\":true,\"valueName\":\"search_term_string\"}}],\"inLanguage\":\"es\"},{\"@type\":\"Person\",\"@id\":\"https:\/\/aeronoticias.com.pe\/noticiero\/#\/schema\/person\/fc1e5d578f4b62ba1cf7ac2bba1170a0\",\"name\":\"Redacci\u00f3n Aeronoticias\",\"url\":\"https:\/\/aeronoticias.com.pe\/noticiero\/author\/piloto\/\"}]}<\/script>\n<!-- \/ Yoast SEO plugin. -->","yoast_head_json":{"title":"Emirates retirar\u00e1 sus Airbus A380 a mediados de 2030","description":"Emirates, el mayor operador mundial del Airbus A380 planea su jubilaci\u00f3n en 2030. La aerol\u00ednea cuenta con 110 de estos aviones en servicio y otros 14 encargados.","robots":{"index":"index","follow":"follow","max-snippet":"max-snippet:-1","max-image-preview":"max-image-preview:large","max-video-preview":"max-video-preview:-1"},"canonical":"https:\/\/aeronoticias.com.pe\/noticiero\/transporte-aereo\/internacional\/emirates-retirara-sus-airbus-a380-a-mediados-de-2030\/","og_locale":"es_ES","og_type":"article","og_title":"Emirates retirar\u00e1 sus Airbus A380 a mediados de 2030","og_description":"Emirates, el mayor operador mundial del Airbus A380 planea su jubilaci\u00f3n en 2030. La aerol\u00ednea cuenta con 110 de estos aviones en servicio y otros 14 encargados.","og_url":"https:\/\/aeronoticias.com.pe\/noticiero\/transporte-aereo\/internacional\/emirates-retirara-sus-airbus-a380-a-mediados-de-2030\/","og_site_name":"Aeronoticias.com.pe","article_publisher":"https:\/\/www.facebook.com\/Aeronoticias.com.pe\/","article_published_time":"2019-06-05T04:41:50+00:00","article_modified_time":"2020-11-25T17:20:49+00:00","og_image":[{"width":1024,"height":576,"url":"https:\/\/aeronoticias.com.pe\/noticiero\/wp-content\/uploads\/2019\/06\/Emirates-Airbus-A380.jpg","type":"image\/jpeg"}],"author":"Redacci\u00f3n Aeronoticias","twitter_card":"summary_large_image","twitter_creator":"@aeronoticias","twitter_site":"@aeronoticias","twitter_misc":{"Escrito por":"Redacci\u00f3n Aeronoticias"},"schema":{"@context":"https:\/\/schema.org","@graph":[{"@type":"WebPage","@id":"https:\/\/aeronoticias.com.pe\/noticiero\/transporte-aereo\/internacional\/emirates-retirara-sus-airbus-a380-a-mediados-de-2030\/","url":"https:\/\/aeronoticias.com.pe\/noticiero\/transporte-aereo\/internacional\/emirates-retirara-sus-airbus-a380-a-mediados-de-2030\/","name":"Emirates retirar\u00e1 sus Airbus A380 a mediados de 2030","isPartOf":{"@id":"https:\/\/aeronoticias.com.pe\/noticiero\/#website"},"primaryImageOfPage":{"@id":"https:\/\/aeronoticias.com.pe\/noticiero\/transporte-aereo\/internacional\/emirates-retirara-sus-airbus-a380-a-mediados-de-2030\/#primaryimage"},"image":{"@id":"https:\/\/aeronoticias.com.pe\/noticiero\/transporte-aereo\/internacional\/emirates-retirara-sus-airbus-a380-a-mediados-de-2030\/#primaryimage"},"thumbnailUrl":"https:\/\/aeronoticias.com.pe\/noticiero\/wp-content\/uploads\/2019\/06\/Emirates-Airbus-A380.jpg","datePublished":"2019-06-05T04:41:50+00:00","dateModified":"2020-11-25T17:20:49+00:00","author":{"@id":"https:\/\/aeronoticias.com.pe\/noticiero\/#\/schema\/person\/fc1e5d578f4b62ba1cf7ac2bba1170a0"},"description":"Emirates, el mayor operador mundial del Airbus A380 planea su jubilaci\u00f3n en 2030. La aerol\u00ednea cuenta con 110 de estos aviones en servicio y otros 14 encargados.","breadcrumb":{"@id":"https:\/\/aeronoticias.com.pe\/noticiero\/transporte-aereo\/internacional\/emirates-retirara-sus-airbus-a380-a-mediados-de-2030\/#breadcrumb"},"inLanguage":"es","potentialAction":[{"@type":"ReadAction","target":["https:\/\/aeronoticias.com.pe\/noticiero\/transporte-aereo\/internacional\/emirates-retirara-sus-airbus-a380-a-mediados-de-2030\/"]}]},{"@type":"ImageObject","inLanguage":"es","@id":"https:\/\/aeronoticias.com.pe\/noticiero\/transporte-aereo\/internacional\/emirates-retirara-sus-airbus-a380-a-mediados-de-2030\/#primaryimage","url":"https:\/\/aeronoticias.com.pe\/noticiero\/wp-content\/uploads\/2019\/06\/Emirates-Airbus-A380.jpg","contentUrl":"https:\/\/aeronoticias.com.pe\/noticiero\/wp-content\/uploads\/2019\/06\/Emirates-Airbus-A380.jpg","width":1024,"height":576},{"@type":"BreadcrumbList","@id":"https:\/\/aeronoticias.com.pe\/noticiero\/transporte-aereo\/internacional\/emirates-retirara-sus-airbus-a380-a-mediados-de-2030\/#breadcrumb","itemListElement":[{"@type":"ListItem","position":1,"name":"Portada","item":"https:\/\/aeronoticias.com.pe\/noticiero\/"},{"@type":"ListItem","position":2,"name":"Emirates retirar\u00e1 sus Airbus A380 a mediados de 2030"}]},{"@type":"WebSite","@id":"https:\/\/aeronoticias.com.pe\/noticiero\/#website","url":"https:\/\/aeronoticias.com.pe\/noticiero\/","name":"Aeronoticias.com.pe","description":"Noticias de tranporte aereo, turismo, hoteles, gastronomia, actualidad, internacional","potentialAction":[{"@type":"SearchAction","target":{"@type":"EntryPoint","urlTemplate":"https:\/\/aeronoticias.com.pe\/noticiero\/?s={search_term_string}"},"query-input":{"@type":"PropertyValueSpecification","valueRequired":true,"valueName":"search_term_string"}}],"inLanguage":"es"},{"@type":"Person","@id":"https:\/\/aeronoticias.com.pe\/noticiero\/#\/schema\/person\/fc1e5d578f4b62ba1cf7ac2bba1170a0","name":"Redacci\u00f3n Aeronoticias","url":"https:\/\/aeronoticias.com.pe\/noticiero\/author\/piloto\/"}]}},"_links":{"self":[{"href":"https:\/\/aeronoticias.com.pe\/noticiero\/wp-json\/wp\/v2\/posts\/58457","targetHints":{"allow":["GET"]}}],"collection":[{"href":"https:\/\/aeronoticias.com.pe\/noticiero\/wp-json\/wp\/v2\/posts"}],"about":[{"href":"https:\/\/aeronoticias.com.pe\/noticiero\/wp-json\/wp\/v2\/types\/post"}],"author":[{"embeddable":true,"href":"https:\/\/aeronoticias.com.pe\/noticiero\/wp-json\/wp\/v2\/users\/1"}],"replies":[{"embeddable":true,"href":"https:\/\/aeronoticias.com.pe\/noticiero\/wp-json\/wp\/v2\/comments?post=58457"}],"version-history":[{"count":0,"href":"https:\/\/aeronoticias.com.pe\/noticiero\/wp-json\/wp\/v2\/posts\/58457\/revisions"}],"wp:featuredmedia":[{"embeddable":true,"href":"https:\/\/aeronoticias.com.pe\/noticiero\/wp-json\/wp\/v2\/media\/66648"}],"wp:attachment":[{"href":"https:\/\/aeronoticias.com.pe\/noticiero\/wp-json\/wp\/v2\/media?parent=58457"}],"wp:term":[{"taxonomy":"category","embeddable":true,"href":"https:\/\/aeronoticias.com.pe\/noticiero\/wp-json\/wp\/v2\/categories?post=58457"},{"taxonomy":"post_tag","embeddable":true,"href":"https:\/\/aeronoticias.com.pe\/noticiero\/wp-json\/wp\/v2\/tags?post=58457"}],"curies":[{"name":"wp","href":"https:\/\/api.w.org\/{rel}","templated":true}]}}