{"id":58458,"date":"2019-06-05T04:45:08","date_gmt":"2019-06-05T04:45:08","guid":{"rendered":"http:\/\/desarrollo.mcvicious.com\/aero2020\/2019\/06\/05\/descubre-la-apuesta-de-iberia-por-la-sostenibilidad\/"},"modified":"2019-06-05T04:45:08","modified_gmt":"2019-06-05T04:45:08","slug":"descubre-la-apuesta-de-iberia-por-la-sostenibilidad","status":"publish","type":"post","link":"https:\/\/aeronoticias.com.pe\/noticiero\/internacionales\/descubre-la-apuesta-de-iberia-por-la-sostenibilidad\/","title":{"rendered":"Descubre la apuesta de Iberia por la sostenibilidad"},"content":{"rendered":"<p style=\"text-align: justify;\"><strong>(Aeronoticias).<\/strong>&#8211;\u00a0<span style=\"color: #454545; font-family: Helvetica; font-size: 12px;\">Iberia ha implantado una serie de iniciativas desarrolladas durante toda la experiencia de sus vuelos, desde la compra del billete hasta la llegada al destino, que reducen las emisiones contaminantes, as\u00ed como la generaci\u00f3n de residuos, consiguiendo vuelos m\u00e1s respetuosos con el medioambiente.<\/span><\/p>\n<p class=\"p2\" style=\"text-align: justify;\">Las iniciativas en favor de una mayor sostenibilidad comienzan en el momento de la compra del billete, cuando se genera la tarjeta de embarque en formato digital.<\/p>\n<p class=\"p2\" style=\"text-align: justify;\">Esta tarjeta se puede descargar desde la web o la aplicaci\u00f3n m\u00f3vil, que seg\u00fan la experta en medioambiente de Iberia, Marina Garc\u00eda, est\u00e1 cada vez m\u00e1s implantada, lo que permite \u201cahorrar hasta 80 toneladas de papel al a\u00f1o\u201d.<\/p>\n<p class=\"p2\" style=\"text-align: justify;\">\u00a0<\/p>\n<p class=\"p2\" style=\"text-align: justify;\">Desde la misma aplicaci\u00f3n, los usuarios pueden consultar prensa o revistas internacionales en formato digital como parte del objetivo de la compa\u00f1\u00eda de sustituir progresivamente todo tipo de prensa en papel por la digital.<\/p>\n<p class=\"p2\" style=\"text-align: justify;\">\u00a0<\/p>\n<p class=\"p2\" style=\"text-align: justify;\">Esta decisi\u00f3n, seg\u00fan Garc\u00eda, permite consumir 640 toneladas de papel menos al a\u00f1o, lo que influye en el peso que se transporta en los aviones y, por tanto, en el consumo de combustible.<\/p>\n<p class=\"p2\" style=\"text-align: justify;\">Dentro de las iniciativas previas al vuelo, Iberia tambi\u00e9n ha sustituido las latas y pl\u00e1sticos por envases de vidrio retornables en las salas VIP de la Terminal 4 del aeropuerto de Madrid, lo que supone un ahorro de 200.000 envases de pl\u00e1sticos y un mill\u00f3n de latas, traducido en 30.000 kilos menos de residuos totales.<\/p>\n<p class=\"p2\" style=\"text-align: justify;\">\u00a0<\/p>\n<p class=\"p2\" style=\"text-align: justify;\">Una vez en pista, las iniciativas de sostenibilidad de Iberia se traducen en la renovaci\u00f3n de cerca del 80 % de su flota motorizada durante los \u00faltimos cuatro a\u00f1os, sustituyendo cerca del 40 % de los veh\u00edculos susceptibles de ser el\u00e9ctricos por esta tipolog\u00eda e instalando catalizadores en los motores de aquellos que no pueden serlo.<\/p>\n<p class=\"p2\" style=\"text-align: justify;\">\u00a0<\/p>\n<p class=\"p2\" style=\"text-align: justify;\">En este contexto, desde 2018, la aerol\u00ednea ha renovado su flota tanto de largo radio, con 20 aviones Airbus A350-900, como de corto y medio radio con el modelo Airbus A320neo.<\/p>\n<p class=\"p2\" style=\"text-align: justify;\">Este \u00faltimo modelo permite reducir un 50 % las emisiones de NOx y un 15 % menos las de CO2, emitiendo 5.000 toneladas menos de CO2 por avi\u00f3n y a\u00f1o.<\/p>\n<p class=\"p2\" style=\"text-align: justify;\">\u00a0<\/p>\n<p class=\"p2\" style=\"text-align: justify;\">En el aire, la sobrecargo de la compa\u00f1\u00eda, Marta Santana, ha explicado que otra de las medidas adoptadas por la aerol\u00ednea durante el vuelo en su intenci\u00f3n por hacer los vuelos m\u00e1s sostenibles es el proyecto LIFE Zero Cabin Waste.<\/p>\n<p class=\"p2\" style=\"text-align: justify;\">Este proyecto, llevado a cabo por Iberia junto a entidades como la Uni\u00f3n Europea o Ferrovial, consiste en la separaci\u00f3n de los residuos que se generan a bordo de los aviones, lo que permite reciclar el 80 % a trav\u00e9s de un \u201ccarrito\u201d espec\u00edficamente dise\u00f1ado para la cabina.<\/p>\n<p class=\"p2\" style=\"text-align: justify;\">\u00a0<\/p>\n<p class=\"p2\" style=\"text-align: justify;\">Esta iniciativa ya est\u00e1 operativa en todos los vuelos de largo radio y se espera que en dos meses se implemente en los de corto y medio radio. Seg\u00fan datos de la aerol\u00ednea, supondr\u00e1 una reducci\u00f3n de 4.340 toneladas de C02 al a\u00f1o.<\/p>\n<p class=\"p2\" style=\"text-align: justify;\">El comandante de la compa\u00f1\u00eda Antonio Villares ha explicado que otra de las iniciativas llevadas a cabo por la aerol\u00ednea ha sido la sustituci\u00f3n de la maleta con los manuales de vuelo que llevaban los pilotos, que pesaban alrededor de 60 kilos, por una tableta de 400 gramos.<\/p>\n<p class=\"p2\" style=\"text-align: justify;\">\u00a0<\/p>\n<p class=\"p2\" style=\"text-align: justify;\">Esta medida, disponible en corto y en largo radio, ha permitido ahorrar en total en emisiones desde que se implant\u00f3 1.900 toneladas de CO2 y, adem\u00e1s, el formato digital permite que dispongan de las \u00faltimas actualizaciones.<\/p>\n<p class=\"p2\" style=\"text-align: justify;\">\u00a0<\/p>\n<p class=\"p2\" style=\"text-align: justify;\">Fuente: <span style=\"text-decoration: underline;\"><em><strong>EFE<\/strong><\/em><\/span>.<\/p>\n<p class=\"p2\" style=\"text-align: justify;\">\u00a0<\/p>\n<p class=\"p2\" style=\"text-align: justify;\"><img decoding=\"async\" src=\"images\/stories\/iberia.jpg\" border=\"0\" \/><\/p>\n<p> p.p1 {margin: 0.0px 0.0px 0.0px 0.0px; font: 12.0px Helvetica; color: #454545; min-height: 14.0px} p.p2 {margin: 0.0px 0.0px 0.0px 0.0px; font: 12.0px Helvetica; color: #454545}<\/p>\n","protected":false},"excerpt":{"rendered":"<p>(Aeronoticias).&#8211;\u00a0Iberia ha implantado una serie de iniciativas desarrolladas durante toda la experiencia de sus vuelos, desde la compra del billete hasta la llegada al destino, que reducen las emisiones contaminantes, as\u00ed como la generaci\u00f3n de residuos, consiguiendo vuelos m\u00e1s respetuosos con el medioambiente. Las iniciativas en favor de una mayor sostenibilidad comienzan en el momento [&hellip;]<\/p>\n","protected":false},"author":1,"featured_media":0,"comment_status":"open","ping_status":"open","sticky":false,"template":"","format":"standard","meta":{"tdm_status":"","tdm_grid_status":"","footnotes":""},"categories":[34],"tags":[],"class_list":{"0":"post-58458","1":"post","2":"type-post","3":"status-publish","4":"format-standard","6":"category-internacionales"},"yoast_head":"<!-- This site is optimized with the Yoast SEO plugin v25.1 - https:\/\/yoast.com\/wordpress\/plugins\/seo\/ -->\n<title>Descubre la apuesta de Iberia por la sostenibilidad<\/title>\n<meta name=\"description\" content=\"Portal de noticias del Per\u00fa sobre el transporte a\u00e9reo, aviaci\u00f3n, turismo, hoteleria, actualidad.\" \/>\n<meta name=\"robots\" content=\"index, follow, max-snippet:-1, max-image-preview:large, max-video-preview:-1\" \/>\n<link rel=\"canonical\" href=\"https:\/\/aeronoticias.com.pe\/noticiero\/internacionales\/descubre-la-apuesta-de-iberia-por-la-sostenibilidad\/\" \/>\n<meta property=\"og:locale\" content=\"es_ES\" \/>\n<meta property=\"og:type\" content=\"article\" \/>\n<meta property=\"og:title\" content=\"Descubre la apuesta de Iberia por la sostenibilidad\" \/>\n<meta property=\"og:description\" content=\"Portal de noticias del Per\u00fa sobre el transporte a\u00e9reo, aviaci\u00f3n, turismo, hoteleria, actualidad.\" \/>\n<meta property=\"og:url\" content=\"https:\/\/aeronoticias.com.pe\/noticiero\/internacionales\/descubre-la-apuesta-de-iberia-por-la-sostenibilidad\/\" \/>\n<meta property=\"og:site_name\" content=\"Aeronoticias.com.pe\" \/>\n<meta property=\"article:publisher\" content=\"https:\/\/www.facebook.com\/Aeronoticias.com.pe\/\" \/>\n<meta property=\"article:published_time\" content=\"2019-06-05T04:45:08+00:00\" \/>\n<meta name=\"author\" content=\"Redacci\u00f3n Aeronoticias\" \/>\n<meta name=\"twitter:card\" content=\"summary_large_image\" \/>\n<meta name=\"twitter:creator\" content=\"@aeronoticias\" \/>\n<meta name=\"twitter:site\" content=\"@aeronoticias\" \/>\n<meta name=\"twitter:label1\" content=\"Escrito por\" \/>\n\t<meta name=\"twitter:data1\" content=\"Redacci\u00f3n Aeronoticias\" \/>\n\t<meta name=\"twitter:label2\" content=\"Tiempo de lectura\" \/>\n\t<meta name=\"twitter:data2\" content=\"3 minutos\" \/>\n<script type=\"application\/ld+json\" class=\"yoast-schema-graph\">{\"@context\":\"https:\/\/schema.org\",\"@graph\":[{\"@type\":\"WebPage\",\"@id\":\"https:\/\/aeronoticias.com.pe\/noticiero\/internacionales\/descubre-la-apuesta-de-iberia-por-la-sostenibilidad\/\",\"url\":\"https:\/\/aeronoticias.com.pe\/noticiero\/internacionales\/descubre-la-apuesta-de-iberia-por-la-sostenibilidad\/\",\"name\":\"Descubre la apuesta de Iberia por la sostenibilidad\",\"isPartOf\":{\"@id\":\"https:\/\/aeronoticias.com.pe\/noticiero\/#website\"},\"datePublished\":\"2019-06-05T04:45:08+00:00\",\"author\":{\"@id\":\"https:\/\/aeronoticias.com.pe\/noticiero\/#\/schema\/person\/fc1e5d578f4b62ba1cf7ac2bba1170a0\"},\"description\":\"Portal de noticias del Per\u00fa sobre el transporte a\u00e9reo, aviaci\u00f3n, turismo, hoteleria, actualidad.\",\"breadcrumb\":{\"@id\":\"https:\/\/aeronoticias.com.pe\/noticiero\/internacionales\/descubre-la-apuesta-de-iberia-por-la-sostenibilidad\/#breadcrumb\"},\"inLanguage\":\"es\",\"potentialAction\":[{\"@type\":\"ReadAction\",\"target\":[\"https:\/\/aeronoticias.com.pe\/noticiero\/internacionales\/descubre-la-apuesta-de-iberia-por-la-sostenibilidad\/\"]}]},{\"@type\":\"BreadcrumbList\",\"@id\":\"https:\/\/aeronoticias.com.pe\/noticiero\/internacionales\/descubre-la-apuesta-de-iberia-por-la-sostenibilidad\/#breadcrumb\",\"itemListElement\":[{\"@type\":\"ListItem\",\"position\":1,\"name\":\"Portada\",\"item\":\"https:\/\/aeronoticias.com.pe\/noticiero\/\"},{\"@type\":\"ListItem\",\"position\":2,\"name\":\"Descubre la apuesta de Iberia por la sostenibilidad\"}]},{\"@type\":\"WebSite\",\"@id\":\"https:\/\/aeronoticias.com.pe\/noticiero\/#website\",\"url\":\"https:\/\/aeronoticias.com.pe\/noticiero\/\",\"name\":\"Aeronoticias.com.pe\",\"description\":\"Noticias de tranporte aereo, turismo, hoteles, gastronomia, actualidad, internacional\",\"potentialAction\":[{\"@type\":\"SearchAction\",\"target\":{\"@type\":\"EntryPoint\",\"urlTemplate\":\"https:\/\/aeronoticias.com.pe\/noticiero\/?s={search_term_string}\"},\"query-input\":{\"@type\":\"PropertyValueSpecification\",\"valueRequired\":true,\"valueName\":\"search_term_string\"}}],\"inLanguage\":\"es\"},{\"@type\":\"Person\",\"@id\":\"https:\/\/aeronoticias.com.pe\/noticiero\/#\/schema\/person\/fc1e5d578f4b62ba1cf7ac2bba1170a0\",\"name\":\"Redacci\u00f3n Aeronoticias\",\"url\":\"https:\/\/aeronoticias.com.pe\/noticiero\/author\/piloto\/\"}]}<\/script>\n<!-- \/ Yoast SEO plugin. -->","yoast_head_json":{"title":"Descubre la apuesta de Iberia por la sostenibilidad","description":"Portal de noticias del Per\u00fa sobre el transporte a\u00e9reo, aviaci\u00f3n, turismo, hoteleria, actualidad.","robots":{"index":"index","follow":"follow","max-snippet":"max-snippet:-1","max-image-preview":"max-image-preview:large","max-video-preview":"max-video-preview:-1"},"canonical":"https:\/\/aeronoticias.com.pe\/noticiero\/internacionales\/descubre-la-apuesta-de-iberia-por-la-sostenibilidad\/","og_locale":"es_ES","og_type":"article","og_title":"Descubre la apuesta de Iberia por la sostenibilidad","og_description":"Portal de noticias del Per\u00fa sobre el transporte a\u00e9reo, aviaci\u00f3n, turismo, hoteleria, actualidad.","og_url":"https:\/\/aeronoticias.com.pe\/noticiero\/internacionales\/descubre-la-apuesta-de-iberia-por-la-sostenibilidad\/","og_site_name":"Aeronoticias.com.pe","article_publisher":"https:\/\/www.facebook.com\/Aeronoticias.com.pe\/","article_published_time":"2019-06-05T04:45:08+00:00","author":"Redacci\u00f3n Aeronoticias","twitter_card":"summary_large_image","twitter_creator":"@aeronoticias","twitter_site":"@aeronoticias","twitter_misc":{"Escrito por":"Redacci\u00f3n Aeronoticias","Tiempo de lectura":"3 minutos"},"schema":{"@context":"https:\/\/schema.org","@graph":[{"@type":"WebPage","@id":"https:\/\/aeronoticias.com.pe\/noticiero\/internacionales\/descubre-la-apuesta-de-iberia-por-la-sostenibilidad\/","url":"https:\/\/aeronoticias.com.pe\/noticiero\/internacionales\/descubre-la-apuesta-de-iberia-por-la-sostenibilidad\/","name":"Descubre la apuesta de Iberia por la sostenibilidad","isPartOf":{"@id":"https:\/\/aeronoticias.com.pe\/noticiero\/#website"},"datePublished":"2019-06-05T04:45:08+00:00","author":{"@id":"https:\/\/aeronoticias.com.pe\/noticiero\/#\/schema\/person\/fc1e5d578f4b62ba1cf7ac2bba1170a0"},"description":"Portal de noticias del Per\u00fa sobre el transporte a\u00e9reo, aviaci\u00f3n, turismo, hoteleria, actualidad.","breadcrumb":{"@id":"https:\/\/aeronoticias.com.pe\/noticiero\/internacionales\/descubre-la-apuesta-de-iberia-por-la-sostenibilidad\/#breadcrumb"},"inLanguage":"es","potentialAction":[{"@type":"ReadAction","target":["https:\/\/aeronoticias.com.pe\/noticiero\/internacionales\/descubre-la-apuesta-de-iberia-por-la-sostenibilidad\/"]}]},{"@type":"BreadcrumbList","@id":"https:\/\/aeronoticias.com.pe\/noticiero\/internacionales\/descubre-la-apuesta-de-iberia-por-la-sostenibilidad\/#breadcrumb","itemListElement":[{"@type":"ListItem","position":1,"name":"Portada","item":"https:\/\/aeronoticias.com.pe\/noticiero\/"},{"@type":"ListItem","position":2,"name":"Descubre la apuesta de Iberia por la sostenibilidad"}]},{"@type":"WebSite","@id":"https:\/\/aeronoticias.com.pe\/noticiero\/#website","url":"https:\/\/aeronoticias.com.pe\/noticiero\/","name":"Aeronoticias.com.pe","description":"Noticias de tranporte aereo, turismo, hoteles, gastronomia, actualidad, internacional","potentialAction":[{"@type":"SearchAction","target":{"@type":"EntryPoint","urlTemplate":"https:\/\/aeronoticias.com.pe\/noticiero\/?s={search_term_string}"},"query-input":{"@type":"PropertyValueSpecification","valueRequired":true,"valueName":"search_term_string"}}],"inLanguage":"es"},{"@type":"Person","@id":"https:\/\/aeronoticias.com.pe\/noticiero\/#\/schema\/person\/fc1e5d578f4b62ba1cf7ac2bba1170a0","name":"Redacci\u00f3n Aeronoticias","url":"https:\/\/aeronoticias.com.pe\/noticiero\/author\/piloto\/"}]}},"_links":{"self":[{"href":"https:\/\/aeronoticias.com.pe\/noticiero\/wp-json\/wp\/v2\/posts\/58458","targetHints":{"allow":["GET"]}}],"collection":[{"href":"https:\/\/aeronoticias.com.pe\/noticiero\/wp-json\/wp\/v2\/posts"}],"about":[{"href":"https:\/\/aeronoticias.com.pe\/noticiero\/wp-json\/wp\/v2\/types\/post"}],"author":[{"embeddable":true,"href":"https:\/\/aeronoticias.com.pe\/noticiero\/wp-json\/wp\/v2\/users\/1"}],"replies":[{"embeddable":true,"href":"https:\/\/aeronoticias.com.pe\/noticiero\/wp-json\/wp\/v2\/comments?post=58458"}],"version-history":[{"count":0,"href":"https:\/\/aeronoticias.com.pe\/noticiero\/wp-json\/wp\/v2\/posts\/58458\/revisions"}],"wp:attachment":[{"href":"https:\/\/aeronoticias.com.pe\/noticiero\/wp-json\/wp\/v2\/media?parent=58458"}],"wp:term":[{"taxonomy":"category","embeddable":true,"href":"https:\/\/aeronoticias.com.pe\/noticiero\/wp-json\/wp\/v2\/categories?post=58458"},{"taxonomy":"post_tag","embeddable":true,"href":"https:\/\/aeronoticias.com.pe\/noticiero\/wp-json\/wp\/v2\/tags?post=58458"}],"curies":[{"name":"wp","href":"https:\/\/api.w.org\/{rel}","templated":true}]}}