{"id":58460,"date":"2019-06-06T11:32:34","date_gmt":"2019-06-06T11:32:34","guid":{"rendered":"http:\/\/desarrollo.mcvicious.com\/aero2020\/2019\/06\/06\/bombardier-negocia-con-mitsubishi-venta-de-programa-cr\/"},"modified":"2020-11-25T12:24:49","modified_gmt":"2020-11-25T17:24:49","slug":"bombardier-negocia-con-mitsubishi-venta-de-programa-cr","status":"publish","type":"post","link":"https:\/\/aeronoticias.com.pe\/noticiero\/transporte-aereo\/internacional\/bombardier-negocia-con-mitsubishi-venta-de-programa-cr\/","title":{"rendered":"Bombardier negocia con Mitsubishi venta de programa CRJ"},"content":{"rendered":"\n<p>Bombardier est\u00e1 en conversaciones para vender su programa de aviones regionales CRJ a Mitsubishi Heavy Industries, una operaci\u00f3n que pondr\u00eda fin a la participaci\u00f3n del campe\u00f3n industrial canadiense en el segmentos de aviones comerciales.<\/p>\n\n\n\n<p class=\"p1\">Ambas partes confirmaron la negociaci\u00f3n luego de que The Air Current informara el mi\u00e9rcoles que las conversaciones est\u00e1n en etapa avanzada. El blog sobre aviaci\u00f3n a\u00f1adi\u00f3 que se podr\u00eda anunciar un acuerdo en el Sal\u00f3n de Aeron\u00e1utica de Par\u00eds, que comienza el 17 de junio.<\/p>\n\n\n\n<p class=\"p1\">Mitsubishi aclar\u00f3 que no se ha tomado ninguna decisi\u00f3n, mientras que Bombardier, con sede en Montreal, precis\u00f3 que cualquier acuerdo est\u00e1 sujeto a un an\u00e1lisis adicional por parte de su propia administraci\u00f3n y la debida diligencia del fabricante japon\u00e9s.<\/p>\n\n\n\n<p class=\"p1\">La venta culminar\u00eda una reestructuraci\u00f3n estrat\u00e9gica en Bombardier, que ya cedi\u00f3 el control de su programa de aviones de un solo pasillo y un negocio de turboh\u00e9lices para centrarse en la fabricaci\u00f3n de aviones privados y equipo ferroviario. Mientras tanto Mitsubishi, con sede en Tokio, reforzar\u00eda sus ambiciones de impulsar la fabricaci\u00f3n de aviones m\u00e1s peque\u00f1os y desafiar a Embraer.<\/p>\n\n\n\n<p class=\"p1\">La divisi\u00f3n CRJ lleg\u00f3 en un punto a producir la mayor parte de los ingresos de Bombardier, pero desde entonces los trenes y los aviones de negocios han superado a los aviones regionales como los principales motores de ganancias para la compa\u00f1\u00eda, generando el 81% de las ventas en el primer trimestre. Cerca de 1.500 aviones CRJ est\u00e1n en servicio en todo el mundo.<\/p>\n\n\n\n<p class=\"p2\">Fuente: <span style=\"text-decoration: underline;\"><em><strong>Bloomberg.<\/strong><\/em><\/span><\/p>\n","protected":false},"excerpt":{"rendered":"<p>Bombardier est\u00e1 en conversaciones para vender su programa de aviones regionales CRJ a Mitsubishi Heavy Industries, una operaci\u00f3n que pondr\u00eda fin a la participaci\u00f3n del campe\u00f3n industrial canadiense en el segmentos de aviones comerciales. Ambas partes confirmaron la negociaci\u00f3n luego de que The Air Current informara el mi\u00e9rcoles que las conversaciones est\u00e1n en etapa avanzada. [&hellip;]<\/p>\n","protected":false},"author":1,"featured_media":66651,"comment_status":"open","ping_status":"open","sticky":false,"template":"","format":"standard","meta":{"tdm_status":"","tdm_grid_status":"","footnotes":""},"categories":[32,11],"tags":[617,1031,576],"class_list":{"0":"post-58460","1":"post","2":"type-post","3":"status-publish","4":"format-standard","5":"has-post-thumbnail","7":"category-internacional","8":"category-transporte-aereo","9":"tag-bombardier","10":"tag-crj","11":"tag-mitsubishi"},"yoast_head":"<!-- This site is optimized with the Yoast SEO plugin v25.1 - https:\/\/yoast.com\/wordpress\/plugins\/seo\/ -->\n<title>Bombardier negocia con Mitsubishi venta de programa CRJ<\/title>\n<meta name=\"description\" content=\"Bombardier est\u00e1 en conversaciones para vender su programa de aviones regionales CRJ a Mitsubishi Heavy Industries, una operaci\u00f3n que pondr\u00eda fin a la participaci\u00f3n del campe\u00f3n industrial canadiense en el segmentos de aviones comerciales.\" \/>\n<meta name=\"robots\" content=\"index, follow, max-snippet:-1, max-image-preview:large, max-video-preview:-1\" \/>\n<link rel=\"canonical\" href=\"https:\/\/aeronoticias.com.pe\/noticiero\/transporte-aereo\/internacional\/bombardier-negocia-con-mitsubishi-venta-de-programa-cr\/\" \/>\n<meta property=\"og:locale\" content=\"es_ES\" \/>\n<meta property=\"og:type\" content=\"article\" \/>\n<meta property=\"og:title\" content=\"Bombardier negocia con Mitsubishi venta de programa CRJ\" \/>\n<meta property=\"og:description\" content=\"Bombardier est\u00e1 en conversaciones para vender su programa de aviones regionales CRJ a Mitsubishi Heavy Industries, una operaci\u00f3n que pondr\u00eda fin a la participaci\u00f3n del campe\u00f3n industrial canadiense en el segmentos de aviones comerciales.\" \/>\n<meta property=\"og:url\" content=\"https:\/\/aeronoticias.com.pe\/noticiero\/transporte-aereo\/internacional\/bombardier-negocia-con-mitsubishi-venta-de-programa-cr\/\" \/>\n<meta property=\"og:site_name\" content=\"Aeronoticias.com.pe\" \/>\n<meta property=\"article:publisher\" content=\"https:\/\/www.facebook.com\/Aeronoticias.com.pe\/\" \/>\n<meta property=\"article:published_time\" content=\"2019-06-06T11:32:34+00:00\" \/>\n<meta property=\"article:modified_time\" content=\"2020-11-25T17:24:49+00:00\" \/>\n<meta property=\"og:image\" content=\"https:\/\/aeronoticias.com.pe\/noticiero\/wp-content\/uploads\/2019\/06\/Bombardier-CRJ.jpg\" \/>\n\t<meta property=\"og:image:width\" content=\"1280\" \/>\n\t<meta property=\"og:image:height\" content=\"720\" \/>\n\t<meta property=\"og:image:type\" content=\"image\/jpeg\" \/>\n<meta name=\"author\" content=\"Redacci\u00f3n Aeronoticias\" \/>\n<meta name=\"twitter:card\" content=\"summary_large_image\" \/>\n<meta name=\"twitter:creator\" content=\"@aeronoticias\" \/>\n<meta name=\"twitter:site\" content=\"@aeronoticias\" \/>\n<meta name=\"twitter:label1\" content=\"Escrito por\" \/>\n\t<meta name=\"twitter:data1\" content=\"Redacci\u00f3n Aeronoticias\" \/>\n\t<meta name=\"twitter:label2\" content=\"Tiempo de lectura\" \/>\n\t<meta name=\"twitter:data2\" content=\"1 minuto\" \/>\n<script type=\"application\/ld+json\" class=\"yoast-schema-graph\">{\"@context\":\"https:\/\/schema.org\",\"@graph\":[{\"@type\":\"WebPage\",\"@id\":\"https:\/\/aeronoticias.com.pe\/noticiero\/transporte-aereo\/internacional\/bombardier-negocia-con-mitsubishi-venta-de-programa-cr\/\",\"url\":\"https:\/\/aeronoticias.com.pe\/noticiero\/transporte-aereo\/internacional\/bombardier-negocia-con-mitsubishi-venta-de-programa-cr\/\",\"name\":\"Bombardier negocia con Mitsubishi venta de programa CRJ\",\"isPartOf\":{\"@id\":\"https:\/\/aeronoticias.com.pe\/noticiero\/#website\"},\"primaryImageOfPage\":{\"@id\":\"https:\/\/aeronoticias.com.pe\/noticiero\/transporte-aereo\/internacional\/bombardier-negocia-con-mitsubishi-venta-de-programa-cr\/#primaryimage\"},\"image\":{\"@id\":\"https:\/\/aeronoticias.com.pe\/noticiero\/transporte-aereo\/internacional\/bombardier-negocia-con-mitsubishi-venta-de-programa-cr\/#primaryimage\"},\"thumbnailUrl\":\"https:\/\/aeronoticias.com.pe\/noticiero\/wp-content\/uploads\/2019\/06\/Bombardier-CRJ.jpg\",\"datePublished\":\"2019-06-06T11:32:34+00:00\",\"dateModified\":\"2020-11-25T17:24:49+00:00\",\"author\":{\"@id\":\"https:\/\/aeronoticias.com.pe\/noticiero\/#\/schema\/person\/fc1e5d578f4b62ba1cf7ac2bba1170a0\"},\"description\":\"Bombardier est\u00e1 en conversaciones para vender su programa de aviones regionales CRJ a Mitsubishi Heavy Industries, una operaci\u00f3n que pondr\u00eda fin a la participaci\u00f3n del campe\u00f3n industrial canadiense en el segmentos de aviones comerciales.\",\"breadcrumb\":{\"@id\":\"https:\/\/aeronoticias.com.pe\/noticiero\/transporte-aereo\/internacional\/bombardier-negocia-con-mitsubishi-venta-de-programa-cr\/#breadcrumb\"},\"inLanguage\":\"es\",\"potentialAction\":[{\"@type\":\"ReadAction\",\"target\":[\"https:\/\/aeronoticias.com.pe\/noticiero\/transporte-aereo\/internacional\/bombardier-negocia-con-mitsubishi-venta-de-programa-cr\/\"]}]},{\"@type\":\"ImageObject\",\"inLanguage\":\"es\",\"@id\":\"https:\/\/aeronoticias.com.pe\/noticiero\/transporte-aereo\/internacional\/bombardier-negocia-con-mitsubishi-venta-de-programa-cr\/#primaryimage\",\"url\":\"https:\/\/aeronoticias.com.pe\/noticiero\/wp-content\/uploads\/2019\/06\/Bombardier-CRJ.jpg\",\"contentUrl\":\"https:\/\/aeronoticias.com.pe\/noticiero\/wp-content\/uploads\/2019\/06\/Bombardier-CRJ.jpg\",\"width\":1280,\"height\":720},{\"@type\":\"BreadcrumbList\",\"@id\":\"https:\/\/aeronoticias.com.pe\/noticiero\/transporte-aereo\/internacional\/bombardier-negocia-con-mitsubishi-venta-de-programa-cr\/#breadcrumb\",\"itemListElement\":[{\"@type\":\"ListItem\",\"position\":1,\"name\":\"Portada\",\"item\":\"https:\/\/aeronoticias.com.pe\/noticiero\/\"},{\"@type\":\"ListItem\",\"position\":2,\"name\":\"Bombardier negocia con Mitsubishi venta de programa CRJ\"}]},{\"@type\":\"WebSite\",\"@id\":\"https:\/\/aeronoticias.com.pe\/noticiero\/#website\",\"url\":\"https:\/\/aeronoticias.com.pe\/noticiero\/\",\"name\":\"Aeronoticias.com.pe\",\"description\":\"Noticias de tranporte aereo, turismo, hoteles, gastronomia, actualidad, internacional\",\"potentialAction\":[{\"@type\":\"SearchAction\",\"target\":{\"@type\":\"EntryPoint\",\"urlTemplate\":\"https:\/\/aeronoticias.com.pe\/noticiero\/?s={search_term_string}\"},\"query-input\":{\"@type\":\"PropertyValueSpecification\",\"valueRequired\":true,\"valueName\":\"search_term_string\"}}],\"inLanguage\":\"es\"},{\"@type\":\"Person\",\"@id\":\"https:\/\/aeronoticias.com.pe\/noticiero\/#\/schema\/person\/fc1e5d578f4b62ba1cf7ac2bba1170a0\",\"name\":\"Redacci\u00f3n Aeronoticias\",\"url\":\"https:\/\/aeronoticias.com.pe\/noticiero\/author\/piloto\/\"}]}<\/script>\n<!-- \/ Yoast SEO plugin. -->","yoast_head_json":{"title":"Bombardier negocia con Mitsubishi venta de programa CRJ","description":"Bombardier est\u00e1 en conversaciones para vender su programa de aviones regionales CRJ a Mitsubishi Heavy Industries, una operaci\u00f3n que pondr\u00eda fin a la participaci\u00f3n del campe\u00f3n industrial canadiense en el segmentos de aviones comerciales.","robots":{"index":"index","follow":"follow","max-snippet":"max-snippet:-1","max-image-preview":"max-image-preview:large","max-video-preview":"max-video-preview:-1"},"canonical":"https:\/\/aeronoticias.com.pe\/noticiero\/transporte-aereo\/internacional\/bombardier-negocia-con-mitsubishi-venta-de-programa-cr\/","og_locale":"es_ES","og_type":"article","og_title":"Bombardier negocia con Mitsubishi venta de programa CRJ","og_description":"Bombardier est\u00e1 en conversaciones para vender su programa de aviones regionales CRJ a Mitsubishi Heavy Industries, una operaci\u00f3n que pondr\u00eda fin a la participaci\u00f3n del campe\u00f3n industrial canadiense en el segmentos de aviones comerciales.","og_url":"https:\/\/aeronoticias.com.pe\/noticiero\/transporte-aereo\/internacional\/bombardier-negocia-con-mitsubishi-venta-de-programa-cr\/","og_site_name":"Aeronoticias.com.pe","article_publisher":"https:\/\/www.facebook.com\/Aeronoticias.com.pe\/","article_published_time":"2019-06-06T11:32:34+00:00","article_modified_time":"2020-11-25T17:24:49+00:00","og_image":[{"width":1280,"height":720,"url":"https:\/\/aeronoticias.com.pe\/noticiero\/wp-content\/uploads\/2019\/06\/Bombardier-CRJ.jpg","type":"image\/jpeg"}],"author":"Redacci\u00f3n Aeronoticias","twitter_card":"summary_large_image","twitter_creator":"@aeronoticias","twitter_site":"@aeronoticias","twitter_misc":{"Escrito por":"Redacci\u00f3n Aeronoticias","Tiempo de lectura":"1 minuto"},"schema":{"@context":"https:\/\/schema.org","@graph":[{"@type":"WebPage","@id":"https:\/\/aeronoticias.com.pe\/noticiero\/transporte-aereo\/internacional\/bombardier-negocia-con-mitsubishi-venta-de-programa-cr\/","url":"https:\/\/aeronoticias.com.pe\/noticiero\/transporte-aereo\/internacional\/bombardier-negocia-con-mitsubishi-venta-de-programa-cr\/","name":"Bombardier negocia con Mitsubishi venta de programa CRJ","isPartOf":{"@id":"https:\/\/aeronoticias.com.pe\/noticiero\/#website"},"primaryImageOfPage":{"@id":"https:\/\/aeronoticias.com.pe\/noticiero\/transporte-aereo\/internacional\/bombardier-negocia-con-mitsubishi-venta-de-programa-cr\/#primaryimage"},"image":{"@id":"https:\/\/aeronoticias.com.pe\/noticiero\/transporte-aereo\/internacional\/bombardier-negocia-con-mitsubishi-venta-de-programa-cr\/#primaryimage"},"thumbnailUrl":"https:\/\/aeronoticias.com.pe\/noticiero\/wp-content\/uploads\/2019\/06\/Bombardier-CRJ.jpg","datePublished":"2019-06-06T11:32:34+00:00","dateModified":"2020-11-25T17:24:49+00:00","author":{"@id":"https:\/\/aeronoticias.com.pe\/noticiero\/#\/schema\/person\/fc1e5d578f4b62ba1cf7ac2bba1170a0"},"description":"Bombardier est\u00e1 en conversaciones para vender su programa de aviones regionales CRJ a Mitsubishi Heavy Industries, una operaci\u00f3n que pondr\u00eda fin a la participaci\u00f3n del campe\u00f3n industrial canadiense en el segmentos de aviones comerciales.","breadcrumb":{"@id":"https:\/\/aeronoticias.com.pe\/noticiero\/transporte-aereo\/internacional\/bombardier-negocia-con-mitsubishi-venta-de-programa-cr\/#breadcrumb"},"inLanguage":"es","potentialAction":[{"@type":"ReadAction","target":["https:\/\/aeronoticias.com.pe\/noticiero\/transporte-aereo\/internacional\/bombardier-negocia-con-mitsubishi-venta-de-programa-cr\/"]}]},{"@type":"ImageObject","inLanguage":"es","@id":"https:\/\/aeronoticias.com.pe\/noticiero\/transporte-aereo\/internacional\/bombardier-negocia-con-mitsubishi-venta-de-programa-cr\/#primaryimage","url":"https:\/\/aeronoticias.com.pe\/noticiero\/wp-content\/uploads\/2019\/06\/Bombardier-CRJ.jpg","contentUrl":"https:\/\/aeronoticias.com.pe\/noticiero\/wp-content\/uploads\/2019\/06\/Bombardier-CRJ.jpg","width":1280,"height":720},{"@type":"BreadcrumbList","@id":"https:\/\/aeronoticias.com.pe\/noticiero\/transporte-aereo\/internacional\/bombardier-negocia-con-mitsubishi-venta-de-programa-cr\/#breadcrumb","itemListElement":[{"@type":"ListItem","position":1,"name":"Portada","item":"https:\/\/aeronoticias.com.pe\/noticiero\/"},{"@type":"ListItem","position":2,"name":"Bombardier negocia con Mitsubishi venta de programa CRJ"}]},{"@type":"WebSite","@id":"https:\/\/aeronoticias.com.pe\/noticiero\/#website","url":"https:\/\/aeronoticias.com.pe\/noticiero\/","name":"Aeronoticias.com.pe","description":"Noticias de tranporte aereo, turismo, hoteles, gastronomia, actualidad, internacional","potentialAction":[{"@type":"SearchAction","target":{"@type":"EntryPoint","urlTemplate":"https:\/\/aeronoticias.com.pe\/noticiero\/?s={search_term_string}"},"query-input":{"@type":"PropertyValueSpecification","valueRequired":true,"valueName":"search_term_string"}}],"inLanguage":"es"},{"@type":"Person","@id":"https:\/\/aeronoticias.com.pe\/noticiero\/#\/schema\/person\/fc1e5d578f4b62ba1cf7ac2bba1170a0","name":"Redacci\u00f3n Aeronoticias","url":"https:\/\/aeronoticias.com.pe\/noticiero\/author\/piloto\/"}]}},"_links":{"self":[{"href":"https:\/\/aeronoticias.com.pe\/noticiero\/wp-json\/wp\/v2\/posts\/58460","targetHints":{"allow":["GET"]}}],"collection":[{"href":"https:\/\/aeronoticias.com.pe\/noticiero\/wp-json\/wp\/v2\/posts"}],"about":[{"href":"https:\/\/aeronoticias.com.pe\/noticiero\/wp-json\/wp\/v2\/types\/post"}],"author":[{"embeddable":true,"href":"https:\/\/aeronoticias.com.pe\/noticiero\/wp-json\/wp\/v2\/users\/1"}],"replies":[{"embeddable":true,"href":"https:\/\/aeronoticias.com.pe\/noticiero\/wp-json\/wp\/v2\/comments?post=58460"}],"version-history":[{"count":0,"href":"https:\/\/aeronoticias.com.pe\/noticiero\/wp-json\/wp\/v2\/posts\/58460\/revisions"}],"wp:featuredmedia":[{"embeddable":true,"href":"https:\/\/aeronoticias.com.pe\/noticiero\/wp-json\/wp\/v2\/media\/66651"}],"wp:attachment":[{"href":"https:\/\/aeronoticias.com.pe\/noticiero\/wp-json\/wp\/v2\/media?parent=58460"}],"wp:term":[{"taxonomy":"category","embeddable":true,"href":"https:\/\/aeronoticias.com.pe\/noticiero\/wp-json\/wp\/v2\/categories?post=58460"},{"taxonomy":"post_tag","embeddable":true,"href":"https:\/\/aeronoticias.com.pe\/noticiero\/wp-json\/wp\/v2\/tags?post=58460"}],"curies":[{"name":"wp","href":"https:\/\/api.w.org\/{rel}","templated":true}]}}