{"id":58461,"date":"2019-06-06T11:39:41","date_gmt":"2019-06-06T11:39:41","guid":{"rendered":"http:\/\/desarrollo.mcvicious.com\/aero2020\/2019\/06\/06\/azul-sale-de-compentencia-por-activos-de-avianca-brasil\/"},"modified":"2019-06-06T11:39:41","modified_gmt":"2019-06-06T11:39:41","slug":"azul-sale-de-compentencia-por-activos-de-avianca-brasil","status":"publish","type":"post","link":"https:\/\/aeronoticias.com.pe\/noticiero\/economia\/azul-sale-de-compentencia-por-activos-de-avianca-brasil\/","title":{"rendered":"Azul sale de compentencia por activos de Avianca Brasil"},"content":{"rendered":"<p style=\"text-align: justify;\"><strong>(Aeronoticias)<\/strong>.-\u00a0<span style=\"color: #454545; font-family: Helvetica; font-size: 12px;\">Los negocios en Oceanair Linhas A\u00e9reas Ltda., la aproblemada aerol\u00ednea que opera bajo la marca Avianca Brasil, se han paralizado.<\/span><\/p>\n<p class=\"p1\" style=\"text-align: justify;\">La flota de la compa\u00f1\u00eda, ya agotada por los reclamos de los acreedores, fue puesta en tierra por la Agencia Nacional de Aviaci\u00f3n Civil de Brasil, Anac, una orden que Avianca Brasil no ha dado se\u00f1ales de intentar revertir.<\/p>\n<p class=\"p1\" style=\"text-align: justify;\">\u00a0<\/p>\n<p class=\"p1\" style=\"text-align: justify;\">El proceso de recuperaci\u00f3n judicial de la firma se ha detenido durante un mes, a la espera de una audiencia del 10 de junio para decidir si la subasta sobre los activos de la aerol\u00ednea puede realizarse o no. Despu\u00e9s de no pagar a los empleados en abril y mayo, Avianca Brasil despidi\u00f3 a 900 trabajadores, y se prev\u00e9 una pr\u00f3xima ronda de recortes dentro de poco.<\/p>\n<p class=\"p1\" style=\"text-align: justify;\">\u00a0<\/p>\n<p class=\"p1\" style=\"text-align: justify;\">\u201cLa subasta puede llevarse a cabo, pero no veremos dinero\u201d, dijo Ondino Dutra, presidente del Sindicato Nacional de Aeronautas de Brasil. \u201cLa decisi\u00f3n de Anac fue valiente y necesaria. No hay seguridad al volar un avi\u00f3n en el que no se le paga a la tripulaci\u00f3n\u201d, a\u00f1adi\u00f3.<\/p>\n<p class=\"p1\" style=\"text-align: justify;\">\u00a0<\/p>\n<p class=\"p1\" style=\"text-align: justify;\">La par\u00e1lisis ha dejado a la que fuera la cuarta aerol\u00ednea m\u00e1s grande de Brasil en el limbo y sin una salida clara. Azul SA, el operador a\u00e9reo que hizo la primera oferta por los activos de Avianca Brasil en marzo, dijo que no seguir\u00e1 adelante.<\/p>\n<p class=\"p1\" style=\"text-align: justify;\">Azul, que hab\u00eda trabajado en un acuerdo exclusivo para comprar el n\u00facleo de las operaciones de Avianca Brasil agrupadas en una llamada \u201cunidad productiva\u201d por US$105 millones en marzo, fue sorprendido semanas despu\u00e9s cuando Elliott \u2014el mayor acreedor de Avianca Brasil, con alrededor del 70% de los 2.800 millones de reales (US$720 millones) de la deuda total que se est\u00e1 discutiendo en la corte\u2014 elabor\u00f3 un plan de venta de activos alternativos con aerol\u00edneas competidoras.<\/p>\n<p class=\"p1\" style=\"text-align: justify;\">\u00a0<\/p>\n<p class=\"p1\" style=\"text-align: justify;\">La semana pasada, un tribunal que supervisa el proceso de recuperaci\u00f3n judicial de Avianca Brasil rechaz\u00f3 una solicitud de Azul para ordenar a Elliott Associates LP que depositara en una cuenta de garant\u00eda el dinero que hab\u00eda recibido de Gol Linhas A\u00e9reas Inteligentes SA y Latam Airlines Group.<\/p>\n<p class=\"p1\" style=\"text-align: justify;\">\u00a0<\/p>\n<p class=\"p1\" style=\"text-align: justify;\">Azul le pidi\u00f3 al tribunal que creara una sola unidad productiva, al agrupar todos los activos de Avianca Brasil, que luego podr\u00edan venderse a Azul por US$145 millones \u201cde manera expedita\u201d. Azul, que hab\u00eda se\u00f1alado que Gol y Latam pretenden evitar que obtenga la lucrativa ruta de vuelo Sao Paulo-R\u00edo de Janeiro, dijo que el plan de reestructuraci\u00f3n aprobado por los acreedores en abril se vio afectado por los pagos directos que Elliott recibi\u00f3 de Gol y Latam, pasando por alto los derechos de los dem\u00e1s acreedores.<\/p>\n<p class=\"p1\" style=\"text-align: justify;\">\u00a0<\/p>\n<p class=\"p1\" style=\"text-align: justify;\">Azul no apelar\u00e1 la decisi\u00f3n y no planea elevar su oferta por los activos de Avianca Brasil, dijo el director ejecutivo, John Rodgerson, en una entrevista telef\u00f3nica.<\/p>\n<p class=\"p1\" style=\"text-align: justify;\">\u201cCuando los accionistas de Avianca y Elliott se opusieron a nuestra \u00faltima petici\u00f3n, que val\u00eda m\u00e1s que lo que ten\u00edan sobre la mesa, nos dimos cuenta de que esto no es una cuesti\u00f3n de dinero\u201d, dijo Rodgerson. \u201cAhora esperaremos a ver qu\u00e9 decide la agencia antimonopolio de Brasil sobre su investigaci\u00f3n. Confiamos en que el gobierno brasile\u00f1o har\u00e1 lo correcto\u201d.<\/p>\n<p class=\"p1\" style=\"text-align: justify;\">\u00a0<\/p>\n<p class=\"p1\" style=\"text-align: justify;\">Fuente: <span style=\"text-decoration: underline;\"><em><strong>Bloomberg<\/strong><\/em><\/span>.<\/p>\n<p class=\"p1\" style=\"text-align: justify;\">\u00a0<\/p>\n<p class=\"p1\" style=\"text-align: justify;\"><img decoding=\"async\" src=\"images\/stories\/avianca.jpg\" border=\"0\" \/><\/p>\n<p class=\"p1\" style=\"text-align: justify;\">\u00a0<\/p>\n<p> p.p1 {margin: 0.0px 0.0px 0.0px 0.0px; font: 12.0px Helvetica; color: #454545}<\/p>\n","protected":false},"excerpt":{"rendered":"<p>(Aeronoticias).-\u00a0Los negocios en Oceanair Linhas A\u00e9reas Ltda., la aproblemada aerol\u00ednea que opera bajo la marca Avianca Brasil, se han paralizado. La flota de la compa\u00f1\u00eda, ya agotada por los reclamos de los acreedores, fue puesta en tierra por la Agencia Nacional de Aviaci\u00f3n Civil de Brasil, Anac, una orden que Avianca Brasil no ha dado [&hellip;]<\/p>\n","protected":false},"author":1,"featured_media":0,"comment_status":"open","ping_status":"open","sticky":false,"template":"","format":"standard","meta":{"tdm_status":"","tdm_grid_status":"","footnotes":""},"categories":[33],"tags":[],"class_list":{"0":"post-58461","1":"post","2":"type-post","3":"status-publish","4":"format-standard","6":"category-economia"},"yoast_head":"<!-- This site is optimized with the Yoast SEO plugin v25.1 - https:\/\/yoast.com\/wordpress\/plugins\/seo\/ -->\n<title>Azul sale de compentencia por activos de Avianca Brasil<\/title>\n<meta name=\"description\" content=\"Portal de noticias del Per\u00fa sobre el transporte a\u00e9reo, aviaci\u00f3n, turismo, hoteleria, actualidad.\" \/>\n<meta name=\"robots\" content=\"index, follow, max-snippet:-1, max-image-preview:large, max-video-preview:-1\" \/>\n<link rel=\"canonical\" href=\"https:\/\/aeronoticias.com.pe\/noticiero\/economia\/azul-sale-de-compentencia-por-activos-de-avianca-brasil\/\" \/>\n<meta property=\"og:locale\" content=\"es_ES\" \/>\n<meta property=\"og:type\" content=\"article\" \/>\n<meta property=\"og:title\" content=\"Azul sale de compentencia por activos de Avianca Brasil\" \/>\n<meta property=\"og:description\" content=\"Portal de noticias del Per\u00fa sobre el transporte a\u00e9reo, aviaci\u00f3n, turismo, hoteleria, actualidad.\" \/>\n<meta property=\"og:url\" content=\"https:\/\/aeronoticias.com.pe\/noticiero\/economia\/azul-sale-de-compentencia-por-activos-de-avianca-brasil\/\" \/>\n<meta property=\"og:site_name\" content=\"Aeronoticias.com.pe\" \/>\n<meta property=\"article:publisher\" content=\"https:\/\/www.facebook.com\/Aeronoticias.com.pe\/\" \/>\n<meta property=\"article:published_time\" content=\"2019-06-06T11:39:41+00:00\" \/>\n<meta name=\"author\" content=\"Redacci\u00f3n Aeronoticias\" \/>\n<meta name=\"twitter:card\" content=\"summary_large_image\" \/>\n<meta name=\"twitter:creator\" content=\"@aeronoticias\" \/>\n<meta name=\"twitter:site\" content=\"@aeronoticias\" \/>\n<meta name=\"twitter:label1\" content=\"Escrito por\" \/>\n\t<meta name=\"twitter:data1\" content=\"Redacci\u00f3n Aeronoticias\" \/>\n\t<meta name=\"twitter:label2\" content=\"Tiempo de lectura\" \/>\n\t<meta name=\"twitter:data2\" content=\"3 minutos\" \/>\n<script type=\"application\/ld+json\" class=\"yoast-schema-graph\">{\"@context\":\"https:\/\/schema.org\",\"@graph\":[{\"@type\":\"WebPage\",\"@id\":\"https:\/\/aeronoticias.com.pe\/noticiero\/economia\/azul-sale-de-compentencia-por-activos-de-avianca-brasil\/\",\"url\":\"https:\/\/aeronoticias.com.pe\/noticiero\/economia\/azul-sale-de-compentencia-por-activos-de-avianca-brasil\/\",\"name\":\"Azul sale de compentencia por activos de Avianca Brasil\",\"isPartOf\":{\"@id\":\"https:\/\/aeronoticias.com.pe\/noticiero\/#website\"},\"datePublished\":\"2019-06-06T11:39:41+00:00\",\"author\":{\"@id\":\"https:\/\/aeronoticias.com.pe\/noticiero\/#\/schema\/person\/fc1e5d578f4b62ba1cf7ac2bba1170a0\"},\"description\":\"Portal de noticias del Per\u00fa sobre el transporte a\u00e9reo, aviaci\u00f3n, turismo, hoteleria, actualidad.\",\"breadcrumb\":{\"@id\":\"https:\/\/aeronoticias.com.pe\/noticiero\/economia\/azul-sale-de-compentencia-por-activos-de-avianca-brasil\/#breadcrumb\"},\"inLanguage\":\"es\",\"potentialAction\":[{\"@type\":\"ReadAction\",\"target\":[\"https:\/\/aeronoticias.com.pe\/noticiero\/economia\/azul-sale-de-compentencia-por-activos-de-avianca-brasil\/\"]}]},{\"@type\":\"BreadcrumbList\",\"@id\":\"https:\/\/aeronoticias.com.pe\/noticiero\/economia\/azul-sale-de-compentencia-por-activos-de-avianca-brasil\/#breadcrumb\",\"itemListElement\":[{\"@type\":\"ListItem\",\"position\":1,\"name\":\"Portada\",\"item\":\"https:\/\/aeronoticias.com.pe\/noticiero\/\"},{\"@type\":\"ListItem\",\"position\":2,\"name\":\"Azul sale de compentencia por activos de Avianca Brasil\"}]},{\"@type\":\"WebSite\",\"@id\":\"https:\/\/aeronoticias.com.pe\/noticiero\/#website\",\"url\":\"https:\/\/aeronoticias.com.pe\/noticiero\/\",\"name\":\"Aeronoticias.com.pe\",\"description\":\"Noticias de tranporte aereo, turismo, hoteles, gastronomia, actualidad, internacional\",\"potentialAction\":[{\"@type\":\"SearchAction\",\"target\":{\"@type\":\"EntryPoint\",\"urlTemplate\":\"https:\/\/aeronoticias.com.pe\/noticiero\/?s={search_term_string}\"},\"query-input\":{\"@type\":\"PropertyValueSpecification\",\"valueRequired\":true,\"valueName\":\"search_term_string\"}}],\"inLanguage\":\"es\"},{\"@type\":\"Person\",\"@id\":\"https:\/\/aeronoticias.com.pe\/noticiero\/#\/schema\/person\/fc1e5d578f4b62ba1cf7ac2bba1170a0\",\"name\":\"Redacci\u00f3n Aeronoticias\",\"url\":\"https:\/\/aeronoticias.com.pe\/noticiero\/author\/piloto\/\"}]}<\/script>\n<!-- \/ Yoast SEO plugin. -->","yoast_head_json":{"title":"Azul sale de compentencia por activos de Avianca Brasil","description":"Portal de noticias del Per\u00fa sobre el transporte a\u00e9reo, aviaci\u00f3n, turismo, hoteleria, actualidad.","robots":{"index":"index","follow":"follow","max-snippet":"max-snippet:-1","max-image-preview":"max-image-preview:large","max-video-preview":"max-video-preview:-1"},"canonical":"https:\/\/aeronoticias.com.pe\/noticiero\/economia\/azul-sale-de-compentencia-por-activos-de-avianca-brasil\/","og_locale":"es_ES","og_type":"article","og_title":"Azul sale de compentencia por activos de Avianca Brasil","og_description":"Portal de noticias del Per\u00fa sobre el transporte a\u00e9reo, aviaci\u00f3n, turismo, hoteleria, actualidad.","og_url":"https:\/\/aeronoticias.com.pe\/noticiero\/economia\/azul-sale-de-compentencia-por-activos-de-avianca-brasil\/","og_site_name":"Aeronoticias.com.pe","article_publisher":"https:\/\/www.facebook.com\/Aeronoticias.com.pe\/","article_published_time":"2019-06-06T11:39:41+00:00","author":"Redacci\u00f3n Aeronoticias","twitter_card":"summary_large_image","twitter_creator":"@aeronoticias","twitter_site":"@aeronoticias","twitter_misc":{"Escrito por":"Redacci\u00f3n Aeronoticias","Tiempo de lectura":"3 minutos"},"schema":{"@context":"https:\/\/schema.org","@graph":[{"@type":"WebPage","@id":"https:\/\/aeronoticias.com.pe\/noticiero\/economia\/azul-sale-de-compentencia-por-activos-de-avianca-brasil\/","url":"https:\/\/aeronoticias.com.pe\/noticiero\/economia\/azul-sale-de-compentencia-por-activos-de-avianca-brasil\/","name":"Azul sale de compentencia por activos de Avianca Brasil","isPartOf":{"@id":"https:\/\/aeronoticias.com.pe\/noticiero\/#website"},"datePublished":"2019-06-06T11:39:41+00:00","author":{"@id":"https:\/\/aeronoticias.com.pe\/noticiero\/#\/schema\/person\/fc1e5d578f4b62ba1cf7ac2bba1170a0"},"description":"Portal de noticias del Per\u00fa sobre el transporte a\u00e9reo, aviaci\u00f3n, turismo, hoteleria, actualidad.","breadcrumb":{"@id":"https:\/\/aeronoticias.com.pe\/noticiero\/economia\/azul-sale-de-compentencia-por-activos-de-avianca-brasil\/#breadcrumb"},"inLanguage":"es","potentialAction":[{"@type":"ReadAction","target":["https:\/\/aeronoticias.com.pe\/noticiero\/economia\/azul-sale-de-compentencia-por-activos-de-avianca-brasil\/"]}]},{"@type":"BreadcrumbList","@id":"https:\/\/aeronoticias.com.pe\/noticiero\/economia\/azul-sale-de-compentencia-por-activos-de-avianca-brasil\/#breadcrumb","itemListElement":[{"@type":"ListItem","position":1,"name":"Portada","item":"https:\/\/aeronoticias.com.pe\/noticiero\/"},{"@type":"ListItem","position":2,"name":"Azul sale de compentencia por activos de Avianca Brasil"}]},{"@type":"WebSite","@id":"https:\/\/aeronoticias.com.pe\/noticiero\/#website","url":"https:\/\/aeronoticias.com.pe\/noticiero\/","name":"Aeronoticias.com.pe","description":"Noticias de tranporte aereo, turismo, hoteles, gastronomia, actualidad, internacional","potentialAction":[{"@type":"SearchAction","target":{"@type":"EntryPoint","urlTemplate":"https:\/\/aeronoticias.com.pe\/noticiero\/?s={search_term_string}"},"query-input":{"@type":"PropertyValueSpecification","valueRequired":true,"valueName":"search_term_string"}}],"inLanguage":"es"},{"@type":"Person","@id":"https:\/\/aeronoticias.com.pe\/noticiero\/#\/schema\/person\/fc1e5d578f4b62ba1cf7ac2bba1170a0","name":"Redacci\u00f3n Aeronoticias","url":"https:\/\/aeronoticias.com.pe\/noticiero\/author\/piloto\/"}]}},"_links":{"self":[{"href":"https:\/\/aeronoticias.com.pe\/noticiero\/wp-json\/wp\/v2\/posts\/58461","targetHints":{"allow":["GET"]}}],"collection":[{"href":"https:\/\/aeronoticias.com.pe\/noticiero\/wp-json\/wp\/v2\/posts"}],"about":[{"href":"https:\/\/aeronoticias.com.pe\/noticiero\/wp-json\/wp\/v2\/types\/post"}],"author":[{"embeddable":true,"href":"https:\/\/aeronoticias.com.pe\/noticiero\/wp-json\/wp\/v2\/users\/1"}],"replies":[{"embeddable":true,"href":"https:\/\/aeronoticias.com.pe\/noticiero\/wp-json\/wp\/v2\/comments?post=58461"}],"version-history":[{"count":0,"href":"https:\/\/aeronoticias.com.pe\/noticiero\/wp-json\/wp\/v2\/posts\/58461\/revisions"}],"wp:attachment":[{"href":"https:\/\/aeronoticias.com.pe\/noticiero\/wp-json\/wp\/v2\/media?parent=58461"}],"wp:term":[{"taxonomy":"category","embeddable":true,"href":"https:\/\/aeronoticias.com.pe\/noticiero\/wp-json\/wp\/v2\/categories?post=58461"},{"taxonomy":"post_tag","embeddable":true,"href":"https:\/\/aeronoticias.com.pe\/noticiero\/wp-json\/wp\/v2\/tags?post=58461"}],"curies":[{"name":"wp","href":"https:\/\/api.w.org\/{rel}","templated":true}]}}