{"id":58462,"date":"2019-06-06T11:50:26","date_gmt":"2019-06-06T11:50:26","guid":{"rendered":"http:\/\/desarrollo.mcvicious.com\/aero2020\/2019\/06\/06\/aerolinea-ana-es-calificada-con-5-estrellas-skytrax\/"},"modified":"2020-11-25T11:58:41","modified_gmt":"2020-11-25T16:58:41","slug":"aerolinea-ana-es-calificada-con-5-estrellas-skytrax","status":"publish","type":"post","link":"https:\/\/aeronoticias.com.pe\/noticiero\/transporte-aereo\/internacional\/aerolinea-ana-es-calificada-con-5-estrellas-skytrax\/","title":{"rendered":"Aerol\u00ednea ANA es calificada con 5 estrellas Skytrax"},"content":{"rendered":"\n<p>Por s\u00e9ptimo a\u00f1o consecutivo la aerol\u00ednea All Nippon Airways (ANA) recibi\u00f3 una calificaci\u00f3n de 5 estrellas por Skytrax, organizaci\u00f3n de clasificaci\u00f3n de transporte a\u00e9reo internacional, la cual la defini\u00f3 como una de las 10 aerol\u00edneas globales con 5 estrellas.<\/p>\n\n\n\n<p class=\"p1\">Cabe destacar que, Skytrax solo otorga la calificaci\u00f3n de 5 estrellas a las aerol\u00edneas que brindan un servicio de \u201cnivel 5 estrellas\u201d en m\u00e1s de 800 categor\u00edas, desde las instalaciones aeroportuarias hasta los servicios durante el vuelo.<\/p>\n\n\n\n<p class=\"p1\">Este hecho representa una destacada trayectoria de \u00e9xito para la aerol\u00ednea, adem\u00e1s de que es la \u00fanica en Jap\u00f3n en ganar este prestigioso reconocimiento por seis a\u00f1os consecutivos. Adem\u00e1s, ANA ha sido reconocida por Air Transport World como \u201cAerol\u00ednea del a\u00f1o\u201d tres veces en los \u00faltimos diez a\u00f1os (2007, 2013 y 2018) convirti\u00e9ndose en una de las pocas aerol\u00edneas que han ganado este prestigioso premio en m\u00faltiples ocasiones.<\/p>\n\n\n\n<p class=\"p1\">ANA fue fundada en 1952 con dos helic\u00f3pteros y se ha convertido en la aerol\u00ednea m\u00e1s grande de Jap\u00f3n, as\u00ed como en una de las aerol\u00edneas m\u00e1s importantes de Asia, operando 78 rutas internacionales y 118 dom\u00e9sticas.<\/p>\n\n\n\n<p class=\"p1\">Estas son las 10 aerol\u00edneas con cinco estrellas de Skytrax: ANA, Asiana Airlines, Cathay Pacific, EVA Air, Garuda Indonesia, Hainan Airlines, Japan Airlines, Lufthansa, Qatar Airways y Singapore Airlines.<\/p>\n\n\n\n<p class=\"p1\">Fuente: <span style=\"text-decoration: underline;\"><em><strong>A21.<\/strong><\/em><\/span><\/p>\n","protected":false},"excerpt":{"rendered":"<p>Por s\u00e9ptimo a\u00f1o consecutivo la aerol\u00ednea All Nippon Airways (ANA) recibi\u00f3 una calificaci\u00f3n de 5 estrellas por Skytrax, organizaci\u00f3n de clasificaci\u00f3n de transporte a\u00e9reo internacional, la cual la defini\u00f3 como una de las 10 aerol\u00edneas globales con 5 estrellas. Cabe destacar que, Skytrax solo otorga la calificaci\u00f3n de 5 estrellas a las aerol\u00edneas que brindan [&hellip;]<\/p>\n","protected":false},"author":1,"featured_media":66635,"comment_status":"open","ping_status":"open","sticky":false,"template":"","format":"standard","meta":{"tdm_status":"","tdm_grid_status":"","footnotes":""},"categories":[32,11],"tags":[1029,386],"class_list":{"0":"post-58462","1":"post","2":"type-post","3":"status-publish","4":"format-standard","5":"has-post-thumbnail","7":"category-internacional","8":"category-transporte-aereo","9":"tag-aerolinea-ana","10":"tag-skytrax"},"yoast_head":"<!-- This site is optimized with the Yoast SEO plugin v25.1 - https:\/\/yoast.com\/wordpress\/plugins\/seo\/ -->\n<title>Aerol\u00ednea ANA es calificada con 5 estrellas Skytrax<\/title>\n<meta name=\"description\" content=\"Por s\u00e9ptimo a\u00f1o consecutivo la aerol\u00ednea All Nippon Airways (ANA) recibi\u00f3 una calificaci\u00f3n de 5 estrellas por Skytrax, organizaci\u00f3n de clasificaci\u00f3n de transporte a\u00e9reo internacional, la cual la defini\u00f3 como una de las 10 aerol\u00edneas globales con 5 estrellas.\" \/>\n<meta name=\"robots\" content=\"index, follow, max-snippet:-1, max-image-preview:large, max-video-preview:-1\" \/>\n<link rel=\"canonical\" href=\"https:\/\/aeronoticias.com.pe\/noticiero\/transporte-aereo\/internacional\/aerolinea-ana-es-calificada-con-5-estrellas-skytrax\/\" \/>\n<meta property=\"og:locale\" content=\"es_ES\" \/>\n<meta property=\"og:type\" content=\"article\" \/>\n<meta property=\"og:title\" content=\"Aerol\u00ednea ANA es calificada con 5 estrellas Skytrax\" \/>\n<meta property=\"og:description\" content=\"Por s\u00e9ptimo a\u00f1o consecutivo la aerol\u00ednea All Nippon Airways (ANA) recibi\u00f3 una calificaci\u00f3n de 5 estrellas por Skytrax, organizaci\u00f3n de clasificaci\u00f3n de transporte a\u00e9reo internacional, la cual la defini\u00f3 como una de las 10 aerol\u00edneas globales con 5 estrellas.\" \/>\n<meta property=\"og:url\" content=\"https:\/\/aeronoticias.com.pe\/noticiero\/transporte-aereo\/internacional\/aerolinea-ana-es-calificada-con-5-estrellas-skytrax\/\" \/>\n<meta property=\"og:site_name\" content=\"Aeronoticias.com.pe\" \/>\n<meta property=\"article:publisher\" content=\"https:\/\/www.facebook.com\/Aeronoticias.com.pe\/\" \/>\n<meta property=\"article:published_time\" content=\"2019-06-06T11:50:26+00:00\" \/>\n<meta property=\"article:modified_time\" content=\"2020-11-25T16:58:41+00:00\" \/>\n<meta property=\"og:image\" content=\"https:\/\/aeronoticias.com.pe\/noticiero\/wp-content\/uploads\/2019\/06\/Aerol\u00ednea-ANA.jpg\" \/>\n\t<meta property=\"og:image:width\" content=\"850\" \/>\n\t<meta property=\"og:image:height\" content=\"480\" \/>\n\t<meta property=\"og:image:type\" content=\"image\/jpeg\" \/>\n<meta name=\"author\" content=\"Redacci\u00f3n Aeronoticias\" \/>\n<meta name=\"twitter:card\" content=\"summary_large_image\" \/>\n<meta name=\"twitter:creator\" content=\"@aeronoticias\" \/>\n<meta name=\"twitter:site\" content=\"@aeronoticias\" \/>\n<meta name=\"twitter:label1\" content=\"Escrito por\" \/>\n\t<meta name=\"twitter:data1\" content=\"Redacci\u00f3n Aeronoticias\" \/>\n\t<meta name=\"twitter:label2\" content=\"Tiempo de lectura\" \/>\n\t<meta name=\"twitter:data2\" content=\"1 minuto\" \/>\n<script type=\"application\/ld+json\" class=\"yoast-schema-graph\">{\"@context\":\"https:\/\/schema.org\",\"@graph\":[{\"@type\":\"WebPage\",\"@id\":\"https:\/\/aeronoticias.com.pe\/noticiero\/transporte-aereo\/internacional\/aerolinea-ana-es-calificada-con-5-estrellas-skytrax\/\",\"url\":\"https:\/\/aeronoticias.com.pe\/noticiero\/transporte-aereo\/internacional\/aerolinea-ana-es-calificada-con-5-estrellas-skytrax\/\",\"name\":\"Aerol\u00ednea ANA es calificada con 5 estrellas Skytrax\",\"isPartOf\":{\"@id\":\"https:\/\/aeronoticias.com.pe\/noticiero\/#website\"},\"primaryImageOfPage\":{\"@id\":\"https:\/\/aeronoticias.com.pe\/noticiero\/transporte-aereo\/internacional\/aerolinea-ana-es-calificada-con-5-estrellas-skytrax\/#primaryimage\"},\"image\":{\"@id\":\"https:\/\/aeronoticias.com.pe\/noticiero\/transporte-aereo\/internacional\/aerolinea-ana-es-calificada-con-5-estrellas-skytrax\/#primaryimage\"},\"thumbnailUrl\":\"https:\/\/aeronoticias.com.pe\/noticiero\/wp-content\/uploads\/2019\/06\/Aerol\u00ednea-ANA.jpg\",\"datePublished\":\"2019-06-06T11:50:26+00:00\",\"dateModified\":\"2020-11-25T16:58:41+00:00\",\"author\":{\"@id\":\"https:\/\/aeronoticias.com.pe\/noticiero\/#\/schema\/person\/fc1e5d578f4b62ba1cf7ac2bba1170a0\"},\"description\":\"Por s\u00e9ptimo a\u00f1o consecutivo la aerol\u00ednea All Nippon Airways (ANA) recibi\u00f3 una calificaci\u00f3n de 5 estrellas por Skytrax, organizaci\u00f3n de clasificaci\u00f3n de transporte a\u00e9reo internacional, la cual la defini\u00f3 como una de las 10 aerol\u00edneas globales con 5 estrellas.\",\"breadcrumb\":{\"@id\":\"https:\/\/aeronoticias.com.pe\/noticiero\/transporte-aereo\/internacional\/aerolinea-ana-es-calificada-con-5-estrellas-skytrax\/#breadcrumb\"},\"inLanguage\":\"es\",\"potentialAction\":[{\"@type\":\"ReadAction\",\"target\":[\"https:\/\/aeronoticias.com.pe\/noticiero\/transporte-aereo\/internacional\/aerolinea-ana-es-calificada-con-5-estrellas-skytrax\/\"]}]},{\"@type\":\"ImageObject\",\"inLanguage\":\"es\",\"@id\":\"https:\/\/aeronoticias.com.pe\/noticiero\/transporte-aereo\/internacional\/aerolinea-ana-es-calificada-con-5-estrellas-skytrax\/#primaryimage\",\"url\":\"https:\/\/aeronoticias.com.pe\/noticiero\/wp-content\/uploads\/2019\/06\/Aerol\u00ednea-ANA.jpg\",\"contentUrl\":\"https:\/\/aeronoticias.com.pe\/noticiero\/wp-content\/uploads\/2019\/06\/Aerol\u00ednea-ANA.jpg\",\"width\":850,\"height\":480},{\"@type\":\"BreadcrumbList\",\"@id\":\"https:\/\/aeronoticias.com.pe\/noticiero\/transporte-aereo\/internacional\/aerolinea-ana-es-calificada-con-5-estrellas-skytrax\/#breadcrumb\",\"itemListElement\":[{\"@type\":\"ListItem\",\"position\":1,\"name\":\"Portada\",\"item\":\"https:\/\/aeronoticias.com.pe\/noticiero\/\"},{\"@type\":\"ListItem\",\"position\":2,\"name\":\"Aerol\u00ednea ANA es calificada con 5 estrellas Skytrax\"}]},{\"@type\":\"WebSite\",\"@id\":\"https:\/\/aeronoticias.com.pe\/noticiero\/#website\",\"url\":\"https:\/\/aeronoticias.com.pe\/noticiero\/\",\"name\":\"Aeronoticias.com.pe\",\"description\":\"Noticias de tranporte aereo, turismo, hoteles, gastronomia, actualidad, internacional\",\"potentialAction\":[{\"@type\":\"SearchAction\",\"target\":{\"@type\":\"EntryPoint\",\"urlTemplate\":\"https:\/\/aeronoticias.com.pe\/noticiero\/?s={search_term_string}\"},\"query-input\":{\"@type\":\"PropertyValueSpecification\",\"valueRequired\":true,\"valueName\":\"search_term_string\"}}],\"inLanguage\":\"es\"},{\"@type\":\"Person\",\"@id\":\"https:\/\/aeronoticias.com.pe\/noticiero\/#\/schema\/person\/fc1e5d578f4b62ba1cf7ac2bba1170a0\",\"name\":\"Redacci\u00f3n Aeronoticias\",\"url\":\"https:\/\/aeronoticias.com.pe\/noticiero\/author\/piloto\/\"}]}<\/script>\n<!-- \/ Yoast SEO plugin. -->","yoast_head_json":{"title":"Aerol\u00ednea ANA es calificada con 5 estrellas Skytrax","description":"Por s\u00e9ptimo a\u00f1o consecutivo la aerol\u00ednea All Nippon Airways (ANA) recibi\u00f3 una calificaci\u00f3n de 5 estrellas por Skytrax, organizaci\u00f3n de clasificaci\u00f3n de transporte a\u00e9reo internacional, la cual la defini\u00f3 como una de las 10 aerol\u00edneas globales con 5 estrellas.","robots":{"index":"index","follow":"follow","max-snippet":"max-snippet:-1","max-image-preview":"max-image-preview:large","max-video-preview":"max-video-preview:-1"},"canonical":"https:\/\/aeronoticias.com.pe\/noticiero\/transporte-aereo\/internacional\/aerolinea-ana-es-calificada-con-5-estrellas-skytrax\/","og_locale":"es_ES","og_type":"article","og_title":"Aerol\u00ednea ANA es calificada con 5 estrellas Skytrax","og_description":"Por s\u00e9ptimo a\u00f1o consecutivo la aerol\u00ednea All Nippon Airways (ANA) recibi\u00f3 una calificaci\u00f3n de 5 estrellas por Skytrax, organizaci\u00f3n de clasificaci\u00f3n de transporte a\u00e9reo internacional, la cual la defini\u00f3 como una de las 10 aerol\u00edneas globales con 5 estrellas.","og_url":"https:\/\/aeronoticias.com.pe\/noticiero\/transporte-aereo\/internacional\/aerolinea-ana-es-calificada-con-5-estrellas-skytrax\/","og_site_name":"Aeronoticias.com.pe","article_publisher":"https:\/\/www.facebook.com\/Aeronoticias.com.pe\/","article_published_time":"2019-06-06T11:50:26+00:00","article_modified_time":"2020-11-25T16:58:41+00:00","og_image":[{"width":850,"height":480,"url":"https:\/\/aeronoticias.com.pe\/noticiero\/wp-content\/uploads\/2019\/06\/Aerol\u00ednea-ANA.jpg","type":"image\/jpeg"}],"author":"Redacci\u00f3n Aeronoticias","twitter_card":"summary_large_image","twitter_creator":"@aeronoticias","twitter_site":"@aeronoticias","twitter_misc":{"Escrito por":"Redacci\u00f3n Aeronoticias","Tiempo de lectura":"1 minuto"},"schema":{"@context":"https:\/\/schema.org","@graph":[{"@type":"WebPage","@id":"https:\/\/aeronoticias.com.pe\/noticiero\/transporte-aereo\/internacional\/aerolinea-ana-es-calificada-con-5-estrellas-skytrax\/","url":"https:\/\/aeronoticias.com.pe\/noticiero\/transporte-aereo\/internacional\/aerolinea-ana-es-calificada-con-5-estrellas-skytrax\/","name":"Aerol\u00ednea ANA es calificada con 5 estrellas Skytrax","isPartOf":{"@id":"https:\/\/aeronoticias.com.pe\/noticiero\/#website"},"primaryImageOfPage":{"@id":"https:\/\/aeronoticias.com.pe\/noticiero\/transporte-aereo\/internacional\/aerolinea-ana-es-calificada-con-5-estrellas-skytrax\/#primaryimage"},"image":{"@id":"https:\/\/aeronoticias.com.pe\/noticiero\/transporte-aereo\/internacional\/aerolinea-ana-es-calificada-con-5-estrellas-skytrax\/#primaryimage"},"thumbnailUrl":"https:\/\/aeronoticias.com.pe\/noticiero\/wp-content\/uploads\/2019\/06\/Aerol\u00ednea-ANA.jpg","datePublished":"2019-06-06T11:50:26+00:00","dateModified":"2020-11-25T16:58:41+00:00","author":{"@id":"https:\/\/aeronoticias.com.pe\/noticiero\/#\/schema\/person\/fc1e5d578f4b62ba1cf7ac2bba1170a0"},"description":"Por s\u00e9ptimo a\u00f1o consecutivo la aerol\u00ednea All Nippon Airways (ANA) recibi\u00f3 una calificaci\u00f3n de 5 estrellas por Skytrax, organizaci\u00f3n de clasificaci\u00f3n de transporte a\u00e9reo internacional, la cual la defini\u00f3 como una de las 10 aerol\u00edneas globales con 5 estrellas.","breadcrumb":{"@id":"https:\/\/aeronoticias.com.pe\/noticiero\/transporte-aereo\/internacional\/aerolinea-ana-es-calificada-con-5-estrellas-skytrax\/#breadcrumb"},"inLanguage":"es","potentialAction":[{"@type":"ReadAction","target":["https:\/\/aeronoticias.com.pe\/noticiero\/transporte-aereo\/internacional\/aerolinea-ana-es-calificada-con-5-estrellas-skytrax\/"]}]},{"@type":"ImageObject","inLanguage":"es","@id":"https:\/\/aeronoticias.com.pe\/noticiero\/transporte-aereo\/internacional\/aerolinea-ana-es-calificada-con-5-estrellas-skytrax\/#primaryimage","url":"https:\/\/aeronoticias.com.pe\/noticiero\/wp-content\/uploads\/2019\/06\/Aerol\u00ednea-ANA.jpg","contentUrl":"https:\/\/aeronoticias.com.pe\/noticiero\/wp-content\/uploads\/2019\/06\/Aerol\u00ednea-ANA.jpg","width":850,"height":480},{"@type":"BreadcrumbList","@id":"https:\/\/aeronoticias.com.pe\/noticiero\/transporte-aereo\/internacional\/aerolinea-ana-es-calificada-con-5-estrellas-skytrax\/#breadcrumb","itemListElement":[{"@type":"ListItem","position":1,"name":"Portada","item":"https:\/\/aeronoticias.com.pe\/noticiero\/"},{"@type":"ListItem","position":2,"name":"Aerol\u00ednea ANA es calificada con 5 estrellas Skytrax"}]},{"@type":"WebSite","@id":"https:\/\/aeronoticias.com.pe\/noticiero\/#website","url":"https:\/\/aeronoticias.com.pe\/noticiero\/","name":"Aeronoticias.com.pe","description":"Noticias de tranporte aereo, turismo, hoteles, gastronomia, actualidad, internacional","potentialAction":[{"@type":"SearchAction","target":{"@type":"EntryPoint","urlTemplate":"https:\/\/aeronoticias.com.pe\/noticiero\/?s={search_term_string}"},"query-input":{"@type":"PropertyValueSpecification","valueRequired":true,"valueName":"search_term_string"}}],"inLanguage":"es"},{"@type":"Person","@id":"https:\/\/aeronoticias.com.pe\/noticiero\/#\/schema\/person\/fc1e5d578f4b62ba1cf7ac2bba1170a0","name":"Redacci\u00f3n Aeronoticias","url":"https:\/\/aeronoticias.com.pe\/noticiero\/author\/piloto\/"}]}},"_links":{"self":[{"href":"https:\/\/aeronoticias.com.pe\/noticiero\/wp-json\/wp\/v2\/posts\/58462","targetHints":{"allow":["GET"]}}],"collection":[{"href":"https:\/\/aeronoticias.com.pe\/noticiero\/wp-json\/wp\/v2\/posts"}],"about":[{"href":"https:\/\/aeronoticias.com.pe\/noticiero\/wp-json\/wp\/v2\/types\/post"}],"author":[{"embeddable":true,"href":"https:\/\/aeronoticias.com.pe\/noticiero\/wp-json\/wp\/v2\/users\/1"}],"replies":[{"embeddable":true,"href":"https:\/\/aeronoticias.com.pe\/noticiero\/wp-json\/wp\/v2\/comments?post=58462"}],"version-history":[{"count":0,"href":"https:\/\/aeronoticias.com.pe\/noticiero\/wp-json\/wp\/v2\/posts\/58462\/revisions"}],"wp:featuredmedia":[{"embeddable":true,"href":"https:\/\/aeronoticias.com.pe\/noticiero\/wp-json\/wp\/v2\/media\/66635"}],"wp:attachment":[{"href":"https:\/\/aeronoticias.com.pe\/noticiero\/wp-json\/wp\/v2\/media?parent=58462"}],"wp:term":[{"taxonomy":"category","embeddable":true,"href":"https:\/\/aeronoticias.com.pe\/noticiero\/wp-json\/wp\/v2\/categories?post=58462"},{"taxonomy":"post_tag","embeddable":true,"href":"https:\/\/aeronoticias.com.pe\/noticiero\/wp-json\/wp\/v2\/tags?post=58462"}],"curies":[{"name":"wp","href":"https:\/\/api.w.org\/{rel}","templated":true}]}}