{"id":58463,"date":"2019-06-06T11:56:28","date_gmt":"2019-06-06T11:56:28","guid":{"rendered":"http:\/\/desarrollo.mcvicious.com\/aero2020\/2019\/06\/06\/ryanair-primera-aerolinea-en-europa-que-comunicara-sus-emisiones-mensuales-de-co2\/"},"modified":"2019-06-06T11:56:28","modified_gmt":"2019-06-06T11:56:28","slug":"ryanair-primera-aerolinea-en-europa-que-comunicara-sus-emisiones-mensuales-de-co2","status":"publish","type":"post","link":"https:\/\/aeronoticias.com.pe\/noticiero\/salud\/ryanair-primera-aerolinea-en-europa-que-comunicara-sus-emisiones-mensuales-de-co2\/","title":{"rendered":"Ryanair, primera aerol\u00ednea en europa que comunicar\u00e1 sus emisiones mensuales de CO2"},"content":{"rendered":"<p style=\"text-align: justify;\"><strong>(Aeronoticias)<\/strong>.-\u00a0<span style=\"color: #454545; font-family: Helvetica; font-size: 12px;\">Ryanair<\/span><span style=\"color: #454545; font-family: Helvetica; font-size: 12px;\"> ser\u00e1 la primera aerol\u00ednea en Europa en hacer p\u00fablicas mensuamente sus emisiones de CO2, seg\u00fan inform\u00f3 hoy la compa\u00f1\u00eda en un comunicado.<\/span><\/p>\n<p class=\"p1\" style=\"text-align: justify;\">A lo largo del mes de mayo, la compa\u00f1\u00eda ha operado con una media de 66 gramos de CO2 por pasajero y kil\u00f3metro.<\/p>\n<p class=\"p1\" style=\"text-align: justify;\">Ryanair tiene el \u00edndice de ocupaci\u00f3n m\u00e1s alto (96%) y una de las flotas m\u00e1s j\u00f3venes del sector (con una media de seis a\u00f1os), que le permite operar con la media m\u00e1s baja de CO2 por pasajero y kil\u00f3metro en la industria de aerol\u00edneas en Europa. En la actualidad cuenta con un nivel de 67 gramos anuales de CO2 por pasajero y kil\u00f3metro, significativamente m\u00e1s bajo que el de sus competidores europeos.<\/p>\n<p class=\"p1\" style=\"text-align: justify;\">\u00a0<\/p>\n<p class=\"p1\" style=\"text-align: justify;\">Adem\u00e1s, la compa\u00f1\u00eda se ha comprometido a reducir sus emisiones hasta llegar a un nivel inferior a los 60 gramos por pasajero y kil\u00f3metro para 2030, tal y como apunta en su pol\u00edtica medioambiental. La aerol\u00ednea ha reducido sus emisiones de CO2 por pasajero y kil\u00f3metro de 82 a 67 gramos (un 18% menos) a lo largo de la \u00faltima d\u00e9cada.<\/p>\n<p class=\"p1\" style=\"text-align: justify;\">\u00a0<\/p>\n<p class=\"p1\" style=\"text-align: justify;\">Seg\u00fan inform\u00f3 la compa\u00f1\u00eda, el compromiso medioambiental de Ryanair incluye una inversi\u00f3n de m\u00e1s de 20 millones de d\u00f3lares en una flota de 210 nuevos aviones Boeing 737 \u2018Gamechanger\u2019, que se entregar\u00e1n entre 2019 y 2024. Este modelo permitir\u00e1 transportar un 4% m\u00e1s de pasajeros, as\u00ed como reducir un 16% el gasto de combustible y generar un 40% menos de emisiones ac\u00fasticas.<\/p>\n<p class=\"p1\" style=\"text-align: justify;\">\u00a0<\/p>\n<p class=\"p1\" style=\"text-align: justify;\">Kenny Jacobs, directivo de Ryanair, ha comentado que son \u201cla aerol\u00ednea m\u00e1s verde y limpia de Europa. Operamos con la flota m\u00e1s joven y los \u00edndices de ocupaci\u00f3n m\u00e1s altos de la industria, alcanzando los 67 g anuales, la mitad en comparaci\u00f3n con los niveles de emisi\u00f3n de otras grandes aerol\u00edneas del sector europeo. A lo largo de la \u00faltima d\u00e9cada, la media de emisiones de CO2 por pasajero y kil\u00f3metro de Ryanair se ha reducido en un 18%, de 82 a 67 gramos, mientras competidores como Lufthansa, British Airways o Air France-KLM generan alrededor de 120 g por pasajero y kil\u00f3metro\u201d.<\/p>\n<p class=\"p1\" style=\"text-align: justify;\">\u00a0<\/p>\n<p class=\"p1\" style=\"text-align: justify;\">Fuente: <span style=\"text-decoration: underline;\"><em><strong>Aviaci\u00f3n al d\u00eda.<\/strong><\/em><\/span><\/p>\n<p class=\"p1\" style=\"text-align: justify;\">\u00a0<\/p>\n<p class=\"p1\" style=\"text-align: justify;\"><span style=\"text-decoration: underline;\"><em><strong><img decoding=\"async\" src=\"images\/stories\/ryanair02.jpg\" border=\"0\" \/><br \/><\/strong><\/em><\/span><\/p>\n<p> p.p1 {margin: 0.0px 0.0px 0.0px 0.0px; font: 12.0px Helvetica; color: #454545}<\/p>\n","protected":false},"excerpt":{"rendered":"<p>(Aeronoticias).-\u00a0Ryanair ser\u00e1 la primera aerol\u00ednea en Europa en hacer p\u00fablicas mensuamente sus emisiones de CO2, seg\u00fan inform\u00f3 hoy la compa\u00f1\u00eda en un comunicado. A lo largo del mes de mayo, la compa\u00f1\u00eda ha operado con una media de 66 gramos de CO2 por pasajero y kil\u00f3metro. Ryanair tiene el \u00edndice de ocupaci\u00f3n m\u00e1s alto (96%) [&hellip;]<\/p>\n","protected":false},"author":1,"featured_media":0,"comment_status":"open","ping_status":"open","sticky":false,"template":"","format":"standard","meta":{"tdm_status":"","tdm_grid_status":"","footnotes":""},"categories":[37],"tags":[],"class_list":{"0":"post-58463","1":"post","2":"type-post","3":"status-publish","4":"format-standard","6":"category-salud"},"yoast_head":"<!-- This site is optimized with the Yoast SEO plugin v25.1 - https:\/\/yoast.com\/wordpress\/plugins\/seo\/ -->\n<title>Ryanair, primera aerol\u00ednea en europa que comunicar\u00e1 sus emisiones mensuales de CO2<\/title>\n<meta name=\"description\" content=\"Portal de noticias del Per\u00fa sobre el transporte a\u00e9reo, aviaci\u00f3n, turismo, hoteleria, actualidad.\" \/>\n<meta name=\"robots\" content=\"index, follow, max-snippet:-1, max-image-preview:large, max-video-preview:-1\" \/>\n<link rel=\"canonical\" href=\"https:\/\/aeronoticias.com.pe\/noticiero\/salud\/ryanair-primera-aerolinea-en-europa-que-comunicara-sus-emisiones-mensuales-de-co2\/\" \/>\n<meta property=\"og:locale\" content=\"es_ES\" \/>\n<meta property=\"og:type\" content=\"article\" \/>\n<meta property=\"og:title\" content=\"Ryanair, primera aerol\u00ednea en europa que comunicar\u00e1 sus emisiones mensuales de CO2\" \/>\n<meta property=\"og:description\" content=\"Portal de noticias del Per\u00fa sobre el transporte a\u00e9reo, aviaci\u00f3n, turismo, hoteleria, actualidad.\" \/>\n<meta property=\"og:url\" content=\"https:\/\/aeronoticias.com.pe\/noticiero\/salud\/ryanair-primera-aerolinea-en-europa-que-comunicara-sus-emisiones-mensuales-de-co2\/\" \/>\n<meta property=\"og:site_name\" content=\"Aeronoticias.com.pe\" \/>\n<meta property=\"article:publisher\" content=\"https:\/\/www.facebook.com\/Aeronoticias.com.pe\/\" \/>\n<meta property=\"article:published_time\" content=\"2019-06-06T11:56:28+00:00\" \/>\n<meta name=\"author\" content=\"Redacci\u00f3n Aeronoticias\" \/>\n<meta name=\"twitter:card\" content=\"summary_large_image\" \/>\n<meta name=\"twitter:creator\" content=\"@aeronoticias\" \/>\n<meta name=\"twitter:site\" content=\"@aeronoticias\" \/>\n<meta name=\"twitter:label1\" content=\"Escrito por\" \/>\n\t<meta name=\"twitter:data1\" content=\"Redacci\u00f3n Aeronoticias\" \/>\n\t<meta name=\"twitter:label2\" content=\"Tiempo de lectura\" \/>\n\t<meta name=\"twitter:data2\" content=\"2 minutos\" \/>\n<script type=\"application\/ld+json\" class=\"yoast-schema-graph\">{\"@context\":\"https:\/\/schema.org\",\"@graph\":[{\"@type\":\"WebPage\",\"@id\":\"https:\/\/aeronoticias.com.pe\/noticiero\/salud\/ryanair-primera-aerolinea-en-europa-que-comunicara-sus-emisiones-mensuales-de-co2\/\",\"url\":\"https:\/\/aeronoticias.com.pe\/noticiero\/salud\/ryanair-primera-aerolinea-en-europa-que-comunicara-sus-emisiones-mensuales-de-co2\/\",\"name\":\"Ryanair, primera aerol\u00ednea en europa que comunicar\u00e1 sus emisiones mensuales de CO2\",\"isPartOf\":{\"@id\":\"https:\/\/aeronoticias.com.pe\/noticiero\/#website\"},\"datePublished\":\"2019-06-06T11:56:28+00:00\",\"author\":{\"@id\":\"https:\/\/aeronoticias.com.pe\/noticiero\/#\/schema\/person\/fc1e5d578f4b62ba1cf7ac2bba1170a0\"},\"description\":\"Portal de noticias del Per\u00fa sobre el transporte a\u00e9reo, aviaci\u00f3n, turismo, hoteleria, actualidad.\",\"breadcrumb\":{\"@id\":\"https:\/\/aeronoticias.com.pe\/noticiero\/salud\/ryanair-primera-aerolinea-en-europa-que-comunicara-sus-emisiones-mensuales-de-co2\/#breadcrumb\"},\"inLanguage\":\"es\",\"potentialAction\":[{\"@type\":\"ReadAction\",\"target\":[\"https:\/\/aeronoticias.com.pe\/noticiero\/salud\/ryanair-primera-aerolinea-en-europa-que-comunicara-sus-emisiones-mensuales-de-co2\/\"]}]},{\"@type\":\"BreadcrumbList\",\"@id\":\"https:\/\/aeronoticias.com.pe\/noticiero\/salud\/ryanair-primera-aerolinea-en-europa-que-comunicara-sus-emisiones-mensuales-de-co2\/#breadcrumb\",\"itemListElement\":[{\"@type\":\"ListItem\",\"position\":1,\"name\":\"Portada\",\"item\":\"https:\/\/aeronoticias.com.pe\/noticiero\/\"},{\"@type\":\"ListItem\",\"position\":2,\"name\":\"Ryanair, primera aerol\u00ednea en europa que comunicar\u00e1 sus emisiones mensuales de CO2\"}]},{\"@type\":\"WebSite\",\"@id\":\"https:\/\/aeronoticias.com.pe\/noticiero\/#website\",\"url\":\"https:\/\/aeronoticias.com.pe\/noticiero\/\",\"name\":\"Aeronoticias.com.pe\",\"description\":\"Noticias de tranporte aereo, turismo, hoteles, gastronomia, actualidad, internacional\",\"potentialAction\":[{\"@type\":\"SearchAction\",\"target\":{\"@type\":\"EntryPoint\",\"urlTemplate\":\"https:\/\/aeronoticias.com.pe\/noticiero\/?s={search_term_string}\"},\"query-input\":{\"@type\":\"PropertyValueSpecification\",\"valueRequired\":true,\"valueName\":\"search_term_string\"}}],\"inLanguage\":\"es\"},{\"@type\":\"Person\",\"@id\":\"https:\/\/aeronoticias.com.pe\/noticiero\/#\/schema\/person\/fc1e5d578f4b62ba1cf7ac2bba1170a0\",\"name\":\"Redacci\u00f3n Aeronoticias\",\"url\":\"https:\/\/aeronoticias.com.pe\/noticiero\/author\/piloto\/\"}]}<\/script>\n<!-- \/ Yoast SEO plugin. -->","yoast_head_json":{"title":"Ryanair, primera aerol\u00ednea en europa que comunicar\u00e1 sus emisiones mensuales de CO2","description":"Portal de noticias del Per\u00fa sobre el transporte a\u00e9reo, aviaci\u00f3n, turismo, hoteleria, actualidad.","robots":{"index":"index","follow":"follow","max-snippet":"max-snippet:-1","max-image-preview":"max-image-preview:large","max-video-preview":"max-video-preview:-1"},"canonical":"https:\/\/aeronoticias.com.pe\/noticiero\/salud\/ryanair-primera-aerolinea-en-europa-que-comunicara-sus-emisiones-mensuales-de-co2\/","og_locale":"es_ES","og_type":"article","og_title":"Ryanair, primera aerol\u00ednea en europa que comunicar\u00e1 sus emisiones mensuales de CO2","og_description":"Portal de noticias del Per\u00fa sobre el transporte a\u00e9reo, aviaci\u00f3n, turismo, hoteleria, actualidad.","og_url":"https:\/\/aeronoticias.com.pe\/noticiero\/salud\/ryanair-primera-aerolinea-en-europa-que-comunicara-sus-emisiones-mensuales-de-co2\/","og_site_name":"Aeronoticias.com.pe","article_publisher":"https:\/\/www.facebook.com\/Aeronoticias.com.pe\/","article_published_time":"2019-06-06T11:56:28+00:00","author":"Redacci\u00f3n Aeronoticias","twitter_card":"summary_large_image","twitter_creator":"@aeronoticias","twitter_site":"@aeronoticias","twitter_misc":{"Escrito por":"Redacci\u00f3n Aeronoticias","Tiempo de lectura":"2 minutos"},"schema":{"@context":"https:\/\/schema.org","@graph":[{"@type":"WebPage","@id":"https:\/\/aeronoticias.com.pe\/noticiero\/salud\/ryanair-primera-aerolinea-en-europa-que-comunicara-sus-emisiones-mensuales-de-co2\/","url":"https:\/\/aeronoticias.com.pe\/noticiero\/salud\/ryanair-primera-aerolinea-en-europa-que-comunicara-sus-emisiones-mensuales-de-co2\/","name":"Ryanair, primera aerol\u00ednea en europa que comunicar\u00e1 sus emisiones mensuales de CO2","isPartOf":{"@id":"https:\/\/aeronoticias.com.pe\/noticiero\/#website"},"datePublished":"2019-06-06T11:56:28+00:00","author":{"@id":"https:\/\/aeronoticias.com.pe\/noticiero\/#\/schema\/person\/fc1e5d578f4b62ba1cf7ac2bba1170a0"},"description":"Portal de noticias del Per\u00fa sobre el transporte a\u00e9reo, aviaci\u00f3n, turismo, hoteleria, actualidad.","breadcrumb":{"@id":"https:\/\/aeronoticias.com.pe\/noticiero\/salud\/ryanair-primera-aerolinea-en-europa-que-comunicara-sus-emisiones-mensuales-de-co2\/#breadcrumb"},"inLanguage":"es","potentialAction":[{"@type":"ReadAction","target":["https:\/\/aeronoticias.com.pe\/noticiero\/salud\/ryanair-primera-aerolinea-en-europa-que-comunicara-sus-emisiones-mensuales-de-co2\/"]}]},{"@type":"BreadcrumbList","@id":"https:\/\/aeronoticias.com.pe\/noticiero\/salud\/ryanair-primera-aerolinea-en-europa-que-comunicara-sus-emisiones-mensuales-de-co2\/#breadcrumb","itemListElement":[{"@type":"ListItem","position":1,"name":"Portada","item":"https:\/\/aeronoticias.com.pe\/noticiero\/"},{"@type":"ListItem","position":2,"name":"Ryanair, primera aerol\u00ednea en europa que comunicar\u00e1 sus emisiones mensuales de CO2"}]},{"@type":"WebSite","@id":"https:\/\/aeronoticias.com.pe\/noticiero\/#website","url":"https:\/\/aeronoticias.com.pe\/noticiero\/","name":"Aeronoticias.com.pe","description":"Noticias de tranporte aereo, turismo, hoteles, gastronomia, actualidad, internacional","potentialAction":[{"@type":"SearchAction","target":{"@type":"EntryPoint","urlTemplate":"https:\/\/aeronoticias.com.pe\/noticiero\/?s={search_term_string}"},"query-input":{"@type":"PropertyValueSpecification","valueRequired":true,"valueName":"search_term_string"}}],"inLanguage":"es"},{"@type":"Person","@id":"https:\/\/aeronoticias.com.pe\/noticiero\/#\/schema\/person\/fc1e5d578f4b62ba1cf7ac2bba1170a0","name":"Redacci\u00f3n Aeronoticias","url":"https:\/\/aeronoticias.com.pe\/noticiero\/author\/piloto\/"}]}},"_links":{"self":[{"href":"https:\/\/aeronoticias.com.pe\/noticiero\/wp-json\/wp\/v2\/posts\/58463","targetHints":{"allow":["GET"]}}],"collection":[{"href":"https:\/\/aeronoticias.com.pe\/noticiero\/wp-json\/wp\/v2\/posts"}],"about":[{"href":"https:\/\/aeronoticias.com.pe\/noticiero\/wp-json\/wp\/v2\/types\/post"}],"author":[{"embeddable":true,"href":"https:\/\/aeronoticias.com.pe\/noticiero\/wp-json\/wp\/v2\/users\/1"}],"replies":[{"embeddable":true,"href":"https:\/\/aeronoticias.com.pe\/noticiero\/wp-json\/wp\/v2\/comments?post=58463"}],"version-history":[{"count":0,"href":"https:\/\/aeronoticias.com.pe\/noticiero\/wp-json\/wp\/v2\/posts\/58463\/revisions"}],"wp:attachment":[{"href":"https:\/\/aeronoticias.com.pe\/noticiero\/wp-json\/wp\/v2\/media?parent=58463"}],"wp:term":[{"taxonomy":"category","embeddable":true,"href":"https:\/\/aeronoticias.com.pe\/noticiero\/wp-json\/wp\/v2\/categories?post=58463"},{"taxonomy":"post_tag","embeddable":true,"href":"https:\/\/aeronoticias.com.pe\/noticiero\/wp-json\/wp\/v2\/tags?post=58463"}],"curies":[{"name":"wp","href":"https:\/\/api.w.org\/{rel}","templated":true}]}}