{"id":58464,"date":"2019-06-06T12:01:15","date_gmt":"2019-06-06T12:01:15","guid":{"rendered":"http:\/\/desarrollo.mcvicious.com\/aero2020\/2019\/06\/06\/colombia-aeropostal-anuncia-vuelos-entre-caracas-y-cucuta\/"},"modified":"2020-11-25T11:57:12","modified_gmt":"2020-11-25T16:57:12","slug":"colombia-aeropostal-anuncia-vuelos-entre-caracas-y-cucuta","status":"publish","type":"post","link":"https:\/\/aeronoticias.com.pe\/noticiero\/transporte-aereo\/internacional\/colombia-aeropostal-anuncia-vuelos-entre-caracas-y-cucuta\/","title":{"rendered":"Colombia: Aeropostal anuncia vuelos entre Caracas y C\u00facuta"},"content":{"rendered":"\n<p>La aerol\u00ednea Aeropostal Alas Venezuela anunci\u00f3 que operar\u00e1 cinco vuelos entre Caracas y C\u00facuta (Colombia) del 5 al 13 de junio del presente a\u00f1o.<\/p>\n\n\n\n<p class=\"p1\">Los d\u00edas 5, 9 y 13 de junio, los vuelos saldr\u00e1n del aeropuerto de Maiquet\u00eda a las 15:00, retornando de C\u00facuta a las 16:10.<\/p>\n\n\n\n<p class=\"p1\">Mientras que los d\u00edas 7 y 11 de junio, los vuelos despegaran del aeropuerto que sirve a la capital venezolana a las 09:00, retornando de C\u00facuta a las 10:10.<\/p>\n\n\n\n<p class=\"p1\">La aerol\u00ednea lanz\u00f3 para esta ruta una promoci\u00f3n de 2\u00d71 en $250 m\u00e1s impuestos (ida y vuelta).<\/p>\n\n\n\n<p class=\"p1\">Aeropostal inform\u00f3 que dependiendo de c\u00f3mo se d\u00e9 la ocupaci\u00f3n de los vuelos, analizar\u00e1n la posibilidad de solicitar la apertura de una ruta comercial o reabrir la oferta de vuelos ch\u00e1rteres en otras fechas del a\u00f1o.<\/p>\n\n\n\n<p class=\"p1\">Fuente: <span style=\"text-decoration: underline;\"><em><strong>Aviaci\u00f3n al d\u00eda<\/strong><\/em><\/span>.<\/p>\n","protected":false},"excerpt":{"rendered":"<p>La aerol\u00ednea Aeropostal Alas Venezuela anunci\u00f3 que operar\u00e1 cinco vuelos entre Caracas y C\u00facuta (Colombia) del 5 al 13 de junio del presente a\u00f1o. Los d\u00edas 5, 9 y 13 de junio, los vuelos saldr\u00e1n del aeropuerto de Maiquet\u00eda a las 15:00, retornando de C\u00facuta a las 16:10. Mientras que los d\u00edas 7 y 11 [&hellip;]<\/p>\n","protected":false},"author":1,"featured_media":66634,"comment_status":"open","ping_status":"open","sticky":false,"template":"","format":"standard","meta":{"tdm_status":"","tdm_grid_status":"","footnotes":""},"categories":[32,11],"tags":[1028,140],"class_list":{"0":"post-58464","1":"post","2":"type-post","3":"status-publish","4":"format-standard","5":"has-post-thumbnail","7":"category-internacional","8":"category-transporte-aereo","9":"tag-aeropostal","10":"tag-colombia"},"yoast_head":"<!-- This site is optimized with the Yoast SEO plugin v25.1 - https:\/\/yoast.com\/wordpress\/plugins\/seo\/ -->\n<title>Colombia: Aeropostal anuncia vuelos entre Caracas y C\u00facuta<\/title>\n<meta name=\"description\" content=\"La aerol\u00ednea Aeropostal Alas Venezuela anunci\u00f3 que operar\u00e1 cinco vuelos entre Caracas y C\u00facuta (Colombia) del 5 al 13 de junio del presente a\u00f1o.\" \/>\n<meta name=\"robots\" content=\"index, follow, max-snippet:-1, max-image-preview:large, max-video-preview:-1\" \/>\n<link rel=\"canonical\" href=\"https:\/\/aeronoticias.com.pe\/noticiero\/transporte-aereo\/internacional\/colombia-aeropostal-anuncia-vuelos-entre-caracas-y-cucuta\/\" \/>\n<meta property=\"og:locale\" content=\"es_ES\" \/>\n<meta property=\"og:type\" content=\"article\" \/>\n<meta property=\"og:title\" content=\"Colombia: Aeropostal anuncia vuelos entre Caracas y C\u00facuta\" \/>\n<meta property=\"og:description\" content=\"La aerol\u00ednea Aeropostal Alas Venezuela anunci\u00f3 que operar\u00e1 cinco vuelos entre Caracas y C\u00facuta (Colombia) del 5 al 13 de junio del presente a\u00f1o.\" \/>\n<meta property=\"og:url\" content=\"https:\/\/aeronoticias.com.pe\/noticiero\/transporte-aereo\/internacional\/colombia-aeropostal-anuncia-vuelos-entre-caracas-y-cucuta\/\" \/>\n<meta property=\"og:site_name\" content=\"Aeronoticias.com.pe\" \/>\n<meta property=\"article:publisher\" content=\"https:\/\/www.facebook.com\/Aeronoticias.com.pe\/\" \/>\n<meta property=\"article:published_time\" content=\"2019-06-06T12:01:15+00:00\" \/>\n<meta property=\"article:modified_time\" content=\"2020-11-25T16:57:12+00:00\" \/>\n<meta property=\"og:image\" content=\"https:\/\/aeronoticias.com.pe\/noticiero\/wp-content\/uploads\/2019\/06\/aeropostal.jpg\" \/>\n\t<meta property=\"og:image:width\" content=\"800\" \/>\n\t<meta property=\"og:image:height\" content=\"502\" \/>\n\t<meta property=\"og:image:type\" content=\"image\/jpeg\" \/>\n<meta name=\"author\" content=\"Redacci\u00f3n Aeronoticias\" \/>\n<meta name=\"twitter:card\" content=\"summary_large_image\" \/>\n<meta name=\"twitter:creator\" content=\"@aeronoticias\" \/>\n<meta name=\"twitter:site\" content=\"@aeronoticias\" \/>\n<meta name=\"twitter:label1\" content=\"Escrito por\" \/>\n\t<meta name=\"twitter:data1\" content=\"Redacci\u00f3n Aeronoticias\" \/>\n\t<meta name=\"twitter:label2\" content=\"Tiempo de lectura\" \/>\n\t<meta name=\"twitter:data2\" content=\"1 minuto\" \/>\n<script type=\"application\/ld+json\" class=\"yoast-schema-graph\">{\"@context\":\"https:\/\/schema.org\",\"@graph\":[{\"@type\":\"WebPage\",\"@id\":\"https:\/\/aeronoticias.com.pe\/noticiero\/transporte-aereo\/internacional\/colombia-aeropostal-anuncia-vuelos-entre-caracas-y-cucuta\/\",\"url\":\"https:\/\/aeronoticias.com.pe\/noticiero\/transporte-aereo\/internacional\/colombia-aeropostal-anuncia-vuelos-entre-caracas-y-cucuta\/\",\"name\":\"Colombia: Aeropostal anuncia vuelos entre Caracas y C\u00facuta\",\"isPartOf\":{\"@id\":\"https:\/\/aeronoticias.com.pe\/noticiero\/#website\"},\"primaryImageOfPage\":{\"@id\":\"https:\/\/aeronoticias.com.pe\/noticiero\/transporte-aereo\/internacional\/colombia-aeropostal-anuncia-vuelos-entre-caracas-y-cucuta\/#primaryimage\"},\"image\":{\"@id\":\"https:\/\/aeronoticias.com.pe\/noticiero\/transporte-aereo\/internacional\/colombia-aeropostal-anuncia-vuelos-entre-caracas-y-cucuta\/#primaryimage\"},\"thumbnailUrl\":\"https:\/\/aeronoticias.com.pe\/noticiero\/wp-content\/uploads\/2019\/06\/aeropostal.jpg\",\"datePublished\":\"2019-06-06T12:01:15+00:00\",\"dateModified\":\"2020-11-25T16:57:12+00:00\",\"author\":{\"@id\":\"https:\/\/aeronoticias.com.pe\/noticiero\/#\/schema\/person\/fc1e5d578f4b62ba1cf7ac2bba1170a0\"},\"description\":\"La aerol\u00ednea Aeropostal Alas Venezuela anunci\u00f3 que operar\u00e1 cinco vuelos entre Caracas y C\u00facuta (Colombia) del 5 al 13 de junio del presente a\u00f1o.\",\"breadcrumb\":{\"@id\":\"https:\/\/aeronoticias.com.pe\/noticiero\/transporte-aereo\/internacional\/colombia-aeropostal-anuncia-vuelos-entre-caracas-y-cucuta\/#breadcrumb\"},\"inLanguage\":\"es\",\"potentialAction\":[{\"@type\":\"ReadAction\",\"target\":[\"https:\/\/aeronoticias.com.pe\/noticiero\/transporte-aereo\/internacional\/colombia-aeropostal-anuncia-vuelos-entre-caracas-y-cucuta\/\"]}]},{\"@type\":\"ImageObject\",\"inLanguage\":\"es\",\"@id\":\"https:\/\/aeronoticias.com.pe\/noticiero\/transporte-aereo\/internacional\/colombia-aeropostal-anuncia-vuelos-entre-caracas-y-cucuta\/#primaryimage\",\"url\":\"https:\/\/aeronoticias.com.pe\/noticiero\/wp-content\/uploads\/2019\/06\/aeropostal.jpg\",\"contentUrl\":\"https:\/\/aeronoticias.com.pe\/noticiero\/wp-content\/uploads\/2019\/06\/aeropostal.jpg\",\"width\":800,\"height\":502},{\"@type\":\"BreadcrumbList\",\"@id\":\"https:\/\/aeronoticias.com.pe\/noticiero\/transporte-aereo\/internacional\/colombia-aeropostal-anuncia-vuelos-entre-caracas-y-cucuta\/#breadcrumb\",\"itemListElement\":[{\"@type\":\"ListItem\",\"position\":1,\"name\":\"Portada\",\"item\":\"https:\/\/aeronoticias.com.pe\/noticiero\/\"},{\"@type\":\"ListItem\",\"position\":2,\"name\":\"Colombia: Aeropostal anuncia vuelos entre Caracas y C\u00facuta\"}]},{\"@type\":\"WebSite\",\"@id\":\"https:\/\/aeronoticias.com.pe\/noticiero\/#website\",\"url\":\"https:\/\/aeronoticias.com.pe\/noticiero\/\",\"name\":\"Aeronoticias.com.pe\",\"description\":\"Noticias de tranporte aereo, turismo, hoteles, gastronomia, actualidad, internacional\",\"potentialAction\":[{\"@type\":\"SearchAction\",\"target\":{\"@type\":\"EntryPoint\",\"urlTemplate\":\"https:\/\/aeronoticias.com.pe\/noticiero\/?s={search_term_string}\"},\"query-input\":{\"@type\":\"PropertyValueSpecification\",\"valueRequired\":true,\"valueName\":\"search_term_string\"}}],\"inLanguage\":\"es\"},{\"@type\":\"Person\",\"@id\":\"https:\/\/aeronoticias.com.pe\/noticiero\/#\/schema\/person\/fc1e5d578f4b62ba1cf7ac2bba1170a0\",\"name\":\"Redacci\u00f3n Aeronoticias\",\"url\":\"https:\/\/aeronoticias.com.pe\/noticiero\/author\/piloto\/\"}]}<\/script>\n<!-- \/ Yoast SEO plugin. -->","yoast_head_json":{"title":"Colombia: Aeropostal anuncia vuelos entre Caracas y C\u00facuta","description":"La aerol\u00ednea Aeropostal Alas Venezuela anunci\u00f3 que operar\u00e1 cinco vuelos entre Caracas y C\u00facuta (Colombia) del 5 al 13 de junio del presente a\u00f1o.","robots":{"index":"index","follow":"follow","max-snippet":"max-snippet:-1","max-image-preview":"max-image-preview:large","max-video-preview":"max-video-preview:-1"},"canonical":"https:\/\/aeronoticias.com.pe\/noticiero\/transporte-aereo\/internacional\/colombia-aeropostal-anuncia-vuelos-entre-caracas-y-cucuta\/","og_locale":"es_ES","og_type":"article","og_title":"Colombia: Aeropostal anuncia vuelos entre Caracas y C\u00facuta","og_description":"La aerol\u00ednea Aeropostal Alas Venezuela anunci\u00f3 que operar\u00e1 cinco vuelos entre Caracas y C\u00facuta (Colombia) del 5 al 13 de junio del presente a\u00f1o.","og_url":"https:\/\/aeronoticias.com.pe\/noticiero\/transporte-aereo\/internacional\/colombia-aeropostal-anuncia-vuelos-entre-caracas-y-cucuta\/","og_site_name":"Aeronoticias.com.pe","article_publisher":"https:\/\/www.facebook.com\/Aeronoticias.com.pe\/","article_published_time":"2019-06-06T12:01:15+00:00","article_modified_time":"2020-11-25T16:57:12+00:00","og_image":[{"width":800,"height":502,"url":"https:\/\/aeronoticias.com.pe\/noticiero\/wp-content\/uploads\/2019\/06\/aeropostal.jpg","type":"image\/jpeg"}],"author":"Redacci\u00f3n Aeronoticias","twitter_card":"summary_large_image","twitter_creator":"@aeronoticias","twitter_site":"@aeronoticias","twitter_misc":{"Escrito por":"Redacci\u00f3n Aeronoticias","Tiempo de lectura":"1 minuto"},"schema":{"@context":"https:\/\/schema.org","@graph":[{"@type":"WebPage","@id":"https:\/\/aeronoticias.com.pe\/noticiero\/transporte-aereo\/internacional\/colombia-aeropostal-anuncia-vuelos-entre-caracas-y-cucuta\/","url":"https:\/\/aeronoticias.com.pe\/noticiero\/transporte-aereo\/internacional\/colombia-aeropostal-anuncia-vuelos-entre-caracas-y-cucuta\/","name":"Colombia: Aeropostal anuncia vuelos entre Caracas y C\u00facuta","isPartOf":{"@id":"https:\/\/aeronoticias.com.pe\/noticiero\/#website"},"primaryImageOfPage":{"@id":"https:\/\/aeronoticias.com.pe\/noticiero\/transporte-aereo\/internacional\/colombia-aeropostal-anuncia-vuelos-entre-caracas-y-cucuta\/#primaryimage"},"image":{"@id":"https:\/\/aeronoticias.com.pe\/noticiero\/transporte-aereo\/internacional\/colombia-aeropostal-anuncia-vuelos-entre-caracas-y-cucuta\/#primaryimage"},"thumbnailUrl":"https:\/\/aeronoticias.com.pe\/noticiero\/wp-content\/uploads\/2019\/06\/aeropostal.jpg","datePublished":"2019-06-06T12:01:15+00:00","dateModified":"2020-11-25T16:57:12+00:00","author":{"@id":"https:\/\/aeronoticias.com.pe\/noticiero\/#\/schema\/person\/fc1e5d578f4b62ba1cf7ac2bba1170a0"},"description":"La aerol\u00ednea Aeropostal Alas Venezuela anunci\u00f3 que operar\u00e1 cinco vuelos entre Caracas y C\u00facuta (Colombia) del 5 al 13 de junio del presente a\u00f1o.","breadcrumb":{"@id":"https:\/\/aeronoticias.com.pe\/noticiero\/transporte-aereo\/internacional\/colombia-aeropostal-anuncia-vuelos-entre-caracas-y-cucuta\/#breadcrumb"},"inLanguage":"es","potentialAction":[{"@type":"ReadAction","target":["https:\/\/aeronoticias.com.pe\/noticiero\/transporte-aereo\/internacional\/colombia-aeropostal-anuncia-vuelos-entre-caracas-y-cucuta\/"]}]},{"@type":"ImageObject","inLanguage":"es","@id":"https:\/\/aeronoticias.com.pe\/noticiero\/transporte-aereo\/internacional\/colombia-aeropostal-anuncia-vuelos-entre-caracas-y-cucuta\/#primaryimage","url":"https:\/\/aeronoticias.com.pe\/noticiero\/wp-content\/uploads\/2019\/06\/aeropostal.jpg","contentUrl":"https:\/\/aeronoticias.com.pe\/noticiero\/wp-content\/uploads\/2019\/06\/aeropostal.jpg","width":800,"height":502},{"@type":"BreadcrumbList","@id":"https:\/\/aeronoticias.com.pe\/noticiero\/transporte-aereo\/internacional\/colombia-aeropostal-anuncia-vuelos-entre-caracas-y-cucuta\/#breadcrumb","itemListElement":[{"@type":"ListItem","position":1,"name":"Portada","item":"https:\/\/aeronoticias.com.pe\/noticiero\/"},{"@type":"ListItem","position":2,"name":"Colombia: Aeropostal anuncia vuelos entre Caracas y C\u00facuta"}]},{"@type":"WebSite","@id":"https:\/\/aeronoticias.com.pe\/noticiero\/#website","url":"https:\/\/aeronoticias.com.pe\/noticiero\/","name":"Aeronoticias.com.pe","description":"Noticias de tranporte aereo, turismo, hoteles, gastronomia, actualidad, internacional","potentialAction":[{"@type":"SearchAction","target":{"@type":"EntryPoint","urlTemplate":"https:\/\/aeronoticias.com.pe\/noticiero\/?s={search_term_string}"},"query-input":{"@type":"PropertyValueSpecification","valueRequired":true,"valueName":"search_term_string"}}],"inLanguage":"es"},{"@type":"Person","@id":"https:\/\/aeronoticias.com.pe\/noticiero\/#\/schema\/person\/fc1e5d578f4b62ba1cf7ac2bba1170a0","name":"Redacci\u00f3n Aeronoticias","url":"https:\/\/aeronoticias.com.pe\/noticiero\/author\/piloto\/"}]}},"_links":{"self":[{"href":"https:\/\/aeronoticias.com.pe\/noticiero\/wp-json\/wp\/v2\/posts\/58464","targetHints":{"allow":["GET"]}}],"collection":[{"href":"https:\/\/aeronoticias.com.pe\/noticiero\/wp-json\/wp\/v2\/posts"}],"about":[{"href":"https:\/\/aeronoticias.com.pe\/noticiero\/wp-json\/wp\/v2\/types\/post"}],"author":[{"embeddable":true,"href":"https:\/\/aeronoticias.com.pe\/noticiero\/wp-json\/wp\/v2\/users\/1"}],"replies":[{"embeddable":true,"href":"https:\/\/aeronoticias.com.pe\/noticiero\/wp-json\/wp\/v2\/comments?post=58464"}],"version-history":[{"count":0,"href":"https:\/\/aeronoticias.com.pe\/noticiero\/wp-json\/wp\/v2\/posts\/58464\/revisions"}],"wp:featuredmedia":[{"embeddable":true,"href":"https:\/\/aeronoticias.com.pe\/noticiero\/wp-json\/wp\/v2\/media\/66634"}],"wp:attachment":[{"href":"https:\/\/aeronoticias.com.pe\/noticiero\/wp-json\/wp\/v2\/media?parent=58464"}],"wp:term":[{"taxonomy":"category","embeddable":true,"href":"https:\/\/aeronoticias.com.pe\/noticiero\/wp-json\/wp\/v2\/categories?post=58464"},{"taxonomy":"post_tag","embeddable":true,"href":"https:\/\/aeronoticias.com.pe\/noticiero\/wp-json\/wp\/v2\/tags?post=58464"}],"curies":[{"name":"wp","href":"https:\/\/api.w.org\/{rel}","templated":true}]}}