{"id":58467,"date":"2019-06-09T05:01:31","date_gmt":"2019-06-09T05:01:31","guid":{"rendered":"http:\/\/desarrollo.mcvicious.com\/aero2020\/2019\/06\/09\/viva-air-inauguro-su-nueva-ruta-entre-lima-y-cartagena\/"},"modified":"2020-11-25T11:53:12","modified_gmt":"2020-11-25T16:53:12","slug":"viva-air-inauguro-su-nueva-ruta-entre-lima-y-cartagena","status":"publish","type":"post","link":"https:\/\/aeronoticias.com.pe\/noticiero\/transporte-aereo\/internacional\/viva-air-inauguro-su-nueva-ruta-entre-lima-y-cartagena\/","title":{"rendered":"Viva Air inaugur\u00f3 su nueva ruta entre Lima y Cartagena"},"content":{"rendered":"\n<p>A las 8:45 de la ma\u00f1ana del pasado viernes aterriz\u00f3 por primera vez en Cartagena un vuelo directo proveniente de Lima, Per\u00fa. El avi\u00f3n rosado de <strong>Viva Air <\/strong>llamado Claudia Obando, recibi\u00f3 el tradicional bautizo al ser la primera vez que se vuela en esta ruta.<\/p>\n\n\n\n<p class=\"p1\">As\u00ed, se suma a las otras dos rutas que tiene Viva Air para conectar Colombia y Per\u00fa: Bogot\u00e1 \u2013 Lima \u2013 Bogot\u00e1 y Medell\u00edn \u2013 Lima \u2013 Medell\u00edn.<\/p>\n\n\n\n<p class=\"p1\">La apertura de esta ruta hace parte del plan de expansi\u00f3n de Viva Air en la regi\u00f3n, el grupo l\u00edder de aerol\u00edneas de bajo costo en Latinoam\u00e9rica. Seg\u00fan la aerol\u00ednea, los tiquetes tendr\u00e1n un costo desde $195 USD ida y vuelta.<\/p>\n\n\n\n<p class=\"p1\">Las proyecciones que tiene la aerol\u00ednea es que gracias al \u201cEfecto Viva\u201d, las tarifas tengan una disminuci\u00f3n del 46% y se espera transportar a m\u00e1s de 60.000 pasajeros en el primer a\u00f1o de operaciones de la ruta.<\/p>\n\n\n\n<p class=\"p1\">El itinerario para esta nueva ruta cuenta con tres vuelos semanales, los mi\u00e9rcoles, viernes y domingo.<\/p>\n\n\n\n<p class=\"p1\">\u201cDesde Viva Air celebramos el inicio de operaciones de nuestra nueva ruta internacional, la cual impulsar\u00e1 un significativo crecimiento en el turismo entre los dos pa\u00edses. Queremos seguir apostando a aumentar la conectividad en la regi\u00f3n y darle la oportunidad a nuestros viajeros de conocer estas dos ciudades llenas de nuevos lugares para descubrir\u201d, asegur\u00f3 F\u00e9lix Antelo, CEO de Viva Air.<\/p>\n\n\n\n<p class=\"p1\">Con esta nueva ruta, son 34 las rutas que vuela el Grupo Viva Air entre Colombia y Per\u00fa, incluyendo Barranquilla y Juliaca que llegar\u00e1n pr\u00f3ximas, 17 de junio y 11 de julio respectivamente.<\/p>\n\n\n\n<p class=\"p1\">Fuente: <span style=\"text-decoration: underline;\"><em><strong>Aviaci\u00f3n al d\u00eda<\/strong><\/em><\/span>.<\/p>\n","protected":false},"excerpt":{"rendered":"<p>A las 8:45 de la ma\u00f1ana del pasado viernes aterriz\u00f3 por primera vez en Cartagena un vuelo directo proveniente de Lima, Per\u00fa. El avi\u00f3n rosado de Viva Air llamado Claudia Obando, recibi\u00f3 el tradicional bautizo al ser la primera vez que se vuela en esta ruta. As\u00ed, se suma a las otras dos rutas que [&hellip;]<\/p>\n","protected":false},"author":1,"featured_media":66632,"comment_status":"open","ping_status":"open","sticky":false,"template":"","format":"standard","meta":{"tdm_status":"","tdm_grid_status":"","footnotes":""},"categories":[32,11],"tags":[642,434,165],"class_list":{"0":"post-58467","1":"post","2":"type-post","3":"status-publish","4":"format-standard","5":"has-post-thumbnail","7":"category-internacional","8":"category-transporte-aereo","9":"tag-cartagena","10":"tag-lima","11":"tag-viva-air"},"yoast_head":"<!-- This site is optimized with the Yoast SEO plugin v25.1 - https:\/\/yoast.com\/wordpress\/plugins\/seo\/ -->\n<title>Viva Air inaugur\u00f3 su nueva ruta entre Lima y Cartagena<\/title>\n<meta name=\"description\" content=\"A las 8:45 de la ma\u00f1ana del pasado viernes aterriz\u00f3 por primera vez en Cartagena un vuelo directo proveniente de Lima, Per\u00fa. El avi\u00f3n rosado de Viva Air llamado Claudia Obando, recibi\u00f3 el tradicional bautizo al ser la primera vez que se vuela en esta ruta.\" \/>\n<meta name=\"robots\" content=\"index, follow, max-snippet:-1, max-image-preview:large, max-video-preview:-1\" \/>\n<link rel=\"canonical\" href=\"https:\/\/aeronoticias.com.pe\/noticiero\/transporte-aereo\/internacional\/viva-air-inauguro-su-nueva-ruta-entre-lima-y-cartagena\/\" \/>\n<meta property=\"og:locale\" content=\"es_ES\" \/>\n<meta property=\"og:type\" content=\"article\" \/>\n<meta property=\"og:title\" content=\"Viva Air inaugur\u00f3 su nueva ruta entre Lima y Cartagena\" \/>\n<meta property=\"og:description\" content=\"A las 8:45 de la ma\u00f1ana del pasado viernes aterriz\u00f3 por primera vez en Cartagena un vuelo directo proveniente de Lima, Per\u00fa. El avi\u00f3n rosado de Viva Air llamado Claudia Obando, recibi\u00f3 el tradicional bautizo al ser la primera vez que se vuela en esta ruta.\" \/>\n<meta property=\"og:url\" content=\"https:\/\/aeronoticias.com.pe\/noticiero\/transporte-aereo\/internacional\/viva-air-inauguro-su-nueva-ruta-entre-lima-y-cartagena\/\" \/>\n<meta property=\"og:site_name\" content=\"Aeronoticias.com.pe\" \/>\n<meta property=\"article:publisher\" content=\"https:\/\/www.facebook.com\/Aeronoticias.com.pe\/\" \/>\n<meta property=\"article:published_time\" content=\"2019-06-09T05:01:31+00:00\" \/>\n<meta property=\"article:modified_time\" content=\"2020-11-25T16:53:12+00:00\" \/>\n<meta property=\"og:image\" content=\"https:\/\/aeronoticias.com.pe\/noticiero\/wp-content\/uploads\/2019\/06\/Viva-Air1.jpg\" \/>\n\t<meta property=\"og:image:width\" content=\"1000\" \/>\n\t<meta property=\"og:image:height\" content=\"530\" \/>\n\t<meta property=\"og:image:type\" content=\"image\/jpeg\" \/>\n<meta name=\"author\" content=\"Redacci\u00f3n Aeronoticias\" \/>\n<meta name=\"twitter:card\" content=\"summary_large_image\" \/>\n<meta name=\"twitter:creator\" content=\"@aeronoticias\" \/>\n<meta name=\"twitter:site\" content=\"@aeronoticias\" \/>\n<meta name=\"twitter:label1\" content=\"Escrito por\" \/>\n\t<meta name=\"twitter:data1\" content=\"Redacci\u00f3n Aeronoticias\" \/>\n\t<meta name=\"twitter:label2\" content=\"Tiempo de lectura\" \/>\n\t<meta name=\"twitter:data2\" content=\"1 minuto\" \/>\n<script type=\"application\/ld+json\" class=\"yoast-schema-graph\">{\"@context\":\"https:\/\/schema.org\",\"@graph\":[{\"@type\":\"WebPage\",\"@id\":\"https:\/\/aeronoticias.com.pe\/noticiero\/transporte-aereo\/internacional\/viva-air-inauguro-su-nueva-ruta-entre-lima-y-cartagena\/\",\"url\":\"https:\/\/aeronoticias.com.pe\/noticiero\/transporte-aereo\/internacional\/viva-air-inauguro-su-nueva-ruta-entre-lima-y-cartagena\/\",\"name\":\"Viva Air inaugur\u00f3 su nueva ruta entre Lima y Cartagena\",\"isPartOf\":{\"@id\":\"https:\/\/aeronoticias.com.pe\/noticiero\/#website\"},\"primaryImageOfPage\":{\"@id\":\"https:\/\/aeronoticias.com.pe\/noticiero\/transporte-aereo\/internacional\/viva-air-inauguro-su-nueva-ruta-entre-lima-y-cartagena\/#primaryimage\"},\"image\":{\"@id\":\"https:\/\/aeronoticias.com.pe\/noticiero\/transporte-aereo\/internacional\/viva-air-inauguro-su-nueva-ruta-entre-lima-y-cartagena\/#primaryimage\"},\"thumbnailUrl\":\"https:\/\/aeronoticias.com.pe\/noticiero\/wp-content\/uploads\/2019\/06\/Viva-Air1.jpg\",\"datePublished\":\"2019-06-09T05:01:31+00:00\",\"dateModified\":\"2020-11-25T16:53:12+00:00\",\"author\":{\"@id\":\"https:\/\/aeronoticias.com.pe\/noticiero\/#\/schema\/person\/fc1e5d578f4b62ba1cf7ac2bba1170a0\"},\"description\":\"A las 8:45 de la ma\u00f1ana del pasado viernes aterriz\u00f3 por primera vez en Cartagena un vuelo directo proveniente de Lima, Per\u00fa. El avi\u00f3n rosado de Viva Air llamado Claudia Obando, recibi\u00f3 el tradicional bautizo al ser la primera vez que se vuela en esta ruta.\",\"breadcrumb\":{\"@id\":\"https:\/\/aeronoticias.com.pe\/noticiero\/transporte-aereo\/internacional\/viva-air-inauguro-su-nueva-ruta-entre-lima-y-cartagena\/#breadcrumb\"},\"inLanguage\":\"es\",\"potentialAction\":[{\"@type\":\"ReadAction\",\"target\":[\"https:\/\/aeronoticias.com.pe\/noticiero\/transporte-aereo\/internacional\/viva-air-inauguro-su-nueva-ruta-entre-lima-y-cartagena\/\"]}]},{\"@type\":\"ImageObject\",\"inLanguage\":\"es\",\"@id\":\"https:\/\/aeronoticias.com.pe\/noticiero\/transporte-aereo\/internacional\/viva-air-inauguro-su-nueva-ruta-entre-lima-y-cartagena\/#primaryimage\",\"url\":\"https:\/\/aeronoticias.com.pe\/noticiero\/wp-content\/uploads\/2019\/06\/Viva-Air1.jpg\",\"contentUrl\":\"https:\/\/aeronoticias.com.pe\/noticiero\/wp-content\/uploads\/2019\/06\/Viva-Air1.jpg\",\"width\":1000,\"height\":530},{\"@type\":\"BreadcrumbList\",\"@id\":\"https:\/\/aeronoticias.com.pe\/noticiero\/transporte-aereo\/internacional\/viva-air-inauguro-su-nueva-ruta-entre-lima-y-cartagena\/#breadcrumb\",\"itemListElement\":[{\"@type\":\"ListItem\",\"position\":1,\"name\":\"Portada\",\"item\":\"https:\/\/aeronoticias.com.pe\/noticiero\/\"},{\"@type\":\"ListItem\",\"position\":2,\"name\":\"Viva Air inaugur\u00f3 su nueva ruta entre Lima y Cartagena\"}]},{\"@type\":\"WebSite\",\"@id\":\"https:\/\/aeronoticias.com.pe\/noticiero\/#website\",\"url\":\"https:\/\/aeronoticias.com.pe\/noticiero\/\",\"name\":\"Aeronoticias.com.pe\",\"description\":\"Noticias de tranporte aereo, turismo, hoteles, gastronomia, actualidad, internacional\",\"potentialAction\":[{\"@type\":\"SearchAction\",\"target\":{\"@type\":\"EntryPoint\",\"urlTemplate\":\"https:\/\/aeronoticias.com.pe\/noticiero\/?s={search_term_string}\"},\"query-input\":{\"@type\":\"PropertyValueSpecification\",\"valueRequired\":true,\"valueName\":\"search_term_string\"}}],\"inLanguage\":\"es\"},{\"@type\":\"Person\",\"@id\":\"https:\/\/aeronoticias.com.pe\/noticiero\/#\/schema\/person\/fc1e5d578f4b62ba1cf7ac2bba1170a0\",\"name\":\"Redacci\u00f3n Aeronoticias\",\"url\":\"https:\/\/aeronoticias.com.pe\/noticiero\/author\/piloto\/\"}]}<\/script>\n<!-- \/ Yoast SEO plugin. -->","yoast_head_json":{"title":"Viva Air inaugur\u00f3 su nueva ruta entre Lima y Cartagena","description":"A las 8:45 de la ma\u00f1ana del pasado viernes aterriz\u00f3 por primera vez en Cartagena un vuelo directo proveniente de Lima, Per\u00fa. El avi\u00f3n rosado de Viva Air llamado Claudia Obando, recibi\u00f3 el tradicional bautizo al ser la primera vez que se vuela en esta ruta.","robots":{"index":"index","follow":"follow","max-snippet":"max-snippet:-1","max-image-preview":"max-image-preview:large","max-video-preview":"max-video-preview:-1"},"canonical":"https:\/\/aeronoticias.com.pe\/noticiero\/transporte-aereo\/internacional\/viva-air-inauguro-su-nueva-ruta-entre-lima-y-cartagena\/","og_locale":"es_ES","og_type":"article","og_title":"Viva Air inaugur\u00f3 su nueva ruta entre Lima y Cartagena","og_description":"A las 8:45 de la ma\u00f1ana del pasado viernes aterriz\u00f3 por primera vez en Cartagena un vuelo directo proveniente de Lima, Per\u00fa. El avi\u00f3n rosado de Viva Air llamado Claudia Obando, recibi\u00f3 el tradicional bautizo al ser la primera vez que se vuela en esta ruta.","og_url":"https:\/\/aeronoticias.com.pe\/noticiero\/transporte-aereo\/internacional\/viva-air-inauguro-su-nueva-ruta-entre-lima-y-cartagena\/","og_site_name":"Aeronoticias.com.pe","article_publisher":"https:\/\/www.facebook.com\/Aeronoticias.com.pe\/","article_published_time":"2019-06-09T05:01:31+00:00","article_modified_time":"2020-11-25T16:53:12+00:00","og_image":[{"width":1000,"height":530,"url":"https:\/\/aeronoticias.com.pe\/noticiero\/wp-content\/uploads\/2019\/06\/Viva-Air1.jpg","type":"image\/jpeg"}],"author":"Redacci\u00f3n Aeronoticias","twitter_card":"summary_large_image","twitter_creator":"@aeronoticias","twitter_site":"@aeronoticias","twitter_misc":{"Escrito por":"Redacci\u00f3n Aeronoticias","Tiempo de lectura":"1 minuto"},"schema":{"@context":"https:\/\/schema.org","@graph":[{"@type":"WebPage","@id":"https:\/\/aeronoticias.com.pe\/noticiero\/transporte-aereo\/internacional\/viva-air-inauguro-su-nueva-ruta-entre-lima-y-cartagena\/","url":"https:\/\/aeronoticias.com.pe\/noticiero\/transporte-aereo\/internacional\/viva-air-inauguro-su-nueva-ruta-entre-lima-y-cartagena\/","name":"Viva Air inaugur\u00f3 su nueva ruta entre Lima y Cartagena","isPartOf":{"@id":"https:\/\/aeronoticias.com.pe\/noticiero\/#website"},"primaryImageOfPage":{"@id":"https:\/\/aeronoticias.com.pe\/noticiero\/transporte-aereo\/internacional\/viva-air-inauguro-su-nueva-ruta-entre-lima-y-cartagena\/#primaryimage"},"image":{"@id":"https:\/\/aeronoticias.com.pe\/noticiero\/transporte-aereo\/internacional\/viva-air-inauguro-su-nueva-ruta-entre-lima-y-cartagena\/#primaryimage"},"thumbnailUrl":"https:\/\/aeronoticias.com.pe\/noticiero\/wp-content\/uploads\/2019\/06\/Viva-Air1.jpg","datePublished":"2019-06-09T05:01:31+00:00","dateModified":"2020-11-25T16:53:12+00:00","author":{"@id":"https:\/\/aeronoticias.com.pe\/noticiero\/#\/schema\/person\/fc1e5d578f4b62ba1cf7ac2bba1170a0"},"description":"A las 8:45 de la ma\u00f1ana del pasado viernes aterriz\u00f3 por primera vez en Cartagena un vuelo directo proveniente de Lima, Per\u00fa. El avi\u00f3n rosado de Viva Air llamado Claudia Obando, recibi\u00f3 el tradicional bautizo al ser la primera vez que se vuela en esta ruta.","breadcrumb":{"@id":"https:\/\/aeronoticias.com.pe\/noticiero\/transporte-aereo\/internacional\/viva-air-inauguro-su-nueva-ruta-entre-lima-y-cartagena\/#breadcrumb"},"inLanguage":"es","potentialAction":[{"@type":"ReadAction","target":["https:\/\/aeronoticias.com.pe\/noticiero\/transporte-aereo\/internacional\/viva-air-inauguro-su-nueva-ruta-entre-lima-y-cartagena\/"]}]},{"@type":"ImageObject","inLanguage":"es","@id":"https:\/\/aeronoticias.com.pe\/noticiero\/transporte-aereo\/internacional\/viva-air-inauguro-su-nueva-ruta-entre-lima-y-cartagena\/#primaryimage","url":"https:\/\/aeronoticias.com.pe\/noticiero\/wp-content\/uploads\/2019\/06\/Viva-Air1.jpg","contentUrl":"https:\/\/aeronoticias.com.pe\/noticiero\/wp-content\/uploads\/2019\/06\/Viva-Air1.jpg","width":1000,"height":530},{"@type":"BreadcrumbList","@id":"https:\/\/aeronoticias.com.pe\/noticiero\/transporte-aereo\/internacional\/viva-air-inauguro-su-nueva-ruta-entre-lima-y-cartagena\/#breadcrumb","itemListElement":[{"@type":"ListItem","position":1,"name":"Portada","item":"https:\/\/aeronoticias.com.pe\/noticiero\/"},{"@type":"ListItem","position":2,"name":"Viva Air inaugur\u00f3 su nueva ruta entre Lima y Cartagena"}]},{"@type":"WebSite","@id":"https:\/\/aeronoticias.com.pe\/noticiero\/#website","url":"https:\/\/aeronoticias.com.pe\/noticiero\/","name":"Aeronoticias.com.pe","description":"Noticias de tranporte aereo, turismo, hoteles, gastronomia, actualidad, internacional","potentialAction":[{"@type":"SearchAction","target":{"@type":"EntryPoint","urlTemplate":"https:\/\/aeronoticias.com.pe\/noticiero\/?s={search_term_string}"},"query-input":{"@type":"PropertyValueSpecification","valueRequired":true,"valueName":"search_term_string"}}],"inLanguage":"es"},{"@type":"Person","@id":"https:\/\/aeronoticias.com.pe\/noticiero\/#\/schema\/person\/fc1e5d578f4b62ba1cf7ac2bba1170a0","name":"Redacci\u00f3n Aeronoticias","url":"https:\/\/aeronoticias.com.pe\/noticiero\/author\/piloto\/"}]}},"_links":{"self":[{"href":"https:\/\/aeronoticias.com.pe\/noticiero\/wp-json\/wp\/v2\/posts\/58467","targetHints":{"allow":["GET"]}}],"collection":[{"href":"https:\/\/aeronoticias.com.pe\/noticiero\/wp-json\/wp\/v2\/posts"}],"about":[{"href":"https:\/\/aeronoticias.com.pe\/noticiero\/wp-json\/wp\/v2\/types\/post"}],"author":[{"embeddable":true,"href":"https:\/\/aeronoticias.com.pe\/noticiero\/wp-json\/wp\/v2\/users\/1"}],"replies":[{"embeddable":true,"href":"https:\/\/aeronoticias.com.pe\/noticiero\/wp-json\/wp\/v2\/comments?post=58467"}],"version-history":[{"count":0,"href":"https:\/\/aeronoticias.com.pe\/noticiero\/wp-json\/wp\/v2\/posts\/58467\/revisions"}],"wp:featuredmedia":[{"embeddable":true,"href":"https:\/\/aeronoticias.com.pe\/noticiero\/wp-json\/wp\/v2\/media\/66632"}],"wp:attachment":[{"href":"https:\/\/aeronoticias.com.pe\/noticiero\/wp-json\/wp\/v2\/media?parent=58467"}],"wp:term":[{"taxonomy":"category","embeddable":true,"href":"https:\/\/aeronoticias.com.pe\/noticiero\/wp-json\/wp\/v2\/categories?post=58467"},{"taxonomy":"post_tag","embeddable":true,"href":"https:\/\/aeronoticias.com.pe\/noticiero\/wp-json\/wp\/v2\/tags?post=58467"}],"curies":[{"name":"wp","href":"https:\/\/api.w.org\/{rel}","templated":true}]}}