{"id":58468,"date":"2019-06-09T05:08:10","date_gmt":"2019-06-09T05:08:10","guid":{"rendered":"http:\/\/desarrollo.mcvicious.com\/aero2020\/2019\/06\/09\/avion-de-aerolineas-argentinas-aterriza-de-emergencia-en-bogota\/"},"modified":"2019-06-09T05:08:10","modified_gmt":"2019-06-09T05:08:10","slug":"avion-de-aerolineas-argentinas-aterriza-de-emergencia-en-bogota","status":"publish","type":"post","link":"https:\/\/aeronoticias.com.pe\/noticiero\/internacionales\/avion-de-aerolineas-argentinas-aterriza-de-emergencia-en-bogota\/","title":{"rendered":"Avi\u00f3n de Aerol\u00edneas Argentinas aterriza de emergencia en Bogot\u00e1"},"content":{"rendered":"<p style=\"text-align: justify;\"><strong>(Aeronoticias)<\/strong>.-\u00a0<span style=\"color: #454545; font-family: Helvetica; font-size: 12px;\">El vuelo 1305 de <\/span><span style=\"color: #454545; font-family: Helvetica; font-size: 12px;\">Aerol\u00edneas Argentinas<\/span><span style=\"color: #454545; font-family: Helvetica; font-size: 12px;\"> que cubr\u00eda la ruta Miami-Buenos Aires inform\u00f3 al centro de control de Colombia, mientras sobrevolaba espacio a\u00e9reo de este pa\u00eds, que tuvo una indicaci\u00f3n de una alarma en cabina que alertaba de humo en una de las bodegas.<\/span><\/p>\n<p class=\"p1\" style=\"text-align: justify;\">La tripulaci\u00f3n solicit\u00f3 un aterrizaje de emergencia en el Aeropuerto Internacional El Dorado, el cual se efectu\u00f3 a las 9:45 pm de este viernes, lo que activ\u00f3 a su vez el protocolo de seguridad del centro y torre de control, ambulancias y bomberos aeron\u00e1uticos.<\/p>\n<p class=\"p1\" style=\"text-align: justify;\">\u00a0<\/p>\n<p class=\"p1\" style=\"text-align: justify;\">La aeronave al momento de aterrizar en El Dorado, fue escoltada por las m\u00e1quinas de bomberos hasta que ingres\u00f3 a la plataforma de carga, sitio en el cual estaban dispuestos adem\u00e1s buses para trasladar a los 249 pasajeros hasta el terminal internacional.<\/p>\n<p class=\"p1\" style=\"text-align: justify;\">\u00a0<\/p>\n<p class=\"p1\" style=\"text-align: justify;\">La aeronave que cubr\u00eda la ruta es un Airbus A330 con matr\u00edcula LVFNL y en noviembre pr\u00f3ximo cumplir\u00e1 19 a\u00f1os de servicio.<\/p>\n<p class=\"p1\" style=\"text-align: justify;\">\u00a0<\/p>\n<p class=\"p1\" style=\"text-align: justify;\">Luego de realizar las revisiones t\u00e9cnicas del caso, le dieron viabilidad operacional al avi\u00f3n para continuar su viaje a Buenos Aires, por lo que los pasajeros nuevamente se embarcaron.<\/p>\n<p class=\"p1\" style=\"text-align: justify;\">Finalmente, el vuelo n\u00famero 1305 de Aerol\u00edneas Argentinas despeg\u00f3 de Bogot\u00e1 rumbo a Buenos Aires a la 1:06 am de este s\u00e1bado.<\/p>\n<p class=\"p1\" style=\"text-align: justify;\">\u00a0<\/p>\n<p class=\"p1\" style=\"text-align: justify;\">Fuente: <span style=\"text-decoration: underline;\"><em><strong>Aviaci\u00f3n al d\u00eda.<\/strong><\/em><\/span><\/p>\n<p class=\"p1\" style=\"text-align: justify;\">\u00a0<\/p>\n<p class=\"p1\" style=\"text-align: justify;\"><span style=\"text-decoration: underline;\"><em><strong><img decoding=\"async\" src=\"images\/stories\/aerolineas-argentinas.jpg\" border=\"0\" \/><br \/><\/strong><\/em><\/span><\/p>\n<p> p.p1 {margin: 0.0px 0.0px 0.0px 0.0px; font: 12.0px Helvetica; color: #454545}<\/p>\n","protected":false},"excerpt":{"rendered":"<p>(Aeronoticias).-\u00a0El vuelo 1305 de Aerol\u00edneas Argentinas que cubr\u00eda la ruta Miami-Buenos Aires inform\u00f3 al centro de control de Colombia, mientras sobrevolaba espacio a\u00e9reo de este pa\u00eds, que tuvo una indicaci\u00f3n de una alarma en cabina que alertaba de humo en una de las bodegas. La tripulaci\u00f3n solicit\u00f3 un aterrizaje de emergencia en el Aeropuerto Internacional [&hellip;]<\/p>\n","protected":false},"author":1,"featured_media":0,"comment_status":"open","ping_status":"open","sticky":false,"template":"","format":"standard","meta":{"tdm_status":"","tdm_grid_status":"","footnotes":""},"categories":[34],"tags":[],"class_list":{"0":"post-58468","1":"post","2":"type-post","3":"status-publish","4":"format-standard","6":"category-internacionales"},"yoast_head":"<!-- This site is optimized with the Yoast SEO plugin v25.1 - https:\/\/yoast.com\/wordpress\/plugins\/seo\/ -->\n<title>Avi\u00f3n de Aerol\u00edneas Argentinas aterriza de emergencia en Bogot\u00e1<\/title>\n<meta name=\"description\" content=\"Portal de noticias del Per\u00fa sobre el transporte a\u00e9reo, aviaci\u00f3n, turismo, hoteleria, actualidad.\" \/>\n<meta name=\"robots\" content=\"index, follow, max-snippet:-1, max-image-preview:large, max-video-preview:-1\" \/>\n<link rel=\"canonical\" href=\"https:\/\/aeronoticias.com.pe\/noticiero\/internacionales\/avion-de-aerolineas-argentinas-aterriza-de-emergencia-en-bogota\/\" \/>\n<meta property=\"og:locale\" content=\"es_ES\" \/>\n<meta property=\"og:type\" content=\"article\" \/>\n<meta property=\"og:title\" content=\"Avi\u00f3n de Aerol\u00edneas Argentinas aterriza de emergencia en Bogot\u00e1\" \/>\n<meta property=\"og:description\" content=\"Portal de noticias del Per\u00fa sobre el transporte a\u00e9reo, aviaci\u00f3n, turismo, hoteleria, actualidad.\" \/>\n<meta property=\"og:url\" content=\"https:\/\/aeronoticias.com.pe\/noticiero\/internacionales\/avion-de-aerolineas-argentinas-aterriza-de-emergencia-en-bogota\/\" \/>\n<meta property=\"og:site_name\" content=\"Aeronoticias.com.pe\" \/>\n<meta property=\"article:publisher\" content=\"https:\/\/www.facebook.com\/Aeronoticias.com.pe\/\" \/>\n<meta property=\"article:published_time\" content=\"2019-06-09T05:08:10+00:00\" \/>\n<meta name=\"author\" content=\"Redacci\u00f3n Aeronoticias\" \/>\n<meta name=\"twitter:card\" content=\"summary_large_image\" \/>\n<meta name=\"twitter:creator\" content=\"@aeronoticias\" \/>\n<meta name=\"twitter:site\" content=\"@aeronoticias\" \/>\n<meta name=\"twitter:label1\" content=\"Escrito por\" \/>\n\t<meta name=\"twitter:data1\" content=\"Redacci\u00f3n Aeronoticias\" \/>\n\t<meta name=\"twitter:label2\" content=\"Tiempo de lectura\" \/>\n\t<meta name=\"twitter:data2\" content=\"1 minuto\" \/>\n<script type=\"application\/ld+json\" class=\"yoast-schema-graph\">{\"@context\":\"https:\/\/schema.org\",\"@graph\":[{\"@type\":\"WebPage\",\"@id\":\"https:\/\/aeronoticias.com.pe\/noticiero\/internacionales\/avion-de-aerolineas-argentinas-aterriza-de-emergencia-en-bogota\/\",\"url\":\"https:\/\/aeronoticias.com.pe\/noticiero\/internacionales\/avion-de-aerolineas-argentinas-aterriza-de-emergencia-en-bogota\/\",\"name\":\"Avi\u00f3n de Aerol\u00edneas Argentinas aterriza de emergencia en Bogot\u00e1\",\"isPartOf\":{\"@id\":\"https:\/\/aeronoticias.com.pe\/noticiero\/#website\"},\"datePublished\":\"2019-06-09T05:08:10+00:00\",\"author\":{\"@id\":\"https:\/\/aeronoticias.com.pe\/noticiero\/#\/schema\/person\/fc1e5d578f4b62ba1cf7ac2bba1170a0\"},\"description\":\"Portal de noticias del Per\u00fa sobre el transporte a\u00e9reo, aviaci\u00f3n, turismo, hoteleria, actualidad.\",\"breadcrumb\":{\"@id\":\"https:\/\/aeronoticias.com.pe\/noticiero\/internacionales\/avion-de-aerolineas-argentinas-aterriza-de-emergencia-en-bogota\/#breadcrumb\"},\"inLanguage\":\"es\",\"potentialAction\":[{\"@type\":\"ReadAction\",\"target\":[\"https:\/\/aeronoticias.com.pe\/noticiero\/internacionales\/avion-de-aerolineas-argentinas-aterriza-de-emergencia-en-bogota\/\"]}]},{\"@type\":\"BreadcrumbList\",\"@id\":\"https:\/\/aeronoticias.com.pe\/noticiero\/internacionales\/avion-de-aerolineas-argentinas-aterriza-de-emergencia-en-bogota\/#breadcrumb\",\"itemListElement\":[{\"@type\":\"ListItem\",\"position\":1,\"name\":\"Portada\",\"item\":\"https:\/\/aeronoticias.com.pe\/noticiero\/\"},{\"@type\":\"ListItem\",\"position\":2,\"name\":\"Avi\u00f3n de Aerol\u00edneas Argentinas aterriza de emergencia en Bogot\u00e1\"}]},{\"@type\":\"WebSite\",\"@id\":\"https:\/\/aeronoticias.com.pe\/noticiero\/#website\",\"url\":\"https:\/\/aeronoticias.com.pe\/noticiero\/\",\"name\":\"Aeronoticias.com.pe\",\"description\":\"Noticias de tranporte aereo, turismo, hoteles, gastronomia, actualidad, internacional\",\"potentialAction\":[{\"@type\":\"SearchAction\",\"target\":{\"@type\":\"EntryPoint\",\"urlTemplate\":\"https:\/\/aeronoticias.com.pe\/noticiero\/?s={search_term_string}\"},\"query-input\":{\"@type\":\"PropertyValueSpecification\",\"valueRequired\":true,\"valueName\":\"search_term_string\"}}],\"inLanguage\":\"es\"},{\"@type\":\"Person\",\"@id\":\"https:\/\/aeronoticias.com.pe\/noticiero\/#\/schema\/person\/fc1e5d578f4b62ba1cf7ac2bba1170a0\",\"name\":\"Redacci\u00f3n Aeronoticias\",\"url\":\"https:\/\/aeronoticias.com.pe\/noticiero\/author\/piloto\/\"}]}<\/script>\n<!-- \/ Yoast SEO plugin. -->","yoast_head_json":{"title":"Avi\u00f3n de Aerol\u00edneas Argentinas aterriza de emergencia en Bogot\u00e1","description":"Portal de noticias del Per\u00fa sobre el transporte a\u00e9reo, aviaci\u00f3n, turismo, hoteleria, actualidad.","robots":{"index":"index","follow":"follow","max-snippet":"max-snippet:-1","max-image-preview":"max-image-preview:large","max-video-preview":"max-video-preview:-1"},"canonical":"https:\/\/aeronoticias.com.pe\/noticiero\/internacionales\/avion-de-aerolineas-argentinas-aterriza-de-emergencia-en-bogota\/","og_locale":"es_ES","og_type":"article","og_title":"Avi\u00f3n de Aerol\u00edneas Argentinas aterriza de emergencia en Bogot\u00e1","og_description":"Portal de noticias del Per\u00fa sobre el transporte a\u00e9reo, aviaci\u00f3n, turismo, hoteleria, actualidad.","og_url":"https:\/\/aeronoticias.com.pe\/noticiero\/internacionales\/avion-de-aerolineas-argentinas-aterriza-de-emergencia-en-bogota\/","og_site_name":"Aeronoticias.com.pe","article_publisher":"https:\/\/www.facebook.com\/Aeronoticias.com.pe\/","article_published_time":"2019-06-09T05:08:10+00:00","author":"Redacci\u00f3n Aeronoticias","twitter_card":"summary_large_image","twitter_creator":"@aeronoticias","twitter_site":"@aeronoticias","twitter_misc":{"Escrito por":"Redacci\u00f3n Aeronoticias","Tiempo de lectura":"1 minuto"},"schema":{"@context":"https:\/\/schema.org","@graph":[{"@type":"WebPage","@id":"https:\/\/aeronoticias.com.pe\/noticiero\/internacionales\/avion-de-aerolineas-argentinas-aterriza-de-emergencia-en-bogota\/","url":"https:\/\/aeronoticias.com.pe\/noticiero\/internacionales\/avion-de-aerolineas-argentinas-aterriza-de-emergencia-en-bogota\/","name":"Avi\u00f3n de Aerol\u00edneas Argentinas aterriza de emergencia en Bogot\u00e1","isPartOf":{"@id":"https:\/\/aeronoticias.com.pe\/noticiero\/#website"},"datePublished":"2019-06-09T05:08:10+00:00","author":{"@id":"https:\/\/aeronoticias.com.pe\/noticiero\/#\/schema\/person\/fc1e5d578f4b62ba1cf7ac2bba1170a0"},"description":"Portal de noticias del Per\u00fa sobre el transporte a\u00e9reo, aviaci\u00f3n, turismo, hoteleria, actualidad.","breadcrumb":{"@id":"https:\/\/aeronoticias.com.pe\/noticiero\/internacionales\/avion-de-aerolineas-argentinas-aterriza-de-emergencia-en-bogota\/#breadcrumb"},"inLanguage":"es","potentialAction":[{"@type":"ReadAction","target":["https:\/\/aeronoticias.com.pe\/noticiero\/internacionales\/avion-de-aerolineas-argentinas-aterriza-de-emergencia-en-bogota\/"]}]},{"@type":"BreadcrumbList","@id":"https:\/\/aeronoticias.com.pe\/noticiero\/internacionales\/avion-de-aerolineas-argentinas-aterriza-de-emergencia-en-bogota\/#breadcrumb","itemListElement":[{"@type":"ListItem","position":1,"name":"Portada","item":"https:\/\/aeronoticias.com.pe\/noticiero\/"},{"@type":"ListItem","position":2,"name":"Avi\u00f3n de Aerol\u00edneas Argentinas aterriza de emergencia en Bogot\u00e1"}]},{"@type":"WebSite","@id":"https:\/\/aeronoticias.com.pe\/noticiero\/#website","url":"https:\/\/aeronoticias.com.pe\/noticiero\/","name":"Aeronoticias.com.pe","description":"Noticias de tranporte aereo, turismo, hoteles, gastronomia, actualidad, internacional","potentialAction":[{"@type":"SearchAction","target":{"@type":"EntryPoint","urlTemplate":"https:\/\/aeronoticias.com.pe\/noticiero\/?s={search_term_string}"},"query-input":{"@type":"PropertyValueSpecification","valueRequired":true,"valueName":"search_term_string"}}],"inLanguage":"es"},{"@type":"Person","@id":"https:\/\/aeronoticias.com.pe\/noticiero\/#\/schema\/person\/fc1e5d578f4b62ba1cf7ac2bba1170a0","name":"Redacci\u00f3n Aeronoticias","url":"https:\/\/aeronoticias.com.pe\/noticiero\/author\/piloto\/"}]}},"_links":{"self":[{"href":"https:\/\/aeronoticias.com.pe\/noticiero\/wp-json\/wp\/v2\/posts\/58468","targetHints":{"allow":["GET"]}}],"collection":[{"href":"https:\/\/aeronoticias.com.pe\/noticiero\/wp-json\/wp\/v2\/posts"}],"about":[{"href":"https:\/\/aeronoticias.com.pe\/noticiero\/wp-json\/wp\/v2\/types\/post"}],"author":[{"embeddable":true,"href":"https:\/\/aeronoticias.com.pe\/noticiero\/wp-json\/wp\/v2\/users\/1"}],"replies":[{"embeddable":true,"href":"https:\/\/aeronoticias.com.pe\/noticiero\/wp-json\/wp\/v2\/comments?post=58468"}],"version-history":[{"count":0,"href":"https:\/\/aeronoticias.com.pe\/noticiero\/wp-json\/wp\/v2\/posts\/58468\/revisions"}],"wp:attachment":[{"href":"https:\/\/aeronoticias.com.pe\/noticiero\/wp-json\/wp\/v2\/media?parent=58468"}],"wp:term":[{"taxonomy":"category","embeddable":true,"href":"https:\/\/aeronoticias.com.pe\/noticiero\/wp-json\/wp\/v2\/categories?post=58468"},{"taxonomy":"post_tag","embeddable":true,"href":"https:\/\/aeronoticias.com.pe\/noticiero\/wp-json\/wp\/v2\/tags?post=58468"}],"curies":[{"name":"wp","href":"https:\/\/api.w.org\/{rel}","templated":true}]}}