{"id":58470,"date":"2019-06-10T02:24:26","date_gmt":"2019-06-10T02:24:26","guid":{"rendered":"http:\/\/desarrollo.mcvicious.com\/aero2020\/2019\/06\/10\/american-airlines-considera-que-el-airbus-a321xlr-es-un-reemplazo-del-boeing-757\/"},"modified":"2020-11-25T11:49:45","modified_gmt":"2020-11-25T16:49:45","slug":"american-airlines-considera-que-el-airbus-a321xlr-es-un-reemplazo-del-boeing-757","status":"publish","type":"post","link":"https:\/\/aeronoticias.com.pe\/noticiero\/transporte-aereo\/internacional\/american-airlines-considera-que-el-airbus-a321xlr-es-un-reemplazo-del-boeing-757\/","title":{"rendered":"American Airlines considera que el Airbus A321XLR es un reemplazo del Boeing 757"},"content":{"rendered":"\n<p>Recientemente han circulado rumores de que American Airlines est\u00e1 considerando el Airbus A321XLR para reemplazar sus 34 antiguos Boeing 757-200. Estas especulaciones llegan d\u00edas antes del inicio del Sal\u00f3n Aeron\u00e1utico de Par\u00eds.<\/p>\n\n\n\n<p class=\"p1\">Ampliamente conocida como la aerol\u00ednea m\u00e1s grande del mundo, American Airlines ha estado usando el Boeing 757 durante muchos a\u00f1os. Su flota tiene una edad media de 19 a\u00f1os.<\/p>\n\n\n\n<p class=\"p1\">Seg\u00fan un art\u00edculo de Bloomberg, muchos esperan que Airbus lance el A321XLR en el Sal\u00f3n Aeron\u00e1utico de Par\u00eds, que tendr\u00e1 lugar del 17 al 23 de junio. El avi\u00f3n ser\u00eda una variante de mayor alcance del A321LR.<\/p>\n\n\n\n<p class=\"p1\">El nuevo modelo de Airbus, si se anunciara, estar\u00eda dise\u00f1ado para competir con el tan esperado Boeing 797, que todav\u00eda no se ha anunciado oficialmente.<\/p>\n\n\n\n<p class=\"p1\">Varias aerol\u00edneas han mostrado inter\u00e9s en el A321XLR.<\/p>\n\n\n\n<p class=\"p1\">Recientemente se ha sabido que United Airlines podr\u00eda reemplazar su propia flota de aviones 757 por el XLR. IndiGo de la India, el grupo IAG y JetBlue tambi\u00e9n han expresado su inter\u00e9s por dicha variante.<\/p>\n\n\n\n<p class=\"p1\">Fuente: <span style=\"text-decoration: underline;\"><strong><em>Aviaci\u00f3n al D\u00eda<\/em><\/strong><\/span><\/p>\n","protected":false},"excerpt":{"rendered":"<p>Recientemente han circulado rumores de que American Airlines est\u00e1 considerando el Airbus A321XLR para reemplazar sus 34 antiguos Boeing 757-200. Estas especulaciones llegan d\u00edas antes del inicio del Sal\u00f3n Aeron\u00e1utico de Par\u00eds. Ampliamente conocida como la aerol\u00ednea m\u00e1s grande del mundo, American Airlines ha estado usando el Boeing 757 durante muchos a\u00f1os. Su flota tiene [&hellip;]<\/p>\n","protected":false},"author":1,"featured_media":66629,"comment_status":"open","ping_status":"open","sticky":false,"template":"","format":"standard","meta":{"tdm_status":"","tdm_grid_status":"","footnotes":""},"categories":[32,11],"tags":[799,213,1026],"class_list":{"0":"post-58470","1":"post","2":"type-post","3":"status-publish","4":"format-standard","5":"has-post-thumbnail","7":"category-internacional","8":"category-transporte-aereo","9":"tag-airbus-a321xlr","10":"tag-american-airlines","11":"tag-boeing-757"},"yoast_head":"<!-- This site is optimized with the Yoast SEO plugin v25.1 - https:\/\/yoast.com\/wordpress\/plugins\/seo\/ -->\n<title>American Airlines considera que el Airbus A321XLR es un reemplazo del Boeing 757<\/title>\n<meta name=\"description\" content=\"Recientemente han circulado rumores de que American Airlines est\u00e1 considerando el Airbus A321XLR para reemplazar sus 34 antiguos Boeing 757-200. Estas especulaciones llegan d\u00edas antes del inicio del Sal\u00f3n Aeron\u00e1utico de Par\u00eds.\" \/>\n<meta name=\"robots\" content=\"index, follow, max-snippet:-1, max-image-preview:large, max-video-preview:-1\" \/>\n<link rel=\"canonical\" href=\"https:\/\/aeronoticias.com.pe\/noticiero\/transporte-aereo\/internacional\/american-airlines-considera-que-el-airbus-a321xlr-es-un-reemplazo-del-boeing-757\/\" \/>\n<meta property=\"og:locale\" content=\"es_ES\" \/>\n<meta property=\"og:type\" content=\"article\" \/>\n<meta property=\"og:title\" content=\"American Airlines considera que el Airbus A321XLR es un reemplazo del Boeing 757\" \/>\n<meta property=\"og:description\" content=\"Recientemente han circulado rumores de que American Airlines est\u00e1 considerando el Airbus A321XLR para reemplazar sus 34 antiguos Boeing 757-200. Estas especulaciones llegan d\u00edas antes del inicio del Sal\u00f3n Aeron\u00e1utico de Par\u00eds.\" \/>\n<meta property=\"og:url\" content=\"https:\/\/aeronoticias.com.pe\/noticiero\/transporte-aereo\/internacional\/american-airlines-considera-que-el-airbus-a321xlr-es-un-reemplazo-del-boeing-757\/\" \/>\n<meta property=\"og:site_name\" content=\"Aeronoticias.com.pe\" \/>\n<meta property=\"article:publisher\" content=\"https:\/\/www.facebook.com\/Aeronoticias.com.pe\/\" \/>\n<meta property=\"article:published_time\" content=\"2019-06-10T02:24:26+00:00\" \/>\n<meta property=\"article:modified_time\" content=\"2020-11-25T16:49:45+00:00\" \/>\n<meta property=\"og:image\" content=\"https:\/\/aeronoticias.com.pe\/noticiero\/wp-content\/uploads\/2019\/06\/A321XLR-Airbus.jpg\" \/>\n\t<meta property=\"og:image:width\" content=\"840\" \/>\n\t<meta property=\"og:image:height\" content=\"560\" \/>\n\t<meta property=\"og:image:type\" content=\"image\/jpeg\" \/>\n<meta name=\"author\" content=\"Redacci\u00f3n Aeronoticias\" \/>\n<meta name=\"twitter:card\" content=\"summary_large_image\" \/>\n<meta name=\"twitter:creator\" content=\"@aeronoticias\" \/>\n<meta name=\"twitter:site\" content=\"@aeronoticias\" \/>\n<meta name=\"twitter:label1\" content=\"Escrito por\" \/>\n\t<meta name=\"twitter:data1\" content=\"Redacci\u00f3n Aeronoticias\" \/>\n\t<meta name=\"twitter:label2\" content=\"Tiempo de lectura\" \/>\n\t<meta name=\"twitter:data2\" content=\"1 minuto\" \/>\n<script type=\"application\/ld+json\" class=\"yoast-schema-graph\">{\"@context\":\"https:\/\/schema.org\",\"@graph\":[{\"@type\":\"WebPage\",\"@id\":\"https:\/\/aeronoticias.com.pe\/noticiero\/transporte-aereo\/internacional\/american-airlines-considera-que-el-airbus-a321xlr-es-un-reemplazo-del-boeing-757\/\",\"url\":\"https:\/\/aeronoticias.com.pe\/noticiero\/transporte-aereo\/internacional\/american-airlines-considera-que-el-airbus-a321xlr-es-un-reemplazo-del-boeing-757\/\",\"name\":\"American Airlines considera que el Airbus A321XLR es un reemplazo del Boeing 757\",\"isPartOf\":{\"@id\":\"https:\/\/aeronoticias.com.pe\/noticiero\/#website\"},\"primaryImageOfPage\":{\"@id\":\"https:\/\/aeronoticias.com.pe\/noticiero\/transporte-aereo\/internacional\/american-airlines-considera-que-el-airbus-a321xlr-es-un-reemplazo-del-boeing-757\/#primaryimage\"},\"image\":{\"@id\":\"https:\/\/aeronoticias.com.pe\/noticiero\/transporte-aereo\/internacional\/american-airlines-considera-que-el-airbus-a321xlr-es-un-reemplazo-del-boeing-757\/#primaryimage\"},\"thumbnailUrl\":\"https:\/\/aeronoticias.com.pe\/noticiero\/wp-content\/uploads\/2019\/06\/A321XLR-Airbus.jpg\",\"datePublished\":\"2019-06-10T02:24:26+00:00\",\"dateModified\":\"2020-11-25T16:49:45+00:00\",\"author\":{\"@id\":\"https:\/\/aeronoticias.com.pe\/noticiero\/#\/schema\/person\/fc1e5d578f4b62ba1cf7ac2bba1170a0\"},\"description\":\"Recientemente han circulado rumores de que American Airlines est\u00e1 considerando el Airbus A321XLR para reemplazar sus 34 antiguos Boeing 757-200. Estas especulaciones llegan d\u00edas antes del inicio del Sal\u00f3n Aeron\u00e1utico de Par\u00eds.\",\"breadcrumb\":{\"@id\":\"https:\/\/aeronoticias.com.pe\/noticiero\/transporte-aereo\/internacional\/american-airlines-considera-que-el-airbus-a321xlr-es-un-reemplazo-del-boeing-757\/#breadcrumb\"},\"inLanguage\":\"es\",\"potentialAction\":[{\"@type\":\"ReadAction\",\"target\":[\"https:\/\/aeronoticias.com.pe\/noticiero\/transporte-aereo\/internacional\/american-airlines-considera-que-el-airbus-a321xlr-es-un-reemplazo-del-boeing-757\/\"]}]},{\"@type\":\"ImageObject\",\"inLanguage\":\"es\",\"@id\":\"https:\/\/aeronoticias.com.pe\/noticiero\/transporte-aereo\/internacional\/american-airlines-considera-que-el-airbus-a321xlr-es-un-reemplazo-del-boeing-757\/#primaryimage\",\"url\":\"https:\/\/aeronoticias.com.pe\/noticiero\/wp-content\/uploads\/2019\/06\/A321XLR-Airbus.jpg\",\"contentUrl\":\"https:\/\/aeronoticias.com.pe\/noticiero\/wp-content\/uploads\/2019\/06\/A321XLR-Airbus.jpg\",\"width\":840,\"height\":560},{\"@type\":\"BreadcrumbList\",\"@id\":\"https:\/\/aeronoticias.com.pe\/noticiero\/transporte-aereo\/internacional\/american-airlines-considera-que-el-airbus-a321xlr-es-un-reemplazo-del-boeing-757\/#breadcrumb\",\"itemListElement\":[{\"@type\":\"ListItem\",\"position\":1,\"name\":\"Portada\",\"item\":\"https:\/\/aeronoticias.com.pe\/noticiero\/\"},{\"@type\":\"ListItem\",\"position\":2,\"name\":\"American Airlines considera que el Airbus A321XLR es un reemplazo del Boeing 757\"}]},{\"@type\":\"WebSite\",\"@id\":\"https:\/\/aeronoticias.com.pe\/noticiero\/#website\",\"url\":\"https:\/\/aeronoticias.com.pe\/noticiero\/\",\"name\":\"Aeronoticias.com.pe\",\"description\":\"Noticias de tranporte aereo, turismo, hoteles, gastronomia, actualidad, internacional\",\"potentialAction\":[{\"@type\":\"SearchAction\",\"target\":{\"@type\":\"EntryPoint\",\"urlTemplate\":\"https:\/\/aeronoticias.com.pe\/noticiero\/?s={search_term_string}\"},\"query-input\":{\"@type\":\"PropertyValueSpecification\",\"valueRequired\":true,\"valueName\":\"search_term_string\"}}],\"inLanguage\":\"es\"},{\"@type\":\"Person\",\"@id\":\"https:\/\/aeronoticias.com.pe\/noticiero\/#\/schema\/person\/fc1e5d578f4b62ba1cf7ac2bba1170a0\",\"name\":\"Redacci\u00f3n Aeronoticias\",\"url\":\"https:\/\/aeronoticias.com.pe\/noticiero\/author\/piloto\/\"}]}<\/script>\n<!-- \/ Yoast SEO plugin. -->","yoast_head_json":{"title":"American Airlines considera que el Airbus A321XLR es un reemplazo del Boeing 757","description":"Recientemente han circulado rumores de que American Airlines est\u00e1 considerando el Airbus A321XLR para reemplazar sus 34 antiguos Boeing 757-200. Estas especulaciones llegan d\u00edas antes del inicio del Sal\u00f3n Aeron\u00e1utico de Par\u00eds.","robots":{"index":"index","follow":"follow","max-snippet":"max-snippet:-1","max-image-preview":"max-image-preview:large","max-video-preview":"max-video-preview:-1"},"canonical":"https:\/\/aeronoticias.com.pe\/noticiero\/transporte-aereo\/internacional\/american-airlines-considera-que-el-airbus-a321xlr-es-un-reemplazo-del-boeing-757\/","og_locale":"es_ES","og_type":"article","og_title":"American Airlines considera que el Airbus A321XLR es un reemplazo del Boeing 757","og_description":"Recientemente han circulado rumores de que American Airlines est\u00e1 considerando el Airbus A321XLR para reemplazar sus 34 antiguos Boeing 757-200. Estas especulaciones llegan d\u00edas antes del inicio del Sal\u00f3n Aeron\u00e1utico de Par\u00eds.","og_url":"https:\/\/aeronoticias.com.pe\/noticiero\/transporte-aereo\/internacional\/american-airlines-considera-que-el-airbus-a321xlr-es-un-reemplazo-del-boeing-757\/","og_site_name":"Aeronoticias.com.pe","article_publisher":"https:\/\/www.facebook.com\/Aeronoticias.com.pe\/","article_published_time":"2019-06-10T02:24:26+00:00","article_modified_time":"2020-11-25T16:49:45+00:00","og_image":[{"width":840,"height":560,"url":"https:\/\/aeronoticias.com.pe\/noticiero\/wp-content\/uploads\/2019\/06\/A321XLR-Airbus.jpg","type":"image\/jpeg"}],"author":"Redacci\u00f3n Aeronoticias","twitter_card":"summary_large_image","twitter_creator":"@aeronoticias","twitter_site":"@aeronoticias","twitter_misc":{"Escrito por":"Redacci\u00f3n Aeronoticias","Tiempo de lectura":"1 minuto"},"schema":{"@context":"https:\/\/schema.org","@graph":[{"@type":"WebPage","@id":"https:\/\/aeronoticias.com.pe\/noticiero\/transporte-aereo\/internacional\/american-airlines-considera-que-el-airbus-a321xlr-es-un-reemplazo-del-boeing-757\/","url":"https:\/\/aeronoticias.com.pe\/noticiero\/transporte-aereo\/internacional\/american-airlines-considera-que-el-airbus-a321xlr-es-un-reemplazo-del-boeing-757\/","name":"American Airlines considera que el Airbus A321XLR es un reemplazo del Boeing 757","isPartOf":{"@id":"https:\/\/aeronoticias.com.pe\/noticiero\/#website"},"primaryImageOfPage":{"@id":"https:\/\/aeronoticias.com.pe\/noticiero\/transporte-aereo\/internacional\/american-airlines-considera-que-el-airbus-a321xlr-es-un-reemplazo-del-boeing-757\/#primaryimage"},"image":{"@id":"https:\/\/aeronoticias.com.pe\/noticiero\/transporte-aereo\/internacional\/american-airlines-considera-que-el-airbus-a321xlr-es-un-reemplazo-del-boeing-757\/#primaryimage"},"thumbnailUrl":"https:\/\/aeronoticias.com.pe\/noticiero\/wp-content\/uploads\/2019\/06\/A321XLR-Airbus.jpg","datePublished":"2019-06-10T02:24:26+00:00","dateModified":"2020-11-25T16:49:45+00:00","author":{"@id":"https:\/\/aeronoticias.com.pe\/noticiero\/#\/schema\/person\/fc1e5d578f4b62ba1cf7ac2bba1170a0"},"description":"Recientemente han circulado rumores de que American Airlines est\u00e1 considerando el Airbus A321XLR para reemplazar sus 34 antiguos Boeing 757-200. Estas especulaciones llegan d\u00edas antes del inicio del Sal\u00f3n Aeron\u00e1utico de Par\u00eds.","breadcrumb":{"@id":"https:\/\/aeronoticias.com.pe\/noticiero\/transporte-aereo\/internacional\/american-airlines-considera-que-el-airbus-a321xlr-es-un-reemplazo-del-boeing-757\/#breadcrumb"},"inLanguage":"es","potentialAction":[{"@type":"ReadAction","target":["https:\/\/aeronoticias.com.pe\/noticiero\/transporte-aereo\/internacional\/american-airlines-considera-que-el-airbus-a321xlr-es-un-reemplazo-del-boeing-757\/"]}]},{"@type":"ImageObject","inLanguage":"es","@id":"https:\/\/aeronoticias.com.pe\/noticiero\/transporte-aereo\/internacional\/american-airlines-considera-que-el-airbus-a321xlr-es-un-reemplazo-del-boeing-757\/#primaryimage","url":"https:\/\/aeronoticias.com.pe\/noticiero\/wp-content\/uploads\/2019\/06\/A321XLR-Airbus.jpg","contentUrl":"https:\/\/aeronoticias.com.pe\/noticiero\/wp-content\/uploads\/2019\/06\/A321XLR-Airbus.jpg","width":840,"height":560},{"@type":"BreadcrumbList","@id":"https:\/\/aeronoticias.com.pe\/noticiero\/transporte-aereo\/internacional\/american-airlines-considera-que-el-airbus-a321xlr-es-un-reemplazo-del-boeing-757\/#breadcrumb","itemListElement":[{"@type":"ListItem","position":1,"name":"Portada","item":"https:\/\/aeronoticias.com.pe\/noticiero\/"},{"@type":"ListItem","position":2,"name":"American Airlines considera que el Airbus A321XLR es un reemplazo del Boeing 757"}]},{"@type":"WebSite","@id":"https:\/\/aeronoticias.com.pe\/noticiero\/#website","url":"https:\/\/aeronoticias.com.pe\/noticiero\/","name":"Aeronoticias.com.pe","description":"Noticias de tranporte aereo, turismo, hoteles, gastronomia, actualidad, internacional","potentialAction":[{"@type":"SearchAction","target":{"@type":"EntryPoint","urlTemplate":"https:\/\/aeronoticias.com.pe\/noticiero\/?s={search_term_string}"},"query-input":{"@type":"PropertyValueSpecification","valueRequired":true,"valueName":"search_term_string"}}],"inLanguage":"es"},{"@type":"Person","@id":"https:\/\/aeronoticias.com.pe\/noticiero\/#\/schema\/person\/fc1e5d578f4b62ba1cf7ac2bba1170a0","name":"Redacci\u00f3n Aeronoticias","url":"https:\/\/aeronoticias.com.pe\/noticiero\/author\/piloto\/"}]}},"_links":{"self":[{"href":"https:\/\/aeronoticias.com.pe\/noticiero\/wp-json\/wp\/v2\/posts\/58470","targetHints":{"allow":["GET"]}}],"collection":[{"href":"https:\/\/aeronoticias.com.pe\/noticiero\/wp-json\/wp\/v2\/posts"}],"about":[{"href":"https:\/\/aeronoticias.com.pe\/noticiero\/wp-json\/wp\/v2\/types\/post"}],"author":[{"embeddable":true,"href":"https:\/\/aeronoticias.com.pe\/noticiero\/wp-json\/wp\/v2\/users\/1"}],"replies":[{"embeddable":true,"href":"https:\/\/aeronoticias.com.pe\/noticiero\/wp-json\/wp\/v2\/comments?post=58470"}],"version-history":[{"count":0,"href":"https:\/\/aeronoticias.com.pe\/noticiero\/wp-json\/wp\/v2\/posts\/58470\/revisions"}],"wp:featuredmedia":[{"embeddable":true,"href":"https:\/\/aeronoticias.com.pe\/noticiero\/wp-json\/wp\/v2\/media\/66629"}],"wp:attachment":[{"href":"https:\/\/aeronoticias.com.pe\/noticiero\/wp-json\/wp\/v2\/media?parent=58470"}],"wp:term":[{"taxonomy":"category","embeddable":true,"href":"https:\/\/aeronoticias.com.pe\/noticiero\/wp-json\/wp\/v2\/categories?post=58470"},{"taxonomy":"post_tag","embeddable":true,"href":"https:\/\/aeronoticias.com.pe\/noticiero\/wp-json\/wp\/v2\/tags?post=58470"}],"curies":[{"name":"wp","href":"https:\/\/api.w.org\/{rel}","templated":true}]}}