{"id":58472,"date":"2019-06-10T23:21:52","date_gmt":"2019-06-10T23:21:52","guid":{"rendered":"http:\/\/desarrollo.mcvicious.com\/aero2020\/2019\/06\/10\/los-antivuelos-el-movimiento-que-evita-viajar-en-avion-para-contaminar-menos\/"},"modified":"2020-11-25T11:46:50","modified_gmt":"2020-11-25T16:46:50","slug":"los-antivuelos-el-movimiento-que-evita-viajar-en-avion-para-contaminar-menos","status":"publish","type":"post","link":"https:\/\/aeronoticias.com.pe\/noticiero\/transporte-aereo\/internacional\/los-antivuelos-el-movimiento-que-evita-viajar-en-avion-para-contaminar-menos\/","title":{"rendered":"Los \u2018antivuelos\u2019, el movimiento que evita viajar en avi\u00f3n para contaminar menos"},"content":{"rendered":"\n<p>El colectivo antivuelos ha pedido a los ciudadanos que en lugar del avi\u00f3n optemos por otras alternativas menos contaminantes, siempre que las tengamos.<\/p>\n\n\n\n<p class=\"p1\">Este movimiento que comienza a extenderse por toda Europa impulsado por la activista sueca Greta Thunberg ha hecho que en Francia se lleve al Parlamento una proposici\u00f3n para eliminar las rutas internas en las que haya otras opciones como el ferrocarril.<\/p>\n\n\n\n<p class=\"p1\">En Espa\u00f1a, un trayecto Madrid-Barcelona en tren emite contaminaci\u00f3n cero a diferencia de los 115 kilos de CO2 por pasajero si fu\u00e9ramos en avi\u00f3n. Adem\u00e1s, las cifras demuestran que los trayectos cortos son los m\u00e1s contaminantes.<\/p>\n\n\n\n<p class=\"p1\">\u201cCuando m\u00e1s combustible queman es en el despegue y hasta que alcanza la altura de crucero a 10.000 metros. Eso provoca que sea un aut\u00e9ntico sinsentido hacer viajes en avi\u00f3n desde el punto de vista ambiental para menos de 300 o 400 kil\u00f3metros cuando hay otros medios de transporte alternativos\u201d, ha explicado Paco Segura, coordinador de Ecologistas en Acci\u00f3n.<\/p>\n\n\n\n<p class=\"p1\">El avi\u00f3n es el medio de transporte m\u00e1s contaminante que cuenta con ventajas fiscales en muchos pa\u00edses. Espa\u00f1a es uno de esos lugares en los que no tienen impuestos o tasas especiales sobre el queroseno, su combustible.<\/p>\n\n\n\n<p class=\"p1\">No obstante, las aerol\u00edneas de todo el mundo aseguran que ya est\u00e1n trabajando en conseguir nuevas tecnolog\u00edas anticomtaminaci\u00f3n.<\/p>\n\n\n\n<p class=\"p1\">Fuente: <span style=\"text-decoration: underline;\"><em><strong>Aviaci\u00f3n al d\u00eda.<\/strong><\/em><\/span><\/p>\n","protected":false},"excerpt":{"rendered":"<p>El colectivo antivuelos ha pedido a los ciudadanos que en lugar del avi\u00f3n optemos por otras alternativas menos contaminantes, siempre que las tengamos. Este movimiento que comienza a extenderse por toda Europa impulsado por la activista sueca Greta Thunberg ha hecho que en Francia se lleve al Parlamento una proposici\u00f3n para eliminar las rutas internas [&hellip;]<\/p>\n","protected":false},"author":1,"featured_media":66627,"comment_status":"open","ping_status":"open","sticky":false,"template":"","format":"standard","meta":{"tdm_status":"","tdm_grid_status":"","footnotes":""},"categories":[32,11],"tags":[1025,601],"class_list":{"0":"post-58472","1":"post","2":"type-post","3":"status-publish","4":"format-standard","5":"has-post-thumbnail","7":"category-internacional","8":"category-transporte-aereo","9":"tag-antivuelos","10":"tag-contaminacion-medioambiental"},"yoast_head":"<!-- This site is optimized with the Yoast SEO plugin v25.1 - https:\/\/yoast.com\/wordpress\/plugins\/seo\/ -->\n<title>Los \u2018antivuelos\u2019, el movimiento que evita viajar en avi\u00f3n para contaminar menos<\/title>\n<meta name=\"description\" content=\"Este movimiento que comienza a extenderse por toda Europa impulsado por la activista sueca Greta Thunberg ha hecho que en Francia se lleve al Parlamento una proposici\u00f3n para eliminar las rutas internas en las que haya otras opciones como el ferrocarril.\" \/>\n<meta name=\"robots\" content=\"index, follow, max-snippet:-1, max-image-preview:large, max-video-preview:-1\" \/>\n<link rel=\"canonical\" href=\"https:\/\/aeronoticias.com.pe\/noticiero\/transporte-aereo\/internacional\/los-antivuelos-el-movimiento-que-evita-viajar-en-avion-para-contaminar-menos\/\" \/>\n<meta property=\"og:locale\" content=\"es_ES\" \/>\n<meta property=\"og:type\" content=\"article\" \/>\n<meta property=\"og:title\" content=\"Los \u2018antivuelos\u2019, el movimiento que evita viajar en avi\u00f3n para contaminar menos\" \/>\n<meta property=\"og:description\" content=\"Este movimiento que comienza a extenderse por toda Europa impulsado por la activista sueca Greta Thunberg ha hecho que en Francia se lleve al Parlamento una proposici\u00f3n para eliminar las rutas internas en las que haya otras opciones como el ferrocarril.\" \/>\n<meta property=\"og:url\" content=\"https:\/\/aeronoticias.com.pe\/noticiero\/transporte-aereo\/internacional\/los-antivuelos-el-movimiento-que-evita-viajar-en-avion-para-contaminar-menos\/\" \/>\n<meta property=\"og:site_name\" content=\"Aeronoticias.com.pe\" \/>\n<meta property=\"article:publisher\" content=\"https:\/\/www.facebook.com\/Aeronoticias.com.pe\/\" \/>\n<meta property=\"article:published_time\" content=\"2019-06-10T23:21:52+00:00\" \/>\n<meta property=\"article:modified_time\" content=\"2020-11-25T16:46:50+00:00\" \/>\n<meta property=\"og:image\" content=\"https:\/\/aeronoticias.com.pe\/noticiero\/wp-content\/uploads\/2019\/06\/colectivo-antivuelos.jpg\" \/>\n\t<meta property=\"og:image:width\" content=\"800\" \/>\n\t<meta property=\"og:image:height\" content=\"400\" \/>\n\t<meta property=\"og:image:type\" content=\"image\/jpeg\" \/>\n<meta name=\"author\" content=\"Redacci\u00f3n Aeronoticias\" \/>\n<meta name=\"twitter:card\" content=\"summary_large_image\" \/>\n<meta name=\"twitter:creator\" content=\"@aeronoticias\" \/>\n<meta name=\"twitter:site\" content=\"@aeronoticias\" \/>\n<meta name=\"twitter:label1\" content=\"Escrito por\" \/>\n\t<meta name=\"twitter:data1\" content=\"Redacci\u00f3n Aeronoticias\" \/>\n\t<meta name=\"twitter:label2\" content=\"Tiempo de lectura\" \/>\n\t<meta name=\"twitter:data2\" content=\"1 minuto\" \/>\n<script type=\"application\/ld+json\" class=\"yoast-schema-graph\">{\"@context\":\"https:\/\/schema.org\",\"@graph\":[{\"@type\":\"WebPage\",\"@id\":\"https:\/\/aeronoticias.com.pe\/noticiero\/transporte-aereo\/internacional\/los-antivuelos-el-movimiento-que-evita-viajar-en-avion-para-contaminar-menos\/\",\"url\":\"https:\/\/aeronoticias.com.pe\/noticiero\/transporte-aereo\/internacional\/los-antivuelos-el-movimiento-que-evita-viajar-en-avion-para-contaminar-menos\/\",\"name\":\"Los \u2018antivuelos\u2019, el movimiento que evita viajar en avi\u00f3n para contaminar menos\",\"isPartOf\":{\"@id\":\"https:\/\/aeronoticias.com.pe\/noticiero\/#website\"},\"primaryImageOfPage\":{\"@id\":\"https:\/\/aeronoticias.com.pe\/noticiero\/transporte-aereo\/internacional\/los-antivuelos-el-movimiento-que-evita-viajar-en-avion-para-contaminar-menos\/#primaryimage\"},\"image\":{\"@id\":\"https:\/\/aeronoticias.com.pe\/noticiero\/transporte-aereo\/internacional\/los-antivuelos-el-movimiento-que-evita-viajar-en-avion-para-contaminar-menos\/#primaryimage\"},\"thumbnailUrl\":\"https:\/\/aeronoticias.com.pe\/noticiero\/wp-content\/uploads\/2019\/06\/colectivo-antivuelos.jpg\",\"datePublished\":\"2019-06-10T23:21:52+00:00\",\"dateModified\":\"2020-11-25T16:46:50+00:00\",\"author\":{\"@id\":\"https:\/\/aeronoticias.com.pe\/noticiero\/#\/schema\/person\/fc1e5d578f4b62ba1cf7ac2bba1170a0\"},\"description\":\"Este movimiento que comienza a extenderse por toda Europa impulsado por la activista sueca Greta Thunberg ha hecho que en Francia se lleve al Parlamento una proposici\u00f3n para eliminar las rutas internas en las que haya otras opciones como el ferrocarril.\",\"breadcrumb\":{\"@id\":\"https:\/\/aeronoticias.com.pe\/noticiero\/transporte-aereo\/internacional\/los-antivuelos-el-movimiento-que-evita-viajar-en-avion-para-contaminar-menos\/#breadcrumb\"},\"inLanguage\":\"es\",\"potentialAction\":[{\"@type\":\"ReadAction\",\"target\":[\"https:\/\/aeronoticias.com.pe\/noticiero\/transporte-aereo\/internacional\/los-antivuelos-el-movimiento-que-evita-viajar-en-avion-para-contaminar-menos\/\"]}]},{\"@type\":\"ImageObject\",\"inLanguage\":\"es\",\"@id\":\"https:\/\/aeronoticias.com.pe\/noticiero\/transporte-aereo\/internacional\/los-antivuelos-el-movimiento-que-evita-viajar-en-avion-para-contaminar-menos\/#primaryimage\",\"url\":\"https:\/\/aeronoticias.com.pe\/noticiero\/wp-content\/uploads\/2019\/06\/colectivo-antivuelos.jpg\",\"contentUrl\":\"https:\/\/aeronoticias.com.pe\/noticiero\/wp-content\/uploads\/2019\/06\/colectivo-antivuelos.jpg\",\"width\":800,\"height\":400},{\"@type\":\"BreadcrumbList\",\"@id\":\"https:\/\/aeronoticias.com.pe\/noticiero\/transporte-aereo\/internacional\/los-antivuelos-el-movimiento-que-evita-viajar-en-avion-para-contaminar-menos\/#breadcrumb\",\"itemListElement\":[{\"@type\":\"ListItem\",\"position\":1,\"name\":\"Portada\",\"item\":\"https:\/\/aeronoticias.com.pe\/noticiero\/\"},{\"@type\":\"ListItem\",\"position\":2,\"name\":\"Los \u2018antivuelos\u2019, el movimiento que evita viajar en avi\u00f3n para contaminar menos\"}]},{\"@type\":\"WebSite\",\"@id\":\"https:\/\/aeronoticias.com.pe\/noticiero\/#website\",\"url\":\"https:\/\/aeronoticias.com.pe\/noticiero\/\",\"name\":\"Aeronoticias.com.pe\",\"description\":\"Noticias de tranporte aereo, turismo, hoteles, gastronomia, actualidad, internacional\",\"potentialAction\":[{\"@type\":\"SearchAction\",\"target\":{\"@type\":\"EntryPoint\",\"urlTemplate\":\"https:\/\/aeronoticias.com.pe\/noticiero\/?s={search_term_string}\"},\"query-input\":{\"@type\":\"PropertyValueSpecification\",\"valueRequired\":true,\"valueName\":\"search_term_string\"}}],\"inLanguage\":\"es\"},{\"@type\":\"Person\",\"@id\":\"https:\/\/aeronoticias.com.pe\/noticiero\/#\/schema\/person\/fc1e5d578f4b62ba1cf7ac2bba1170a0\",\"name\":\"Redacci\u00f3n Aeronoticias\",\"url\":\"https:\/\/aeronoticias.com.pe\/noticiero\/author\/piloto\/\"}]}<\/script>\n<!-- \/ Yoast SEO plugin. -->","yoast_head_json":{"title":"Los \u2018antivuelos\u2019, el movimiento que evita viajar en avi\u00f3n para contaminar menos","description":"Este movimiento que comienza a extenderse por toda Europa impulsado por la activista sueca Greta Thunberg ha hecho que en Francia se lleve al Parlamento una proposici\u00f3n para eliminar las rutas internas en las que haya otras opciones como el ferrocarril.","robots":{"index":"index","follow":"follow","max-snippet":"max-snippet:-1","max-image-preview":"max-image-preview:large","max-video-preview":"max-video-preview:-1"},"canonical":"https:\/\/aeronoticias.com.pe\/noticiero\/transporte-aereo\/internacional\/los-antivuelos-el-movimiento-que-evita-viajar-en-avion-para-contaminar-menos\/","og_locale":"es_ES","og_type":"article","og_title":"Los \u2018antivuelos\u2019, el movimiento que evita viajar en avi\u00f3n para contaminar menos","og_description":"Este movimiento que comienza a extenderse por toda Europa impulsado por la activista sueca Greta Thunberg ha hecho que en Francia se lleve al Parlamento una proposici\u00f3n para eliminar las rutas internas en las que haya otras opciones como el ferrocarril.","og_url":"https:\/\/aeronoticias.com.pe\/noticiero\/transporte-aereo\/internacional\/los-antivuelos-el-movimiento-que-evita-viajar-en-avion-para-contaminar-menos\/","og_site_name":"Aeronoticias.com.pe","article_publisher":"https:\/\/www.facebook.com\/Aeronoticias.com.pe\/","article_published_time":"2019-06-10T23:21:52+00:00","article_modified_time":"2020-11-25T16:46:50+00:00","og_image":[{"width":800,"height":400,"url":"https:\/\/aeronoticias.com.pe\/noticiero\/wp-content\/uploads\/2019\/06\/colectivo-antivuelos.jpg","type":"image\/jpeg"}],"author":"Redacci\u00f3n Aeronoticias","twitter_card":"summary_large_image","twitter_creator":"@aeronoticias","twitter_site":"@aeronoticias","twitter_misc":{"Escrito por":"Redacci\u00f3n Aeronoticias","Tiempo de lectura":"1 minuto"},"schema":{"@context":"https:\/\/schema.org","@graph":[{"@type":"WebPage","@id":"https:\/\/aeronoticias.com.pe\/noticiero\/transporte-aereo\/internacional\/los-antivuelos-el-movimiento-que-evita-viajar-en-avion-para-contaminar-menos\/","url":"https:\/\/aeronoticias.com.pe\/noticiero\/transporte-aereo\/internacional\/los-antivuelos-el-movimiento-que-evita-viajar-en-avion-para-contaminar-menos\/","name":"Los \u2018antivuelos\u2019, el movimiento que evita viajar en avi\u00f3n para contaminar menos","isPartOf":{"@id":"https:\/\/aeronoticias.com.pe\/noticiero\/#website"},"primaryImageOfPage":{"@id":"https:\/\/aeronoticias.com.pe\/noticiero\/transporte-aereo\/internacional\/los-antivuelos-el-movimiento-que-evita-viajar-en-avion-para-contaminar-menos\/#primaryimage"},"image":{"@id":"https:\/\/aeronoticias.com.pe\/noticiero\/transporte-aereo\/internacional\/los-antivuelos-el-movimiento-que-evita-viajar-en-avion-para-contaminar-menos\/#primaryimage"},"thumbnailUrl":"https:\/\/aeronoticias.com.pe\/noticiero\/wp-content\/uploads\/2019\/06\/colectivo-antivuelos.jpg","datePublished":"2019-06-10T23:21:52+00:00","dateModified":"2020-11-25T16:46:50+00:00","author":{"@id":"https:\/\/aeronoticias.com.pe\/noticiero\/#\/schema\/person\/fc1e5d578f4b62ba1cf7ac2bba1170a0"},"description":"Este movimiento que comienza a extenderse por toda Europa impulsado por la activista sueca Greta Thunberg ha hecho que en Francia se lleve al Parlamento una proposici\u00f3n para eliminar las rutas internas en las que haya otras opciones como el ferrocarril.","breadcrumb":{"@id":"https:\/\/aeronoticias.com.pe\/noticiero\/transporte-aereo\/internacional\/los-antivuelos-el-movimiento-que-evita-viajar-en-avion-para-contaminar-menos\/#breadcrumb"},"inLanguage":"es","potentialAction":[{"@type":"ReadAction","target":["https:\/\/aeronoticias.com.pe\/noticiero\/transporte-aereo\/internacional\/los-antivuelos-el-movimiento-que-evita-viajar-en-avion-para-contaminar-menos\/"]}]},{"@type":"ImageObject","inLanguage":"es","@id":"https:\/\/aeronoticias.com.pe\/noticiero\/transporte-aereo\/internacional\/los-antivuelos-el-movimiento-que-evita-viajar-en-avion-para-contaminar-menos\/#primaryimage","url":"https:\/\/aeronoticias.com.pe\/noticiero\/wp-content\/uploads\/2019\/06\/colectivo-antivuelos.jpg","contentUrl":"https:\/\/aeronoticias.com.pe\/noticiero\/wp-content\/uploads\/2019\/06\/colectivo-antivuelos.jpg","width":800,"height":400},{"@type":"BreadcrumbList","@id":"https:\/\/aeronoticias.com.pe\/noticiero\/transporte-aereo\/internacional\/los-antivuelos-el-movimiento-que-evita-viajar-en-avion-para-contaminar-menos\/#breadcrumb","itemListElement":[{"@type":"ListItem","position":1,"name":"Portada","item":"https:\/\/aeronoticias.com.pe\/noticiero\/"},{"@type":"ListItem","position":2,"name":"Los \u2018antivuelos\u2019, el movimiento que evita viajar en avi\u00f3n para contaminar menos"}]},{"@type":"WebSite","@id":"https:\/\/aeronoticias.com.pe\/noticiero\/#website","url":"https:\/\/aeronoticias.com.pe\/noticiero\/","name":"Aeronoticias.com.pe","description":"Noticias de tranporte aereo, turismo, hoteles, gastronomia, actualidad, internacional","potentialAction":[{"@type":"SearchAction","target":{"@type":"EntryPoint","urlTemplate":"https:\/\/aeronoticias.com.pe\/noticiero\/?s={search_term_string}"},"query-input":{"@type":"PropertyValueSpecification","valueRequired":true,"valueName":"search_term_string"}}],"inLanguage":"es"},{"@type":"Person","@id":"https:\/\/aeronoticias.com.pe\/noticiero\/#\/schema\/person\/fc1e5d578f4b62ba1cf7ac2bba1170a0","name":"Redacci\u00f3n Aeronoticias","url":"https:\/\/aeronoticias.com.pe\/noticiero\/author\/piloto\/"}]}},"_links":{"self":[{"href":"https:\/\/aeronoticias.com.pe\/noticiero\/wp-json\/wp\/v2\/posts\/58472","targetHints":{"allow":["GET"]}}],"collection":[{"href":"https:\/\/aeronoticias.com.pe\/noticiero\/wp-json\/wp\/v2\/posts"}],"about":[{"href":"https:\/\/aeronoticias.com.pe\/noticiero\/wp-json\/wp\/v2\/types\/post"}],"author":[{"embeddable":true,"href":"https:\/\/aeronoticias.com.pe\/noticiero\/wp-json\/wp\/v2\/users\/1"}],"replies":[{"embeddable":true,"href":"https:\/\/aeronoticias.com.pe\/noticiero\/wp-json\/wp\/v2\/comments?post=58472"}],"version-history":[{"count":0,"href":"https:\/\/aeronoticias.com.pe\/noticiero\/wp-json\/wp\/v2\/posts\/58472\/revisions"}],"wp:featuredmedia":[{"embeddable":true,"href":"https:\/\/aeronoticias.com.pe\/noticiero\/wp-json\/wp\/v2\/media\/66627"}],"wp:attachment":[{"href":"https:\/\/aeronoticias.com.pe\/noticiero\/wp-json\/wp\/v2\/media?parent=58472"}],"wp:term":[{"taxonomy":"category","embeddable":true,"href":"https:\/\/aeronoticias.com.pe\/noticiero\/wp-json\/wp\/v2\/categories?post=58472"},{"taxonomy":"post_tag","embeddable":true,"href":"https:\/\/aeronoticias.com.pe\/noticiero\/wp-json\/wp\/v2\/tags?post=58472"}],"curies":[{"name":"wp","href":"https:\/\/api.w.org\/{rel}","templated":true}]}}