{"id":58478,"date":"2019-06-10T16:35:40","date_gmt":"2019-06-10T16:35:40","guid":{"rendered":"http:\/\/desarrollo.mcvicious.com\/aero2020\/2019\/06\/10\/el-papa-decidido-a-devolver-al-santuario-de-lourdes-en-un-lugar-de-oracion-y-no-de-compras-como-una-simple-qboutiqueq-de-venta-de-amuletos\/"},"modified":"2019-06-10T16:35:40","modified_gmt":"2019-06-10T16:35:40","slug":"el-papa-decidido-a-devolver-al-santuario-de-lourdes-en-un-lugar-de-oracion-y-no-de-compras-como-una-simple-qboutiqueq-de-venta-de-amuletos","status":"publish","type":"post","link":"https:\/\/aeronoticias.com.pe\/noticiero\/mundo\/mundo-mundo-2\/el-papa-decidido-a-devolver-al-santuario-de-lourdes-en-un-lugar-de-oracion-y-no-de-compras-como-una-simple-qboutiqueq-de-venta-de-amuletos\/","title":{"rendered":"El Papa decidido a devolver al Santuario de Lourdes en un lugar de oraci\u00f3n y no de compras como una simple \u00abboutique\u00bb de venta de amuletos"},"content":{"rendered":"<p style=\"text-align: justify;\"><strong>(Aeronoticias) <\/strong><span style=\"text-align: justify;\">Hacen a\u00f1os ya que la avidez de los comerciantes desnaturalizaron al Santuario de Lourdes como un lugar de fe, donde acuden millones de cat\u00f3licos de todo el mundo, convirti\u00e9ndolo en una inmensa tienda donde se venden amuletos religiosos.<\/span><\/p>\n<p style=\"text-align: justify;\">El Papa Francisco decidi\u00f3 poner fin a \u00e9sto y encomend\u00f3 al arzobispo Rino Fisichella, presidente del Pontificio Consejo para la Nueva Evangelizaci\u00f3n, cumplir la misi\u00f3n de mejorar el modelo pastoral de los santuarios cat\u00f3licos.<\/p>\n<p style=\"text-align: justify;\">Como se sabe este lugar, ubicado en Francia, es venerado porque all\u00ed se apareci\u00f3 la Virgen Mar\u00eda hacen 161 a\u00f1os a una ni\u00f1a campesina y desde entonces se han registrado hasta 70 milagros v\u00e1lidos y m\u00e1s de 7 mil curaciones sin explicaci\u00f3n cient\u00edfica.<\/p>\n<p style=\"text-align: justify;\">Este tema es destacado hoy por el diario espa\u00f1ol El Pa\u00eds que ilustra su nota con varias fotograf\u00edas de la constante peregrinaci\u00f3n de los fieles cat\u00f3licos al Santuario de Lourdes.<\/p>\n<p style=\"text-align: justify;\"><img decoding=\"async\" src=\"images\/stories\/19\/06\/090619\/papafrancisco.jpg\" border=\"0\" \/><\/p>\n","protected":false},"excerpt":{"rendered":"<p>(Aeronoticias) Hacen a\u00f1os ya que la avidez de los comerciantes desnaturalizaron al Santuario de Lourdes como un lugar de fe, donde acuden millones de cat\u00f3licos de todo el mundo, convirti\u00e9ndolo en una inmensa tienda donde se venden amuletos religiosos. El Papa Francisco decidi\u00f3 poner fin a \u00e9sto y encomend\u00f3 al arzobispo Rino Fisichella, presidente del [&hellip;]<\/p>\n","protected":false},"author":1,"featured_media":0,"comment_status":"open","ping_status":"open","sticky":false,"template":"","format":"standard","meta":{"tdm_status":"","tdm_grid_status":"","footnotes":""},"categories":[65],"tags":[],"class_list":{"0":"post-58478","1":"post","2":"type-post","3":"status-publish","4":"format-standard","6":"category-mundo-mundo-2"},"yoast_head":"<!-- This site is optimized with the Yoast SEO plugin v25.1 - https:\/\/yoast.com\/wordpress\/plugins\/seo\/ -->\n<title>El Papa decidido a devolver al Santuario de Lourdes en un lugar de oraci\u00f3n y no de compras como una simple &quot;boutique&quot; de venta de amuletos<\/title>\n<meta name=\"description\" content=\"Portal de noticias del Per\u00fa sobre el transporte a\u00e9reo, aviaci\u00f3n, turismo, hoteleria, actualidad.\" \/>\n<meta name=\"robots\" content=\"index, follow, max-snippet:-1, max-image-preview:large, max-video-preview:-1\" \/>\n<link rel=\"canonical\" href=\"https:\/\/aeronoticias.com.pe\/noticiero\/mundo\/mundo-mundo-2\/el-papa-decidido-a-devolver-al-santuario-de-lourdes-en-un-lugar-de-oracion-y-no-de-compras-como-una-simple-qboutiqueq-de-venta-de-amuletos\/\" \/>\n<meta property=\"og:locale\" content=\"es_ES\" \/>\n<meta property=\"og:type\" content=\"article\" \/>\n<meta property=\"og:title\" content=\"El Papa decidido a devolver al Santuario de Lourdes en un lugar de oraci\u00f3n y no de compras como una simple &quot;boutique&quot; de venta de amuletos\" \/>\n<meta property=\"og:description\" content=\"Portal de noticias del Per\u00fa sobre el transporte a\u00e9reo, aviaci\u00f3n, turismo, hoteleria, actualidad.\" \/>\n<meta property=\"og:url\" content=\"https:\/\/aeronoticias.com.pe\/noticiero\/mundo\/mundo-mundo-2\/el-papa-decidido-a-devolver-al-santuario-de-lourdes-en-un-lugar-de-oracion-y-no-de-compras-como-una-simple-qboutiqueq-de-venta-de-amuletos\/\" \/>\n<meta property=\"og:site_name\" content=\"Aeronoticias.com.pe\" \/>\n<meta property=\"article:publisher\" content=\"https:\/\/www.facebook.com\/Aeronoticias.com.pe\/\" \/>\n<meta property=\"article:published_time\" content=\"2019-06-10T16:35:40+00:00\" \/>\n<meta name=\"author\" content=\"Redacci\u00f3n Aeronoticias\" \/>\n<meta name=\"twitter:card\" content=\"summary_large_image\" \/>\n<meta name=\"twitter:creator\" content=\"@aeronoticias\" \/>\n<meta name=\"twitter:site\" content=\"@aeronoticias\" \/>\n<meta name=\"twitter:label1\" content=\"Escrito por\" \/>\n\t<meta name=\"twitter:data1\" content=\"Redacci\u00f3n Aeronoticias\" \/>\n\t<meta name=\"twitter:label2\" content=\"Tiempo de lectura\" \/>\n\t<meta name=\"twitter:data2\" content=\"1 minuto\" \/>\n<script type=\"application\/ld+json\" class=\"yoast-schema-graph\">{\"@context\":\"https:\/\/schema.org\",\"@graph\":[{\"@type\":\"WebPage\",\"@id\":\"https:\/\/aeronoticias.com.pe\/noticiero\/mundo\/mundo-mundo-2\/el-papa-decidido-a-devolver-al-santuario-de-lourdes-en-un-lugar-de-oracion-y-no-de-compras-como-una-simple-qboutiqueq-de-venta-de-amuletos\/\",\"url\":\"https:\/\/aeronoticias.com.pe\/noticiero\/mundo\/mundo-mundo-2\/el-papa-decidido-a-devolver-al-santuario-de-lourdes-en-un-lugar-de-oracion-y-no-de-compras-como-una-simple-qboutiqueq-de-venta-de-amuletos\/\",\"name\":\"El Papa decidido a devolver al Santuario de Lourdes en un lugar de oraci\u00f3n y no de compras como una simple \\\"boutique\\\" de venta de amuletos\",\"isPartOf\":{\"@id\":\"https:\/\/aeronoticias.com.pe\/noticiero\/#website\"},\"datePublished\":\"2019-06-10T16:35:40+00:00\",\"author\":{\"@id\":\"https:\/\/aeronoticias.com.pe\/noticiero\/#\/schema\/person\/fc1e5d578f4b62ba1cf7ac2bba1170a0\"},\"description\":\"Portal de noticias del Per\u00fa sobre el transporte a\u00e9reo, aviaci\u00f3n, turismo, hoteleria, actualidad.\",\"breadcrumb\":{\"@id\":\"https:\/\/aeronoticias.com.pe\/noticiero\/mundo\/mundo-mundo-2\/el-papa-decidido-a-devolver-al-santuario-de-lourdes-en-un-lugar-de-oracion-y-no-de-compras-como-una-simple-qboutiqueq-de-venta-de-amuletos\/#breadcrumb\"},\"inLanguage\":\"es\",\"potentialAction\":[{\"@type\":\"ReadAction\",\"target\":[\"https:\/\/aeronoticias.com.pe\/noticiero\/mundo\/mundo-mundo-2\/el-papa-decidido-a-devolver-al-santuario-de-lourdes-en-un-lugar-de-oracion-y-no-de-compras-como-una-simple-qboutiqueq-de-venta-de-amuletos\/\"]}]},{\"@type\":\"BreadcrumbList\",\"@id\":\"https:\/\/aeronoticias.com.pe\/noticiero\/mundo\/mundo-mundo-2\/el-papa-decidido-a-devolver-al-santuario-de-lourdes-en-un-lugar-de-oracion-y-no-de-compras-como-una-simple-qboutiqueq-de-venta-de-amuletos\/#breadcrumb\",\"itemListElement\":[{\"@type\":\"ListItem\",\"position\":1,\"name\":\"Portada\",\"item\":\"https:\/\/aeronoticias.com.pe\/noticiero\/\"},{\"@type\":\"ListItem\",\"position\":2,\"name\":\"El Papa decidido a devolver al Santuario de Lourdes en un lugar de oraci\u00f3n y no de compras como una simple \u00abboutique\u00bb de venta de amuletos\"}]},{\"@type\":\"WebSite\",\"@id\":\"https:\/\/aeronoticias.com.pe\/noticiero\/#website\",\"url\":\"https:\/\/aeronoticias.com.pe\/noticiero\/\",\"name\":\"Aeronoticias.com.pe\",\"description\":\"Noticias de tranporte aereo, turismo, hoteles, gastronomia, actualidad, internacional\",\"potentialAction\":[{\"@type\":\"SearchAction\",\"target\":{\"@type\":\"EntryPoint\",\"urlTemplate\":\"https:\/\/aeronoticias.com.pe\/noticiero\/?s={search_term_string}\"},\"query-input\":{\"@type\":\"PropertyValueSpecification\",\"valueRequired\":true,\"valueName\":\"search_term_string\"}}],\"inLanguage\":\"es\"},{\"@type\":\"Person\",\"@id\":\"https:\/\/aeronoticias.com.pe\/noticiero\/#\/schema\/person\/fc1e5d578f4b62ba1cf7ac2bba1170a0\",\"name\":\"Redacci\u00f3n Aeronoticias\",\"url\":\"https:\/\/aeronoticias.com.pe\/noticiero\/author\/piloto\/\"}]}<\/script>\n<!-- \/ Yoast SEO plugin. -->","yoast_head_json":{"title":"El Papa decidido a devolver al Santuario de Lourdes en un lugar de oraci\u00f3n y no de compras como una simple \"boutique\" de venta de amuletos","description":"Portal de noticias del Per\u00fa sobre el transporte a\u00e9reo, aviaci\u00f3n, turismo, hoteleria, actualidad.","robots":{"index":"index","follow":"follow","max-snippet":"max-snippet:-1","max-image-preview":"max-image-preview:large","max-video-preview":"max-video-preview:-1"},"canonical":"https:\/\/aeronoticias.com.pe\/noticiero\/mundo\/mundo-mundo-2\/el-papa-decidido-a-devolver-al-santuario-de-lourdes-en-un-lugar-de-oracion-y-no-de-compras-como-una-simple-qboutiqueq-de-venta-de-amuletos\/","og_locale":"es_ES","og_type":"article","og_title":"El Papa decidido a devolver al Santuario de Lourdes en un lugar de oraci\u00f3n y no de compras como una simple \"boutique\" de venta de amuletos","og_description":"Portal de noticias del Per\u00fa sobre el transporte a\u00e9reo, aviaci\u00f3n, turismo, hoteleria, actualidad.","og_url":"https:\/\/aeronoticias.com.pe\/noticiero\/mundo\/mundo-mundo-2\/el-papa-decidido-a-devolver-al-santuario-de-lourdes-en-un-lugar-de-oracion-y-no-de-compras-como-una-simple-qboutiqueq-de-venta-de-amuletos\/","og_site_name":"Aeronoticias.com.pe","article_publisher":"https:\/\/www.facebook.com\/Aeronoticias.com.pe\/","article_published_time":"2019-06-10T16:35:40+00:00","author":"Redacci\u00f3n Aeronoticias","twitter_card":"summary_large_image","twitter_creator":"@aeronoticias","twitter_site":"@aeronoticias","twitter_misc":{"Escrito por":"Redacci\u00f3n Aeronoticias","Tiempo de lectura":"1 minuto"},"schema":{"@context":"https:\/\/schema.org","@graph":[{"@type":"WebPage","@id":"https:\/\/aeronoticias.com.pe\/noticiero\/mundo\/mundo-mundo-2\/el-papa-decidido-a-devolver-al-santuario-de-lourdes-en-un-lugar-de-oracion-y-no-de-compras-como-una-simple-qboutiqueq-de-venta-de-amuletos\/","url":"https:\/\/aeronoticias.com.pe\/noticiero\/mundo\/mundo-mundo-2\/el-papa-decidido-a-devolver-al-santuario-de-lourdes-en-un-lugar-de-oracion-y-no-de-compras-como-una-simple-qboutiqueq-de-venta-de-amuletos\/","name":"El Papa decidido a devolver al Santuario de Lourdes en un lugar de oraci\u00f3n y no de compras como una simple \"boutique\" de venta de amuletos","isPartOf":{"@id":"https:\/\/aeronoticias.com.pe\/noticiero\/#website"},"datePublished":"2019-06-10T16:35:40+00:00","author":{"@id":"https:\/\/aeronoticias.com.pe\/noticiero\/#\/schema\/person\/fc1e5d578f4b62ba1cf7ac2bba1170a0"},"description":"Portal de noticias del Per\u00fa sobre el transporte a\u00e9reo, aviaci\u00f3n, turismo, hoteleria, actualidad.","breadcrumb":{"@id":"https:\/\/aeronoticias.com.pe\/noticiero\/mundo\/mundo-mundo-2\/el-papa-decidido-a-devolver-al-santuario-de-lourdes-en-un-lugar-de-oracion-y-no-de-compras-como-una-simple-qboutiqueq-de-venta-de-amuletos\/#breadcrumb"},"inLanguage":"es","potentialAction":[{"@type":"ReadAction","target":["https:\/\/aeronoticias.com.pe\/noticiero\/mundo\/mundo-mundo-2\/el-papa-decidido-a-devolver-al-santuario-de-lourdes-en-un-lugar-de-oracion-y-no-de-compras-como-una-simple-qboutiqueq-de-venta-de-amuletos\/"]}]},{"@type":"BreadcrumbList","@id":"https:\/\/aeronoticias.com.pe\/noticiero\/mundo\/mundo-mundo-2\/el-papa-decidido-a-devolver-al-santuario-de-lourdes-en-un-lugar-de-oracion-y-no-de-compras-como-una-simple-qboutiqueq-de-venta-de-amuletos\/#breadcrumb","itemListElement":[{"@type":"ListItem","position":1,"name":"Portada","item":"https:\/\/aeronoticias.com.pe\/noticiero\/"},{"@type":"ListItem","position":2,"name":"El Papa decidido a devolver al Santuario de Lourdes en un lugar de oraci\u00f3n y no de compras como una simple \u00abboutique\u00bb de venta de amuletos"}]},{"@type":"WebSite","@id":"https:\/\/aeronoticias.com.pe\/noticiero\/#website","url":"https:\/\/aeronoticias.com.pe\/noticiero\/","name":"Aeronoticias.com.pe","description":"Noticias de tranporte aereo, turismo, hoteles, gastronomia, actualidad, internacional","potentialAction":[{"@type":"SearchAction","target":{"@type":"EntryPoint","urlTemplate":"https:\/\/aeronoticias.com.pe\/noticiero\/?s={search_term_string}"},"query-input":{"@type":"PropertyValueSpecification","valueRequired":true,"valueName":"search_term_string"}}],"inLanguage":"es"},{"@type":"Person","@id":"https:\/\/aeronoticias.com.pe\/noticiero\/#\/schema\/person\/fc1e5d578f4b62ba1cf7ac2bba1170a0","name":"Redacci\u00f3n Aeronoticias","url":"https:\/\/aeronoticias.com.pe\/noticiero\/author\/piloto\/"}]}},"_links":{"self":[{"href":"https:\/\/aeronoticias.com.pe\/noticiero\/wp-json\/wp\/v2\/posts\/58478","targetHints":{"allow":["GET"]}}],"collection":[{"href":"https:\/\/aeronoticias.com.pe\/noticiero\/wp-json\/wp\/v2\/posts"}],"about":[{"href":"https:\/\/aeronoticias.com.pe\/noticiero\/wp-json\/wp\/v2\/types\/post"}],"author":[{"embeddable":true,"href":"https:\/\/aeronoticias.com.pe\/noticiero\/wp-json\/wp\/v2\/users\/1"}],"replies":[{"embeddable":true,"href":"https:\/\/aeronoticias.com.pe\/noticiero\/wp-json\/wp\/v2\/comments?post=58478"}],"version-history":[{"count":0,"href":"https:\/\/aeronoticias.com.pe\/noticiero\/wp-json\/wp\/v2\/posts\/58478\/revisions"}],"wp:attachment":[{"href":"https:\/\/aeronoticias.com.pe\/noticiero\/wp-json\/wp\/v2\/media?parent=58478"}],"wp:term":[{"taxonomy":"category","embeddable":true,"href":"https:\/\/aeronoticias.com.pe\/noticiero\/wp-json\/wp\/v2\/categories?post=58478"},{"taxonomy":"post_tag","embeddable":true,"href":"https:\/\/aeronoticias.com.pe\/noticiero\/wp-json\/wp\/v2\/tags?post=58478"}],"curies":[{"name":"wp","href":"https:\/\/api.w.org\/{rel}","templated":true}]}}