{"id":58566,"date":"2019-07-04T02:57:03","date_gmt":"2019-07-04T02:57:03","guid":{"rendered":"http:\/\/desarrollo.mcvicious.com\/aero2020\/2019\/07\/04\/autorizan-la-aerolinea-flybondi-a-operar-en-brasil\/"},"modified":"2019-07-04T02:57:03","modified_gmt":"2019-07-04T02:57:03","slug":"autorizan-la-aerolinea-flybondi-a-operar-en-brasil","status":"publish","type":"post","link":"https:\/\/aeronoticias.com.pe\/noticiero\/internacionales\/autorizan-la-aerolinea-flybondi-a-operar-en-brasil\/","title":{"rendered":"Autorizan la aerol\u00ednea Flybondi a operar en Brasil"},"content":{"rendered":"<p style=\"text-align: justify;\"><strong>(Aeronoticias).<\/strong>&#8211;\u00a0<span style=\"color: #454545; font-family: Helvetica; font-size: 12px;\">Las autoridades brasile\u00f1as autorizaron este martes a operar regularmente en Brasil a la aerol\u00ednea argentina de bajo costo <\/span><strong style=\"color: #454545; font-family: Helvetica; font-size: 12px;\">Flybondi<\/strong><span style=\"color: #454545; font-family: Helvetica; font-size: 12px;\">, que pretende iniciar sus operaciones en octubre pr\u00f3ximo con tres vuelos semanales entre Buenos Aires y R\u00edo de Janeiro.<\/span><\/p>\n<p class=\"p1\" style=\"text-align: justify;\">La autorizaci\u00f3n para que registre las rutas deseadas y comience a vender los pasajes fue concedida en la reuni\u00f3n que la direcci\u00f3n colegiada de la Agencia Nacional de Aviaci\u00f3n Civil (ANAC) tuvo este martes en Brasilia, inform\u00f3 el \u00f3rgano regulador.<\/p>\n<p class=\"p1\" style=\"text-align: justify;\">\u00a0<\/p>\n<p class=\"p1\" style=\"text-align: justify;\">La ANAC ya hab\u00eda autorizado el funcionamiento de la aerol\u00ednea argentina en febrero pasado pero ahora concedi\u00f3 la autorizaci\u00f3n operacional, que es la \u00faltima etapa en el proceso para que empresas a\u00e9reas puedan volar en Brasil.<\/p>\n<p class=\"p1\" style=\"text-align: justify;\">\u00a0<\/p>\n<p class=\"p1\" style=\"text-align: justify;\">Adem\u00e1s de los vuelos iniciales entre Buenos Aires y R\u00edo de Janeiro, FlayBondi inform\u00f3 a las autoridades brasile\u00f1as que pretende ofrecer igualmente vuelos a Florian\u00f3polis, balneario del sur de Brasil que es uno de los destinos favoritos de los argentinos, tanto desde Buenos Aires como desde C\u00f3rdoba.<\/p>\n<p class=\"p1\" style=\"text-align: justify;\">\u00a0<\/p>\n<p class=\"p1\" style=\"text-align: justify;\">La aerol\u00ednea argentina ofrece actualmente vuelos internacionales a Asunci\u00f3n, en Paraguay, y Punta del Este, en Uruguay.<\/p>\n<p class=\"p1\" style=\"text-align: justify;\">De acuerdo con el \u00f3rgano regulador, Flybondi es la tercera aerol\u00ednea del modelo de bajo costo en recibir la autorizaci\u00f3n para operar en Brasil ya que la chilena Sky Airline y la noruega Norwegian ya vuelan regularmente en el pa\u00eds.<\/p>\n<p class=\"p1\" style=\"text-align: justify;\">\u00a0<\/p>\n<p class=\"p1\" style=\"text-align: justify;\">La subsidiaria brit\u00e1nica de la aerol\u00ednea noruega ofrece desde abril pasado cuatro frecuencias semanales entre Londres y R\u00edo de Janeiro.<\/p>\n<p class=\"p1\" style=\"text-align: justify;\">La chilena Sky Airline, por su parte, comenz\u00f3 a ofrecer a finales del a\u00f1o pasado cinco frecuencias semanales entre Santiago y los aeropuertos internacionales de R\u00edo de Janeiro, Sao Paulo y Florian\u00f3polis.<\/p>\n<p class=\"p1\" style=\"text-align: justify;\">\u00a0<\/p>\n<p class=\"p1\" style=\"text-align: justify;\">Pese a la popularidad de las aerol\u00edneas de bajo costo en Estados Unidos, Europa y otros pa\u00edses de Am\u00e9rica Latina, Brasil a\u00fan no contaba con aerol\u00edneas que realmente ofreciera bajas tarifas.<\/p>\n<p class=\"p1\" style=\"text-align: justify;\">\u00a0<\/p>\n<p class=\"p1\" style=\"text-align: justify;\">Las tres nuevas aerol\u00edneas fueron autorizadas a operar en Brasil tras la firma en diciembre pasado de un decreto ejecutivo que autoriza la participaci\u00f3n del capital extranjero en hasta el 100 % de las aerol\u00edneas de Brasil, con lo que se pretende resolver el problema de la fuente de financiaci\u00f3n de las compa\u00f1\u00edas nacionales.<\/p>\n<p class=\"p1\" style=\"text-align: justify;\">\u00a0<\/p>\n<p class=\"p1\" style=\"text-align: justify;\">Con la medida deja de existir el l\u00edmite del 20 % de capital extranjero que impart\u00edan las normas aeron\u00e1uticas a las empresas a\u00e9reas brasile\u00f1as, que ahora podr\u00e1n contar con inyecci\u00f3n financiera sin importar el origen de los dineros.<\/p>\n<p class=\"p1\" style=\"text-align: justify;\">\u00a0<\/p>\n<p class=\"p1\" style=\"text-align: justify;\">La primera aerol\u00ednea con capital del 100 % extranjero en ser autorizada a operar vuelos nacionales en Brasil fue la espa\u00f1ola Globalia, cuyo presidente, Juan Jos\u00e9 Hidalgo, ha dicho que la aerol\u00ednea tambi\u00e9n pretende operar con el modelo de bajo costo.<\/p>\n<p class=\"p1\" style=\"text-align: justify;\">\u00a0<\/p>\n<p class=\"p1\" style=\"text-align: justify;\">Globalia ya opera en Brasil por medio de su aerol\u00ednea Air Europa con 18 vuelos internacionales partiendo de Sao Paulo, Salvador y Recife con destino a Madrid.<\/p>\n<p class=\"p1\" style=\"text-align: justify;\">\u00a0<\/p>\n<p class=\"p1\" style=\"text-align: justify;\">Fuente: <span style=\"text-decoration: underline;\"><em><strong>EFE<\/strong><\/em><\/span>.<\/p>\n<p class=\"p1\" style=\"text-align: justify;\">\u00a0<\/p>\n<p class=\"p1\" style=\"text-align: justify;\"><img decoding=\"async\" src=\"images\/stories\/flybondi.jpg\" border=\"0\" \/><\/p>\n<p> p.p1 {margin: 0.0px 0.0px 0.0px 0.0px; font: 12.0px Helvetica; color: #454545}<\/p>\n","protected":false},"excerpt":{"rendered":"<p>(Aeronoticias).&#8211;\u00a0Las autoridades brasile\u00f1as autorizaron este martes a operar regularmente en Brasil a la aerol\u00ednea argentina de bajo costo Flybondi, que pretende iniciar sus operaciones en octubre pr\u00f3ximo con tres vuelos semanales entre Buenos Aires y R\u00edo de Janeiro. La autorizaci\u00f3n para que registre las rutas deseadas y comience a vender los pasajes fue concedida en [&hellip;]<\/p>\n","protected":false},"author":1,"featured_media":0,"comment_status":"open","ping_status":"open","sticky":false,"template":"","format":"standard","meta":{"tdm_status":"","tdm_grid_status":"","footnotes":""},"categories":[34],"tags":[],"class_list":{"0":"post-58566","1":"post","2":"type-post","3":"status-publish","4":"format-standard","6":"category-internacionales"},"yoast_head":"<!-- This site is optimized with the Yoast SEO plugin v25.1 - https:\/\/yoast.com\/wordpress\/plugins\/seo\/ -->\n<title>Autorizan la aerol\u00ednea Flybondi a operar en Brasil<\/title>\n<meta name=\"description\" content=\"Portal de noticias del Per\u00fa sobre el transporte a\u00e9reo, aviaci\u00f3n, turismo, hoteleria, actualidad.\" \/>\n<meta name=\"robots\" content=\"index, follow, max-snippet:-1, max-image-preview:large, max-video-preview:-1\" \/>\n<link rel=\"canonical\" href=\"https:\/\/aeronoticias.com.pe\/noticiero\/internacionales\/autorizan-la-aerolinea-flybondi-a-operar-en-brasil\/\" \/>\n<meta property=\"og:locale\" content=\"es_ES\" \/>\n<meta property=\"og:type\" content=\"article\" \/>\n<meta property=\"og:title\" content=\"Autorizan la aerol\u00ednea Flybondi a operar en Brasil\" \/>\n<meta property=\"og:description\" content=\"Portal de noticias del Per\u00fa sobre el transporte a\u00e9reo, aviaci\u00f3n, turismo, hoteleria, actualidad.\" \/>\n<meta property=\"og:url\" content=\"https:\/\/aeronoticias.com.pe\/noticiero\/internacionales\/autorizan-la-aerolinea-flybondi-a-operar-en-brasil\/\" \/>\n<meta property=\"og:site_name\" content=\"Aeronoticias.com.pe\" \/>\n<meta property=\"article:publisher\" content=\"https:\/\/www.facebook.com\/Aeronoticias.com.pe\/\" \/>\n<meta property=\"article:published_time\" content=\"2019-07-04T02:57:03+00:00\" \/>\n<meta name=\"author\" content=\"Redacci\u00f3n Aeronoticias\" \/>\n<meta name=\"twitter:card\" content=\"summary_large_image\" \/>\n<meta name=\"twitter:creator\" content=\"@aeronoticias\" \/>\n<meta name=\"twitter:site\" content=\"@aeronoticias\" \/>\n<meta name=\"twitter:label1\" content=\"Escrito por\" \/>\n\t<meta name=\"twitter:data1\" content=\"Redacci\u00f3n Aeronoticias\" \/>\n\t<meta name=\"twitter:label2\" content=\"Tiempo de lectura\" \/>\n\t<meta name=\"twitter:data2\" content=\"3 minutos\" \/>\n<script type=\"application\/ld+json\" class=\"yoast-schema-graph\">{\"@context\":\"https:\/\/schema.org\",\"@graph\":[{\"@type\":\"WebPage\",\"@id\":\"https:\/\/aeronoticias.com.pe\/noticiero\/internacionales\/autorizan-la-aerolinea-flybondi-a-operar-en-brasil\/\",\"url\":\"https:\/\/aeronoticias.com.pe\/noticiero\/internacionales\/autorizan-la-aerolinea-flybondi-a-operar-en-brasil\/\",\"name\":\"Autorizan la aerol\u00ednea Flybondi a operar en Brasil\",\"isPartOf\":{\"@id\":\"https:\/\/aeronoticias.com.pe\/noticiero\/#website\"},\"datePublished\":\"2019-07-04T02:57:03+00:00\",\"author\":{\"@id\":\"https:\/\/aeronoticias.com.pe\/noticiero\/#\/schema\/person\/fc1e5d578f4b62ba1cf7ac2bba1170a0\"},\"description\":\"Portal de noticias del Per\u00fa sobre el transporte a\u00e9reo, aviaci\u00f3n, turismo, hoteleria, actualidad.\",\"breadcrumb\":{\"@id\":\"https:\/\/aeronoticias.com.pe\/noticiero\/internacionales\/autorizan-la-aerolinea-flybondi-a-operar-en-brasil\/#breadcrumb\"},\"inLanguage\":\"es\",\"potentialAction\":[{\"@type\":\"ReadAction\",\"target\":[\"https:\/\/aeronoticias.com.pe\/noticiero\/internacionales\/autorizan-la-aerolinea-flybondi-a-operar-en-brasil\/\"]}]},{\"@type\":\"BreadcrumbList\",\"@id\":\"https:\/\/aeronoticias.com.pe\/noticiero\/internacionales\/autorizan-la-aerolinea-flybondi-a-operar-en-brasil\/#breadcrumb\",\"itemListElement\":[{\"@type\":\"ListItem\",\"position\":1,\"name\":\"Portada\",\"item\":\"https:\/\/aeronoticias.com.pe\/noticiero\/\"},{\"@type\":\"ListItem\",\"position\":2,\"name\":\"Autorizan la aerol\u00ednea Flybondi a operar en Brasil\"}]},{\"@type\":\"WebSite\",\"@id\":\"https:\/\/aeronoticias.com.pe\/noticiero\/#website\",\"url\":\"https:\/\/aeronoticias.com.pe\/noticiero\/\",\"name\":\"Aeronoticias.com.pe\",\"description\":\"Noticias de tranporte aereo, turismo, hoteles, gastronomia, actualidad, internacional\",\"potentialAction\":[{\"@type\":\"SearchAction\",\"target\":{\"@type\":\"EntryPoint\",\"urlTemplate\":\"https:\/\/aeronoticias.com.pe\/noticiero\/?s={search_term_string}\"},\"query-input\":{\"@type\":\"PropertyValueSpecification\",\"valueRequired\":true,\"valueName\":\"search_term_string\"}}],\"inLanguage\":\"es\"},{\"@type\":\"Person\",\"@id\":\"https:\/\/aeronoticias.com.pe\/noticiero\/#\/schema\/person\/fc1e5d578f4b62ba1cf7ac2bba1170a0\",\"name\":\"Redacci\u00f3n Aeronoticias\",\"url\":\"https:\/\/aeronoticias.com.pe\/noticiero\/author\/piloto\/\"}]}<\/script>\n<!-- \/ Yoast SEO plugin. -->","yoast_head_json":{"title":"Autorizan la aerol\u00ednea Flybondi a operar en Brasil","description":"Portal de noticias del Per\u00fa sobre el transporte a\u00e9reo, aviaci\u00f3n, turismo, hoteleria, actualidad.","robots":{"index":"index","follow":"follow","max-snippet":"max-snippet:-1","max-image-preview":"max-image-preview:large","max-video-preview":"max-video-preview:-1"},"canonical":"https:\/\/aeronoticias.com.pe\/noticiero\/internacionales\/autorizan-la-aerolinea-flybondi-a-operar-en-brasil\/","og_locale":"es_ES","og_type":"article","og_title":"Autorizan la aerol\u00ednea Flybondi a operar en Brasil","og_description":"Portal de noticias del Per\u00fa sobre el transporte a\u00e9reo, aviaci\u00f3n, turismo, hoteleria, actualidad.","og_url":"https:\/\/aeronoticias.com.pe\/noticiero\/internacionales\/autorizan-la-aerolinea-flybondi-a-operar-en-brasil\/","og_site_name":"Aeronoticias.com.pe","article_publisher":"https:\/\/www.facebook.com\/Aeronoticias.com.pe\/","article_published_time":"2019-07-04T02:57:03+00:00","author":"Redacci\u00f3n Aeronoticias","twitter_card":"summary_large_image","twitter_creator":"@aeronoticias","twitter_site":"@aeronoticias","twitter_misc":{"Escrito por":"Redacci\u00f3n Aeronoticias","Tiempo de lectura":"3 minutos"},"schema":{"@context":"https:\/\/schema.org","@graph":[{"@type":"WebPage","@id":"https:\/\/aeronoticias.com.pe\/noticiero\/internacionales\/autorizan-la-aerolinea-flybondi-a-operar-en-brasil\/","url":"https:\/\/aeronoticias.com.pe\/noticiero\/internacionales\/autorizan-la-aerolinea-flybondi-a-operar-en-brasil\/","name":"Autorizan la aerol\u00ednea Flybondi a operar en Brasil","isPartOf":{"@id":"https:\/\/aeronoticias.com.pe\/noticiero\/#website"},"datePublished":"2019-07-04T02:57:03+00:00","author":{"@id":"https:\/\/aeronoticias.com.pe\/noticiero\/#\/schema\/person\/fc1e5d578f4b62ba1cf7ac2bba1170a0"},"description":"Portal de noticias del Per\u00fa sobre el transporte a\u00e9reo, aviaci\u00f3n, turismo, hoteleria, actualidad.","breadcrumb":{"@id":"https:\/\/aeronoticias.com.pe\/noticiero\/internacionales\/autorizan-la-aerolinea-flybondi-a-operar-en-brasil\/#breadcrumb"},"inLanguage":"es","potentialAction":[{"@type":"ReadAction","target":["https:\/\/aeronoticias.com.pe\/noticiero\/internacionales\/autorizan-la-aerolinea-flybondi-a-operar-en-brasil\/"]}]},{"@type":"BreadcrumbList","@id":"https:\/\/aeronoticias.com.pe\/noticiero\/internacionales\/autorizan-la-aerolinea-flybondi-a-operar-en-brasil\/#breadcrumb","itemListElement":[{"@type":"ListItem","position":1,"name":"Portada","item":"https:\/\/aeronoticias.com.pe\/noticiero\/"},{"@type":"ListItem","position":2,"name":"Autorizan la aerol\u00ednea Flybondi a operar en Brasil"}]},{"@type":"WebSite","@id":"https:\/\/aeronoticias.com.pe\/noticiero\/#website","url":"https:\/\/aeronoticias.com.pe\/noticiero\/","name":"Aeronoticias.com.pe","description":"Noticias de tranporte aereo, turismo, hoteles, gastronomia, actualidad, internacional","potentialAction":[{"@type":"SearchAction","target":{"@type":"EntryPoint","urlTemplate":"https:\/\/aeronoticias.com.pe\/noticiero\/?s={search_term_string}"},"query-input":{"@type":"PropertyValueSpecification","valueRequired":true,"valueName":"search_term_string"}}],"inLanguage":"es"},{"@type":"Person","@id":"https:\/\/aeronoticias.com.pe\/noticiero\/#\/schema\/person\/fc1e5d578f4b62ba1cf7ac2bba1170a0","name":"Redacci\u00f3n Aeronoticias","url":"https:\/\/aeronoticias.com.pe\/noticiero\/author\/piloto\/"}]}},"_links":{"self":[{"href":"https:\/\/aeronoticias.com.pe\/noticiero\/wp-json\/wp\/v2\/posts\/58566","targetHints":{"allow":["GET"]}}],"collection":[{"href":"https:\/\/aeronoticias.com.pe\/noticiero\/wp-json\/wp\/v2\/posts"}],"about":[{"href":"https:\/\/aeronoticias.com.pe\/noticiero\/wp-json\/wp\/v2\/types\/post"}],"author":[{"embeddable":true,"href":"https:\/\/aeronoticias.com.pe\/noticiero\/wp-json\/wp\/v2\/users\/1"}],"replies":[{"embeddable":true,"href":"https:\/\/aeronoticias.com.pe\/noticiero\/wp-json\/wp\/v2\/comments?post=58566"}],"version-history":[{"count":0,"href":"https:\/\/aeronoticias.com.pe\/noticiero\/wp-json\/wp\/v2\/posts\/58566\/revisions"}],"wp:attachment":[{"href":"https:\/\/aeronoticias.com.pe\/noticiero\/wp-json\/wp\/v2\/media?parent=58566"}],"wp:term":[{"taxonomy":"category","embeddable":true,"href":"https:\/\/aeronoticias.com.pe\/noticiero\/wp-json\/wp\/v2\/categories?post=58566"},{"taxonomy":"post_tag","embeddable":true,"href":"https:\/\/aeronoticias.com.pe\/noticiero\/wp-json\/wp\/v2\/tags?post=58566"}],"curies":[{"name":"wp","href":"https:\/\/api.w.org\/{rel}","templated":true}]}}