{"id":58567,"date":"2019-07-04T03:10:47","date_gmt":"2019-07-04T03:10:47","guid":{"rendered":"http:\/\/desarrollo.mcvicious.com\/aero2020\/2019\/07\/04\/supera-viva-el-millon-de-pasajeros-en-junio\/"},"modified":"2020-11-24T11:42:32","modified_gmt":"2020-11-24T16:42:32","slug":"supera-viva-el-millon-de-pasajeros-en-junio","status":"publish","type":"post","link":"https:\/\/aeronoticias.com.pe\/noticiero\/transporte-aereo\/internacional\/supera-viva-el-millon-de-pasajeros-en-junio\/","title":{"rendered":"Supera Viva el mill\u00f3n de pasajeros en junio"},"content":{"rendered":"\n<p class=\"p1\">Por medio de un comunicado, Viva report\u00f3 que&nbsp;su demanda&nbsp;(medida en pasajeros transportados por kil\u00f3metro o RPK por sus siglas en ingl\u00e9s)&nbsp;aument\u00f3 34.21%, al igual que&nbsp;su oferta&nbsp;\u2013calculada en asientos disponibles por kil\u00f3metro o ASK)\u2013&nbsp;sum\u00f3 34.60%, lo que propici\u00f3 que su&nbsp;factor de ocupaci\u00f3n alcanzara un 91%.<\/p>\n\n\n\n<p class=\"p1\">\u201cMes a mes<strong> nos fortalecemos como la aerol\u00ednea de mayor crecimiento en t\u00e9rminos de pasajeros<\/strong> y seguimos apostando por una estrategia de expansi\u00f3n que permita conectar cada vez m\u00e1s destinos a los precios bajos que nos caracterizan\u201d,&nbsp;<strong>apunt\u00f3 Juan Carlos Zuazua, director de Viva Aerobus.<\/strong><\/p>\n\n\n\n<p class=\"p1\">En el acumulado de enero a junio, el transportista de bajo costo&nbsp;<strong>ha llevado a m\u00e1s de 5.3 millones de usuarios<\/strong>, lo que representa un<strong> incremento del 19%<\/strong> en comparativa interanual, con un&nbsp;<strong>89.8% en su factor de ocupaci\u00f3n<\/strong> (+0.2 puntos porcentuales).<\/p>\n\n\n\n<p class=\"p1\">Su registro de<strong> tr\u00e1fico y capacidad<\/strong> tambi\u00e9n mantienen un aumento (<strong>+22.22% y +21.97%, respectivamente<\/strong>) en comparaci\u00f3n con el mismo lapso de tiempo del 2018.<\/p>\n\n\n\n<p class=\"p1\">Fuente: <span style=\"text-decoration: underline;\"><em><strong>A21<\/strong><\/em><\/span>.<\/p>\n","protected":false},"excerpt":{"rendered":"<p>Por medio de un comunicado, Viva report\u00f3 que&nbsp;su demanda&nbsp;(medida en pasajeros transportados por kil\u00f3metro o RPK por sus siglas en ingl\u00e9s)&nbsp;aument\u00f3 34.21%, al igual que&nbsp;su oferta&nbsp;\u2013calculada en asientos disponibles por kil\u00f3metro o ASK)\u2013&nbsp;sum\u00f3 34.60%, lo que propici\u00f3 que su&nbsp;factor de ocupaci\u00f3n alcanzara un 91%. \u201cMes a mes nos fortalecemos como la aerol\u00ednea de mayor crecimiento [&hellip;]<\/p>\n","protected":false},"author":1,"featured_media":66440,"comment_status":"open","ping_status":"open","sticky":false,"template":"","format":"standard","meta":{"tdm_status":"","tdm_grid_status":"","footnotes":""},"categories":[32,11],"tags":[989,227],"class_list":{"0":"post-58567","1":"post","2":"type-post","3":"status-publish","4":"format-standard","5":"has-post-thumbnail","7":"category-internacional","8":"category-transporte-aereo","9":"tag-viva","10":"tag-viva-aerobus"},"yoast_head":"<!-- This site is optimized with the Yoast SEO plugin v25.1 - https:\/\/yoast.com\/wordpress\/plugins\/seo\/ -->\n<title>Supera Viva el mill\u00f3n de pasajeros en junio<\/title>\n<meta name=\"description\" content=\"Por primera vez en su historia, la aerol\u00ednea mexicana de ultra bajo costo Viva Aerobus super\u00f3 el mill\u00f3n de pasajeros transportados en un solo mes, r\u00e9cord que le representa un crecimiento del 27% en comparativa con junio de 2018.\" \/>\n<meta name=\"robots\" content=\"index, follow, max-snippet:-1, max-image-preview:large, max-video-preview:-1\" \/>\n<link rel=\"canonical\" href=\"https:\/\/aeronoticias.com.pe\/noticiero\/transporte-aereo\/internacional\/supera-viva-el-millon-de-pasajeros-en-junio\/\" \/>\n<meta property=\"og:locale\" content=\"es_ES\" \/>\n<meta property=\"og:type\" content=\"article\" \/>\n<meta property=\"og:title\" content=\"Supera Viva el mill\u00f3n de pasajeros en junio\" \/>\n<meta property=\"og:description\" content=\"Por primera vez en su historia, la aerol\u00ednea mexicana de ultra bajo costo Viva Aerobus super\u00f3 el mill\u00f3n de pasajeros transportados en un solo mes, r\u00e9cord que le representa un crecimiento del 27% en comparativa con junio de 2018.\" \/>\n<meta property=\"og:url\" content=\"https:\/\/aeronoticias.com.pe\/noticiero\/transporte-aereo\/internacional\/supera-viva-el-millon-de-pasajeros-en-junio\/\" \/>\n<meta property=\"og:site_name\" content=\"Aeronoticias.com.pe\" \/>\n<meta property=\"article:publisher\" content=\"https:\/\/www.facebook.com\/Aeronoticias.com.pe\/\" \/>\n<meta property=\"article:published_time\" content=\"2019-07-04T03:10:47+00:00\" \/>\n<meta property=\"article:modified_time\" content=\"2020-11-24T16:42:32+00:00\" \/>\n<meta property=\"og:image\" content=\"https:\/\/aeronoticias.com.pe\/noticiero\/wp-content\/uploads\/2019\/07\/VivaAerobus-1.jpg\" \/>\n\t<meta property=\"og:image:width\" content=\"1200\" \/>\n\t<meta property=\"og:image:height\" content=\"742\" \/>\n\t<meta property=\"og:image:type\" content=\"image\/jpeg\" \/>\n<meta name=\"author\" content=\"Redacci\u00f3n Aeronoticias\" \/>\n<meta name=\"twitter:card\" content=\"summary_large_image\" \/>\n<meta name=\"twitter:creator\" content=\"@aeronoticias\" \/>\n<meta name=\"twitter:site\" content=\"@aeronoticias\" \/>\n<meta name=\"twitter:label1\" content=\"Escrito por\" \/>\n\t<meta name=\"twitter:data1\" content=\"Redacci\u00f3n Aeronoticias\" \/>\n\t<meta name=\"twitter:label2\" content=\"Tiempo de lectura\" \/>\n\t<meta name=\"twitter:data2\" content=\"1 minuto\" \/>\n<script type=\"application\/ld+json\" class=\"yoast-schema-graph\">{\"@context\":\"https:\/\/schema.org\",\"@graph\":[{\"@type\":\"WebPage\",\"@id\":\"https:\/\/aeronoticias.com.pe\/noticiero\/transporte-aereo\/internacional\/supera-viva-el-millon-de-pasajeros-en-junio\/\",\"url\":\"https:\/\/aeronoticias.com.pe\/noticiero\/transporte-aereo\/internacional\/supera-viva-el-millon-de-pasajeros-en-junio\/\",\"name\":\"Supera Viva el mill\u00f3n de pasajeros en junio\",\"isPartOf\":{\"@id\":\"https:\/\/aeronoticias.com.pe\/noticiero\/#website\"},\"primaryImageOfPage\":{\"@id\":\"https:\/\/aeronoticias.com.pe\/noticiero\/transporte-aereo\/internacional\/supera-viva-el-millon-de-pasajeros-en-junio\/#primaryimage\"},\"image\":{\"@id\":\"https:\/\/aeronoticias.com.pe\/noticiero\/transporte-aereo\/internacional\/supera-viva-el-millon-de-pasajeros-en-junio\/#primaryimage\"},\"thumbnailUrl\":\"https:\/\/aeronoticias.com.pe\/noticiero\/wp-content\/uploads\/2019\/07\/VivaAerobus-1.jpg\",\"datePublished\":\"2019-07-04T03:10:47+00:00\",\"dateModified\":\"2020-11-24T16:42:32+00:00\",\"author\":{\"@id\":\"https:\/\/aeronoticias.com.pe\/noticiero\/#\/schema\/person\/fc1e5d578f4b62ba1cf7ac2bba1170a0\"},\"description\":\"Por primera vez en su historia, la aerol\u00ednea mexicana de ultra bajo costo Viva Aerobus super\u00f3 el mill\u00f3n de pasajeros transportados en un solo mes, r\u00e9cord que le representa un crecimiento del 27% en comparativa con junio de 2018.\",\"breadcrumb\":{\"@id\":\"https:\/\/aeronoticias.com.pe\/noticiero\/transporte-aereo\/internacional\/supera-viva-el-millon-de-pasajeros-en-junio\/#breadcrumb\"},\"inLanguage\":\"es\",\"potentialAction\":[{\"@type\":\"ReadAction\",\"target\":[\"https:\/\/aeronoticias.com.pe\/noticiero\/transporte-aereo\/internacional\/supera-viva-el-millon-de-pasajeros-en-junio\/\"]}]},{\"@type\":\"ImageObject\",\"inLanguage\":\"es\",\"@id\":\"https:\/\/aeronoticias.com.pe\/noticiero\/transporte-aereo\/internacional\/supera-viva-el-millon-de-pasajeros-en-junio\/#primaryimage\",\"url\":\"https:\/\/aeronoticias.com.pe\/noticiero\/wp-content\/uploads\/2019\/07\/VivaAerobus-1.jpg\",\"contentUrl\":\"https:\/\/aeronoticias.com.pe\/noticiero\/wp-content\/uploads\/2019\/07\/VivaAerobus-1.jpg\",\"width\":1200,\"height\":742},{\"@type\":\"BreadcrumbList\",\"@id\":\"https:\/\/aeronoticias.com.pe\/noticiero\/transporte-aereo\/internacional\/supera-viva-el-millon-de-pasajeros-en-junio\/#breadcrumb\",\"itemListElement\":[{\"@type\":\"ListItem\",\"position\":1,\"name\":\"Portada\",\"item\":\"https:\/\/aeronoticias.com.pe\/noticiero\/\"},{\"@type\":\"ListItem\",\"position\":2,\"name\":\"Supera Viva el mill\u00f3n de pasajeros en junio\"}]},{\"@type\":\"WebSite\",\"@id\":\"https:\/\/aeronoticias.com.pe\/noticiero\/#website\",\"url\":\"https:\/\/aeronoticias.com.pe\/noticiero\/\",\"name\":\"Aeronoticias.com.pe\",\"description\":\"Noticias de tranporte aereo, turismo, hoteles, gastronomia, actualidad, internacional\",\"potentialAction\":[{\"@type\":\"SearchAction\",\"target\":{\"@type\":\"EntryPoint\",\"urlTemplate\":\"https:\/\/aeronoticias.com.pe\/noticiero\/?s={search_term_string}\"},\"query-input\":{\"@type\":\"PropertyValueSpecification\",\"valueRequired\":true,\"valueName\":\"search_term_string\"}}],\"inLanguage\":\"es\"},{\"@type\":\"Person\",\"@id\":\"https:\/\/aeronoticias.com.pe\/noticiero\/#\/schema\/person\/fc1e5d578f4b62ba1cf7ac2bba1170a0\",\"name\":\"Redacci\u00f3n Aeronoticias\",\"url\":\"https:\/\/aeronoticias.com.pe\/noticiero\/author\/piloto\/\"}]}<\/script>\n<!-- \/ Yoast SEO plugin. -->","yoast_head_json":{"title":"Supera Viva el mill\u00f3n de pasajeros en junio","description":"Por primera vez en su historia, la aerol\u00ednea mexicana de ultra bajo costo Viva Aerobus super\u00f3 el mill\u00f3n de pasajeros transportados en un solo mes, r\u00e9cord que le representa un crecimiento del 27% en comparativa con junio de 2018.","robots":{"index":"index","follow":"follow","max-snippet":"max-snippet:-1","max-image-preview":"max-image-preview:large","max-video-preview":"max-video-preview:-1"},"canonical":"https:\/\/aeronoticias.com.pe\/noticiero\/transporte-aereo\/internacional\/supera-viva-el-millon-de-pasajeros-en-junio\/","og_locale":"es_ES","og_type":"article","og_title":"Supera Viva el mill\u00f3n de pasajeros en junio","og_description":"Por primera vez en su historia, la aerol\u00ednea mexicana de ultra bajo costo Viva Aerobus super\u00f3 el mill\u00f3n de pasajeros transportados en un solo mes, r\u00e9cord que le representa un crecimiento del 27% en comparativa con junio de 2018.","og_url":"https:\/\/aeronoticias.com.pe\/noticiero\/transporte-aereo\/internacional\/supera-viva-el-millon-de-pasajeros-en-junio\/","og_site_name":"Aeronoticias.com.pe","article_publisher":"https:\/\/www.facebook.com\/Aeronoticias.com.pe\/","article_published_time":"2019-07-04T03:10:47+00:00","article_modified_time":"2020-11-24T16:42:32+00:00","og_image":[{"width":1200,"height":742,"url":"https:\/\/aeronoticias.com.pe\/noticiero\/wp-content\/uploads\/2019\/07\/VivaAerobus-1.jpg","type":"image\/jpeg"}],"author":"Redacci\u00f3n Aeronoticias","twitter_card":"summary_large_image","twitter_creator":"@aeronoticias","twitter_site":"@aeronoticias","twitter_misc":{"Escrito por":"Redacci\u00f3n Aeronoticias","Tiempo de lectura":"1 minuto"},"schema":{"@context":"https:\/\/schema.org","@graph":[{"@type":"WebPage","@id":"https:\/\/aeronoticias.com.pe\/noticiero\/transporte-aereo\/internacional\/supera-viva-el-millon-de-pasajeros-en-junio\/","url":"https:\/\/aeronoticias.com.pe\/noticiero\/transporte-aereo\/internacional\/supera-viva-el-millon-de-pasajeros-en-junio\/","name":"Supera Viva el mill\u00f3n de pasajeros en junio","isPartOf":{"@id":"https:\/\/aeronoticias.com.pe\/noticiero\/#website"},"primaryImageOfPage":{"@id":"https:\/\/aeronoticias.com.pe\/noticiero\/transporte-aereo\/internacional\/supera-viva-el-millon-de-pasajeros-en-junio\/#primaryimage"},"image":{"@id":"https:\/\/aeronoticias.com.pe\/noticiero\/transporte-aereo\/internacional\/supera-viva-el-millon-de-pasajeros-en-junio\/#primaryimage"},"thumbnailUrl":"https:\/\/aeronoticias.com.pe\/noticiero\/wp-content\/uploads\/2019\/07\/VivaAerobus-1.jpg","datePublished":"2019-07-04T03:10:47+00:00","dateModified":"2020-11-24T16:42:32+00:00","author":{"@id":"https:\/\/aeronoticias.com.pe\/noticiero\/#\/schema\/person\/fc1e5d578f4b62ba1cf7ac2bba1170a0"},"description":"Por primera vez en su historia, la aerol\u00ednea mexicana de ultra bajo costo Viva Aerobus super\u00f3 el mill\u00f3n de pasajeros transportados en un solo mes, r\u00e9cord que le representa un crecimiento del 27% en comparativa con junio de 2018.","breadcrumb":{"@id":"https:\/\/aeronoticias.com.pe\/noticiero\/transporte-aereo\/internacional\/supera-viva-el-millon-de-pasajeros-en-junio\/#breadcrumb"},"inLanguage":"es","potentialAction":[{"@type":"ReadAction","target":["https:\/\/aeronoticias.com.pe\/noticiero\/transporte-aereo\/internacional\/supera-viva-el-millon-de-pasajeros-en-junio\/"]}]},{"@type":"ImageObject","inLanguage":"es","@id":"https:\/\/aeronoticias.com.pe\/noticiero\/transporte-aereo\/internacional\/supera-viva-el-millon-de-pasajeros-en-junio\/#primaryimage","url":"https:\/\/aeronoticias.com.pe\/noticiero\/wp-content\/uploads\/2019\/07\/VivaAerobus-1.jpg","contentUrl":"https:\/\/aeronoticias.com.pe\/noticiero\/wp-content\/uploads\/2019\/07\/VivaAerobus-1.jpg","width":1200,"height":742},{"@type":"BreadcrumbList","@id":"https:\/\/aeronoticias.com.pe\/noticiero\/transporte-aereo\/internacional\/supera-viva-el-millon-de-pasajeros-en-junio\/#breadcrumb","itemListElement":[{"@type":"ListItem","position":1,"name":"Portada","item":"https:\/\/aeronoticias.com.pe\/noticiero\/"},{"@type":"ListItem","position":2,"name":"Supera Viva el mill\u00f3n de pasajeros en junio"}]},{"@type":"WebSite","@id":"https:\/\/aeronoticias.com.pe\/noticiero\/#website","url":"https:\/\/aeronoticias.com.pe\/noticiero\/","name":"Aeronoticias.com.pe","description":"Noticias de tranporte aereo, turismo, hoteles, gastronomia, actualidad, internacional","potentialAction":[{"@type":"SearchAction","target":{"@type":"EntryPoint","urlTemplate":"https:\/\/aeronoticias.com.pe\/noticiero\/?s={search_term_string}"},"query-input":{"@type":"PropertyValueSpecification","valueRequired":true,"valueName":"search_term_string"}}],"inLanguage":"es"},{"@type":"Person","@id":"https:\/\/aeronoticias.com.pe\/noticiero\/#\/schema\/person\/fc1e5d578f4b62ba1cf7ac2bba1170a0","name":"Redacci\u00f3n Aeronoticias","url":"https:\/\/aeronoticias.com.pe\/noticiero\/author\/piloto\/"}]}},"_links":{"self":[{"href":"https:\/\/aeronoticias.com.pe\/noticiero\/wp-json\/wp\/v2\/posts\/58567","targetHints":{"allow":["GET"]}}],"collection":[{"href":"https:\/\/aeronoticias.com.pe\/noticiero\/wp-json\/wp\/v2\/posts"}],"about":[{"href":"https:\/\/aeronoticias.com.pe\/noticiero\/wp-json\/wp\/v2\/types\/post"}],"author":[{"embeddable":true,"href":"https:\/\/aeronoticias.com.pe\/noticiero\/wp-json\/wp\/v2\/users\/1"}],"replies":[{"embeddable":true,"href":"https:\/\/aeronoticias.com.pe\/noticiero\/wp-json\/wp\/v2\/comments?post=58567"}],"version-history":[{"count":0,"href":"https:\/\/aeronoticias.com.pe\/noticiero\/wp-json\/wp\/v2\/posts\/58567\/revisions"}],"wp:featuredmedia":[{"embeddable":true,"href":"https:\/\/aeronoticias.com.pe\/noticiero\/wp-json\/wp\/v2\/media\/66440"}],"wp:attachment":[{"href":"https:\/\/aeronoticias.com.pe\/noticiero\/wp-json\/wp\/v2\/media?parent=58567"}],"wp:term":[{"taxonomy":"category","embeddable":true,"href":"https:\/\/aeronoticias.com.pe\/noticiero\/wp-json\/wp\/v2\/categories?post=58567"},{"taxonomy":"post_tag","embeddable":true,"href":"https:\/\/aeronoticias.com.pe\/noticiero\/wp-json\/wp\/v2\/tags?post=58567"}],"curies":[{"name":"wp","href":"https:\/\/api.w.org\/{rel}","templated":true}]}}