{"id":58568,"date":"2019-07-04T03:14:59","date_gmt":"2019-07-04T03:14:59","guid":{"rendered":"http:\/\/desarrollo.mcvicious.com\/aero2020\/2019\/07\/04\/air-canada-conectara-quebec-y-cancun\/"},"modified":"2019-07-04T03:14:59","modified_gmt":"2019-07-04T03:14:59","slug":"air-canada-conectara-quebec-y-cancun","status":"publish","type":"post","link":"https:\/\/aeronoticias.com.pe\/noticiero\/internacionales\/air-canada-conectara-quebec-y-cancun\/","title":{"rendered":"Air Canada conectar\u00e1 Quebec y Canc\u00fan"},"content":{"rendered":"<p style=\"text-align: justify;\"><strong>(Aeronoticias)<\/strong>.-\u00a0<span style=\"color: #454545; font-family: Helvetica; font-size: 12px;\">Entre el 21 de diciembre de 2019 y el 11 de abril de 2020, <\/span><span style=\"color: #454545; font-family: Helvetica; font-size: 12px;\">Air Canada<\/span><span style=\"color: #454545; font-family: Helvetica; font-size: 12px;\"> operar\u00e1 una ruta directa entre las ciudades de <\/span><span style=\"color: #454545; font-family: Helvetica; font-size: 12px;\">Quebec <\/span><span style=\"color: #454545; font-family: Helvetica; font-size: 12px;\">y <\/span><span style=\"color: #454545; font-family: Helvetica; font-size: 12px;\">Canc\u00fan<\/span><span style=\"color: #454545; font-family: Helvetica; font-size: 12px;\">, inaugurando as\u00ed su octavo destino mexicano. <\/span><\/p>\n<p class=\"p3\" style=\"text-align: justify;\"><em>\u201cLanzar esta ruta estacional significa para nosotros una gran oportunidad para satisfacer la demanda de nuevas opciones para turistas mexicanos y canadienses, quienes podr\u00e1n disfrutar de festividades importantes de fin de a\u00f1o y de primavera en un pa\u00eds diferente\u201d se\u00f1al\u00f3\u00a0Luis Noriega, director de la aerol\u00ednea para M\u00e9xico, Centroam\u00e9rica y Cuba. <\/em><\/p>\n<p class=\"p2\" style=\"text-align: justify;\">\u00a0<\/p>\n<p class=\"p1\" style=\"text-align: justify;\">Con esta ruta, la red de destinos de Air Canada en M\u00e9xico es:\u00a0<strong>Ciudad de M\u00e9xico, Puerto Vallarta, Huatulco, Cozumel, San Jos\u00e9 del Cabo, Zihuatanejo y Canc\u00fan<\/strong>, con salidas desde ciudades como\u00a0<strong>Vancouver, Calgary, Toronto, Winnipeg, Ottawa, Montreal, Halifax y Quebec<\/strong>.<\/p>\n<p class=\"p1\" style=\"text-align: justify;\">\u00a0<\/p>\n<p class=\"p1\" style=\"text-align: justify;\">La nueva ruta tendr\u00e1 una frecuencia semanal todos los s\u00e1bados y ser\u00e1 cubierta por la filial Air Canada Rouge con aviones\u00a0<strong>A321-200<\/strong> con capacidad para\u00a0<strong>200 pasajeros<\/strong>, ofertando seis mil 800 asientos durante los casi cuatro meses de duraci\u00f3n.<\/p>\n<p class=\"p1\" style=\"text-align: justify;\">\u00a0<\/p>\n<p class=\"p1\" style=\"text-align: justify;\">Durante 2018,\u00a0<strong>un total de 413 mil mexicanos viajaron a Canad\u00e1<\/strong> y durante el primer trimestre de 2019, el n\u00famero se mantuvo al alza, con m\u00e1s de 82 mil viajeros que visitaron el pa\u00eds de la hoja de maple.<\/p>\n<p class=\"p1\" style=\"text-align: justify;\">\u00a0<\/p>\n<p class=\"p1\" style=\"text-align: justify;\"><em>\u201cLa ciudad de Canc\u00fan, en conjunto con la Riviera Maya, <\/em><strong><em>es uno de los principales destinos elegidos por los canadienses en el pa\u00eds<\/em><\/strong><em>, especialmente durante la temporada de invierno y parte de la primavera contemplando un periodo de fechas importantes que van desde las navide\u00f1as hasta el spring break y la semana santa de 2020\u201d <\/em>finaliz\u00f3 la aerol\u00ednea.<\/p>\n<p class=\"p1\" style=\"text-align: justify;\">\u00a0<\/p>\n<p class=\"p1\" style=\"text-align: justify;\"><img decoding=\"async\" src=\"images\/stories\/air canada.jpg\" border=\"0\" \/><\/p>\n<p> p.p1 {margin: 0.0px 0.0px 0.0px 0.0px; font: 12.0px Helvetica; color: #454545} p.p2 {margin: 0.0px 0.0px 0.0px 0.0px; font: 12.0px Helvetica; color: #454545; min-height: 14.0px} p.p3 {margin: 0.0px 0.0px 2.0px 0.0px; font: 14.0px Helvetica; color: #454545}<\/p>\n","protected":false},"excerpt":{"rendered":"<p>(Aeronoticias).-\u00a0Entre el 21 de diciembre de 2019 y el 11 de abril de 2020, Air Canada operar\u00e1 una ruta directa entre las ciudades de Quebec y Canc\u00fan, inaugurando as\u00ed su octavo destino mexicano. \u201cLanzar esta ruta estacional significa para nosotros una gran oportunidad para satisfacer la demanda de nuevas opciones para turistas mexicanos y canadienses, [&hellip;]<\/p>\n","protected":false},"author":1,"featured_media":0,"comment_status":"open","ping_status":"open","sticky":false,"template":"","format":"standard","meta":{"tdm_status":"","tdm_grid_status":"","footnotes":""},"categories":[34],"tags":[],"class_list":{"0":"post-58568","1":"post","2":"type-post","3":"status-publish","4":"format-standard","6":"category-internacionales"},"yoast_head":"<!-- This site is optimized with the Yoast SEO plugin v25.1 - https:\/\/yoast.com\/wordpress\/plugins\/seo\/ -->\n<title>Air Canada conectar\u00e1 Quebec y Canc\u00fan<\/title>\n<meta name=\"description\" content=\"Portal de noticias del Per\u00fa sobre el transporte a\u00e9reo, aviaci\u00f3n, turismo, hoteleria, actualidad.\" \/>\n<meta name=\"robots\" content=\"index, follow, max-snippet:-1, max-image-preview:large, max-video-preview:-1\" \/>\n<link rel=\"canonical\" href=\"https:\/\/aeronoticias.com.pe\/noticiero\/internacionales\/air-canada-conectara-quebec-y-cancun\/\" \/>\n<meta property=\"og:locale\" content=\"es_ES\" \/>\n<meta property=\"og:type\" content=\"article\" \/>\n<meta property=\"og:title\" content=\"Air Canada conectar\u00e1 Quebec y Canc\u00fan\" \/>\n<meta property=\"og:description\" content=\"Portal de noticias del Per\u00fa sobre el transporte a\u00e9reo, aviaci\u00f3n, turismo, hoteleria, actualidad.\" \/>\n<meta property=\"og:url\" content=\"https:\/\/aeronoticias.com.pe\/noticiero\/internacionales\/air-canada-conectara-quebec-y-cancun\/\" \/>\n<meta property=\"og:site_name\" content=\"Aeronoticias.com.pe\" \/>\n<meta property=\"article:publisher\" content=\"https:\/\/www.facebook.com\/Aeronoticias.com.pe\/\" \/>\n<meta property=\"article:published_time\" content=\"2019-07-04T03:14:59+00:00\" \/>\n<meta name=\"author\" content=\"Redacci\u00f3n Aeronoticias\" \/>\n<meta name=\"twitter:card\" content=\"summary_large_image\" \/>\n<meta name=\"twitter:creator\" content=\"@aeronoticias\" \/>\n<meta name=\"twitter:site\" content=\"@aeronoticias\" \/>\n<meta name=\"twitter:label1\" content=\"Escrito por\" \/>\n\t<meta name=\"twitter:data1\" content=\"Redacci\u00f3n Aeronoticias\" \/>\n\t<meta name=\"twitter:label2\" content=\"Tiempo de lectura\" \/>\n\t<meta name=\"twitter:data2\" content=\"2 minutos\" \/>\n<script type=\"application\/ld+json\" class=\"yoast-schema-graph\">{\"@context\":\"https:\/\/schema.org\",\"@graph\":[{\"@type\":\"WebPage\",\"@id\":\"https:\/\/aeronoticias.com.pe\/noticiero\/internacionales\/air-canada-conectara-quebec-y-cancun\/\",\"url\":\"https:\/\/aeronoticias.com.pe\/noticiero\/internacionales\/air-canada-conectara-quebec-y-cancun\/\",\"name\":\"Air Canada conectar\u00e1 Quebec y Canc\u00fan\",\"isPartOf\":{\"@id\":\"https:\/\/aeronoticias.com.pe\/noticiero\/#website\"},\"datePublished\":\"2019-07-04T03:14:59+00:00\",\"author\":{\"@id\":\"https:\/\/aeronoticias.com.pe\/noticiero\/#\/schema\/person\/fc1e5d578f4b62ba1cf7ac2bba1170a0\"},\"description\":\"Portal de noticias del Per\u00fa sobre el transporte a\u00e9reo, aviaci\u00f3n, turismo, hoteleria, actualidad.\",\"breadcrumb\":{\"@id\":\"https:\/\/aeronoticias.com.pe\/noticiero\/internacionales\/air-canada-conectara-quebec-y-cancun\/#breadcrumb\"},\"inLanguage\":\"es\",\"potentialAction\":[{\"@type\":\"ReadAction\",\"target\":[\"https:\/\/aeronoticias.com.pe\/noticiero\/internacionales\/air-canada-conectara-quebec-y-cancun\/\"]}]},{\"@type\":\"BreadcrumbList\",\"@id\":\"https:\/\/aeronoticias.com.pe\/noticiero\/internacionales\/air-canada-conectara-quebec-y-cancun\/#breadcrumb\",\"itemListElement\":[{\"@type\":\"ListItem\",\"position\":1,\"name\":\"Portada\",\"item\":\"https:\/\/aeronoticias.com.pe\/noticiero\/\"},{\"@type\":\"ListItem\",\"position\":2,\"name\":\"Air Canada conectar\u00e1 Quebec y Canc\u00fan\"}]},{\"@type\":\"WebSite\",\"@id\":\"https:\/\/aeronoticias.com.pe\/noticiero\/#website\",\"url\":\"https:\/\/aeronoticias.com.pe\/noticiero\/\",\"name\":\"Aeronoticias.com.pe\",\"description\":\"Noticias de tranporte aereo, turismo, hoteles, gastronomia, actualidad, internacional\",\"potentialAction\":[{\"@type\":\"SearchAction\",\"target\":{\"@type\":\"EntryPoint\",\"urlTemplate\":\"https:\/\/aeronoticias.com.pe\/noticiero\/?s={search_term_string}\"},\"query-input\":{\"@type\":\"PropertyValueSpecification\",\"valueRequired\":true,\"valueName\":\"search_term_string\"}}],\"inLanguage\":\"es\"},{\"@type\":\"Person\",\"@id\":\"https:\/\/aeronoticias.com.pe\/noticiero\/#\/schema\/person\/fc1e5d578f4b62ba1cf7ac2bba1170a0\",\"name\":\"Redacci\u00f3n Aeronoticias\",\"url\":\"https:\/\/aeronoticias.com.pe\/noticiero\/author\/piloto\/\"}]}<\/script>\n<!-- \/ Yoast SEO plugin. -->","yoast_head_json":{"title":"Air Canada conectar\u00e1 Quebec y Canc\u00fan","description":"Portal de noticias del Per\u00fa sobre el transporte a\u00e9reo, aviaci\u00f3n, turismo, hoteleria, actualidad.","robots":{"index":"index","follow":"follow","max-snippet":"max-snippet:-1","max-image-preview":"max-image-preview:large","max-video-preview":"max-video-preview:-1"},"canonical":"https:\/\/aeronoticias.com.pe\/noticiero\/internacionales\/air-canada-conectara-quebec-y-cancun\/","og_locale":"es_ES","og_type":"article","og_title":"Air Canada conectar\u00e1 Quebec y Canc\u00fan","og_description":"Portal de noticias del Per\u00fa sobre el transporte a\u00e9reo, aviaci\u00f3n, turismo, hoteleria, actualidad.","og_url":"https:\/\/aeronoticias.com.pe\/noticiero\/internacionales\/air-canada-conectara-quebec-y-cancun\/","og_site_name":"Aeronoticias.com.pe","article_publisher":"https:\/\/www.facebook.com\/Aeronoticias.com.pe\/","article_published_time":"2019-07-04T03:14:59+00:00","author":"Redacci\u00f3n Aeronoticias","twitter_card":"summary_large_image","twitter_creator":"@aeronoticias","twitter_site":"@aeronoticias","twitter_misc":{"Escrito por":"Redacci\u00f3n Aeronoticias","Tiempo de lectura":"2 minutos"},"schema":{"@context":"https:\/\/schema.org","@graph":[{"@type":"WebPage","@id":"https:\/\/aeronoticias.com.pe\/noticiero\/internacionales\/air-canada-conectara-quebec-y-cancun\/","url":"https:\/\/aeronoticias.com.pe\/noticiero\/internacionales\/air-canada-conectara-quebec-y-cancun\/","name":"Air Canada conectar\u00e1 Quebec y Canc\u00fan","isPartOf":{"@id":"https:\/\/aeronoticias.com.pe\/noticiero\/#website"},"datePublished":"2019-07-04T03:14:59+00:00","author":{"@id":"https:\/\/aeronoticias.com.pe\/noticiero\/#\/schema\/person\/fc1e5d578f4b62ba1cf7ac2bba1170a0"},"description":"Portal de noticias del Per\u00fa sobre el transporte a\u00e9reo, aviaci\u00f3n, turismo, hoteleria, actualidad.","breadcrumb":{"@id":"https:\/\/aeronoticias.com.pe\/noticiero\/internacionales\/air-canada-conectara-quebec-y-cancun\/#breadcrumb"},"inLanguage":"es","potentialAction":[{"@type":"ReadAction","target":["https:\/\/aeronoticias.com.pe\/noticiero\/internacionales\/air-canada-conectara-quebec-y-cancun\/"]}]},{"@type":"BreadcrumbList","@id":"https:\/\/aeronoticias.com.pe\/noticiero\/internacionales\/air-canada-conectara-quebec-y-cancun\/#breadcrumb","itemListElement":[{"@type":"ListItem","position":1,"name":"Portada","item":"https:\/\/aeronoticias.com.pe\/noticiero\/"},{"@type":"ListItem","position":2,"name":"Air Canada conectar\u00e1 Quebec y Canc\u00fan"}]},{"@type":"WebSite","@id":"https:\/\/aeronoticias.com.pe\/noticiero\/#website","url":"https:\/\/aeronoticias.com.pe\/noticiero\/","name":"Aeronoticias.com.pe","description":"Noticias de tranporte aereo, turismo, hoteles, gastronomia, actualidad, internacional","potentialAction":[{"@type":"SearchAction","target":{"@type":"EntryPoint","urlTemplate":"https:\/\/aeronoticias.com.pe\/noticiero\/?s={search_term_string}"},"query-input":{"@type":"PropertyValueSpecification","valueRequired":true,"valueName":"search_term_string"}}],"inLanguage":"es"},{"@type":"Person","@id":"https:\/\/aeronoticias.com.pe\/noticiero\/#\/schema\/person\/fc1e5d578f4b62ba1cf7ac2bba1170a0","name":"Redacci\u00f3n Aeronoticias","url":"https:\/\/aeronoticias.com.pe\/noticiero\/author\/piloto\/"}]}},"_links":{"self":[{"href":"https:\/\/aeronoticias.com.pe\/noticiero\/wp-json\/wp\/v2\/posts\/58568","targetHints":{"allow":["GET"]}}],"collection":[{"href":"https:\/\/aeronoticias.com.pe\/noticiero\/wp-json\/wp\/v2\/posts"}],"about":[{"href":"https:\/\/aeronoticias.com.pe\/noticiero\/wp-json\/wp\/v2\/types\/post"}],"author":[{"embeddable":true,"href":"https:\/\/aeronoticias.com.pe\/noticiero\/wp-json\/wp\/v2\/users\/1"}],"replies":[{"embeddable":true,"href":"https:\/\/aeronoticias.com.pe\/noticiero\/wp-json\/wp\/v2\/comments?post=58568"}],"version-history":[{"count":0,"href":"https:\/\/aeronoticias.com.pe\/noticiero\/wp-json\/wp\/v2\/posts\/58568\/revisions"}],"wp:attachment":[{"href":"https:\/\/aeronoticias.com.pe\/noticiero\/wp-json\/wp\/v2\/media?parent=58568"}],"wp:term":[{"taxonomy":"category","embeddable":true,"href":"https:\/\/aeronoticias.com.pe\/noticiero\/wp-json\/wp\/v2\/categories?post=58568"},{"taxonomy":"post_tag","embeddable":true,"href":"https:\/\/aeronoticias.com.pe\/noticiero\/wp-json\/wp\/v2\/tags?post=58568"}],"curies":[{"name":"wp","href":"https:\/\/api.w.org\/{rel}","templated":true}]}}