{"id":58569,"date":"2019-07-04T03:17:32","date_gmt":"2019-07-04T03:17:32","guid":{"rendered":"http:\/\/desarrollo.mcvicious.com\/aero2020\/2019\/07\/04\/ana-es-la-primera-en-utilizar-el-b777-frighter\/"},"modified":"2020-11-24T11:38:28","modified_gmt":"2020-11-24T16:38:28","slug":"ana-es-la-primera-en-utilizar-el-b777-frighter","status":"publish","type":"post","link":"https:\/\/aeronoticias.com.pe\/noticiero\/transporte-aereo\/internacional\/ana-es-la-primera-en-utilizar-el-b777-frighter\/","title":{"rendered":"ANA es la primera en utilizar el B777 Frighter"},"content":{"rendered":"\n<p>La aerol\u00ednea japonesa All Nippon Airways (ANA), introdujo a su flota el Boeing 777 Freighter en respuesta a la creciente demanda de transporte de carga en los mercados de Asia y Norteam\u00e9rica, y es la primera en este continente en hacerlo.<\/p>\n\n\n\n<p class=\"p1\">La aeronave, apodada&nbsp;<strong>\u201cBlue Jay\u201d, es un Boeing 777<\/strong> especialmente dise\u00f1ado para transportar grandes objetos que van desde motores para aeronaves, hasta equipo para la manufactura de semiconductores, adem\u00e1s de cargas que necesitan de manejo cuidadoso, como bater\u00edas de litio y material farmac\u00e9utico.<\/p>\n\n\n\n<p class=\"p1\">A partir de hoy y hasta el 25 de agosto, el B777F realizar\u00e1 vuelos desde el Aeropuerto Internacional de<strong> Narita, en Jap\u00f3n, <\/strong>hasta el&nbsp;<strong>Aeropuerto Internacional de Shanghai Pudong<\/strong>, en China, con escala en el<strong> Aeropuerto Internacional de Kansai<\/strong>, en Jap\u00f3n. A partir del 26 de agosto, Ana realizar\u00e1 vuelos directos desde&nbsp;<strong>Narita a Shanghai Pudong.<\/strong><\/p>\n\n\n\n<p class=\"p1\">\u201cLa aeronave Boeing 777 pone a ANA en un nuevo nivel. Estos 777F son significativamente m\u00e1s grandes que el Boeing 767F utilizados en Asia, d\u00e1ndole a ANA flexibilidad adicional en c\u00f3mo se utiliza la aeronave.<\/p>\n\n\n\n<p class=\"p1\">El avi\u00f3n ayudar\u00e1 a la expansi\u00f3n de los servicios de ANA para incluir a nuevos clientes e incrementar la habilidad de la aerol\u00ednea de transportar cargas con seguridad\u201d, dijo&nbsp;<strong>Toshiaki Toyama<\/strong>, presidente de ANA Cargo INC.<\/p>\n\n\n\n<p class=\"p1\">Fuente: <span style=\"text-decoration: underline;\"><em><strong>A21<\/strong><\/em><\/span>.<\/p>\n","protected":false},"excerpt":{"rendered":"<p>La aerol\u00ednea japonesa All Nippon Airways (ANA), introdujo a su flota el Boeing 777 Freighter en respuesta a la creciente demanda de transporte de carga en los mercados de Asia y Norteam\u00e9rica, y es la primera en este continente en hacerlo. La aeronave, apodada&nbsp;\u201cBlue Jay\u201d, es un Boeing 777 especialmente dise\u00f1ado para transportar grandes objetos [&hellip;]<\/p>\n","protected":false},"author":1,"featured_media":66435,"comment_status":"open","ping_status":"open","sticky":false,"template":"","format":"standard","meta":{"tdm_status":"","tdm_grid_status":"","footnotes":""},"categories":[32,11],"tags":[988,987],"class_list":{"0":"post-58569","1":"post","2":"type-post","3":"status-publish","4":"format-standard","5":"has-post-thumbnail","7":"category-internacional","8":"category-transporte-aereo","9":"tag-baa","10":"tag-boeing-777-freighter"},"yoast_head":"<!-- This site is optimized with the Yoast SEO plugin v25.1 - https:\/\/yoast.com\/wordpress\/plugins\/seo\/ -->\n<title>ANA es la primera en utilizar el B777 Frighter<\/title>\n<meta name=\"description\" content=\"La aerol\u00ednea japonesa All Nippon Airways (ANA), introdujo a su flota el Boeing 777 Freighter en respuesta a la creciente demanda de transporte de carga en los mercados de Asia y Norteam\u00e9rica, y es la primera en este continente en hacerlo.\" \/>\n<meta name=\"robots\" content=\"index, follow, max-snippet:-1, max-image-preview:large, max-video-preview:-1\" \/>\n<link rel=\"canonical\" href=\"https:\/\/aeronoticias.com.pe\/noticiero\/transporte-aereo\/internacional\/ana-es-la-primera-en-utilizar-el-b777-frighter\/\" \/>\n<meta property=\"og:locale\" content=\"es_ES\" \/>\n<meta property=\"og:type\" content=\"article\" \/>\n<meta property=\"og:title\" content=\"ANA es la primera en utilizar el B777 Frighter\" \/>\n<meta property=\"og:description\" content=\"La aerol\u00ednea japonesa All Nippon Airways (ANA), introdujo a su flota el Boeing 777 Freighter en respuesta a la creciente demanda de transporte de carga en los mercados de Asia y Norteam\u00e9rica, y es la primera en este continente en hacerlo.\" \/>\n<meta property=\"og:url\" content=\"https:\/\/aeronoticias.com.pe\/noticiero\/transporte-aereo\/internacional\/ana-es-la-primera-en-utilizar-el-b777-frighter\/\" \/>\n<meta property=\"og:site_name\" content=\"Aeronoticias.com.pe\" \/>\n<meta property=\"article:publisher\" content=\"https:\/\/www.facebook.com\/Aeronoticias.com.pe\/\" \/>\n<meta property=\"article:published_time\" content=\"2019-07-04T03:17:32+00:00\" \/>\n<meta property=\"article:modified_time\" content=\"2020-11-24T16:38:28+00:00\" \/>\n<meta property=\"og:image\" content=\"https:\/\/aeronoticias.com.pe\/noticiero\/wp-content\/uploads\/2019\/07\/Boeing-777-Freighter-1.jpg\" \/>\n\t<meta property=\"og:image:width\" content=\"900\" \/>\n\t<meta property=\"og:image:height\" content=\"494\" \/>\n\t<meta property=\"og:image:type\" content=\"image\/jpeg\" \/>\n<meta name=\"author\" content=\"Redacci\u00f3n Aeronoticias\" \/>\n<meta name=\"twitter:card\" content=\"summary_large_image\" \/>\n<meta name=\"twitter:creator\" content=\"@aeronoticias\" \/>\n<meta name=\"twitter:site\" content=\"@aeronoticias\" \/>\n<meta name=\"twitter:label1\" content=\"Escrito por\" \/>\n\t<meta name=\"twitter:data1\" content=\"Redacci\u00f3n Aeronoticias\" \/>\n\t<meta name=\"twitter:label2\" content=\"Tiempo de lectura\" \/>\n\t<meta name=\"twitter:data2\" content=\"1 minuto\" \/>\n<script type=\"application\/ld+json\" class=\"yoast-schema-graph\">{\"@context\":\"https:\/\/schema.org\",\"@graph\":[{\"@type\":\"WebPage\",\"@id\":\"https:\/\/aeronoticias.com.pe\/noticiero\/transporte-aereo\/internacional\/ana-es-la-primera-en-utilizar-el-b777-frighter\/\",\"url\":\"https:\/\/aeronoticias.com.pe\/noticiero\/transporte-aereo\/internacional\/ana-es-la-primera-en-utilizar-el-b777-frighter\/\",\"name\":\"ANA es la primera en utilizar el B777 Frighter\",\"isPartOf\":{\"@id\":\"https:\/\/aeronoticias.com.pe\/noticiero\/#website\"},\"primaryImageOfPage\":{\"@id\":\"https:\/\/aeronoticias.com.pe\/noticiero\/transporte-aereo\/internacional\/ana-es-la-primera-en-utilizar-el-b777-frighter\/#primaryimage\"},\"image\":{\"@id\":\"https:\/\/aeronoticias.com.pe\/noticiero\/transporte-aereo\/internacional\/ana-es-la-primera-en-utilizar-el-b777-frighter\/#primaryimage\"},\"thumbnailUrl\":\"https:\/\/aeronoticias.com.pe\/noticiero\/wp-content\/uploads\/2019\/07\/Boeing-777-Freighter-1.jpg\",\"datePublished\":\"2019-07-04T03:17:32+00:00\",\"dateModified\":\"2020-11-24T16:38:28+00:00\",\"author\":{\"@id\":\"https:\/\/aeronoticias.com.pe\/noticiero\/#\/schema\/person\/fc1e5d578f4b62ba1cf7ac2bba1170a0\"},\"description\":\"La aerol\u00ednea japonesa All Nippon Airways (ANA), introdujo a su flota el Boeing 777 Freighter en respuesta a la creciente demanda de transporte de carga en los mercados de Asia y Norteam\u00e9rica, y es la primera en este continente en hacerlo.\",\"breadcrumb\":{\"@id\":\"https:\/\/aeronoticias.com.pe\/noticiero\/transporte-aereo\/internacional\/ana-es-la-primera-en-utilizar-el-b777-frighter\/#breadcrumb\"},\"inLanguage\":\"es\",\"potentialAction\":[{\"@type\":\"ReadAction\",\"target\":[\"https:\/\/aeronoticias.com.pe\/noticiero\/transporte-aereo\/internacional\/ana-es-la-primera-en-utilizar-el-b777-frighter\/\"]}]},{\"@type\":\"ImageObject\",\"inLanguage\":\"es\",\"@id\":\"https:\/\/aeronoticias.com.pe\/noticiero\/transporte-aereo\/internacional\/ana-es-la-primera-en-utilizar-el-b777-frighter\/#primaryimage\",\"url\":\"https:\/\/aeronoticias.com.pe\/noticiero\/wp-content\/uploads\/2019\/07\/Boeing-777-Freighter-1.jpg\",\"contentUrl\":\"https:\/\/aeronoticias.com.pe\/noticiero\/wp-content\/uploads\/2019\/07\/Boeing-777-Freighter-1.jpg\",\"width\":900,\"height\":494},{\"@type\":\"BreadcrumbList\",\"@id\":\"https:\/\/aeronoticias.com.pe\/noticiero\/transporte-aereo\/internacional\/ana-es-la-primera-en-utilizar-el-b777-frighter\/#breadcrumb\",\"itemListElement\":[{\"@type\":\"ListItem\",\"position\":1,\"name\":\"Portada\",\"item\":\"https:\/\/aeronoticias.com.pe\/noticiero\/\"},{\"@type\":\"ListItem\",\"position\":2,\"name\":\"ANA es la primera en utilizar el B777 Frighter\"}]},{\"@type\":\"WebSite\",\"@id\":\"https:\/\/aeronoticias.com.pe\/noticiero\/#website\",\"url\":\"https:\/\/aeronoticias.com.pe\/noticiero\/\",\"name\":\"Aeronoticias.com.pe\",\"description\":\"Noticias de tranporte aereo, turismo, hoteles, gastronomia, actualidad, internacional\",\"potentialAction\":[{\"@type\":\"SearchAction\",\"target\":{\"@type\":\"EntryPoint\",\"urlTemplate\":\"https:\/\/aeronoticias.com.pe\/noticiero\/?s={search_term_string}\"},\"query-input\":{\"@type\":\"PropertyValueSpecification\",\"valueRequired\":true,\"valueName\":\"search_term_string\"}}],\"inLanguage\":\"es\"},{\"@type\":\"Person\",\"@id\":\"https:\/\/aeronoticias.com.pe\/noticiero\/#\/schema\/person\/fc1e5d578f4b62ba1cf7ac2bba1170a0\",\"name\":\"Redacci\u00f3n Aeronoticias\",\"url\":\"https:\/\/aeronoticias.com.pe\/noticiero\/author\/piloto\/\"}]}<\/script>\n<!-- \/ Yoast SEO plugin. -->","yoast_head_json":{"title":"ANA es la primera en utilizar el B777 Frighter","description":"La aerol\u00ednea japonesa All Nippon Airways (ANA), introdujo a su flota el Boeing 777 Freighter en respuesta a la creciente demanda de transporte de carga en los mercados de Asia y Norteam\u00e9rica, y es la primera en este continente en hacerlo.","robots":{"index":"index","follow":"follow","max-snippet":"max-snippet:-1","max-image-preview":"max-image-preview:large","max-video-preview":"max-video-preview:-1"},"canonical":"https:\/\/aeronoticias.com.pe\/noticiero\/transporte-aereo\/internacional\/ana-es-la-primera-en-utilizar-el-b777-frighter\/","og_locale":"es_ES","og_type":"article","og_title":"ANA es la primera en utilizar el B777 Frighter","og_description":"La aerol\u00ednea japonesa All Nippon Airways (ANA), introdujo a su flota el Boeing 777 Freighter en respuesta a la creciente demanda de transporte de carga en los mercados de Asia y Norteam\u00e9rica, y es la primera en este continente en hacerlo.","og_url":"https:\/\/aeronoticias.com.pe\/noticiero\/transporte-aereo\/internacional\/ana-es-la-primera-en-utilizar-el-b777-frighter\/","og_site_name":"Aeronoticias.com.pe","article_publisher":"https:\/\/www.facebook.com\/Aeronoticias.com.pe\/","article_published_time":"2019-07-04T03:17:32+00:00","article_modified_time":"2020-11-24T16:38:28+00:00","og_image":[{"width":900,"height":494,"url":"https:\/\/aeronoticias.com.pe\/noticiero\/wp-content\/uploads\/2019\/07\/Boeing-777-Freighter-1.jpg","type":"image\/jpeg"}],"author":"Redacci\u00f3n Aeronoticias","twitter_card":"summary_large_image","twitter_creator":"@aeronoticias","twitter_site":"@aeronoticias","twitter_misc":{"Escrito por":"Redacci\u00f3n Aeronoticias","Tiempo de lectura":"1 minuto"},"schema":{"@context":"https:\/\/schema.org","@graph":[{"@type":"WebPage","@id":"https:\/\/aeronoticias.com.pe\/noticiero\/transporte-aereo\/internacional\/ana-es-la-primera-en-utilizar-el-b777-frighter\/","url":"https:\/\/aeronoticias.com.pe\/noticiero\/transporte-aereo\/internacional\/ana-es-la-primera-en-utilizar-el-b777-frighter\/","name":"ANA es la primera en utilizar el B777 Frighter","isPartOf":{"@id":"https:\/\/aeronoticias.com.pe\/noticiero\/#website"},"primaryImageOfPage":{"@id":"https:\/\/aeronoticias.com.pe\/noticiero\/transporte-aereo\/internacional\/ana-es-la-primera-en-utilizar-el-b777-frighter\/#primaryimage"},"image":{"@id":"https:\/\/aeronoticias.com.pe\/noticiero\/transporte-aereo\/internacional\/ana-es-la-primera-en-utilizar-el-b777-frighter\/#primaryimage"},"thumbnailUrl":"https:\/\/aeronoticias.com.pe\/noticiero\/wp-content\/uploads\/2019\/07\/Boeing-777-Freighter-1.jpg","datePublished":"2019-07-04T03:17:32+00:00","dateModified":"2020-11-24T16:38:28+00:00","author":{"@id":"https:\/\/aeronoticias.com.pe\/noticiero\/#\/schema\/person\/fc1e5d578f4b62ba1cf7ac2bba1170a0"},"description":"La aerol\u00ednea japonesa All Nippon Airways (ANA), introdujo a su flota el Boeing 777 Freighter en respuesta a la creciente demanda de transporte de carga en los mercados de Asia y Norteam\u00e9rica, y es la primera en este continente en hacerlo.","breadcrumb":{"@id":"https:\/\/aeronoticias.com.pe\/noticiero\/transporte-aereo\/internacional\/ana-es-la-primera-en-utilizar-el-b777-frighter\/#breadcrumb"},"inLanguage":"es","potentialAction":[{"@type":"ReadAction","target":["https:\/\/aeronoticias.com.pe\/noticiero\/transporte-aereo\/internacional\/ana-es-la-primera-en-utilizar-el-b777-frighter\/"]}]},{"@type":"ImageObject","inLanguage":"es","@id":"https:\/\/aeronoticias.com.pe\/noticiero\/transporte-aereo\/internacional\/ana-es-la-primera-en-utilizar-el-b777-frighter\/#primaryimage","url":"https:\/\/aeronoticias.com.pe\/noticiero\/wp-content\/uploads\/2019\/07\/Boeing-777-Freighter-1.jpg","contentUrl":"https:\/\/aeronoticias.com.pe\/noticiero\/wp-content\/uploads\/2019\/07\/Boeing-777-Freighter-1.jpg","width":900,"height":494},{"@type":"BreadcrumbList","@id":"https:\/\/aeronoticias.com.pe\/noticiero\/transporte-aereo\/internacional\/ana-es-la-primera-en-utilizar-el-b777-frighter\/#breadcrumb","itemListElement":[{"@type":"ListItem","position":1,"name":"Portada","item":"https:\/\/aeronoticias.com.pe\/noticiero\/"},{"@type":"ListItem","position":2,"name":"ANA es la primera en utilizar el B777 Frighter"}]},{"@type":"WebSite","@id":"https:\/\/aeronoticias.com.pe\/noticiero\/#website","url":"https:\/\/aeronoticias.com.pe\/noticiero\/","name":"Aeronoticias.com.pe","description":"Noticias de tranporte aereo, turismo, hoteles, gastronomia, actualidad, internacional","potentialAction":[{"@type":"SearchAction","target":{"@type":"EntryPoint","urlTemplate":"https:\/\/aeronoticias.com.pe\/noticiero\/?s={search_term_string}"},"query-input":{"@type":"PropertyValueSpecification","valueRequired":true,"valueName":"search_term_string"}}],"inLanguage":"es"},{"@type":"Person","@id":"https:\/\/aeronoticias.com.pe\/noticiero\/#\/schema\/person\/fc1e5d578f4b62ba1cf7ac2bba1170a0","name":"Redacci\u00f3n Aeronoticias","url":"https:\/\/aeronoticias.com.pe\/noticiero\/author\/piloto\/"}]}},"_links":{"self":[{"href":"https:\/\/aeronoticias.com.pe\/noticiero\/wp-json\/wp\/v2\/posts\/58569","targetHints":{"allow":["GET"]}}],"collection":[{"href":"https:\/\/aeronoticias.com.pe\/noticiero\/wp-json\/wp\/v2\/posts"}],"about":[{"href":"https:\/\/aeronoticias.com.pe\/noticiero\/wp-json\/wp\/v2\/types\/post"}],"author":[{"embeddable":true,"href":"https:\/\/aeronoticias.com.pe\/noticiero\/wp-json\/wp\/v2\/users\/1"}],"replies":[{"embeddable":true,"href":"https:\/\/aeronoticias.com.pe\/noticiero\/wp-json\/wp\/v2\/comments?post=58569"}],"version-history":[{"count":0,"href":"https:\/\/aeronoticias.com.pe\/noticiero\/wp-json\/wp\/v2\/posts\/58569\/revisions"}],"wp:featuredmedia":[{"embeddable":true,"href":"https:\/\/aeronoticias.com.pe\/noticiero\/wp-json\/wp\/v2\/media\/66435"}],"wp:attachment":[{"href":"https:\/\/aeronoticias.com.pe\/noticiero\/wp-json\/wp\/v2\/media?parent=58569"}],"wp:term":[{"taxonomy":"category","embeddable":true,"href":"https:\/\/aeronoticias.com.pe\/noticiero\/wp-json\/wp\/v2\/categories?post=58569"},{"taxonomy":"post_tag","embeddable":true,"href":"https:\/\/aeronoticias.com.pe\/noticiero\/wp-json\/wp\/v2\/tags?post=58569"}],"curies":[{"name":"wp","href":"https:\/\/api.w.org\/{rel}","templated":true}]}}