{"id":58573,"date":"2019-07-05T13:18:02","date_gmt":"2019-07-05T13:18:02","guid":{"rendered":"http:\/\/desarrollo.mcvicious.com\/aero2020\/2019\/07\/05\/air-france-y-klm-intercambian-sus-pedidos-para-optimizar-su-flota-de-larga-distancia\/"},"modified":"2019-07-05T13:18:02","modified_gmt":"2019-07-05T13:18:02","slug":"air-france-y-klm-intercambian-sus-pedidos-para-optimizar-su-flota-de-larga-distancia","status":"publish","type":"post","link":"https:\/\/aeronoticias.com.pe\/noticiero\/internacionales\/air-france-y-klm-intercambian-sus-pedidos-para-optimizar-su-flota-de-larga-distancia\/","title":{"rendered":"Air France y KLM intercambian sus pedidos para optimizar su flota de larga distancia"},"content":{"rendered":"<p style=\"text-align: justify;\"><strong>(Aeronoticias)<\/strong>.-\u00a0<span style=\"color: #454545; font-family: Helvetica; font-size: 12px;\">Air France y KLM van a intercambiar los restantes pedidos en firme realizados por ambas aerol\u00edneas a Boeing y Airbus, de los modelos 787 y A350, medida que les permitir\u00e1 aumentar la eficiencia de sus operaciones mediante la armonizaci\u00f3n y el crecimiento de flotas con aparatos similares.<\/span><\/p>\n<p class=\"p1\" style=\"text-align: justify;\">En un comunicado, el grupo franco-holand\u00e9s se\u00f1ala que la aplicaci\u00f3n del intercambio entre ambas compa\u00f1\u00edas significa que entre 2021 y 2023, los seis Boeing 787 restantes pedidos para Air France se transferir\u00e1n a KLM, y los siete A350-900 actuales pedidos para KLM pasar\u00e1n a Air France.<\/p>\n<p class=\"p1\" style=\"text-align: justify;\">\u00a0<\/p>\n<p class=\"p1\" style=\"text-align: justify;\">\u201cEste es el primer paso hacia la armonizaci\u00f3n y la simplificaci\u00f3n de la flota del grupo Air France-KLM en su dos principales compa\u00f1\u00edas a\u00e9reas\u201d, ha declarado el director general del grupo, Benjamin Smith.<\/p>\n<p class=\"p1\" style=\"text-align: justify;\">\u00a0<\/p>\n<p class=\"p1\" style=\"text-align: justify;\">Actualmente, Air France opera nueve aviones Boeing 787-9 y est\u00e1 previsto que en mayo de 2020 se incorpore otro avi\u00f3n de este modelo a su flota. Como resultado, de ellos tendr\u00e1 una flota de 10 Boeing 787-9 el pr\u00f3ximo a\u00f1o.<\/p>\n<p class=\"p1\" style=\"text-align: justify;\">\u00a0<\/p>\n<p class=\"p1\" style=\"text-align: justify;\">Asimismo, Air France recibir\u00e1 su primer A350-900 en septiembre de 2019. La compa\u00f1\u00eda gala cuenta con otros 20 pedidos en firme a los que se a\u00f1adir\u00e1n los siete aviones A350-900 destinados inicialmente a KLM, conformando un total de 28 aviones.<\/p>\n<p class=\"p1\" style=\"text-align: justify;\">\u00a0<\/p>\n<p class=\"p1\" style=\"text-align: justify;\">KLM opera actualmente 13 Boeing 787-9 y recibi\u00f3 su primer Boeing 787-10 el pasado 30 de junio. Esta flota seguir\u00e1 creciendo hasta alcanzar un total de 21 Boeing 787 a finales de 2020, a los que se a\u00f1adir\u00e1n los seis 787 inicialmente destinados a Air France para sumar un total de 27 aviones.<\/p>\n<p class=\"p1\" style=\"text-align: justify;\">\u00a0<\/p>\n<p class=\"p1\" style=\"text-align: justify;\">Paralelamente, todas las opciones para seguir desarrollando la flota de Air France dentro del grupo se est\u00e1n evaluando actualmente en coordinaci\u00f3n con todas las partes interesadas.<\/p>\n<p class=\"p2\">\u00a0<\/p>\n<p class=\"p2\">Fuente: <span style=\"text-decoration: underline;\"><em><strong>EuropaPress<\/strong><\/em><\/span>.<\/p>\n<p class=\"p2\">\u00a0<\/p>\n<p class=\"p2\"><img decoding=\"async\" src=\"images\/stories\/klm.jpg\" border=\"0\" \/><\/p>\n<p> p.p1 {margin: 0.0px 0.0px 0.0px 0.0px; font: 12.0px Helvetica; color: #454545} p.p2 {margin: 0.0px 0.0px 0.0px 0.0px; font: 12.0px Helvetica; color: #454545; min-height: 14.0px}<\/p>\n","protected":false},"excerpt":{"rendered":"<p>(Aeronoticias).-\u00a0Air France y KLM van a intercambiar los restantes pedidos en firme realizados por ambas aerol\u00edneas a Boeing y Airbus, de los modelos 787 y A350, medida que les permitir\u00e1 aumentar la eficiencia de sus operaciones mediante la armonizaci\u00f3n y el crecimiento de flotas con aparatos similares. En un comunicado, el grupo franco-holand\u00e9s se\u00f1ala que [&hellip;]<\/p>\n","protected":false},"author":1,"featured_media":0,"comment_status":"open","ping_status":"open","sticky":false,"template":"","format":"standard","meta":{"tdm_status":"","tdm_grid_status":"","footnotes":""},"categories":[34],"tags":[],"class_list":{"0":"post-58573","1":"post","2":"type-post","3":"status-publish","4":"format-standard","6":"category-internacionales"},"yoast_head":"<!-- This site is optimized with the Yoast SEO plugin v25.1 - https:\/\/yoast.com\/wordpress\/plugins\/seo\/ -->\n<title>Air France y KLM intercambian sus pedidos para optimizar su flota de larga distancia<\/title>\n<meta name=\"description\" content=\"Portal de noticias del Per\u00fa sobre el transporte a\u00e9reo, aviaci\u00f3n, turismo, hoteleria, actualidad.\" \/>\n<meta name=\"robots\" content=\"index, follow, max-snippet:-1, max-image-preview:large, max-video-preview:-1\" \/>\n<link rel=\"canonical\" href=\"https:\/\/aeronoticias.com.pe\/noticiero\/internacionales\/air-france-y-klm-intercambian-sus-pedidos-para-optimizar-su-flota-de-larga-distancia\/\" \/>\n<meta property=\"og:locale\" content=\"es_ES\" \/>\n<meta property=\"og:type\" content=\"article\" \/>\n<meta property=\"og:title\" content=\"Air France y KLM intercambian sus pedidos para optimizar su flota de larga distancia\" \/>\n<meta property=\"og:description\" content=\"Portal de noticias del Per\u00fa sobre el transporte a\u00e9reo, aviaci\u00f3n, turismo, hoteleria, actualidad.\" \/>\n<meta property=\"og:url\" content=\"https:\/\/aeronoticias.com.pe\/noticiero\/internacionales\/air-france-y-klm-intercambian-sus-pedidos-para-optimizar-su-flota-de-larga-distancia\/\" \/>\n<meta property=\"og:site_name\" content=\"Aeronoticias.com.pe\" \/>\n<meta property=\"article:publisher\" content=\"https:\/\/www.facebook.com\/Aeronoticias.com.pe\/\" \/>\n<meta property=\"article:published_time\" content=\"2019-07-05T13:18:02+00:00\" \/>\n<meta name=\"author\" content=\"Redacci\u00f3n Aeronoticias\" \/>\n<meta name=\"twitter:card\" content=\"summary_large_image\" \/>\n<meta name=\"twitter:creator\" content=\"@aeronoticias\" \/>\n<meta name=\"twitter:site\" content=\"@aeronoticias\" \/>\n<meta name=\"twitter:label1\" content=\"Escrito por\" \/>\n\t<meta name=\"twitter:data1\" content=\"Redacci\u00f3n Aeronoticias\" \/>\n\t<meta name=\"twitter:label2\" content=\"Tiempo de lectura\" \/>\n\t<meta name=\"twitter:data2\" content=\"2 minutos\" \/>\n<script type=\"application\/ld+json\" class=\"yoast-schema-graph\">{\"@context\":\"https:\/\/schema.org\",\"@graph\":[{\"@type\":\"WebPage\",\"@id\":\"https:\/\/aeronoticias.com.pe\/noticiero\/internacionales\/air-france-y-klm-intercambian-sus-pedidos-para-optimizar-su-flota-de-larga-distancia\/\",\"url\":\"https:\/\/aeronoticias.com.pe\/noticiero\/internacionales\/air-france-y-klm-intercambian-sus-pedidos-para-optimizar-su-flota-de-larga-distancia\/\",\"name\":\"Air France y KLM intercambian sus pedidos para optimizar su flota de larga distancia\",\"isPartOf\":{\"@id\":\"https:\/\/aeronoticias.com.pe\/noticiero\/#website\"},\"datePublished\":\"2019-07-05T13:18:02+00:00\",\"author\":{\"@id\":\"https:\/\/aeronoticias.com.pe\/noticiero\/#\/schema\/person\/fc1e5d578f4b62ba1cf7ac2bba1170a0\"},\"description\":\"Portal de noticias del Per\u00fa sobre el transporte a\u00e9reo, aviaci\u00f3n, turismo, hoteleria, actualidad.\",\"breadcrumb\":{\"@id\":\"https:\/\/aeronoticias.com.pe\/noticiero\/internacionales\/air-france-y-klm-intercambian-sus-pedidos-para-optimizar-su-flota-de-larga-distancia\/#breadcrumb\"},\"inLanguage\":\"es\",\"potentialAction\":[{\"@type\":\"ReadAction\",\"target\":[\"https:\/\/aeronoticias.com.pe\/noticiero\/internacionales\/air-france-y-klm-intercambian-sus-pedidos-para-optimizar-su-flota-de-larga-distancia\/\"]}]},{\"@type\":\"BreadcrumbList\",\"@id\":\"https:\/\/aeronoticias.com.pe\/noticiero\/internacionales\/air-france-y-klm-intercambian-sus-pedidos-para-optimizar-su-flota-de-larga-distancia\/#breadcrumb\",\"itemListElement\":[{\"@type\":\"ListItem\",\"position\":1,\"name\":\"Portada\",\"item\":\"https:\/\/aeronoticias.com.pe\/noticiero\/\"},{\"@type\":\"ListItem\",\"position\":2,\"name\":\"Air France y KLM intercambian sus pedidos para optimizar su flota de larga distancia\"}]},{\"@type\":\"WebSite\",\"@id\":\"https:\/\/aeronoticias.com.pe\/noticiero\/#website\",\"url\":\"https:\/\/aeronoticias.com.pe\/noticiero\/\",\"name\":\"Aeronoticias.com.pe\",\"description\":\"Noticias de tranporte aereo, turismo, hoteles, gastronomia, actualidad, internacional\",\"potentialAction\":[{\"@type\":\"SearchAction\",\"target\":{\"@type\":\"EntryPoint\",\"urlTemplate\":\"https:\/\/aeronoticias.com.pe\/noticiero\/?s={search_term_string}\"},\"query-input\":{\"@type\":\"PropertyValueSpecification\",\"valueRequired\":true,\"valueName\":\"search_term_string\"}}],\"inLanguage\":\"es\"},{\"@type\":\"Person\",\"@id\":\"https:\/\/aeronoticias.com.pe\/noticiero\/#\/schema\/person\/fc1e5d578f4b62ba1cf7ac2bba1170a0\",\"name\":\"Redacci\u00f3n Aeronoticias\",\"url\":\"https:\/\/aeronoticias.com.pe\/noticiero\/author\/piloto\/\"}]}<\/script>\n<!-- \/ Yoast SEO plugin. -->","yoast_head_json":{"title":"Air France y KLM intercambian sus pedidos para optimizar su flota de larga distancia","description":"Portal de noticias del Per\u00fa sobre el transporte a\u00e9reo, aviaci\u00f3n, turismo, hoteleria, actualidad.","robots":{"index":"index","follow":"follow","max-snippet":"max-snippet:-1","max-image-preview":"max-image-preview:large","max-video-preview":"max-video-preview:-1"},"canonical":"https:\/\/aeronoticias.com.pe\/noticiero\/internacionales\/air-france-y-klm-intercambian-sus-pedidos-para-optimizar-su-flota-de-larga-distancia\/","og_locale":"es_ES","og_type":"article","og_title":"Air France y KLM intercambian sus pedidos para optimizar su flota de larga distancia","og_description":"Portal de noticias del Per\u00fa sobre el transporte a\u00e9reo, aviaci\u00f3n, turismo, hoteleria, actualidad.","og_url":"https:\/\/aeronoticias.com.pe\/noticiero\/internacionales\/air-france-y-klm-intercambian-sus-pedidos-para-optimizar-su-flota-de-larga-distancia\/","og_site_name":"Aeronoticias.com.pe","article_publisher":"https:\/\/www.facebook.com\/Aeronoticias.com.pe\/","article_published_time":"2019-07-05T13:18:02+00:00","author":"Redacci\u00f3n Aeronoticias","twitter_card":"summary_large_image","twitter_creator":"@aeronoticias","twitter_site":"@aeronoticias","twitter_misc":{"Escrito por":"Redacci\u00f3n Aeronoticias","Tiempo de lectura":"2 minutos"},"schema":{"@context":"https:\/\/schema.org","@graph":[{"@type":"WebPage","@id":"https:\/\/aeronoticias.com.pe\/noticiero\/internacionales\/air-france-y-klm-intercambian-sus-pedidos-para-optimizar-su-flota-de-larga-distancia\/","url":"https:\/\/aeronoticias.com.pe\/noticiero\/internacionales\/air-france-y-klm-intercambian-sus-pedidos-para-optimizar-su-flota-de-larga-distancia\/","name":"Air France y KLM intercambian sus pedidos para optimizar su flota de larga distancia","isPartOf":{"@id":"https:\/\/aeronoticias.com.pe\/noticiero\/#website"},"datePublished":"2019-07-05T13:18:02+00:00","author":{"@id":"https:\/\/aeronoticias.com.pe\/noticiero\/#\/schema\/person\/fc1e5d578f4b62ba1cf7ac2bba1170a0"},"description":"Portal de noticias del Per\u00fa sobre el transporte a\u00e9reo, aviaci\u00f3n, turismo, hoteleria, actualidad.","breadcrumb":{"@id":"https:\/\/aeronoticias.com.pe\/noticiero\/internacionales\/air-france-y-klm-intercambian-sus-pedidos-para-optimizar-su-flota-de-larga-distancia\/#breadcrumb"},"inLanguage":"es","potentialAction":[{"@type":"ReadAction","target":["https:\/\/aeronoticias.com.pe\/noticiero\/internacionales\/air-france-y-klm-intercambian-sus-pedidos-para-optimizar-su-flota-de-larga-distancia\/"]}]},{"@type":"BreadcrumbList","@id":"https:\/\/aeronoticias.com.pe\/noticiero\/internacionales\/air-france-y-klm-intercambian-sus-pedidos-para-optimizar-su-flota-de-larga-distancia\/#breadcrumb","itemListElement":[{"@type":"ListItem","position":1,"name":"Portada","item":"https:\/\/aeronoticias.com.pe\/noticiero\/"},{"@type":"ListItem","position":2,"name":"Air France y KLM intercambian sus pedidos para optimizar su flota de larga distancia"}]},{"@type":"WebSite","@id":"https:\/\/aeronoticias.com.pe\/noticiero\/#website","url":"https:\/\/aeronoticias.com.pe\/noticiero\/","name":"Aeronoticias.com.pe","description":"Noticias de tranporte aereo, turismo, hoteles, gastronomia, actualidad, internacional","potentialAction":[{"@type":"SearchAction","target":{"@type":"EntryPoint","urlTemplate":"https:\/\/aeronoticias.com.pe\/noticiero\/?s={search_term_string}"},"query-input":{"@type":"PropertyValueSpecification","valueRequired":true,"valueName":"search_term_string"}}],"inLanguage":"es"},{"@type":"Person","@id":"https:\/\/aeronoticias.com.pe\/noticiero\/#\/schema\/person\/fc1e5d578f4b62ba1cf7ac2bba1170a0","name":"Redacci\u00f3n Aeronoticias","url":"https:\/\/aeronoticias.com.pe\/noticiero\/author\/piloto\/"}]}},"_links":{"self":[{"href":"https:\/\/aeronoticias.com.pe\/noticiero\/wp-json\/wp\/v2\/posts\/58573","targetHints":{"allow":["GET"]}}],"collection":[{"href":"https:\/\/aeronoticias.com.pe\/noticiero\/wp-json\/wp\/v2\/posts"}],"about":[{"href":"https:\/\/aeronoticias.com.pe\/noticiero\/wp-json\/wp\/v2\/types\/post"}],"author":[{"embeddable":true,"href":"https:\/\/aeronoticias.com.pe\/noticiero\/wp-json\/wp\/v2\/users\/1"}],"replies":[{"embeddable":true,"href":"https:\/\/aeronoticias.com.pe\/noticiero\/wp-json\/wp\/v2\/comments?post=58573"}],"version-history":[{"count":0,"href":"https:\/\/aeronoticias.com.pe\/noticiero\/wp-json\/wp\/v2\/posts\/58573\/revisions"}],"wp:attachment":[{"href":"https:\/\/aeronoticias.com.pe\/noticiero\/wp-json\/wp\/v2\/media?parent=58573"}],"wp:term":[{"taxonomy":"category","embeddable":true,"href":"https:\/\/aeronoticias.com.pe\/noticiero\/wp-json\/wp\/v2\/categories?post=58573"},{"taxonomy":"post_tag","embeddable":true,"href":"https:\/\/aeronoticias.com.pe\/noticiero\/wp-json\/wp\/v2\/tags?post=58573"}],"curies":[{"name":"wp","href":"https:\/\/api.w.org\/{rel}","templated":true}]}}