{"id":58574,"date":"2019-07-05T13:22:35","date_gmt":"2019-07-05T13:22:35","guid":{"rendered":"http:\/\/desarrollo.mcvicious.com\/aero2020\/2019\/07\/05\/la-ecuatoriana-tame-se-enfoca-en-mercado-domestico-para-mantener-sus-operaciones\/"},"modified":"2019-07-05T13:22:35","modified_gmt":"2019-07-05T13:22:35","slug":"la-ecuatoriana-tame-se-enfoca-en-mercado-domestico-para-mantener-sus-operaciones","status":"publish","type":"post","link":"https:\/\/aeronoticias.com.pe\/noticiero\/internacionales\/la-ecuatoriana-tame-se-enfoca-en-mercado-domestico-para-mantener-sus-operaciones\/","title":{"rendered":"La ecuatoriana Tame se enfoca en mercado dom\u00e9stico para mantener sus operaciones"},"content":{"rendered":"<p style=\"text-align: justify;\"><strong>(Aeronoticias).<\/strong>&#8211;\u00a0<span style=\"color: #454545; font-family: Helvetica; font-size: 12px;\">Tame EP<\/span><span style=\"color: #454545; font-family: Helvetica; font-size: 12px;\">, l\u00ednea bandera de Ecuador, ha suspendido cinco rutas internacionales y una nacional en menos de un a\u00f1o y medio. Esto tiene coherencia con la nueva estrategia de la empresa de enfocarse de manera prioritaria en el mercado local, donde tiene una oferta de vuelos que cubren 40 % de la demanda.<\/span><\/p>\n<p class=\"p1\" style=\"text-align: justify;\">En febrero del 2018 se suspendi\u00f3 la ruta Quito-Bogot\u00e1-Caracas, que arrojaba p\u00e9rdidas a la aerol\u00ednea. En junio de 2018 se suspendi\u00f3 la ruta Guayaquil-Cuenca. El 2019 quedaron suspendidas las rutas Quito-Nueva York, Quito-Lima y Quito-Bogot\u00e1 y Guayaquil-Bogot\u00e1. Estas \u00faltimas hab\u00edan iniciado operaci\u00f3n en junio del a\u00f1o pasado.<\/p>\n<p class=\"p1\" style=\"text-align: justify;\">\u00a0<\/p>\n<p class=\"p1\" style=\"text-align: justify;\">Enfocarse en el mercado dom\u00e9stico, estabilizar la situaci\u00f3n financiera de la empresa estatal y buscar un socio estrat\u00e9gico del sector privado son planes a futuro para la empresa, de acuerdo con Fabi\u00e1n Carrillo, viceministro de Finanzas y parte del Directorio de la compa\u00f1\u00eda.<\/p>\n<p class=\"p1\" style=\"text-align: justify;\">\u00a0<\/p>\n<p class=\"p1\" style=\"text-align: justify;\">Explica que Tame tiene una situaci\u00f3n financiera compleja y que la prioridad del Gobierno es reestructurarla, \u201cmejorar su situaci\u00f3n financiera a trav\u00e9s de la optimizaci\u00f3n de gastos y reorientarla al mercado nacional\u201d, que es un puntal de la empresa, pues cubre el 40% de la demanda de vuelos en el pa\u00eds.<\/p>\n<p class=\"p1\" style=\"text-align: justify;\">\u00a0<\/p>\n<p class=\"p1\" style=\"text-align: justify;\">Esa cobertura nacional ha crecido. A finales del 2017 cubr\u00edan 36 % de la demanda, en 2018 cerraron con 38 %.<\/p>\n<p class=\"p1\" style=\"text-align: justify;\">Carrillo dice que tomando en cuenta esta premisa, ser\u00e1n muy cuidadosos en las decisiones que se tomen y de ninguna manera se le podr\u00eda restar capacidad operativa a nivel nacional. Es que Tame cubre rutas en las que el sector privado no participa, que son parte de la pol\u00edtica p\u00fablica de conectividad. Vuela a Coca, Santa Rosa, Salinas, Loja, Lago Agrio, rutas que no generan rentabilidad. Para compensarlo, seg\u00fan Carrillo, se ha pensado en que reciba un subsidio de Finanzas.<\/p>\n<p class=\"p1\" style=\"text-align: justify;\">\u00a0<\/p>\n<p class=\"p1\" style=\"text-align: justify;\">Sobre los internacionales, sostiene que los vuelos Esmeraldas-Cali y Guayaquil-Fort Lauderdale son rentables y se mantendr\u00e1n.<\/p>\n<p class=\"p1\" style=\"text-align: justify;\">Tame confirma que de acuerdo con su Plan de Negocios 2019, est\u00e1 enfocada en fortalecer el mercado dom\u00e9stico para una operaci\u00f3n sustentable. Dentro de ello \u201cse suspendieron temporalmente las rutas Quito-Bogot\u00e1, Guayaquil Bogot\u00e1, Quito-Nueva York y Quito-Lima\u201d. Estas no han sido canceladas y en una revisi\u00f3n futura de los planes estrat\u00e9gico y de negocios ser\u00e1n analizadas \u201cpara considerar si se mantienen las suspensiones temporales o no\u201d. La idea es velar por su rentabilidad y sostenibilidad.<\/p>\n<p class=\"p1\" style=\"text-align: justify;\">\u00a0<\/p>\n<p class=\"p1\" style=\"text-align: justify;\">Marco Sub\u00eda, presidente de la Asociaci\u00f3n de Representantes de L\u00edneas A\u00e9reas en el Ecuador (Arlae), ve como positiva la estrategia de Tame EP de darle mayor prioridad al mercado nacional, en el que puede competir. \u00c9l considera que el descalabro de la empresa empez\u00f3 cuando \u201csin planificaci\u00f3n se lanz\u00f3 al mercado internacional a abrir rutas, dando palazos de ciego\u201d.<\/p>\n<p class=\"p1\" style=\"text-align: justify;\">\u00a0<\/p>\n<p class=\"p1\" style=\"text-align: justify;\">Carrillo comenta que la expectativa de la empresa es que cuando alcance la estabilidad financiera y operativa, se pueda incorporar un actor privado. La figura no est\u00e1 definida, pero podr\u00eda ser una sociedad, en la cual el actor privado sea un socio minoritario. Tambi\u00e9n se evaluar\u00eda concesi\u00f3n de la administraci\u00f3n o una asociaci\u00f3n p\u00fablico privada.<\/p>\n<p class=\"p1\" style=\"text-align: justify;\">\u00a0<\/p>\n<p class=\"p1\" style=\"text-align: justify;\">En todo caso, s\u00ed es prioritario fortalecer la flota.<\/p>\n<p class=\"p1\" style=\"text-align: justify;\">\u00a0<\/p>\n<p class=\"p1\" style=\"text-align: justify;\">Para Sub\u00eda, ser\u00eda tambi\u00e9n importante una reingenier\u00eda total e incluso que la administraci\u00f3n pase a manos privadas, pues la empresa se ha caracterizado por tener administraciones pol\u00edticas y no t\u00e9cnicas.<\/p>\n<p class=\"p1\" style=\"text-align: justify;\">\u00a0<\/p>\n<p class=\"p1\" style=\"text-align: justify;\">Fuente: <span style=\"text-decoration: underline;\"><em><strong>Aviaci\u00f3n al d\u00eda<\/strong><\/em><\/span>.<\/p>\n<p class=\"p1\" style=\"text-align: justify;\">\u00a0<\/p>\n<p class=\"p1\" style=\"text-align: justify;\"><img decoding=\"async\" src=\"images\/stories\/a9.jpg\" border=\"0\" \/><\/p>\n<p> p.p1 {margin: 0.0px 0.0px 0.0px 0.0px; font: 12.0px Helvetica; color: #454545}<\/p>\n","protected":false},"excerpt":{"rendered":"<p>(Aeronoticias).&#8211;\u00a0Tame EP, l\u00ednea bandera de Ecuador, ha suspendido cinco rutas internacionales y una nacional en menos de un a\u00f1o y medio. Esto tiene coherencia con la nueva estrategia de la empresa de enfocarse de manera prioritaria en el mercado local, donde tiene una oferta de vuelos que cubren 40 % de la demanda. En febrero [&hellip;]<\/p>\n","protected":false},"author":1,"featured_media":0,"comment_status":"open","ping_status":"open","sticky":false,"template":"","format":"standard","meta":{"tdm_status":"","tdm_grid_status":"","footnotes":""},"categories":[34],"tags":[],"class_list":{"0":"post-58574","1":"post","2":"type-post","3":"status-publish","4":"format-standard","6":"category-internacionales"},"yoast_head":"<!-- This site is optimized with the Yoast SEO plugin v25.1 - https:\/\/yoast.com\/wordpress\/plugins\/seo\/ -->\n<title>La ecuatoriana Tame se enfoca en mercado dom\u00e9stico para mantener sus operaciones<\/title>\n<meta name=\"description\" content=\"Portal de noticias del Per\u00fa sobre el transporte a\u00e9reo, aviaci\u00f3n, turismo, hoteleria, actualidad.\" \/>\n<meta name=\"robots\" content=\"index, follow, max-snippet:-1, max-image-preview:large, max-video-preview:-1\" \/>\n<link rel=\"canonical\" href=\"https:\/\/aeronoticias.com.pe\/noticiero\/internacionales\/la-ecuatoriana-tame-se-enfoca-en-mercado-domestico-para-mantener-sus-operaciones\/\" \/>\n<meta property=\"og:locale\" content=\"es_ES\" \/>\n<meta property=\"og:type\" content=\"article\" \/>\n<meta property=\"og:title\" content=\"La ecuatoriana Tame se enfoca en mercado dom\u00e9stico para mantener sus operaciones\" \/>\n<meta property=\"og:description\" content=\"Portal de noticias del Per\u00fa sobre el transporte a\u00e9reo, aviaci\u00f3n, turismo, hoteleria, actualidad.\" \/>\n<meta property=\"og:url\" content=\"https:\/\/aeronoticias.com.pe\/noticiero\/internacionales\/la-ecuatoriana-tame-se-enfoca-en-mercado-domestico-para-mantener-sus-operaciones\/\" \/>\n<meta property=\"og:site_name\" content=\"Aeronoticias.com.pe\" \/>\n<meta property=\"article:publisher\" content=\"https:\/\/www.facebook.com\/Aeronoticias.com.pe\/\" \/>\n<meta property=\"article:published_time\" content=\"2019-07-05T13:22:35+00:00\" \/>\n<meta name=\"author\" content=\"Redacci\u00f3n Aeronoticias\" \/>\n<meta name=\"twitter:card\" content=\"summary_large_image\" \/>\n<meta name=\"twitter:creator\" content=\"@aeronoticias\" \/>\n<meta name=\"twitter:site\" content=\"@aeronoticias\" \/>\n<meta name=\"twitter:label1\" content=\"Escrito por\" \/>\n\t<meta name=\"twitter:data1\" content=\"Redacci\u00f3n Aeronoticias\" \/>\n\t<meta name=\"twitter:label2\" content=\"Tiempo de lectura\" \/>\n\t<meta name=\"twitter:data2\" content=\"3 minutos\" \/>\n<script type=\"application\/ld+json\" class=\"yoast-schema-graph\">{\"@context\":\"https:\/\/schema.org\",\"@graph\":[{\"@type\":\"WebPage\",\"@id\":\"https:\/\/aeronoticias.com.pe\/noticiero\/internacionales\/la-ecuatoriana-tame-se-enfoca-en-mercado-domestico-para-mantener-sus-operaciones\/\",\"url\":\"https:\/\/aeronoticias.com.pe\/noticiero\/internacionales\/la-ecuatoriana-tame-se-enfoca-en-mercado-domestico-para-mantener-sus-operaciones\/\",\"name\":\"La ecuatoriana Tame se enfoca en mercado dom\u00e9stico para mantener sus operaciones\",\"isPartOf\":{\"@id\":\"https:\/\/aeronoticias.com.pe\/noticiero\/#website\"},\"datePublished\":\"2019-07-05T13:22:35+00:00\",\"author\":{\"@id\":\"https:\/\/aeronoticias.com.pe\/noticiero\/#\/schema\/person\/fc1e5d578f4b62ba1cf7ac2bba1170a0\"},\"description\":\"Portal de noticias del Per\u00fa sobre el transporte a\u00e9reo, aviaci\u00f3n, turismo, hoteleria, actualidad.\",\"breadcrumb\":{\"@id\":\"https:\/\/aeronoticias.com.pe\/noticiero\/internacionales\/la-ecuatoriana-tame-se-enfoca-en-mercado-domestico-para-mantener-sus-operaciones\/#breadcrumb\"},\"inLanguage\":\"es\",\"potentialAction\":[{\"@type\":\"ReadAction\",\"target\":[\"https:\/\/aeronoticias.com.pe\/noticiero\/internacionales\/la-ecuatoriana-tame-se-enfoca-en-mercado-domestico-para-mantener-sus-operaciones\/\"]}]},{\"@type\":\"BreadcrumbList\",\"@id\":\"https:\/\/aeronoticias.com.pe\/noticiero\/internacionales\/la-ecuatoriana-tame-se-enfoca-en-mercado-domestico-para-mantener-sus-operaciones\/#breadcrumb\",\"itemListElement\":[{\"@type\":\"ListItem\",\"position\":1,\"name\":\"Portada\",\"item\":\"https:\/\/aeronoticias.com.pe\/noticiero\/\"},{\"@type\":\"ListItem\",\"position\":2,\"name\":\"La ecuatoriana Tame se enfoca en mercado dom\u00e9stico para mantener sus operaciones\"}]},{\"@type\":\"WebSite\",\"@id\":\"https:\/\/aeronoticias.com.pe\/noticiero\/#website\",\"url\":\"https:\/\/aeronoticias.com.pe\/noticiero\/\",\"name\":\"Aeronoticias.com.pe\",\"description\":\"Noticias de tranporte aereo, turismo, hoteles, gastronomia, actualidad, internacional\",\"potentialAction\":[{\"@type\":\"SearchAction\",\"target\":{\"@type\":\"EntryPoint\",\"urlTemplate\":\"https:\/\/aeronoticias.com.pe\/noticiero\/?s={search_term_string}\"},\"query-input\":{\"@type\":\"PropertyValueSpecification\",\"valueRequired\":true,\"valueName\":\"search_term_string\"}}],\"inLanguage\":\"es\"},{\"@type\":\"Person\",\"@id\":\"https:\/\/aeronoticias.com.pe\/noticiero\/#\/schema\/person\/fc1e5d578f4b62ba1cf7ac2bba1170a0\",\"name\":\"Redacci\u00f3n Aeronoticias\",\"url\":\"https:\/\/aeronoticias.com.pe\/noticiero\/author\/piloto\/\"}]}<\/script>\n<!-- \/ Yoast SEO plugin. -->","yoast_head_json":{"title":"La ecuatoriana Tame se enfoca en mercado dom\u00e9stico para mantener sus operaciones","description":"Portal de noticias del Per\u00fa sobre el transporte a\u00e9reo, aviaci\u00f3n, turismo, hoteleria, actualidad.","robots":{"index":"index","follow":"follow","max-snippet":"max-snippet:-1","max-image-preview":"max-image-preview:large","max-video-preview":"max-video-preview:-1"},"canonical":"https:\/\/aeronoticias.com.pe\/noticiero\/internacionales\/la-ecuatoriana-tame-se-enfoca-en-mercado-domestico-para-mantener-sus-operaciones\/","og_locale":"es_ES","og_type":"article","og_title":"La ecuatoriana Tame se enfoca en mercado dom\u00e9stico para mantener sus operaciones","og_description":"Portal de noticias del Per\u00fa sobre el transporte a\u00e9reo, aviaci\u00f3n, turismo, hoteleria, actualidad.","og_url":"https:\/\/aeronoticias.com.pe\/noticiero\/internacionales\/la-ecuatoriana-tame-se-enfoca-en-mercado-domestico-para-mantener-sus-operaciones\/","og_site_name":"Aeronoticias.com.pe","article_publisher":"https:\/\/www.facebook.com\/Aeronoticias.com.pe\/","article_published_time":"2019-07-05T13:22:35+00:00","author":"Redacci\u00f3n Aeronoticias","twitter_card":"summary_large_image","twitter_creator":"@aeronoticias","twitter_site":"@aeronoticias","twitter_misc":{"Escrito por":"Redacci\u00f3n Aeronoticias","Tiempo de lectura":"3 minutos"},"schema":{"@context":"https:\/\/schema.org","@graph":[{"@type":"WebPage","@id":"https:\/\/aeronoticias.com.pe\/noticiero\/internacionales\/la-ecuatoriana-tame-se-enfoca-en-mercado-domestico-para-mantener-sus-operaciones\/","url":"https:\/\/aeronoticias.com.pe\/noticiero\/internacionales\/la-ecuatoriana-tame-se-enfoca-en-mercado-domestico-para-mantener-sus-operaciones\/","name":"La ecuatoriana Tame se enfoca en mercado dom\u00e9stico para mantener sus operaciones","isPartOf":{"@id":"https:\/\/aeronoticias.com.pe\/noticiero\/#website"},"datePublished":"2019-07-05T13:22:35+00:00","author":{"@id":"https:\/\/aeronoticias.com.pe\/noticiero\/#\/schema\/person\/fc1e5d578f4b62ba1cf7ac2bba1170a0"},"description":"Portal de noticias del Per\u00fa sobre el transporte a\u00e9reo, aviaci\u00f3n, turismo, hoteleria, actualidad.","breadcrumb":{"@id":"https:\/\/aeronoticias.com.pe\/noticiero\/internacionales\/la-ecuatoriana-tame-se-enfoca-en-mercado-domestico-para-mantener-sus-operaciones\/#breadcrumb"},"inLanguage":"es","potentialAction":[{"@type":"ReadAction","target":["https:\/\/aeronoticias.com.pe\/noticiero\/internacionales\/la-ecuatoriana-tame-se-enfoca-en-mercado-domestico-para-mantener-sus-operaciones\/"]}]},{"@type":"BreadcrumbList","@id":"https:\/\/aeronoticias.com.pe\/noticiero\/internacionales\/la-ecuatoriana-tame-se-enfoca-en-mercado-domestico-para-mantener-sus-operaciones\/#breadcrumb","itemListElement":[{"@type":"ListItem","position":1,"name":"Portada","item":"https:\/\/aeronoticias.com.pe\/noticiero\/"},{"@type":"ListItem","position":2,"name":"La ecuatoriana Tame se enfoca en mercado dom\u00e9stico para mantener sus operaciones"}]},{"@type":"WebSite","@id":"https:\/\/aeronoticias.com.pe\/noticiero\/#website","url":"https:\/\/aeronoticias.com.pe\/noticiero\/","name":"Aeronoticias.com.pe","description":"Noticias de tranporte aereo, turismo, hoteles, gastronomia, actualidad, internacional","potentialAction":[{"@type":"SearchAction","target":{"@type":"EntryPoint","urlTemplate":"https:\/\/aeronoticias.com.pe\/noticiero\/?s={search_term_string}"},"query-input":{"@type":"PropertyValueSpecification","valueRequired":true,"valueName":"search_term_string"}}],"inLanguage":"es"},{"@type":"Person","@id":"https:\/\/aeronoticias.com.pe\/noticiero\/#\/schema\/person\/fc1e5d578f4b62ba1cf7ac2bba1170a0","name":"Redacci\u00f3n Aeronoticias","url":"https:\/\/aeronoticias.com.pe\/noticiero\/author\/piloto\/"}]}},"_links":{"self":[{"href":"https:\/\/aeronoticias.com.pe\/noticiero\/wp-json\/wp\/v2\/posts\/58574","targetHints":{"allow":["GET"]}}],"collection":[{"href":"https:\/\/aeronoticias.com.pe\/noticiero\/wp-json\/wp\/v2\/posts"}],"about":[{"href":"https:\/\/aeronoticias.com.pe\/noticiero\/wp-json\/wp\/v2\/types\/post"}],"author":[{"embeddable":true,"href":"https:\/\/aeronoticias.com.pe\/noticiero\/wp-json\/wp\/v2\/users\/1"}],"replies":[{"embeddable":true,"href":"https:\/\/aeronoticias.com.pe\/noticiero\/wp-json\/wp\/v2\/comments?post=58574"}],"version-history":[{"count":0,"href":"https:\/\/aeronoticias.com.pe\/noticiero\/wp-json\/wp\/v2\/posts\/58574\/revisions"}],"wp:attachment":[{"href":"https:\/\/aeronoticias.com.pe\/noticiero\/wp-json\/wp\/v2\/media?parent=58574"}],"wp:term":[{"taxonomy":"category","embeddable":true,"href":"https:\/\/aeronoticias.com.pe\/noticiero\/wp-json\/wp\/v2\/categories?post=58574"},{"taxonomy":"post_tag","embeddable":true,"href":"https:\/\/aeronoticias.com.pe\/noticiero\/wp-json\/wp\/v2\/tags?post=58574"}],"curies":[{"name":"wp","href":"https:\/\/api.w.org\/{rel}","templated":true}]}}