{"id":58575,"date":"2019-07-05T13:31:39","date_gmt":"2019-07-05T13:31:39","guid":{"rendered":"http:\/\/desarrollo.mcvicious.com\/aero2020\/2019\/07\/05\/volaris-suma-mas-de-10-millones-de-pasajeros-en-2019\/"},"modified":"2020-11-24T11:32:23","modified_gmt":"2020-11-24T16:32:23","slug":"volaris-suma-mas-de-10-millones-de-pasajeros-en-2019","status":"publish","type":"post","link":"https:\/\/aeronoticias.com.pe\/noticiero\/transporte-aereo\/internacional\/volaris-suma-mas-de-10-millones-de-pasajeros-en-2019\/","title":{"rendered":"Volaris suma m\u00e1s de 10 millones de pasajeros en 2019"},"content":{"rendered":"\n<p>La aerol\u00ednea mexicana Volaris inform\u00f3 que, durante junio, transport\u00f3 aproximadamente 1.9 millones de pasajeros a lo largo de toda su red, un crecimiento del 24.5% en comparativa con el mismo periodo del a\u00f1o anterior.<\/p>\n\n\n\n<p class=\"p1\">En lo que va del a\u00f1o, la aerol\u00ednea ha transportado&nbsp;<strong>10.6 millones de pasajeros transportados<\/strong>, lo que indica un&nbsp;<strong>crecimiento de 21.3%<\/strong> en comparaci\u00f3n con la primera mitad de 2018.<\/p>\n\n\n\n<p class=\"p1\">De acuerdo con su reporte mensual, el transportista de bajo costo resalt\u00f3 que durante el sexto mes del a\u00f1o, registr\u00f3 un total de&nbsp;<strong>89.3% en su factor de ocupaci\u00f3n<\/strong> (+2.3 puntos porcentuales):&nbsp;<strong>91%&nbsp; nacional y 85.1%<\/strong> en el rubro internacional,&nbsp;<strong>lo que signific\u00f3 un aumento de 2.5 y 2.2 puntos porcentuales en comparativa con junio de 2018.<\/strong><\/p>\n\n\n\n<p class=\"p1\">\u201cEl crecimiento significativo de la capacidad sana durante el mes,<strong> es el resultado de la fuerte demanda de pasajeros en el mercado nacional e internacional<\/strong>\u201d, apunt\u00f3 Enrique Beltranena, director del transportista.<\/p>\n\n\n\n<p class=\"p1\">A detalle,&nbsp;<strong>su demanda<\/strong> \u2013medida en pasajeros reservados por milla o RPM\u2013&nbsp;<strong>creci\u00f3 22.2%<\/strong>, de igual modo&nbsp;<strong>su capacidad<\/strong> (asiento por milla disponible o ASM),&nbsp;<strong>sum\u00f3 18.9%<\/strong>, ambos indicadores en comparaci\u00f3n con el sexto mes del a\u00f1o anterior.<\/p>\n\n\n\n<p class=\"p1\">Fuente: <span style=\"text-decoration: underline;\"><em><strong>A21<\/strong><\/em><\/span>.<\/p>\n","protected":false},"excerpt":{"rendered":"<p>La aerol\u00ednea mexicana Volaris inform\u00f3 que, durante junio, transport\u00f3 aproximadamente 1.9 millones de pasajeros a lo largo de toda su red, un crecimiento del 24.5% en comparativa con el mismo periodo del a\u00f1o anterior. En lo que va del a\u00f1o, la aerol\u00ednea ha transportado&nbsp;10.6 millones de pasajeros transportados, lo que indica un&nbsp;crecimiento de 21.3% en [&hellip;]<\/p>\n","protected":false},"author":1,"featured_media":66429,"comment_status":"open","ping_status":"open","sticky":false,"template":"","format":"standard","meta":{"tdm_status":"","tdm_grid_status":"","footnotes":""},"categories":[32,11],"tags":[125],"class_list":{"0":"post-58575","1":"post","2":"type-post","3":"status-publish","4":"format-standard","5":"has-post-thumbnail","7":"category-internacional","8":"category-transporte-aereo","9":"tag-volaris"},"yoast_head":"<!-- This site is optimized with the Yoast SEO plugin v25.1 - https:\/\/yoast.com\/wordpress\/plugins\/seo\/ -->\n<title>Volaris suma m\u00e1s de 10 millones de pasajeros en 2019<\/title>\n<meta name=\"description\" content=\"La aerol\u00ednea mexicana Volaris inform\u00f3 que, durante junio, transport\u00f3 aproximadamente 1.9 millones de pasajeros a lo largo de toda su red, un crecimiento del 24.5% en comparativa con el mismo periodo del a\u00f1o anterior.\" \/>\n<meta name=\"robots\" content=\"index, follow, max-snippet:-1, max-image-preview:large, max-video-preview:-1\" \/>\n<link rel=\"canonical\" href=\"https:\/\/aeronoticias.com.pe\/noticiero\/transporte-aereo\/internacional\/volaris-suma-mas-de-10-millones-de-pasajeros-en-2019\/\" \/>\n<meta property=\"og:locale\" content=\"es_ES\" \/>\n<meta property=\"og:type\" content=\"article\" \/>\n<meta property=\"og:title\" content=\"Volaris suma m\u00e1s de 10 millones de pasajeros en 2019\" \/>\n<meta property=\"og:description\" content=\"La aerol\u00ednea mexicana Volaris inform\u00f3 que, durante junio, transport\u00f3 aproximadamente 1.9 millones de pasajeros a lo largo de toda su red, un crecimiento del 24.5% en comparativa con el mismo periodo del a\u00f1o anterior.\" \/>\n<meta property=\"og:url\" content=\"https:\/\/aeronoticias.com.pe\/noticiero\/transporte-aereo\/internacional\/volaris-suma-mas-de-10-millones-de-pasajeros-en-2019\/\" \/>\n<meta property=\"og:site_name\" content=\"Aeronoticias.com.pe\" \/>\n<meta property=\"article:publisher\" content=\"https:\/\/www.facebook.com\/Aeronoticias.com.pe\/\" \/>\n<meta property=\"article:published_time\" content=\"2019-07-05T13:31:39+00:00\" \/>\n<meta property=\"article:modified_time\" content=\"2020-11-24T16:32:23+00:00\" \/>\n<meta property=\"og:image\" content=\"https:\/\/aeronoticias.com.pe\/noticiero\/wp-content\/uploads\/2019\/07\/Volaris-R.jpg\" \/>\n\t<meta property=\"og:image:width\" content=\"1000\" \/>\n\t<meta property=\"og:image:height\" content=\"600\" \/>\n\t<meta property=\"og:image:type\" content=\"image\/jpeg\" \/>\n<meta name=\"author\" content=\"Redacci\u00f3n Aeronoticias\" \/>\n<meta name=\"twitter:card\" content=\"summary_large_image\" \/>\n<meta name=\"twitter:creator\" content=\"@aeronoticias\" \/>\n<meta name=\"twitter:site\" content=\"@aeronoticias\" \/>\n<meta name=\"twitter:label1\" content=\"Escrito por\" \/>\n\t<meta name=\"twitter:data1\" content=\"Redacci\u00f3n Aeronoticias\" \/>\n\t<meta name=\"twitter:label2\" content=\"Tiempo de lectura\" \/>\n\t<meta name=\"twitter:data2\" content=\"1 minuto\" \/>\n<script type=\"application\/ld+json\" class=\"yoast-schema-graph\">{\"@context\":\"https:\/\/schema.org\",\"@graph\":[{\"@type\":\"WebPage\",\"@id\":\"https:\/\/aeronoticias.com.pe\/noticiero\/transporte-aereo\/internacional\/volaris-suma-mas-de-10-millones-de-pasajeros-en-2019\/\",\"url\":\"https:\/\/aeronoticias.com.pe\/noticiero\/transporte-aereo\/internacional\/volaris-suma-mas-de-10-millones-de-pasajeros-en-2019\/\",\"name\":\"Volaris suma m\u00e1s de 10 millones de pasajeros en 2019\",\"isPartOf\":{\"@id\":\"https:\/\/aeronoticias.com.pe\/noticiero\/#website\"},\"primaryImageOfPage\":{\"@id\":\"https:\/\/aeronoticias.com.pe\/noticiero\/transporte-aereo\/internacional\/volaris-suma-mas-de-10-millones-de-pasajeros-en-2019\/#primaryimage\"},\"image\":{\"@id\":\"https:\/\/aeronoticias.com.pe\/noticiero\/transporte-aereo\/internacional\/volaris-suma-mas-de-10-millones-de-pasajeros-en-2019\/#primaryimage\"},\"thumbnailUrl\":\"https:\/\/aeronoticias.com.pe\/noticiero\/wp-content\/uploads\/2019\/07\/Volaris-R.jpg\",\"datePublished\":\"2019-07-05T13:31:39+00:00\",\"dateModified\":\"2020-11-24T16:32:23+00:00\",\"author\":{\"@id\":\"https:\/\/aeronoticias.com.pe\/noticiero\/#\/schema\/person\/fc1e5d578f4b62ba1cf7ac2bba1170a0\"},\"description\":\"La aerol\u00ednea mexicana Volaris inform\u00f3 que, durante junio, transport\u00f3 aproximadamente 1.9 millones de pasajeros a lo largo de toda su red, un crecimiento del 24.5% en comparativa con el mismo periodo del a\u00f1o anterior.\",\"breadcrumb\":{\"@id\":\"https:\/\/aeronoticias.com.pe\/noticiero\/transporte-aereo\/internacional\/volaris-suma-mas-de-10-millones-de-pasajeros-en-2019\/#breadcrumb\"},\"inLanguage\":\"es\",\"potentialAction\":[{\"@type\":\"ReadAction\",\"target\":[\"https:\/\/aeronoticias.com.pe\/noticiero\/transporte-aereo\/internacional\/volaris-suma-mas-de-10-millones-de-pasajeros-en-2019\/\"]}]},{\"@type\":\"ImageObject\",\"inLanguage\":\"es\",\"@id\":\"https:\/\/aeronoticias.com.pe\/noticiero\/transporte-aereo\/internacional\/volaris-suma-mas-de-10-millones-de-pasajeros-en-2019\/#primaryimage\",\"url\":\"https:\/\/aeronoticias.com.pe\/noticiero\/wp-content\/uploads\/2019\/07\/Volaris-R.jpg\",\"contentUrl\":\"https:\/\/aeronoticias.com.pe\/noticiero\/wp-content\/uploads\/2019\/07\/Volaris-R.jpg\",\"width\":1000,\"height\":600},{\"@type\":\"BreadcrumbList\",\"@id\":\"https:\/\/aeronoticias.com.pe\/noticiero\/transporte-aereo\/internacional\/volaris-suma-mas-de-10-millones-de-pasajeros-en-2019\/#breadcrumb\",\"itemListElement\":[{\"@type\":\"ListItem\",\"position\":1,\"name\":\"Portada\",\"item\":\"https:\/\/aeronoticias.com.pe\/noticiero\/\"},{\"@type\":\"ListItem\",\"position\":2,\"name\":\"Volaris suma m\u00e1s de 10 millones de pasajeros en 2019\"}]},{\"@type\":\"WebSite\",\"@id\":\"https:\/\/aeronoticias.com.pe\/noticiero\/#website\",\"url\":\"https:\/\/aeronoticias.com.pe\/noticiero\/\",\"name\":\"Aeronoticias.com.pe\",\"description\":\"Noticias de tranporte aereo, turismo, hoteles, gastronomia, actualidad, internacional\",\"potentialAction\":[{\"@type\":\"SearchAction\",\"target\":{\"@type\":\"EntryPoint\",\"urlTemplate\":\"https:\/\/aeronoticias.com.pe\/noticiero\/?s={search_term_string}\"},\"query-input\":{\"@type\":\"PropertyValueSpecification\",\"valueRequired\":true,\"valueName\":\"search_term_string\"}}],\"inLanguage\":\"es\"},{\"@type\":\"Person\",\"@id\":\"https:\/\/aeronoticias.com.pe\/noticiero\/#\/schema\/person\/fc1e5d578f4b62ba1cf7ac2bba1170a0\",\"name\":\"Redacci\u00f3n Aeronoticias\",\"url\":\"https:\/\/aeronoticias.com.pe\/noticiero\/author\/piloto\/\"}]}<\/script>\n<!-- \/ Yoast SEO plugin. -->","yoast_head_json":{"title":"Volaris suma m\u00e1s de 10 millones de pasajeros en 2019","description":"La aerol\u00ednea mexicana Volaris inform\u00f3 que, durante junio, transport\u00f3 aproximadamente 1.9 millones de pasajeros a lo largo de toda su red, un crecimiento del 24.5% en comparativa con el mismo periodo del a\u00f1o anterior.","robots":{"index":"index","follow":"follow","max-snippet":"max-snippet:-1","max-image-preview":"max-image-preview:large","max-video-preview":"max-video-preview:-1"},"canonical":"https:\/\/aeronoticias.com.pe\/noticiero\/transporte-aereo\/internacional\/volaris-suma-mas-de-10-millones-de-pasajeros-en-2019\/","og_locale":"es_ES","og_type":"article","og_title":"Volaris suma m\u00e1s de 10 millones de pasajeros en 2019","og_description":"La aerol\u00ednea mexicana Volaris inform\u00f3 que, durante junio, transport\u00f3 aproximadamente 1.9 millones de pasajeros a lo largo de toda su red, un crecimiento del 24.5% en comparativa con el mismo periodo del a\u00f1o anterior.","og_url":"https:\/\/aeronoticias.com.pe\/noticiero\/transporte-aereo\/internacional\/volaris-suma-mas-de-10-millones-de-pasajeros-en-2019\/","og_site_name":"Aeronoticias.com.pe","article_publisher":"https:\/\/www.facebook.com\/Aeronoticias.com.pe\/","article_published_time":"2019-07-05T13:31:39+00:00","article_modified_time":"2020-11-24T16:32:23+00:00","og_image":[{"width":1000,"height":600,"url":"https:\/\/aeronoticias.com.pe\/noticiero\/wp-content\/uploads\/2019\/07\/Volaris-R.jpg","type":"image\/jpeg"}],"author":"Redacci\u00f3n Aeronoticias","twitter_card":"summary_large_image","twitter_creator":"@aeronoticias","twitter_site":"@aeronoticias","twitter_misc":{"Escrito por":"Redacci\u00f3n Aeronoticias","Tiempo de lectura":"1 minuto"},"schema":{"@context":"https:\/\/schema.org","@graph":[{"@type":"WebPage","@id":"https:\/\/aeronoticias.com.pe\/noticiero\/transporte-aereo\/internacional\/volaris-suma-mas-de-10-millones-de-pasajeros-en-2019\/","url":"https:\/\/aeronoticias.com.pe\/noticiero\/transporte-aereo\/internacional\/volaris-suma-mas-de-10-millones-de-pasajeros-en-2019\/","name":"Volaris suma m\u00e1s de 10 millones de pasajeros en 2019","isPartOf":{"@id":"https:\/\/aeronoticias.com.pe\/noticiero\/#website"},"primaryImageOfPage":{"@id":"https:\/\/aeronoticias.com.pe\/noticiero\/transporte-aereo\/internacional\/volaris-suma-mas-de-10-millones-de-pasajeros-en-2019\/#primaryimage"},"image":{"@id":"https:\/\/aeronoticias.com.pe\/noticiero\/transporte-aereo\/internacional\/volaris-suma-mas-de-10-millones-de-pasajeros-en-2019\/#primaryimage"},"thumbnailUrl":"https:\/\/aeronoticias.com.pe\/noticiero\/wp-content\/uploads\/2019\/07\/Volaris-R.jpg","datePublished":"2019-07-05T13:31:39+00:00","dateModified":"2020-11-24T16:32:23+00:00","author":{"@id":"https:\/\/aeronoticias.com.pe\/noticiero\/#\/schema\/person\/fc1e5d578f4b62ba1cf7ac2bba1170a0"},"description":"La aerol\u00ednea mexicana Volaris inform\u00f3 que, durante junio, transport\u00f3 aproximadamente 1.9 millones de pasajeros a lo largo de toda su red, un crecimiento del 24.5% en comparativa con el mismo periodo del a\u00f1o anterior.","breadcrumb":{"@id":"https:\/\/aeronoticias.com.pe\/noticiero\/transporte-aereo\/internacional\/volaris-suma-mas-de-10-millones-de-pasajeros-en-2019\/#breadcrumb"},"inLanguage":"es","potentialAction":[{"@type":"ReadAction","target":["https:\/\/aeronoticias.com.pe\/noticiero\/transporte-aereo\/internacional\/volaris-suma-mas-de-10-millones-de-pasajeros-en-2019\/"]}]},{"@type":"ImageObject","inLanguage":"es","@id":"https:\/\/aeronoticias.com.pe\/noticiero\/transporte-aereo\/internacional\/volaris-suma-mas-de-10-millones-de-pasajeros-en-2019\/#primaryimage","url":"https:\/\/aeronoticias.com.pe\/noticiero\/wp-content\/uploads\/2019\/07\/Volaris-R.jpg","contentUrl":"https:\/\/aeronoticias.com.pe\/noticiero\/wp-content\/uploads\/2019\/07\/Volaris-R.jpg","width":1000,"height":600},{"@type":"BreadcrumbList","@id":"https:\/\/aeronoticias.com.pe\/noticiero\/transporte-aereo\/internacional\/volaris-suma-mas-de-10-millones-de-pasajeros-en-2019\/#breadcrumb","itemListElement":[{"@type":"ListItem","position":1,"name":"Portada","item":"https:\/\/aeronoticias.com.pe\/noticiero\/"},{"@type":"ListItem","position":2,"name":"Volaris suma m\u00e1s de 10 millones de pasajeros en 2019"}]},{"@type":"WebSite","@id":"https:\/\/aeronoticias.com.pe\/noticiero\/#website","url":"https:\/\/aeronoticias.com.pe\/noticiero\/","name":"Aeronoticias.com.pe","description":"Noticias de tranporte aereo, turismo, hoteles, gastronomia, actualidad, internacional","potentialAction":[{"@type":"SearchAction","target":{"@type":"EntryPoint","urlTemplate":"https:\/\/aeronoticias.com.pe\/noticiero\/?s={search_term_string}"},"query-input":{"@type":"PropertyValueSpecification","valueRequired":true,"valueName":"search_term_string"}}],"inLanguage":"es"},{"@type":"Person","@id":"https:\/\/aeronoticias.com.pe\/noticiero\/#\/schema\/person\/fc1e5d578f4b62ba1cf7ac2bba1170a0","name":"Redacci\u00f3n Aeronoticias","url":"https:\/\/aeronoticias.com.pe\/noticiero\/author\/piloto\/"}]}},"_links":{"self":[{"href":"https:\/\/aeronoticias.com.pe\/noticiero\/wp-json\/wp\/v2\/posts\/58575","targetHints":{"allow":["GET"]}}],"collection":[{"href":"https:\/\/aeronoticias.com.pe\/noticiero\/wp-json\/wp\/v2\/posts"}],"about":[{"href":"https:\/\/aeronoticias.com.pe\/noticiero\/wp-json\/wp\/v2\/types\/post"}],"author":[{"embeddable":true,"href":"https:\/\/aeronoticias.com.pe\/noticiero\/wp-json\/wp\/v2\/users\/1"}],"replies":[{"embeddable":true,"href":"https:\/\/aeronoticias.com.pe\/noticiero\/wp-json\/wp\/v2\/comments?post=58575"}],"version-history":[{"count":0,"href":"https:\/\/aeronoticias.com.pe\/noticiero\/wp-json\/wp\/v2\/posts\/58575\/revisions"}],"wp:featuredmedia":[{"embeddable":true,"href":"https:\/\/aeronoticias.com.pe\/noticiero\/wp-json\/wp\/v2\/media\/66429"}],"wp:attachment":[{"href":"https:\/\/aeronoticias.com.pe\/noticiero\/wp-json\/wp\/v2\/media?parent=58575"}],"wp:term":[{"taxonomy":"category","embeddable":true,"href":"https:\/\/aeronoticias.com.pe\/noticiero\/wp-json\/wp\/v2\/categories?post=58575"},{"taxonomy":"post_tag","embeddable":true,"href":"https:\/\/aeronoticias.com.pe\/noticiero\/wp-json\/wp\/v2\/tags?post=58575"}],"curies":[{"name":"wp","href":"https:\/\/api.w.org\/{rel}","templated":true}]}}