{"id":58579,"date":"2019-07-07T16:43:31","date_gmt":"2019-07-07T16:43:31","guid":{"rendered":"http:\/\/desarrollo.mcvicious.com\/aero2020\/2019\/07\/07\/copa-airlines-inauguro-su-nueva-ruta-entre-ciudad-de-panama-y-paramaribo\/"},"modified":"2020-11-24T11:28:22","modified_gmt":"2020-11-24T16:28:22","slug":"copa-airlines-inauguro-su-nueva-ruta-entre-ciudad-de-panama-y-paramaribo","status":"publish","type":"post","link":"https:\/\/aeronoticias.com.pe\/noticiero\/transporte-aereo\/internacional\/copa-airlines-inauguro-su-nueva-ruta-entre-ciudad-de-panama-y-paramaribo\/","title":{"rendered":"Copa Airlines inaugur\u00f3 su nueva ruta entre Ciudad de Panam\u00e1 y Paramaribo"},"content":{"rendered":"\n<p>La paname\u00f1a Copa Airlines inaugur\u00f3 este s\u00e1bado su primer vuelo entre Ciudad de Panam\u00e1 y Paramaribo, capital de Surinam, que se convierte en el destino internacional n\u00famero 81 de la compa\u00f1\u00eda.<\/p>\n\n\n\n<p class=\"p2\">\u201cEsta adhesi\u00f3n de Surinam es importante para Panam\u00e1 porque (todos los vuelos de Copa) pasan por el \u201cHub de las Am\u00e9ricas\u201d (nombre con el que se conoce al principal aeropuerto paname\u00f1o) y esto representa una oportunidad para nuestro pa\u00eds como destino\u201d, dijo el nuevo ministro paname\u00f1o de Turismo, Iv\u00e1n Eskildsen.<\/p>\n\n\n\n<p class=\"p2\">La ruta permitir\u00e1 conectar ambas ciudades sin hacer escala previa en Brasil, como ocurr\u00eda hasta ahora, y tendr\u00e1 dos frecuencias semanales.<\/p>\n\n\n\n<p class=\"p2\">Seg\u00fan la compa\u00f1\u00eda, los vuelos se realizar\u00e1n a bordo de un Boeing 737-700, con capacidad para 124 pasajeros, y saldr\u00e1n los d\u00edas mi\u00e9rcoles y s\u00e1bados a las 9.17 hora local (14.39 GMT) desde el Aeropuerto Internacional de Tocumen, el m\u00e1s grande de Panam\u00e1 y una importante terminal de conexiones en Latinoam\u00e9rica.<\/p>\n\n\n\n<p class=\"p2\">El ministro de Comercio, Industrias y Turismo de Surinam, Stephen Tsang, se\u00f1al\u00f3 por su parte en la ceremonia de inauguraci\u00f3n que el vuelo contribuir\u00e1 al desarrollo de la econom\u00eda del pa\u00eds sudamericano.<\/p>\n\n\n\n<p class=\"p2\">\u201cLa conectividad es una prioridad para el crecimiento del sector comercial y tur\u00edstico de las naciones. Tanto el sector p\u00fablico como el privado de Surinam se ver\u00e1n beneficiados con la red de destinos con la que contaremos a partir de hoy\u201d, agreg\u00f3.<\/p>\n\n\n\n<p class=\"p2\">Situada en la costa norte sudamericana, limitando al norte con el Oc\u00e9ano Atl\u00e1ntico, al este con Guayana Francesa, al sur con Brasil y al oeste con Guyana, Surinam es uno de los pa\u00edses m\u00e1s peque\u00f1os de Am\u00e9rica del Sur, aunque su poblaci\u00f3n es una de las m\u00e1s diversas de la regi\u00f3n en t\u00e9rminos \u00e9tnicos.<\/p>\n\n\n\n<p class=\"p2\">Tambi\u00e9n es reconocida con frecuencia como la naci\u00f3n m\u00e1s verde del mundo, dado que el 93 % de su territorio es selva y cuenta con una de las huellas ecol\u00f3gicas per c\u00e1pita m\u00e1s bajas a nivel global.<\/p>\n\n\n\n<p class=\"p2\">\u201cEl nuevo vuelo de Panam\u00e1 nos conecta con el resto de las Am\u00e9ricas, lo cual contribuir\u00e1 al objetivo de alcanzar un mill\u00f3n y medio de pasajeros para el a\u00f1o 2033\u201d, mencion\u00f3 el CEO de Airport Management, operador del Aeropuerto Internacional Johan Adolf Pengel, Timothy Mendon\u00e7a.<\/p>\n\n\n\n<p class=\"p2\">Adem\u00e1s el ministro de Comunicaciones y Transporte de Surinam, Vijay Chotkan, destac\u00f3 que la nueva ruta captar\u00e1 m\u00e1s viajeros de el Caribe, Brasil Venezuela y Norteam\u00e9rica.<\/p>\n\n\n\n<p class=\"p2\">\u201cAl igual que Panam\u00e1 somos un pa\u00eds de m\u00faltiples \u00e9tnias, y por eso, queremos ser un pa\u00eds de conexi\u00f3n a trav\u00e9s de la red de Copa\u201d, coment\u00f3 el directivo.<\/p>\n\n\n\n<p class=\"p2\">Copa Airlines, que forma parte de Star Alliance, opera actualmente cerca de 350 vuelos diarios y conecta a 81 ciudades de 33 pa\u00edses americanos.<\/p>\n\n\n\n<p class=\"p2\">Este a\u00f1o Copa ha sido distinguida como la aerol\u00ednea m\u00e1s puntual de Latinoam\u00e9rica por la consultora estadounidense FlightStats y la m\u00e1s puntual del mundo por la brit\u00e1nica Official Airline Guide (OAG).<\/p>\n\n\n\n<p class=\"p2\">Fuente: <span style=\"text-decoration: underline;\"><em><strong>EFE<\/strong><\/em><\/span>.<\/p>\n","protected":false},"excerpt":{"rendered":"<p>La paname\u00f1a Copa Airlines inaugur\u00f3 este s\u00e1bado su primer vuelo entre Ciudad de Panam\u00e1 y Paramaribo, capital de Surinam, que se convierte en el destino internacional n\u00famero 81 de la compa\u00f1\u00eda. \u201cEsta adhesi\u00f3n de Surinam es importante para Panam\u00e1 porque (todos los vuelos de Copa) pasan por el \u201cHub de las Am\u00e9ricas\u201d (nombre con el [&hellip;]<\/p>\n","protected":false},"author":1,"featured_media":66425,"comment_status":"open","ping_status":"open","sticky":false,"template":"","format":"standard","meta":{"tdm_status":"","tdm_grid_status":"","footnotes":""},"categories":[32,11],"tags":[114,407,984],"class_list":{"0":"post-58579","1":"post","2":"type-post","3":"status-publish","4":"format-standard","5":"has-post-thumbnail","7":"category-internacional","8":"category-transporte-aereo","9":"tag-copa-airlines","10":"tag-panama","11":"tag-paramaribo"},"yoast_head":"<!-- This site is optimized with the Yoast SEO plugin v25.1 - https:\/\/yoast.com\/wordpress\/plugins\/seo\/ -->\n<title>Copa Airlines inaugur\u00f3 su nueva ruta entre Ciudad de Panam\u00e1 y Paramaribo<\/title>\n<meta name=\"description\" content=\"La paname\u00f1a Copa Airlines inaugur\u00f3 este s\u00e1bado su primer vuelo entre Ciudad de Panam\u00e1 y Paramaribo, capital de Surinam, que se convierte en el destino internacional n\u00famero 81 de la compa\u00f1\u00eda.\" \/>\n<meta name=\"robots\" content=\"index, follow, max-snippet:-1, max-image-preview:large, max-video-preview:-1\" \/>\n<link rel=\"canonical\" href=\"https:\/\/aeronoticias.com.pe\/noticiero\/transporte-aereo\/internacional\/copa-airlines-inauguro-su-nueva-ruta-entre-ciudad-de-panama-y-paramaribo\/\" \/>\n<meta property=\"og:locale\" content=\"es_ES\" \/>\n<meta property=\"og:type\" content=\"article\" \/>\n<meta property=\"og:title\" content=\"Copa Airlines inaugur\u00f3 su nueva ruta entre Ciudad de Panam\u00e1 y Paramaribo\" \/>\n<meta property=\"og:description\" content=\"La paname\u00f1a Copa Airlines inaugur\u00f3 este s\u00e1bado su primer vuelo entre Ciudad de Panam\u00e1 y Paramaribo, capital de Surinam, que se convierte en el destino internacional n\u00famero 81 de la compa\u00f1\u00eda.\" \/>\n<meta property=\"og:url\" content=\"https:\/\/aeronoticias.com.pe\/noticiero\/transporte-aereo\/internacional\/copa-airlines-inauguro-su-nueva-ruta-entre-ciudad-de-panama-y-paramaribo\/\" \/>\n<meta property=\"og:site_name\" content=\"Aeronoticias.com.pe\" \/>\n<meta property=\"article:publisher\" content=\"https:\/\/www.facebook.com\/Aeronoticias.com.pe\/\" \/>\n<meta property=\"article:published_time\" content=\"2019-07-07T16:43:31+00:00\" \/>\n<meta property=\"article:modified_time\" content=\"2020-11-24T16:28:22+00:00\" \/>\n<meta property=\"og:image\" content=\"https:\/\/aeronoticias.com.pe\/noticiero\/wp-content\/uploads\/2019\/07\/copa-airlines.jpg\" \/>\n\t<meta property=\"og:image:width\" content=\"768\" \/>\n\t<meta property=\"og:image:height\" content=\"439\" \/>\n\t<meta property=\"og:image:type\" content=\"image\/jpeg\" \/>\n<meta name=\"author\" content=\"Redacci\u00f3n Aeronoticias\" \/>\n<meta name=\"twitter:card\" content=\"summary_large_image\" \/>\n<meta name=\"twitter:creator\" content=\"@aeronoticias\" \/>\n<meta name=\"twitter:site\" content=\"@aeronoticias\" \/>\n<meta name=\"twitter:label1\" content=\"Escrito por\" \/>\n\t<meta name=\"twitter:data1\" content=\"Redacci\u00f3n Aeronoticias\" \/>\n\t<meta name=\"twitter:label2\" content=\"Tiempo de lectura\" \/>\n\t<meta name=\"twitter:data2\" content=\"3 minutos\" \/>\n<script type=\"application\/ld+json\" class=\"yoast-schema-graph\">{\"@context\":\"https:\/\/schema.org\",\"@graph\":[{\"@type\":\"WebPage\",\"@id\":\"https:\/\/aeronoticias.com.pe\/noticiero\/transporte-aereo\/internacional\/copa-airlines-inauguro-su-nueva-ruta-entre-ciudad-de-panama-y-paramaribo\/\",\"url\":\"https:\/\/aeronoticias.com.pe\/noticiero\/transporte-aereo\/internacional\/copa-airlines-inauguro-su-nueva-ruta-entre-ciudad-de-panama-y-paramaribo\/\",\"name\":\"Copa Airlines inaugur\u00f3 su nueva ruta entre Ciudad de Panam\u00e1 y Paramaribo\",\"isPartOf\":{\"@id\":\"https:\/\/aeronoticias.com.pe\/noticiero\/#website\"},\"primaryImageOfPage\":{\"@id\":\"https:\/\/aeronoticias.com.pe\/noticiero\/transporte-aereo\/internacional\/copa-airlines-inauguro-su-nueva-ruta-entre-ciudad-de-panama-y-paramaribo\/#primaryimage\"},\"image\":{\"@id\":\"https:\/\/aeronoticias.com.pe\/noticiero\/transporte-aereo\/internacional\/copa-airlines-inauguro-su-nueva-ruta-entre-ciudad-de-panama-y-paramaribo\/#primaryimage\"},\"thumbnailUrl\":\"https:\/\/aeronoticias.com.pe\/noticiero\/wp-content\/uploads\/2019\/07\/copa-airlines.jpg\",\"datePublished\":\"2019-07-07T16:43:31+00:00\",\"dateModified\":\"2020-11-24T16:28:22+00:00\",\"author\":{\"@id\":\"https:\/\/aeronoticias.com.pe\/noticiero\/#\/schema\/person\/fc1e5d578f4b62ba1cf7ac2bba1170a0\"},\"description\":\"La paname\u00f1a Copa Airlines inaugur\u00f3 este s\u00e1bado su primer vuelo entre Ciudad de Panam\u00e1 y Paramaribo, capital de Surinam, que se convierte en el destino internacional n\u00famero 81 de la compa\u00f1\u00eda.\",\"breadcrumb\":{\"@id\":\"https:\/\/aeronoticias.com.pe\/noticiero\/transporte-aereo\/internacional\/copa-airlines-inauguro-su-nueva-ruta-entre-ciudad-de-panama-y-paramaribo\/#breadcrumb\"},\"inLanguage\":\"es\",\"potentialAction\":[{\"@type\":\"ReadAction\",\"target\":[\"https:\/\/aeronoticias.com.pe\/noticiero\/transporte-aereo\/internacional\/copa-airlines-inauguro-su-nueva-ruta-entre-ciudad-de-panama-y-paramaribo\/\"]}]},{\"@type\":\"ImageObject\",\"inLanguage\":\"es\",\"@id\":\"https:\/\/aeronoticias.com.pe\/noticiero\/transporte-aereo\/internacional\/copa-airlines-inauguro-su-nueva-ruta-entre-ciudad-de-panama-y-paramaribo\/#primaryimage\",\"url\":\"https:\/\/aeronoticias.com.pe\/noticiero\/wp-content\/uploads\/2019\/07\/copa-airlines.jpg\",\"contentUrl\":\"https:\/\/aeronoticias.com.pe\/noticiero\/wp-content\/uploads\/2019\/07\/copa-airlines.jpg\",\"width\":768,\"height\":439},{\"@type\":\"BreadcrumbList\",\"@id\":\"https:\/\/aeronoticias.com.pe\/noticiero\/transporte-aereo\/internacional\/copa-airlines-inauguro-su-nueva-ruta-entre-ciudad-de-panama-y-paramaribo\/#breadcrumb\",\"itemListElement\":[{\"@type\":\"ListItem\",\"position\":1,\"name\":\"Portada\",\"item\":\"https:\/\/aeronoticias.com.pe\/noticiero\/\"},{\"@type\":\"ListItem\",\"position\":2,\"name\":\"Copa Airlines inaugur\u00f3 su nueva ruta entre Ciudad de Panam\u00e1 y Paramaribo\"}]},{\"@type\":\"WebSite\",\"@id\":\"https:\/\/aeronoticias.com.pe\/noticiero\/#website\",\"url\":\"https:\/\/aeronoticias.com.pe\/noticiero\/\",\"name\":\"Aeronoticias.com.pe\",\"description\":\"Noticias de tranporte aereo, turismo, hoteles, gastronomia, actualidad, internacional\",\"potentialAction\":[{\"@type\":\"SearchAction\",\"target\":{\"@type\":\"EntryPoint\",\"urlTemplate\":\"https:\/\/aeronoticias.com.pe\/noticiero\/?s={search_term_string}\"},\"query-input\":{\"@type\":\"PropertyValueSpecification\",\"valueRequired\":true,\"valueName\":\"search_term_string\"}}],\"inLanguage\":\"es\"},{\"@type\":\"Person\",\"@id\":\"https:\/\/aeronoticias.com.pe\/noticiero\/#\/schema\/person\/fc1e5d578f4b62ba1cf7ac2bba1170a0\",\"name\":\"Redacci\u00f3n Aeronoticias\",\"url\":\"https:\/\/aeronoticias.com.pe\/noticiero\/author\/piloto\/\"}]}<\/script>\n<!-- \/ Yoast SEO plugin. -->","yoast_head_json":{"title":"Copa Airlines inaugur\u00f3 su nueva ruta entre Ciudad de Panam\u00e1 y Paramaribo","description":"La paname\u00f1a Copa Airlines inaugur\u00f3 este s\u00e1bado su primer vuelo entre Ciudad de Panam\u00e1 y Paramaribo, capital de Surinam, que se convierte en el destino internacional n\u00famero 81 de la compa\u00f1\u00eda.","robots":{"index":"index","follow":"follow","max-snippet":"max-snippet:-1","max-image-preview":"max-image-preview:large","max-video-preview":"max-video-preview:-1"},"canonical":"https:\/\/aeronoticias.com.pe\/noticiero\/transporte-aereo\/internacional\/copa-airlines-inauguro-su-nueva-ruta-entre-ciudad-de-panama-y-paramaribo\/","og_locale":"es_ES","og_type":"article","og_title":"Copa Airlines inaugur\u00f3 su nueva ruta entre Ciudad de Panam\u00e1 y Paramaribo","og_description":"La paname\u00f1a Copa Airlines inaugur\u00f3 este s\u00e1bado su primer vuelo entre Ciudad de Panam\u00e1 y Paramaribo, capital de Surinam, que se convierte en el destino internacional n\u00famero 81 de la compa\u00f1\u00eda.","og_url":"https:\/\/aeronoticias.com.pe\/noticiero\/transporte-aereo\/internacional\/copa-airlines-inauguro-su-nueva-ruta-entre-ciudad-de-panama-y-paramaribo\/","og_site_name":"Aeronoticias.com.pe","article_publisher":"https:\/\/www.facebook.com\/Aeronoticias.com.pe\/","article_published_time":"2019-07-07T16:43:31+00:00","article_modified_time":"2020-11-24T16:28:22+00:00","og_image":[{"width":768,"height":439,"url":"https:\/\/aeronoticias.com.pe\/noticiero\/wp-content\/uploads\/2019\/07\/copa-airlines.jpg","type":"image\/jpeg"}],"author":"Redacci\u00f3n Aeronoticias","twitter_card":"summary_large_image","twitter_creator":"@aeronoticias","twitter_site":"@aeronoticias","twitter_misc":{"Escrito por":"Redacci\u00f3n Aeronoticias","Tiempo de lectura":"3 minutos"},"schema":{"@context":"https:\/\/schema.org","@graph":[{"@type":"WebPage","@id":"https:\/\/aeronoticias.com.pe\/noticiero\/transporte-aereo\/internacional\/copa-airlines-inauguro-su-nueva-ruta-entre-ciudad-de-panama-y-paramaribo\/","url":"https:\/\/aeronoticias.com.pe\/noticiero\/transporte-aereo\/internacional\/copa-airlines-inauguro-su-nueva-ruta-entre-ciudad-de-panama-y-paramaribo\/","name":"Copa Airlines inaugur\u00f3 su nueva ruta entre Ciudad de Panam\u00e1 y Paramaribo","isPartOf":{"@id":"https:\/\/aeronoticias.com.pe\/noticiero\/#website"},"primaryImageOfPage":{"@id":"https:\/\/aeronoticias.com.pe\/noticiero\/transporte-aereo\/internacional\/copa-airlines-inauguro-su-nueva-ruta-entre-ciudad-de-panama-y-paramaribo\/#primaryimage"},"image":{"@id":"https:\/\/aeronoticias.com.pe\/noticiero\/transporte-aereo\/internacional\/copa-airlines-inauguro-su-nueva-ruta-entre-ciudad-de-panama-y-paramaribo\/#primaryimage"},"thumbnailUrl":"https:\/\/aeronoticias.com.pe\/noticiero\/wp-content\/uploads\/2019\/07\/copa-airlines.jpg","datePublished":"2019-07-07T16:43:31+00:00","dateModified":"2020-11-24T16:28:22+00:00","author":{"@id":"https:\/\/aeronoticias.com.pe\/noticiero\/#\/schema\/person\/fc1e5d578f4b62ba1cf7ac2bba1170a0"},"description":"La paname\u00f1a Copa Airlines inaugur\u00f3 este s\u00e1bado su primer vuelo entre Ciudad de Panam\u00e1 y Paramaribo, capital de Surinam, que se convierte en el destino internacional n\u00famero 81 de la compa\u00f1\u00eda.","breadcrumb":{"@id":"https:\/\/aeronoticias.com.pe\/noticiero\/transporte-aereo\/internacional\/copa-airlines-inauguro-su-nueva-ruta-entre-ciudad-de-panama-y-paramaribo\/#breadcrumb"},"inLanguage":"es","potentialAction":[{"@type":"ReadAction","target":["https:\/\/aeronoticias.com.pe\/noticiero\/transporte-aereo\/internacional\/copa-airlines-inauguro-su-nueva-ruta-entre-ciudad-de-panama-y-paramaribo\/"]}]},{"@type":"ImageObject","inLanguage":"es","@id":"https:\/\/aeronoticias.com.pe\/noticiero\/transporte-aereo\/internacional\/copa-airlines-inauguro-su-nueva-ruta-entre-ciudad-de-panama-y-paramaribo\/#primaryimage","url":"https:\/\/aeronoticias.com.pe\/noticiero\/wp-content\/uploads\/2019\/07\/copa-airlines.jpg","contentUrl":"https:\/\/aeronoticias.com.pe\/noticiero\/wp-content\/uploads\/2019\/07\/copa-airlines.jpg","width":768,"height":439},{"@type":"BreadcrumbList","@id":"https:\/\/aeronoticias.com.pe\/noticiero\/transporte-aereo\/internacional\/copa-airlines-inauguro-su-nueva-ruta-entre-ciudad-de-panama-y-paramaribo\/#breadcrumb","itemListElement":[{"@type":"ListItem","position":1,"name":"Portada","item":"https:\/\/aeronoticias.com.pe\/noticiero\/"},{"@type":"ListItem","position":2,"name":"Copa Airlines inaugur\u00f3 su nueva ruta entre Ciudad de Panam\u00e1 y Paramaribo"}]},{"@type":"WebSite","@id":"https:\/\/aeronoticias.com.pe\/noticiero\/#website","url":"https:\/\/aeronoticias.com.pe\/noticiero\/","name":"Aeronoticias.com.pe","description":"Noticias de tranporte aereo, turismo, hoteles, gastronomia, actualidad, internacional","potentialAction":[{"@type":"SearchAction","target":{"@type":"EntryPoint","urlTemplate":"https:\/\/aeronoticias.com.pe\/noticiero\/?s={search_term_string}"},"query-input":{"@type":"PropertyValueSpecification","valueRequired":true,"valueName":"search_term_string"}}],"inLanguage":"es"},{"@type":"Person","@id":"https:\/\/aeronoticias.com.pe\/noticiero\/#\/schema\/person\/fc1e5d578f4b62ba1cf7ac2bba1170a0","name":"Redacci\u00f3n Aeronoticias","url":"https:\/\/aeronoticias.com.pe\/noticiero\/author\/piloto\/"}]}},"_links":{"self":[{"href":"https:\/\/aeronoticias.com.pe\/noticiero\/wp-json\/wp\/v2\/posts\/58579","targetHints":{"allow":["GET"]}}],"collection":[{"href":"https:\/\/aeronoticias.com.pe\/noticiero\/wp-json\/wp\/v2\/posts"}],"about":[{"href":"https:\/\/aeronoticias.com.pe\/noticiero\/wp-json\/wp\/v2\/types\/post"}],"author":[{"embeddable":true,"href":"https:\/\/aeronoticias.com.pe\/noticiero\/wp-json\/wp\/v2\/users\/1"}],"replies":[{"embeddable":true,"href":"https:\/\/aeronoticias.com.pe\/noticiero\/wp-json\/wp\/v2\/comments?post=58579"}],"version-history":[{"count":0,"href":"https:\/\/aeronoticias.com.pe\/noticiero\/wp-json\/wp\/v2\/posts\/58579\/revisions"}],"wp:featuredmedia":[{"embeddable":true,"href":"https:\/\/aeronoticias.com.pe\/noticiero\/wp-json\/wp\/v2\/media\/66425"}],"wp:attachment":[{"href":"https:\/\/aeronoticias.com.pe\/noticiero\/wp-json\/wp\/v2\/media?parent=58579"}],"wp:term":[{"taxonomy":"category","embeddable":true,"href":"https:\/\/aeronoticias.com.pe\/noticiero\/wp-json\/wp\/v2\/categories?post=58579"},{"taxonomy":"post_tag","embeddable":true,"href":"https:\/\/aeronoticias.com.pe\/noticiero\/wp-json\/wp\/v2\/tags?post=58579"}],"curies":[{"name":"wp","href":"https:\/\/api.w.org\/{rel}","templated":true}]}}