{"id":58583,"date":"2019-07-08T23:37:14","date_gmt":"2019-07-08T23:37:14","guid":{"rendered":"http:\/\/desarrollo.mcvicious.com\/aero2020\/2019\/07\/08\/air-europa-amplia-su-codigo-compartido-con-aeromexico-aeroflot-y-air-serbia\/"},"modified":"2020-11-23T18:56:06","modified_gmt":"2020-11-23T23:56:06","slug":"air-europa-amplia-su-codigo-compartido-con-aeromexico-aeroflot-y-air-serbia","status":"publish","type":"post","link":"https:\/\/aeronoticias.com.pe\/noticiero\/transporte-aereo\/internacional\/air-europa-amplia-su-codigo-compartido-con-aeromexico-aeroflot-y-air-serbia\/","title":{"rendered":"Air Europa ampl\u00eda su c\u00f3digo compartido con Aerom\u00e9xico, Aeroflot y Air Serbia"},"content":{"rendered":"\n<p>Air Europa ha ampliado sus acuerdos de c\u00f3digo compartido con Aerom\u00e9xico, Aeroflot y Air Serbia para ofrecer a sus clientes m\u00e1s opciones de vuelos a M\u00e9xico, Mosc\u00fa y Belgrado, ha informado este lunes la aerol\u00ednea del grupo tur\u00edstico Globalia en un comunicado.<\/p>\n\n\n\n<p class=\"p1\">Desde este verano, Air Europa ofrece a sus clientes la posibilidad de volar a M\u00e9xico, con tres frecuencias semanales, desde el Aeropuerto Barcelona-El Prat Josep Tarradellas.<\/p>\n\n\n\n<p class=\"p1\">La ampliaci\u00f3n del acuerdo que mantiene desde hace m\u00e1s de una d\u00e9cada con Aerom\u00e9xico incluye, asimismo, los vuelos nacionales desde la Ciudad de M\u00e9xico a Oaxaca, M\u00e9rida, Quer\u00e9taro y Guanajuato.<\/p>\n\n\n\n<p class=\"p1\">Estas nuevas conexiones se suman a los destinos de Veracruz, Canc\u00fan, Guadalajara, Monterrey, Aguascalientes, San Jos\u00e9 del Cabo y Puerto Vallarta adonde ya viajaba con la aerol\u00ednea de bandera mexicana.<\/p>\n\n\n\n<p class=\"p1\">Hasta ahora, Air Europa volaba en c\u00f3digo compartido con Air Serbia a Belgrado desde distintas ciudades europeas y, a partir de este verano, lo hace tambi\u00e9n desde Madrid, los mi\u00e9rcoles y domingos, y Barcelona, los martes y s\u00e1bados.<\/p>\n\n\n\n<p class=\"p1\">Adem\u00e1s, durante este verano, Air Europa une, con cuatro frecuencias semanales, Palma de Mallorca y Mosc\u00fa, en virtud de la ampliaci\u00f3n del acuerdo que mantiene con la aerol\u00ednea rusa Aeroflot, con la que ya vuela desde Madrid, Barcelona, M\u00e1laga y Alicante a la capital moscovita.<\/p>\n\n\n\n<p class=\"p1\">Fuente: <span style=\"text-decoration: underline;\"><em><strong>EFE<\/strong><\/em><\/span>.<\/p>\n","protected":false},"excerpt":{"rendered":"<p>Air Europa ha ampliado sus acuerdos de c\u00f3digo compartido con Aerom\u00e9xico, Aeroflot y Air Serbia para ofrecer a sus clientes m\u00e1s opciones de vuelos a M\u00e9xico, Mosc\u00fa y Belgrado, ha informado este lunes la aerol\u00ednea del grupo tur\u00edstico Globalia en un comunicado. Desde este verano, Air Europa ofrece a sus clientes la posibilidad de volar [&hellip;]<\/p>\n","protected":false},"author":1,"featured_media":66347,"comment_status":"open","ping_status":"open","sticky":false,"template":"","format":"standard","meta":{"tdm_status":"","tdm_grid_status":"","footnotes":""},"categories":[32,11],"tags":[976,224,286,977],"class_list":{"0":"post-58583","1":"post","2":"type-post","3":"status-publish","4":"format-standard","5":"has-post-thumbnail","7":"category-internacional","8":"category-transporte-aereo","9":"tag-aeroflot","10":"tag-aeromexico","11":"tag-air-europa","12":"tag-air-serbia"},"yoast_head":"<!-- This site is optimized with the Yoast SEO plugin v25.1 - https:\/\/yoast.com\/wordpress\/plugins\/seo\/ -->\n<title>Air Europa ampl\u00eda su c\u00f3digo compartido con Aerom\u00e9xico, Aeroflot y Air Serbia<\/title>\n<meta name=\"description\" content=\"Air Europa ha ampliado sus acuerdos de c\u00f3digo compartido con Aerom\u00e9xico, Aeroflot y Air Serbia para ofrecer a sus clientes m\u00e1s opciones de vuelos a M\u00e9xico, Mosc\u00fa y Belgrado, ha informado este lunes la aerol\u00ednea del grupo tur\u00edstico Globalia en un comunicado.\" \/>\n<meta name=\"robots\" content=\"index, follow, max-snippet:-1, max-image-preview:large, max-video-preview:-1\" \/>\n<link rel=\"canonical\" href=\"https:\/\/aeronoticias.com.pe\/noticiero\/transporte-aereo\/internacional\/air-europa-amplia-su-codigo-compartido-con-aeromexico-aeroflot-y-air-serbia\/\" \/>\n<meta property=\"og:locale\" content=\"es_ES\" \/>\n<meta property=\"og:type\" content=\"article\" \/>\n<meta property=\"og:title\" content=\"Air Europa ampl\u00eda su c\u00f3digo compartido con Aerom\u00e9xico, Aeroflot y Air Serbia\" \/>\n<meta property=\"og:description\" content=\"Air Europa ha ampliado sus acuerdos de c\u00f3digo compartido con Aerom\u00e9xico, Aeroflot y Air Serbia para ofrecer a sus clientes m\u00e1s opciones de vuelos a M\u00e9xico, Mosc\u00fa y Belgrado, ha informado este lunes la aerol\u00ednea del grupo tur\u00edstico Globalia en un comunicado.\" \/>\n<meta property=\"og:url\" content=\"https:\/\/aeronoticias.com.pe\/noticiero\/transporte-aereo\/internacional\/air-europa-amplia-su-codigo-compartido-con-aeromexico-aeroflot-y-air-serbia\/\" \/>\n<meta property=\"og:site_name\" content=\"Aeronoticias.com.pe\" \/>\n<meta property=\"article:publisher\" content=\"https:\/\/www.facebook.com\/Aeronoticias.com.pe\/\" \/>\n<meta property=\"article:published_time\" content=\"2019-07-08T23:37:14+00:00\" \/>\n<meta property=\"article:modified_time\" content=\"2020-11-23T23:56:06+00:00\" \/>\n<meta property=\"og:image\" content=\"https:\/\/aeronoticias.com.pe\/noticiero\/wp-content\/uploads\/2019\/07\/Air-Europa-737-y-787-990x596-1.jpg\" \/>\n\t<meta property=\"og:image:width\" content=\"990\" \/>\n\t<meta property=\"og:image:height\" content=\"596\" \/>\n\t<meta property=\"og:image:type\" content=\"image\/jpeg\" \/>\n<meta name=\"author\" content=\"Redacci\u00f3n Aeronoticias\" \/>\n<meta name=\"twitter:card\" content=\"summary_large_image\" \/>\n<meta name=\"twitter:creator\" content=\"@aeronoticias\" \/>\n<meta name=\"twitter:site\" content=\"@aeronoticias\" \/>\n<meta name=\"twitter:label1\" content=\"Escrito por\" \/>\n\t<meta name=\"twitter:data1\" content=\"Redacci\u00f3n Aeronoticias\" \/>\n\t<meta name=\"twitter:label2\" content=\"Tiempo de lectura\" \/>\n\t<meta name=\"twitter:data2\" content=\"1 minuto\" \/>\n<script type=\"application\/ld+json\" class=\"yoast-schema-graph\">{\"@context\":\"https:\/\/schema.org\",\"@graph\":[{\"@type\":\"WebPage\",\"@id\":\"https:\/\/aeronoticias.com.pe\/noticiero\/transporte-aereo\/internacional\/air-europa-amplia-su-codigo-compartido-con-aeromexico-aeroflot-y-air-serbia\/\",\"url\":\"https:\/\/aeronoticias.com.pe\/noticiero\/transporte-aereo\/internacional\/air-europa-amplia-su-codigo-compartido-con-aeromexico-aeroflot-y-air-serbia\/\",\"name\":\"Air Europa ampl\u00eda su c\u00f3digo compartido con Aerom\u00e9xico, Aeroflot y Air Serbia\",\"isPartOf\":{\"@id\":\"https:\/\/aeronoticias.com.pe\/noticiero\/#website\"},\"primaryImageOfPage\":{\"@id\":\"https:\/\/aeronoticias.com.pe\/noticiero\/transporte-aereo\/internacional\/air-europa-amplia-su-codigo-compartido-con-aeromexico-aeroflot-y-air-serbia\/#primaryimage\"},\"image\":{\"@id\":\"https:\/\/aeronoticias.com.pe\/noticiero\/transporte-aereo\/internacional\/air-europa-amplia-su-codigo-compartido-con-aeromexico-aeroflot-y-air-serbia\/#primaryimage\"},\"thumbnailUrl\":\"https:\/\/aeronoticias.com.pe\/noticiero\/wp-content\/uploads\/2019\/07\/Air-Europa-737-y-787-990x596-1.jpg\",\"datePublished\":\"2019-07-08T23:37:14+00:00\",\"dateModified\":\"2020-11-23T23:56:06+00:00\",\"author\":{\"@id\":\"https:\/\/aeronoticias.com.pe\/noticiero\/#\/schema\/person\/fc1e5d578f4b62ba1cf7ac2bba1170a0\"},\"description\":\"Air Europa ha ampliado sus acuerdos de c\u00f3digo compartido con Aerom\u00e9xico, Aeroflot y Air Serbia para ofrecer a sus clientes m\u00e1s opciones de vuelos a M\u00e9xico, Mosc\u00fa y Belgrado, ha informado este lunes la aerol\u00ednea del grupo tur\u00edstico Globalia en un comunicado.\",\"breadcrumb\":{\"@id\":\"https:\/\/aeronoticias.com.pe\/noticiero\/transporte-aereo\/internacional\/air-europa-amplia-su-codigo-compartido-con-aeromexico-aeroflot-y-air-serbia\/#breadcrumb\"},\"inLanguage\":\"es\",\"potentialAction\":[{\"@type\":\"ReadAction\",\"target\":[\"https:\/\/aeronoticias.com.pe\/noticiero\/transporte-aereo\/internacional\/air-europa-amplia-su-codigo-compartido-con-aeromexico-aeroflot-y-air-serbia\/\"]}]},{\"@type\":\"ImageObject\",\"inLanguage\":\"es\",\"@id\":\"https:\/\/aeronoticias.com.pe\/noticiero\/transporte-aereo\/internacional\/air-europa-amplia-su-codigo-compartido-con-aeromexico-aeroflot-y-air-serbia\/#primaryimage\",\"url\":\"https:\/\/aeronoticias.com.pe\/noticiero\/wp-content\/uploads\/2019\/07\/Air-Europa-737-y-787-990x596-1.jpg\",\"contentUrl\":\"https:\/\/aeronoticias.com.pe\/noticiero\/wp-content\/uploads\/2019\/07\/Air-Europa-737-y-787-990x596-1.jpg\",\"width\":990,\"height\":596},{\"@type\":\"BreadcrumbList\",\"@id\":\"https:\/\/aeronoticias.com.pe\/noticiero\/transporte-aereo\/internacional\/air-europa-amplia-su-codigo-compartido-con-aeromexico-aeroflot-y-air-serbia\/#breadcrumb\",\"itemListElement\":[{\"@type\":\"ListItem\",\"position\":1,\"name\":\"Portada\",\"item\":\"https:\/\/aeronoticias.com.pe\/noticiero\/\"},{\"@type\":\"ListItem\",\"position\":2,\"name\":\"Air Europa ampl\u00eda su c\u00f3digo compartido con Aerom\u00e9xico, Aeroflot y Air Serbia\"}]},{\"@type\":\"WebSite\",\"@id\":\"https:\/\/aeronoticias.com.pe\/noticiero\/#website\",\"url\":\"https:\/\/aeronoticias.com.pe\/noticiero\/\",\"name\":\"Aeronoticias.com.pe\",\"description\":\"Noticias de tranporte aereo, turismo, hoteles, gastronomia, actualidad, internacional\",\"potentialAction\":[{\"@type\":\"SearchAction\",\"target\":{\"@type\":\"EntryPoint\",\"urlTemplate\":\"https:\/\/aeronoticias.com.pe\/noticiero\/?s={search_term_string}\"},\"query-input\":{\"@type\":\"PropertyValueSpecification\",\"valueRequired\":true,\"valueName\":\"search_term_string\"}}],\"inLanguage\":\"es\"},{\"@type\":\"Person\",\"@id\":\"https:\/\/aeronoticias.com.pe\/noticiero\/#\/schema\/person\/fc1e5d578f4b62ba1cf7ac2bba1170a0\",\"name\":\"Redacci\u00f3n Aeronoticias\",\"url\":\"https:\/\/aeronoticias.com.pe\/noticiero\/author\/piloto\/\"}]}<\/script>\n<!-- \/ Yoast SEO plugin. -->","yoast_head_json":{"title":"Air Europa ampl\u00eda su c\u00f3digo compartido con Aerom\u00e9xico, Aeroflot y Air Serbia","description":"Air Europa ha ampliado sus acuerdos de c\u00f3digo compartido con Aerom\u00e9xico, Aeroflot y Air Serbia para ofrecer a sus clientes m\u00e1s opciones de vuelos a M\u00e9xico, Mosc\u00fa y Belgrado, ha informado este lunes la aerol\u00ednea del grupo tur\u00edstico Globalia en un comunicado.","robots":{"index":"index","follow":"follow","max-snippet":"max-snippet:-1","max-image-preview":"max-image-preview:large","max-video-preview":"max-video-preview:-1"},"canonical":"https:\/\/aeronoticias.com.pe\/noticiero\/transporte-aereo\/internacional\/air-europa-amplia-su-codigo-compartido-con-aeromexico-aeroflot-y-air-serbia\/","og_locale":"es_ES","og_type":"article","og_title":"Air Europa ampl\u00eda su c\u00f3digo compartido con Aerom\u00e9xico, Aeroflot y Air Serbia","og_description":"Air Europa ha ampliado sus acuerdos de c\u00f3digo compartido con Aerom\u00e9xico, Aeroflot y Air Serbia para ofrecer a sus clientes m\u00e1s opciones de vuelos a M\u00e9xico, Mosc\u00fa y Belgrado, ha informado este lunes la aerol\u00ednea del grupo tur\u00edstico Globalia en un comunicado.","og_url":"https:\/\/aeronoticias.com.pe\/noticiero\/transporte-aereo\/internacional\/air-europa-amplia-su-codigo-compartido-con-aeromexico-aeroflot-y-air-serbia\/","og_site_name":"Aeronoticias.com.pe","article_publisher":"https:\/\/www.facebook.com\/Aeronoticias.com.pe\/","article_published_time":"2019-07-08T23:37:14+00:00","article_modified_time":"2020-11-23T23:56:06+00:00","og_image":[{"width":990,"height":596,"url":"https:\/\/aeronoticias.com.pe\/noticiero\/wp-content\/uploads\/2019\/07\/Air-Europa-737-y-787-990x596-1.jpg","type":"image\/jpeg"}],"author":"Redacci\u00f3n Aeronoticias","twitter_card":"summary_large_image","twitter_creator":"@aeronoticias","twitter_site":"@aeronoticias","twitter_misc":{"Escrito por":"Redacci\u00f3n Aeronoticias","Tiempo de lectura":"1 minuto"},"schema":{"@context":"https:\/\/schema.org","@graph":[{"@type":"WebPage","@id":"https:\/\/aeronoticias.com.pe\/noticiero\/transporte-aereo\/internacional\/air-europa-amplia-su-codigo-compartido-con-aeromexico-aeroflot-y-air-serbia\/","url":"https:\/\/aeronoticias.com.pe\/noticiero\/transporte-aereo\/internacional\/air-europa-amplia-su-codigo-compartido-con-aeromexico-aeroflot-y-air-serbia\/","name":"Air Europa ampl\u00eda su c\u00f3digo compartido con Aerom\u00e9xico, Aeroflot y Air Serbia","isPartOf":{"@id":"https:\/\/aeronoticias.com.pe\/noticiero\/#website"},"primaryImageOfPage":{"@id":"https:\/\/aeronoticias.com.pe\/noticiero\/transporte-aereo\/internacional\/air-europa-amplia-su-codigo-compartido-con-aeromexico-aeroflot-y-air-serbia\/#primaryimage"},"image":{"@id":"https:\/\/aeronoticias.com.pe\/noticiero\/transporte-aereo\/internacional\/air-europa-amplia-su-codigo-compartido-con-aeromexico-aeroflot-y-air-serbia\/#primaryimage"},"thumbnailUrl":"https:\/\/aeronoticias.com.pe\/noticiero\/wp-content\/uploads\/2019\/07\/Air-Europa-737-y-787-990x596-1.jpg","datePublished":"2019-07-08T23:37:14+00:00","dateModified":"2020-11-23T23:56:06+00:00","author":{"@id":"https:\/\/aeronoticias.com.pe\/noticiero\/#\/schema\/person\/fc1e5d578f4b62ba1cf7ac2bba1170a0"},"description":"Air Europa ha ampliado sus acuerdos de c\u00f3digo compartido con Aerom\u00e9xico, Aeroflot y Air Serbia para ofrecer a sus clientes m\u00e1s opciones de vuelos a M\u00e9xico, Mosc\u00fa y Belgrado, ha informado este lunes la aerol\u00ednea del grupo tur\u00edstico Globalia en un comunicado.","breadcrumb":{"@id":"https:\/\/aeronoticias.com.pe\/noticiero\/transporte-aereo\/internacional\/air-europa-amplia-su-codigo-compartido-con-aeromexico-aeroflot-y-air-serbia\/#breadcrumb"},"inLanguage":"es","potentialAction":[{"@type":"ReadAction","target":["https:\/\/aeronoticias.com.pe\/noticiero\/transporte-aereo\/internacional\/air-europa-amplia-su-codigo-compartido-con-aeromexico-aeroflot-y-air-serbia\/"]}]},{"@type":"ImageObject","inLanguage":"es","@id":"https:\/\/aeronoticias.com.pe\/noticiero\/transporte-aereo\/internacional\/air-europa-amplia-su-codigo-compartido-con-aeromexico-aeroflot-y-air-serbia\/#primaryimage","url":"https:\/\/aeronoticias.com.pe\/noticiero\/wp-content\/uploads\/2019\/07\/Air-Europa-737-y-787-990x596-1.jpg","contentUrl":"https:\/\/aeronoticias.com.pe\/noticiero\/wp-content\/uploads\/2019\/07\/Air-Europa-737-y-787-990x596-1.jpg","width":990,"height":596},{"@type":"BreadcrumbList","@id":"https:\/\/aeronoticias.com.pe\/noticiero\/transporte-aereo\/internacional\/air-europa-amplia-su-codigo-compartido-con-aeromexico-aeroflot-y-air-serbia\/#breadcrumb","itemListElement":[{"@type":"ListItem","position":1,"name":"Portada","item":"https:\/\/aeronoticias.com.pe\/noticiero\/"},{"@type":"ListItem","position":2,"name":"Air Europa ampl\u00eda su c\u00f3digo compartido con Aerom\u00e9xico, Aeroflot y Air Serbia"}]},{"@type":"WebSite","@id":"https:\/\/aeronoticias.com.pe\/noticiero\/#website","url":"https:\/\/aeronoticias.com.pe\/noticiero\/","name":"Aeronoticias.com.pe","description":"Noticias de tranporte aereo, turismo, hoteles, gastronomia, actualidad, internacional","potentialAction":[{"@type":"SearchAction","target":{"@type":"EntryPoint","urlTemplate":"https:\/\/aeronoticias.com.pe\/noticiero\/?s={search_term_string}"},"query-input":{"@type":"PropertyValueSpecification","valueRequired":true,"valueName":"search_term_string"}}],"inLanguage":"es"},{"@type":"Person","@id":"https:\/\/aeronoticias.com.pe\/noticiero\/#\/schema\/person\/fc1e5d578f4b62ba1cf7ac2bba1170a0","name":"Redacci\u00f3n Aeronoticias","url":"https:\/\/aeronoticias.com.pe\/noticiero\/author\/piloto\/"}]}},"_links":{"self":[{"href":"https:\/\/aeronoticias.com.pe\/noticiero\/wp-json\/wp\/v2\/posts\/58583","targetHints":{"allow":["GET"]}}],"collection":[{"href":"https:\/\/aeronoticias.com.pe\/noticiero\/wp-json\/wp\/v2\/posts"}],"about":[{"href":"https:\/\/aeronoticias.com.pe\/noticiero\/wp-json\/wp\/v2\/types\/post"}],"author":[{"embeddable":true,"href":"https:\/\/aeronoticias.com.pe\/noticiero\/wp-json\/wp\/v2\/users\/1"}],"replies":[{"embeddable":true,"href":"https:\/\/aeronoticias.com.pe\/noticiero\/wp-json\/wp\/v2\/comments?post=58583"}],"version-history":[{"count":0,"href":"https:\/\/aeronoticias.com.pe\/noticiero\/wp-json\/wp\/v2\/posts\/58583\/revisions"}],"wp:featuredmedia":[{"embeddable":true,"href":"https:\/\/aeronoticias.com.pe\/noticiero\/wp-json\/wp\/v2\/media\/66347"}],"wp:attachment":[{"href":"https:\/\/aeronoticias.com.pe\/noticiero\/wp-json\/wp\/v2\/media?parent=58583"}],"wp:term":[{"taxonomy":"category","embeddable":true,"href":"https:\/\/aeronoticias.com.pe\/noticiero\/wp-json\/wp\/v2\/categories?post=58583"},{"taxonomy":"post_tag","embeddable":true,"href":"https:\/\/aeronoticias.com.pe\/noticiero\/wp-json\/wp\/v2\/tags?post=58583"}],"curies":[{"name":"wp","href":"https:\/\/api.w.org\/{rel}","templated":true}]}}