{"id":58584,"date":"2019-07-08T23:40:03","date_gmt":"2019-07-08T23:40:03","guid":{"rendered":"http:\/\/desarrollo.mcvicious.com\/aero2020\/2019\/07\/08\/el-desmantelamiento-de-avianca-brasil-un-desafio-para-el-sector-aereo\/"},"modified":"2019-07-08T23:40:03","modified_gmt":"2019-07-08T23:40:03","slug":"el-desmantelamiento-de-avianca-brasil-un-desafio-para-el-sector-aereo","status":"publish","type":"post","link":"https:\/\/aeronoticias.com.pe\/noticiero\/internacionales\/el-desmantelamiento-de-avianca-brasil-un-desafio-para-el-sector-aereo\/","title":{"rendered":"El desmantelamiento de Avianca Brasil, un desaf\u00edo para el sector a\u00e9reo"},"content":{"rendered":"<p style=\"text-align: justify;\"><strong>(Aeronoticias)<\/strong>.-\u00a0<span style=\"color: #454545; font-family: Helvetica; font-size: 12px;\">Con <\/span><span style=\"color: #454545; font-family: Helvetica; font-size: 12px;\">Avianca Brasil<\/span><span style=\"color: #454545; font-family: Helvetica; font-size: 12px;\"> en proceso de quiebra desde diciembre, el sector de la aviaci\u00f3n brasile\u00f1a, uno de los que registran m\u00e1s tr\u00e1fico a\u00e9reo en el mundo, pasa a contar con tan solo tres aerol\u00edneas principales, una escasez en la competencia que ha provocado un aumento del precio de los pasajes.<\/span><\/p>\n<p class=\"p1\" style=\"text-align: justify;\">Avianca Brasil, antiguamente llamada OceanAir y que es una compa\u00f1\u00eda independiente de Avianca Holdings S.A., se acogi\u00f3 a la ley de quiebras y acumula unas deudas por m\u00e1s de 1.000 millones de reales (260 millones de d\u00f3lares), que le acarrearon varias demandas en los tribunales y la llevaron a realizar una subasta de parte de sus activos, prevista para el pr\u00f3ximo mi\u00e9rcoles.<\/p>\n<p class=\"p1\" style=\"text-align: justify;\">\u00a0<\/p>\n<p class=\"p1\" style=\"text-align: justify;\">\u201cCon la salida de una concurrente, en ese caso Avianca, los precios de los pasajes suben y las tres principales aerol\u00edneas restantes pueden imponer las reglas que quieran\u201d, indic\u00f3 a Efe el profesor del centro de estudios econ\u00f3micos Fundaci\u00f3n Get\u00falio Vargas, Ulysses dos Reis.<\/p>\n<p class=\"p1\" style=\"text-align: justify;\">\u00a0<\/p>\n<p class=\"p1\" style=\"text-align: justify;\">Datos de la Agencia Nacional de Aviaci\u00f3n Civil (Anac) muestran que, en los primeros cinco meses de 2019, Gol, Latam y Azul fueron responsables de m\u00e1s del 90 % de los embarques en vuelos dom\u00e9sticos, mientras que Avianca respondi\u00f3 por un 8 % y, las dem\u00e1s aerol\u00edneas, por menos del 2 %.<\/p>\n<p class=\"p1\" style=\"text-align: justify;\">\u00a0<\/p>\n<p class=\"p1\" style=\"text-align: justify;\">Asimismo, el precio promedio de los billetes a\u00e9reos aument\u00f3 un 14 % desde que Avianca cancelara miles de vuelos desde abril, seg\u00fan un sondeo realizado por portales de venta de pasajes por internet.<\/p>\n<p class=\"p2\" style=\"text-align: justify;\">\u00a0<\/p>\n<p class=\"p1\" style=\"text-align: justify;\">Reis resalt\u00f3 que el aumento de las tarifas \u201ces solo la punta del iceberg\u201d, pues la falta de competencia perjudica el libre mercado y tiene \u201cun efecto cascada en toda la econom\u00eda del pa\u00eds\u201d, desde la locomoci\u00f3n de trabajadores calificados y productos a \u00e1reas remotas hasta la falta de inversi\u00f3n en infraestructura.<\/p>\n<p class=\"p1\" style=\"text-align: justify;\">La salida de Avianca Brasil del tablero de la aviaci\u00f3n se produce adem\u00e1s en un momento en el que la ruta Sao Paulo y R\u00edo de Janeiro, la cuarta con m\u00e1s movimiento del mundo, completa 60 a\u00f1os, en medio de una concentraci\u00f3n in\u00e9dita en el mercado, ya que tan solo Gol y Latam pueden actualmente operar en el puente a\u00e9reo.<\/p>\n<p class=\"p1\" style=\"text-align: justify;\">Brasil es un pa\u00eds de \u201cdimensiones continentales\u201d que tiene la \u201curgencia de integrarse, de que el conocimiento fluya de los polos hacia la periferia. La falta de oferta en la movilidad hace con que ese desarrollo sea estrangulado\u201d, se\u00f1al\u00f3 Reis.<\/p>\n<p class=\"p1\" style=\"text-align: justify;\">\u00a0<\/p>\n<p class=\"p1\" style=\"text-align: justify;\">Pese al permiso de las autoridades brasile\u00f1as para la entrada de compa\u00f1\u00edas extranjeras en el mercado de capitales local, como Air Europa, \u201cpoca cosa cambiar\u00e1 si no se producen m\u00e1s inversiones y la quiebra de los monopolios\u201d.<\/p>\n<p class=\"p1\" style=\"text-align: justify;\">En la misma l\u00ednea, el superintendente de Acompa\u00f1amiento de Servicios A\u00e9reos del regulador a\u00e9reo Anac, Ricardo Bisinotto Catanant, explic\u00f3 a Efe que la \u201csalida abrupta\u201d de Avianca Brasil ha provocado una repentina disminuci\u00f3n de la oferta, que, consecuentemente, ha impactado en los precios y servicios ofrecidos por las compa\u00f1\u00edas.<\/p>\n<p class=\"p1\" style=\"text-align: justify;\">\u00a0<\/p>\n<p class=\"p1\" style=\"text-align: justify;\">No obstante, Catanant evalu\u00f3 que las pol\u00edticas neoliberales puestas en marcha por el Gobierno de Jair Bolsonaro podr\u00edan \u201cincentivar\u201d y \u201cfomentar\u201d la entrada de nuevas compa\u00f1\u00edas en Brasil y, as\u00ed, \u201camplificar la concurrencia\u201d y regular el mercado.<\/p>\n<p class=\"p1\" style=\"text-align: justify;\">\u00a0<\/p>\n<p class=\"p1\" style=\"text-align: justify;\">\u201cLa (espa\u00f1ola) Air Europa fue la primera (aerol\u00ednea extranjera) que solicit\u00f3 entrar en el pa\u00eds y hay otros grupos interesados. Eso permite una mayor competencia y tanto la concurrencia como la entrada de otras empresas son anheladas por nosotros\u201d, dijo el superintendente.<\/p>\n<p class=\"p3\" style=\"text-align: justify;\">\u00a0<\/p>\n<p class=\"p1\" style=\"text-align: justify;\">Pero la subida en los precios de los billetes hizo con que muchos brasile\u00f1os migraran del aire hacia otros tipos de transporte, como el terrestre.<\/p>\n<p class=\"p1\" style=\"text-align: justify;\">Seg\u00fan se\u00f1al\u00f3 a Efe la consejera de la Asociaci\u00f3n Brasile\u00f1a de las Empresas de Transporte Terrestre de Pasajeros (Abrati), Leticia Sampaio Kitagawa, el n\u00famero de viajeros que sustituy\u00f3 el medio a\u00e9reo por el terrestre aument\u00f3 un 12 % entre enero y junio de 2019 y, en algunas rutas espec\u00edficas, ese incremento fue de hasta un 16 %.<\/p>\n<p class=\"p1\" style=\"text-align: justify;\">\u00a0<\/p>\n<p class=\"p1\" style=\"text-align: justify;\">Sin embargo, el avi\u00f3n sigue ganando al autob\u00fas: en 2018, 93,6 millones de pasajeros ocuparon los asientos de las aeronaves para desplazarse dentro del pa\u00eds, frente a los 50 millones de pasajeros que optaron por los autobuses en el mismo periodo.<\/p>\n<p class=\"p1\" style=\"text-align: justify;\">\u00a0<\/p>\n<p class=\"p1\" style=\"text-align: justify;\">Fuente: <span style=\"text-decoration: underline;\"><em><strong>EFE.<\/strong><\/em><\/span><\/p>\n<p class=\"p1\" style=\"text-align: justify;\">\u00a0<\/p>\n<p class=\"p1\" style=\"text-align: justify;\"><span style=\"text-decoration: underline;\"><em><strong><img decoding=\"async\" src=\"images\/stories\/avianca brasil.jpg\" border=\"0\" \/><br \/><\/strong><\/em><\/span><\/p>\n<p> p.p1 {margin: 0.0px 0.0px 0.0px 0.0px; font: 12.0px Helvetica; color: #454545} p.p2 {margin: 0.0px 0.0px 0.0px 0.0px; text-align: center; font: 12.0px Helvetica; color: #454545; min-height: 14.0px} p.p3 {margin: 0.0px 0.0px 0.0px 0.0px; font: 12.0px Helvetica; color: #454545; min-height: 14.0px}<\/p>\n","protected":false},"excerpt":{"rendered":"<p>(Aeronoticias).-\u00a0Con Avianca Brasil en proceso de quiebra desde diciembre, el sector de la aviaci\u00f3n brasile\u00f1a, uno de los que registran m\u00e1s tr\u00e1fico a\u00e9reo en el mundo, pasa a contar con tan solo tres aerol\u00edneas principales, una escasez en la competencia que ha provocado un aumento del precio de los pasajes. Avianca Brasil, antiguamente llamada OceanAir [&hellip;]<\/p>\n","protected":false},"author":1,"featured_media":0,"comment_status":"open","ping_status":"open","sticky":false,"template":"","format":"standard","meta":{"tdm_status":"","tdm_grid_status":"","footnotes":""},"categories":[34],"tags":[],"class_list":{"0":"post-58584","1":"post","2":"type-post","3":"status-publish","4":"format-standard","6":"category-internacionales"},"yoast_head":"<!-- This site is optimized with the Yoast SEO plugin v25.1 - https:\/\/yoast.com\/wordpress\/plugins\/seo\/ -->\n<title>El desmantelamiento de Avianca Brasil, un desaf\u00edo para el sector a\u00e9reo<\/title>\n<meta name=\"description\" content=\"Portal de noticias del Per\u00fa sobre el transporte a\u00e9reo, aviaci\u00f3n, turismo, hoteleria, actualidad.\" \/>\n<meta name=\"robots\" content=\"index, follow, max-snippet:-1, max-image-preview:large, max-video-preview:-1\" \/>\n<link rel=\"canonical\" href=\"https:\/\/aeronoticias.com.pe\/noticiero\/internacionales\/el-desmantelamiento-de-avianca-brasil-un-desafio-para-el-sector-aereo\/\" \/>\n<meta property=\"og:locale\" content=\"es_ES\" \/>\n<meta property=\"og:type\" content=\"article\" \/>\n<meta property=\"og:title\" content=\"El desmantelamiento de Avianca Brasil, un desaf\u00edo para el sector a\u00e9reo\" \/>\n<meta property=\"og:description\" content=\"Portal de noticias del Per\u00fa sobre el transporte a\u00e9reo, aviaci\u00f3n, turismo, hoteleria, actualidad.\" \/>\n<meta property=\"og:url\" content=\"https:\/\/aeronoticias.com.pe\/noticiero\/internacionales\/el-desmantelamiento-de-avianca-brasil-un-desafio-para-el-sector-aereo\/\" \/>\n<meta property=\"og:site_name\" content=\"Aeronoticias.com.pe\" \/>\n<meta property=\"article:publisher\" content=\"https:\/\/www.facebook.com\/Aeronoticias.com.pe\/\" \/>\n<meta property=\"article:published_time\" content=\"2019-07-08T23:40:03+00:00\" \/>\n<meta name=\"author\" content=\"Redacci\u00f3n Aeronoticias\" \/>\n<meta name=\"twitter:card\" content=\"summary_large_image\" \/>\n<meta name=\"twitter:creator\" content=\"@aeronoticias\" \/>\n<meta name=\"twitter:site\" content=\"@aeronoticias\" \/>\n<meta name=\"twitter:label1\" content=\"Escrito por\" \/>\n\t<meta name=\"twitter:data1\" content=\"Redacci\u00f3n Aeronoticias\" \/>\n\t<meta name=\"twitter:label2\" content=\"Tiempo de lectura\" \/>\n\t<meta name=\"twitter:data2\" content=\"4 minutos\" \/>\n<script type=\"application\/ld+json\" class=\"yoast-schema-graph\">{\"@context\":\"https:\/\/schema.org\",\"@graph\":[{\"@type\":\"WebPage\",\"@id\":\"https:\/\/aeronoticias.com.pe\/noticiero\/internacionales\/el-desmantelamiento-de-avianca-brasil-un-desafio-para-el-sector-aereo\/\",\"url\":\"https:\/\/aeronoticias.com.pe\/noticiero\/internacionales\/el-desmantelamiento-de-avianca-brasil-un-desafio-para-el-sector-aereo\/\",\"name\":\"El desmantelamiento de Avianca Brasil, un desaf\u00edo para el sector a\u00e9reo\",\"isPartOf\":{\"@id\":\"https:\/\/aeronoticias.com.pe\/noticiero\/#website\"},\"datePublished\":\"2019-07-08T23:40:03+00:00\",\"author\":{\"@id\":\"https:\/\/aeronoticias.com.pe\/noticiero\/#\/schema\/person\/fc1e5d578f4b62ba1cf7ac2bba1170a0\"},\"description\":\"Portal de noticias del Per\u00fa sobre el transporte a\u00e9reo, aviaci\u00f3n, turismo, hoteleria, actualidad.\",\"breadcrumb\":{\"@id\":\"https:\/\/aeronoticias.com.pe\/noticiero\/internacionales\/el-desmantelamiento-de-avianca-brasil-un-desafio-para-el-sector-aereo\/#breadcrumb\"},\"inLanguage\":\"es\",\"potentialAction\":[{\"@type\":\"ReadAction\",\"target\":[\"https:\/\/aeronoticias.com.pe\/noticiero\/internacionales\/el-desmantelamiento-de-avianca-brasil-un-desafio-para-el-sector-aereo\/\"]}]},{\"@type\":\"BreadcrumbList\",\"@id\":\"https:\/\/aeronoticias.com.pe\/noticiero\/internacionales\/el-desmantelamiento-de-avianca-brasil-un-desafio-para-el-sector-aereo\/#breadcrumb\",\"itemListElement\":[{\"@type\":\"ListItem\",\"position\":1,\"name\":\"Portada\",\"item\":\"https:\/\/aeronoticias.com.pe\/noticiero\/\"},{\"@type\":\"ListItem\",\"position\":2,\"name\":\"El desmantelamiento de Avianca Brasil, un desaf\u00edo para el sector a\u00e9reo\"}]},{\"@type\":\"WebSite\",\"@id\":\"https:\/\/aeronoticias.com.pe\/noticiero\/#website\",\"url\":\"https:\/\/aeronoticias.com.pe\/noticiero\/\",\"name\":\"Aeronoticias.com.pe\",\"description\":\"Noticias de tranporte aereo, turismo, hoteles, gastronomia, actualidad, internacional\",\"potentialAction\":[{\"@type\":\"SearchAction\",\"target\":{\"@type\":\"EntryPoint\",\"urlTemplate\":\"https:\/\/aeronoticias.com.pe\/noticiero\/?s={search_term_string}\"},\"query-input\":{\"@type\":\"PropertyValueSpecification\",\"valueRequired\":true,\"valueName\":\"search_term_string\"}}],\"inLanguage\":\"es\"},{\"@type\":\"Person\",\"@id\":\"https:\/\/aeronoticias.com.pe\/noticiero\/#\/schema\/person\/fc1e5d578f4b62ba1cf7ac2bba1170a0\",\"name\":\"Redacci\u00f3n Aeronoticias\",\"url\":\"https:\/\/aeronoticias.com.pe\/noticiero\/author\/piloto\/\"}]}<\/script>\n<!-- \/ Yoast SEO plugin. -->","yoast_head_json":{"title":"El desmantelamiento de Avianca Brasil, un desaf\u00edo para el sector a\u00e9reo","description":"Portal de noticias del Per\u00fa sobre el transporte a\u00e9reo, aviaci\u00f3n, turismo, hoteleria, actualidad.","robots":{"index":"index","follow":"follow","max-snippet":"max-snippet:-1","max-image-preview":"max-image-preview:large","max-video-preview":"max-video-preview:-1"},"canonical":"https:\/\/aeronoticias.com.pe\/noticiero\/internacionales\/el-desmantelamiento-de-avianca-brasil-un-desafio-para-el-sector-aereo\/","og_locale":"es_ES","og_type":"article","og_title":"El desmantelamiento de Avianca Brasil, un desaf\u00edo para el sector a\u00e9reo","og_description":"Portal de noticias del Per\u00fa sobre el transporte a\u00e9reo, aviaci\u00f3n, turismo, hoteleria, actualidad.","og_url":"https:\/\/aeronoticias.com.pe\/noticiero\/internacionales\/el-desmantelamiento-de-avianca-brasil-un-desafio-para-el-sector-aereo\/","og_site_name":"Aeronoticias.com.pe","article_publisher":"https:\/\/www.facebook.com\/Aeronoticias.com.pe\/","article_published_time":"2019-07-08T23:40:03+00:00","author":"Redacci\u00f3n Aeronoticias","twitter_card":"summary_large_image","twitter_creator":"@aeronoticias","twitter_site":"@aeronoticias","twitter_misc":{"Escrito por":"Redacci\u00f3n Aeronoticias","Tiempo de lectura":"4 minutos"},"schema":{"@context":"https:\/\/schema.org","@graph":[{"@type":"WebPage","@id":"https:\/\/aeronoticias.com.pe\/noticiero\/internacionales\/el-desmantelamiento-de-avianca-brasil-un-desafio-para-el-sector-aereo\/","url":"https:\/\/aeronoticias.com.pe\/noticiero\/internacionales\/el-desmantelamiento-de-avianca-brasil-un-desafio-para-el-sector-aereo\/","name":"El desmantelamiento de Avianca Brasil, un desaf\u00edo para el sector a\u00e9reo","isPartOf":{"@id":"https:\/\/aeronoticias.com.pe\/noticiero\/#website"},"datePublished":"2019-07-08T23:40:03+00:00","author":{"@id":"https:\/\/aeronoticias.com.pe\/noticiero\/#\/schema\/person\/fc1e5d578f4b62ba1cf7ac2bba1170a0"},"description":"Portal de noticias del Per\u00fa sobre el transporte a\u00e9reo, aviaci\u00f3n, turismo, hoteleria, actualidad.","breadcrumb":{"@id":"https:\/\/aeronoticias.com.pe\/noticiero\/internacionales\/el-desmantelamiento-de-avianca-brasil-un-desafio-para-el-sector-aereo\/#breadcrumb"},"inLanguage":"es","potentialAction":[{"@type":"ReadAction","target":["https:\/\/aeronoticias.com.pe\/noticiero\/internacionales\/el-desmantelamiento-de-avianca-brasil-un-desafio-para-el-sector-aereo\/"]}]},{"@type":"BreadcrumbList","@id":"https:\/\/aeronoticias.com.pe\/noticiero\/internacionales\/el-desmantelamiento-de-avianca-brasil-un-desafio-para-el-sector-aereo\/#breadcrumb","itemListElement":[{"@type":"ListItem","position":1,"name":"Portada","item":"https:\/\/aeronoticias.com.pe\/noticiero\/"},{"@type":"ListItem","position":2,"name":"El desmantelamiento de Avianca Brasil, un desaf\u00edo para el sector a\u00e9reo"}]},{"@type":"WebSite","@id":"https:\/\/aeronoticias.com.pe\/noticiero\/#website","url":"https:\/\/aeronoticias.com.pe\/noticiero\/","name":"Aeronoticias.com.pe","description":"Noticias de tranporte aereo, turismo, hoteles, gastronomia, actualidad, internacional","potentialAction":[{"@type":"SearchAction","target":{"@type":"EntryPoint","urlTemplate":"https:\/\/aeronoticias.com.pe\/noticiero\/?s={search_term_string}"},"query-input":{"@type":"PropertyValueSpecification","valueRequired":true,"valueName":"search_term_string"}}],"inLanguage":"es"},{"@type":"Person","@id":"https:\/\/aeronoticias.com.pe\/noticiero\/#\/schema\/person\/fc1e5d578f4b62ba1cf7ac2bba1170a0","name":"Redacci\u00f3n Aeronoticias","url":"https:\/\/aeronoticias.com.pe\/noticiero\/author\/piloto\/"}]}},"_links":{"self":[{"href":"https:\/\/aeronoticias.com.pe\/noticiero\/wp-json\/wp\/v2\/posts\/58584","targetHints":{"allow":["GET"]}}],"collection":[{"href":"https:\/\/aeronoticias.com.pe\/noticiero\/wp-json\/wp\/v2\/posts"}],"about":[{"href":"https:\/\/aeronoticias.com.pe\/noticiero\/wp-json\/wp\/v2\/types\/post"}],"author":[{"embeddable":true,"href":"https:\/\/aeronoticias.com.pe\/noticiero\/wp-json\/wp\/v2\/users\/1"}],"replies":[{"embeddable":true,"href":"https:\/\/aeronoticias.com.pe\/noticiero\/wp-json\/wp\/v2\/comments?post=58584"}],"version-history":[{"count":0,"href":"https:\/\/aeronoticias.com.pe\/noticiero\/wp-json\/wp\/v2\/posts\/58584\/revisions"}],"wp:attachment":[{"href":"https:\/\/aeronoticias.com.pe\/noticiero\/wp-json\/wp\/v2\/media?parent=58584"}],"wp:term":[{"taxonomy":"category","embeddable":true,"href":"https:\/\/aeronoticias.com.pe\/noticiero\/wp-json\/wp\/v2\/categories?post=58584"},{"taxonomy":"post_tag","embeddable":true,"href":"https:\/\/aeronoticias.com.pe\/noticiero\/wp-json\/wp\/v2\/tags?post=58584"}],"curies":[{"name":"wp","href":"https:\/\/api.w.org\/{rel}","templated":true}]}}