{"id":58588,"date":"2019-07-09T22:57:07","date_gmt":"2019-07-09T22:57:07","guid":{"rendered":"http:\/\/desarrollo.mcvicious.com\/aero2020\/2019\/07\/09\/argentina-las-aerolineas-extranjeras-salen-en-defensa-de-latam\/"},"modified":"2019-07-09T22:57:07","modified_gmt":"2019-07-09T22:57:07","slug":"argentina-las-aerolineas-extranjeras-salen-en-defensa-de-latam","status":"publish","type":"post","link":"https:\/\/aeronoticias.com.pe\/noticiero\/internacionales\/argentina-las-aerolineas-extranjeras-salen-en-defensa-de-latam\/","title":{"rendered":"Argentina: Las aerol\u00edneas extranjeras salen en defensa de LATAM"},"content":{"rendered":"<p style=\"text-align: justify;\"><strong>(Aeronoticias).<\/strong>&#8211;\u00a0<span style=\"color: #454545; font-family: Helvetica; font-size: 12px;\">La C\u00e1mara de Compa\u00f1\u00edas A\u00e9reas en Argentina ( Jurca), que agrupa a las aerol\u00edneas extranjeras, respald\u00f3 el pedido de<\/span><strong style=\"color: #454545; font-family: Helvetica; font-size: 12px;\"> LATAM Argentina<\/strong><span style=\"color: #454545; font-family: Helvetica; font-size: 12px;\"> de utilizar el denominado \u201cinterchange\u201d de aviones de diferente matr\u00edcula para cubrir la ruta que la empresa cubre diariamente entre Ezeiza y Miami, EEUU.<\/span><\/p>\n<p class=\"p1\" style=\"text-align: justify;\">Ese pedido de LATAM Argentina fue formulado a comienzos de a\u00f1o, pero pas\u00f3 a ser motivo de un conflicto pol\u00edtico a partir de que 164 pilotos de esa l\u00ednea a\u00e9rea respaldaron el pedido de la empresa y pidieron al sindicato de pilotos, APLA, que les deje las manos libres.<\/p>\n<p class=\"p2\" style=\"text-align: justify;\">\u00a0<\/p>\n<p class=\"p1\" style=\"text-align: justify;\">La respuesta de APLA fue una medida de fuerza encubierta, el viernes, contra la pol\u00edtica aerocomercial del Gobierno, seg\u00fan lo expres\u00f3 el titular del gremio, Pablo Bir\u00f3. Pero adem\u00e1s de protestar contra el convenio que el Gobierno firm\u00f3 con la autoridad aeron\u00e1utica de Estados Unidos, que elimin\u00f3 el tope de frecuencias de vuelos entre los dos pa\u00edses, Bir\u00f3 dijo que las \u201casambleas\u201d eran tambi\u00e9n contra LATAM Argentina y su pol\u00edtica de \u201cceder rutas\u201d a otras filiales del grupo.<\/p>\n<p class=\"p1\" style=\"text-align: justify;\">\u00a0<\/p>\n<p class=\"p1\" style=\"text-align: justify;\">A trav\u00e9s de su director ejecutivo, Felipe Baravalle, Jurca manifest\u00f3 su \u201crechazo\u201d a las \u201cmedidas sindicales abusivas como las que afectaron las operaciones a\u00e9reas el pasado viernes, en v\u00edsperas del inicio del fin de semana largo\u201d. En un comunicado, la entidad agreg\u00f3: \u201cEste tipo de actitudes intempestivas s\u00f3lo afectan a los pasajeros y perjudican profundamente a las compa\u00f1\u00edas que generan empleo de calidad en nuestro pa\u00eds\u201d.<\/p>\n<p class=\"p1\" style=\"text-align: justify;\">\u00a0<\/p>\n<p class=\"p1\" style=\"text-align: justify;\">La entidad tambi\u00e9n \u201ccelebr\u00f3\u201d la enmienda al Acuerdo Bilateral firmada recientemente entre los gobiernos de Estados Unidos y nuestro pa\u00eds, \u201cque facilitar\u00e1 las operaciones entre ambos pa\u00edses, brindar\u00e1 igualdad de oportunidades para la apertura de frecuencias y traer\u00e1 beneficios a los pasajeros y a los trabajadores argentinos\u201d.<\/p>\n<p class=\"p1\" style=\"text-align: justify;\">\u00a0<\/p>\n<p class=\"p1\" style=\"text-align: justify;\">Sobre el final del comunicado, Jurca defendi\u00f3 el pedido de LATAM Argentina, filial de la aerol\u00ednea chileno-brasile\u00f1a que es una de las principales socias de la c\u00e1mara. \u201cApoyamos la implementaci\u00f3n de modalidades operativas ya vigentes en todo el mundo, como el intercambio de aeronaves, que permitir\u00e1 a las compa\u00f1\u00edas locales no s\u00f3lo mantener sus rutas y operaciones actuales, sosteniendo el empleo argentino, sino que adem\u00e1s ofrecer\u00e1 un mejor producto a pasajeros y clientes, al brindar mayor flexibilidad de itinerario, mejor servicio y aviones m\u00e1s modernos y eficientes operando en nuestro pa\u00eds con tripulaciones argentinas\u201d, agreg\u00f3 el comunicado que firma Baravalle.<\/p>\n<p class=\"p1\" style=\"text-align: justify;\">\u00a0<\/p>\n<p class=\"p1\" style=\"text-align: justify;\">El s\u00e1bado la titular de LATAM Argentina, Rosario Altgelt, dijo a Clar\u00edn que la empresa ya no podr\u00e1 seguir volando a Miami con su avi\u00f3n actual, un Boeing B767 de matr\u00edcula argentina (LV) con m\u00e1s de 20 a\u00f1os de antig\u00fcedad, a causa de un cambio en las regulaciones aerorocomerciales de Estados Unidos, que tornan obsoleto el equipamiento de ese avi\u00f3n.<\/p>\n<p class=\"p1\" style=\"text-align: justify;\">\u00a0<\/p>\n<p class=\"p1\" style=\"text-align: justify;\">Por tal motivo, agreg\u00f3 la ejecutiva argentina, LATAM Argentina pidi\u00f3 utilizar la figura del \u201cinterchange\u201d, que consiste en alquilar un avi\u00f3n con matr\u00edcula de otro pa\u00eds (en este caso ser\u00edan nueve aviones B767 m\u00e1s modernos, todos de matr\u00edcula chilena) para que, una vez aterrizado en Ezeiza, se suba la tripulaci\u00f3n argentina y efect\u00fae el vuelo hasta Miami.<\/p>\n<p class=\"p2\" style=\"text-align: justify;\">\u00a0<\/p>\n<p class=\"p1\" style=\"text-align: justify;\">Del mismo modo, otra tripulaci\u00f3n argentina que espera en Miami vuelve esa noche a abordar un avi\u00f3n de matr\u00edcula chilena (que puede ser ese mismo equipo u otro de los nueve disponibles) para hacer el vuelo de regreso a Ezeiza. La principal diferencia es que los aviones chilenos no se quedan estacionados el resto del d\u00eda, sino que despegan hacia otro destino, con otra tripulaci\u00f3n: a las de origen chileno y ecuatoriano se sumaron, en el \u00faltimo a\u00f1o, tripulaciones de origen brasile\u00f1o. Pero en el caso de la ruta Ezeiza Miami, Altgelt fue terminante: \u201cEsa ruta s\u00f3lo puede ser cubierta con tripulaciones argentinas, ya que as\u00ed lo exige el C\u00f3digo Aeron\u00e1utico. Y as\u00ed se lo hemos expresado a los gremios\u201d.<\/p>\n<p class=\"p1\" style=\"text-align: justify;\">\u00a0<\/p>\n<p class=\"p1\" style=\"text-align: justify;\">Altgelt agreg\u00f3: \u201cSi no podemos avanzar con esta figura del interchange, deberemos cancelar la ruta entre Ezeiza y Miami, ya que no dispondremos de los equipos que se nos exigen desde Estados Unidos\u201d.<\/p>\n<p class=\"p1\" style=\"text-align: justify;\">\u00a0<\/p>\n<p class=\"p1\" style=\"text-align: justify;\">Fuente: <span style=\"text-decoration: underline;\"><em><strong>Clar\u00edn<\/strong><\/em><\/span>.<\/p>\n<p class=\"p1\" style=\"text-align: justify;\">\u00a0<\/p>\n<p class=\"p1\" style=\"text-align: justify;\"><img decoding=\"async\" src=\"images\/stories\/latam.jpg\" border=\"0\" \/><\/p>\n<p> p.p1 {margin: 0.0px 0.0px 0.0px 0.0px; font: 12.0px Helvetica; color: #454545} p.p2 {margin: 0.0px 0.0px 0.0px 0.0px; text-align: center; font: 12.0px Helvetica; color: #454545; min-height: 14.0px}<\/p>\n","protected":false},"excerpt":{"rendered":"<p>(Aeronoticias).&#8211;\u00a0La C\u00e1mara de Compa\u00f1\u00edas A\u00e9reas en Argentina ( Jurca), que agrupa a las aerol\u00edneas extranjeras, respald\u00f3 el pedido de LATAM Argentina de utilizar el denominado \u201cinterchange\u201d de aviones de diferente matr\u00edcula para cubrir la ruta que la empresa cubre diariamente entre Ezeiza y Miami, EEUU. Ese pedido de LATAM Argentina fue formulado a comienzos de [&hellip;]<\/p>\n","protected":false},"author":1,"featured_media":0,"comment_status":"open","ping_status":"open","sticky":false,"template":"","format":"standard","meta":{"tdm_status":"","tdm_grid_status":"","footnotes":""},"categories":[34],"tags":[],"class_list":{"0":"post-58588","1":"post","2":"type-post","3":"status-publish","4":"format-standard","6":"category-internacionales"},"yoast_head":"<!-- This site is optimized with the Yoast SEO plugin v25.1 - https:\/\/yoast.com\/wordpress\/plugins\/seo\/ -->\n<title>Argentina: Las aerol\u00edneas extranjeras salen en defensa de LATAM<\/title>\n<meta name=\"description\" content=\"Portal de noticias del Per\u00fa sobre el transporte a\u00e9reo, aviaci\u00f3n, turismo, hoteleria, actualidad.\" \/>\n<meta name=\"robots\" content=\"index, follow, max-snippet:-1, max-image-preview:large, max-video-preview:-1\" \/>\n<link rel=\"canonical\" href=\"https:\/\/aeronoticias.com.pe\/noticiero\/internacionales\/argentina-las-aerolineas-extranjeras-salen-en-defensa-de-latam\/\" \/>\n<meta property=\"og:locale\" content=\"es_ES\" \/>\n<meta property=\"og:type\" content=\"article\" \/>\n<meta property=\"og:title\" content=\"Argentina: Las aerol\u00edneas extranjeras salen en defensa de LATAM\" \/>\n<meta property=\"og:description\" content=\"Portal de noticias del Per\u00fa sobre el transporte a\u00e9reo, aviaci\u00f3n, turismo, hoteleria, actualidad.\" \/>\n<meta property=\"og:url\" content=\"https:\/\/aeronoticias.com.pe\/noticiero\/internacionales\/argentina-las-aerolineas-extranjeras-salen-en-defensa-de-latam\/\" \/>\n<meta property=\"og:site_name\" content=\"Aeronoticias.com.pe\" \/>\n<meta property=\"article:publisher\" content=\"https:\/\/www.facebook.com\/Aeronoticias.com.pe\/\" \/>\n<meta property=\"article:published_time\" content=\"2019-07-09T22:57:07+00:00\" \/>\n<meta name=\"author\" content=\"Redacci\u00f3n Aeronoticias\" \/>\n<meta name=\"twitter:card\" content=\"summary_large_image\" \/>\n<meta name=\"twitter:creator\" content=\"@aeronoticias\" \/>\n<meta name=\"twitter:site\" content=\"@aeronoticias\" \/>\n<meta name=\"twitter:label1\" content=\"Escrito por\" \/>\n\t<meta name=\"twitter:data1\" content=\"Redacci\u00f3n Aeronoticias\" \/>\n\t<meta name=\"twitter:label2\" content=\"Tiempo de lectura\" \/>\n\t<meta name=\"twitter:data2\" content=\"4 minutos\" \/>\n<script type=\"application\/ld+json\" class=\"yoast-schema-graph\">{\"@context\":\"https:\/\/schema.org\",\"@graph\":[{\"@type\":\"WebPage\",\"@id\":\"https:\/\/aeronoticias.com.pe\/noticiero\/internacionales\/argentina-las-aerolineas-extranjeras-salen-en-defensa-de-latam\/\",\"url\":\"https:\/\/aeronoticias.com.pe\/noticiero\/internacionales\/argentina-las-aerolineas-extranjeras-salen-en-defensa-de-latam\/\",\"name\":\"Argentina: Las aerol\u00edneas extranjeras salen en defensa de LATAM\",\"isPartOf\":{\"@id\":\"https:\/\/aeronoticias.com.pe\/noticiero\/#website\"},\"datePublished\":\"2019-07-09T22:57:07+00:00\",\"author\":{\"@id\":\"https:\/\/aeronoticias.com.pe\/noticiero\/#\/schema\/person\/fc1e5d578f4b62ba1cf7ac2bba1170a0\"},\"description\":\"Portal de noticias del Per\u00fa sobre el transporte a\u00e9reo, aviaci\u00f3n, turismo, hoteleria, actualidad.\",\"breadcrumb\":{\"@id\":\"https:\/\/aeronoticias.com.pe\/noticiero\/internacionales\/argentina-las-aerolineas-extranjeras-salen-en-defensa-de-latam\/#breadcrumb\"},\"inLanguage\":\"es\",\"potentialAction\":[{\"@type\":\"ReadAction\",\"target\":[\"https:\/\/aeronoticias.com.pe\/noticiero\/internacionales\/argentina-las-aerolineas-extranjeras-salen-en-defensa-de-latam\/\"]}]},{\"@type\":\"BreadcrumbList\",\"@id\":\"https:\/\/aeronoticias.com.pe\/noticiero\/internacionales\/argentina-las-aerolineas-extranjeras-salen-en-defensa-de-latam\/#breadcrumb\",\"itemListElement\":[{\"@type\":\"ListItem\",\"position\":1,\"name\":\"Portada\",\"item\":\"https:\/\/aeronoticias.com.pe\/noticiero\/\"},{\"@type\":\"ListItem\",\"position\":2,\"name\":\"Argentina: Las aerol\u00edneas extranjeras salen en defensa de LATAM\"}]},{\"@type\":\"WebSite\",\"@id\":\"https:\/\/aeronoticias.com.pe\/noticiero\/#website\",\"url\":\"https:\/\/aeronoticias.com.pe\/noticiero\/\",\"name\":\"Aeronoticias.com.pe\",\"description\":\"Noticias de tranporte aereo, turismo, hoteles, gastronomia, actualidad, internacional\",\"potentialAction\":[{\"@type\":\"SearchAction\",\"target\":{\"@type\":\"EntryPoint\",\"urlTemplate\":\"https:\/\/aeronoticias.com.pe\/noticiero\/?s={search_term_string}\"},\"query-input\":{\"@type\":\"PropertyValueSpecification\",\"valueRequired\":true,\"valueName\":\"search_term_string\"}}],\"inLanguage\":\"es\"},{\"@type\":\"Person\",\"@id\":\"https:\/\/aeronoticias.com.pe\/noticiero\/#\/schema\/person\/fc1e5d578f4b62ba1cf7ac2bba1170a0\",\"name\":\"Redacci\u00f3n Aeronoticias\",\"url\":\"https:\/\/aeronoticias.com.pe\/noticiero\/author\/piloto\/\"}]}<\/script>\n<!-- \/ Yoast SEO plugin. -->","yoast_head_json":{"title":"Argentina: Las aerol\u00edneas extranjeras salen en defensa de LATAM","description":"Portal de noticias del Per\u00fa sobre el transporte a\u00e9reo, aviaci\u00f3n, turismo, hoteleria, actualidad.","robots":{"index":"index","follow":"follow","max-snippet":"max-snippet:-1","max-image-preview":"max-image-preview:large","max-video-preview":"max-video-preview:-1"},"canonical":"https:\/\/aeronoticias.com.pe\/noticiero\/internacionales\/argentina-las-aerolineas-extranjeras-salen-en-defensa-de-latam\/","og_locale":"es_ES","og_type":"article","og_title":"Argentina: Las aerol\u00edneas extranjeras salen en defensa de LATAM","og_description":"Portal de noticias del Per\u00fa sobre el transporte a\u00e9reo, aviaci\u00f3n, turismo, hoteleria, actualidad.","og_url":"https:\/\/aeronoticias.com.pe\/noticiero\/internacionales\/argentina-las-aerolineas-extranjeras-salen-en-defensa-de-latam\/","og_site_name":"Aeronoticias.com.pe","article_publisher":"https:\/\/www.facebook.com\/Aeronoticias.com.pe\/","article_published_time":"2019-07-09T22:57:07+00:00","author":"Redacci\u00f3n Aeronoticias","twitter_card":"summary_large_image","twitter_creator":"@aeronoticias","twitter_site":"@aeronoticias","twitter_misc":{"Escrito por":"Redacci\u00f3n Aeronoticias","Tiempo de lectura":"4 minutos"},"schema":{"@context":"https:\/\/schema.org","@graph":[{"@type":"WebPage","@id":"https:\/\/aeronoticias.com.pe\/noticiero\/internacionales\/argentina-las-aerolineas-extranjeras-salen-en-defensa-de-latam\/","url":"https:\/\/aeronoticias.com.pe\/noticiero\/internacionales\/argentina-las-aerolineas-extranjeras-salen-en-defensa-de-latam\/","name":"Argentina: Las aerol\u00edneas extranjeras salen en defensa de LATAM","isPartOf":{"@id":"https:\/\/aeronoticias.com.pe\/noticiero\/#website"},"datePublished":"2019-07-09T22:57:07+00:00","author":{"@id":"https:\/\/aeronoticias.com.pe\/noticiero\/#\/schema\/person\/fc1e5d578f4b62ba1cf7ac2bba1170a0"},"description":"Portal de noticias del Per\u00fa sobre el transporte a\u00e9reo, aviaci\u00f3n, turismo, hoteleria, actualidad.","breadcrumb":{"@id":"https:\/\/aeronoticias.com.pe\/noticiero\/internacionales\/argentina-las-aerolineas-extranjeras-salen-en-defensa-de-latam\/#breadcrumb"},"inLanguage":"es","potentialAction":[{"@type":"ReadAction","target":["https:\/\/aeronoticias.com.pe\/noticiero\/internacionales\/argentina-las-aerolineas-extranjeras-salen-en-defensa-de-latam\/"]}]},{"@type":"BreadcrumbList","@id":"https:\/\/aeronoticias.com.pe\/noticiero\/internacionales\/argentina-las-aerolineas-extranjeras-salen-en-defensa-de-latam\/#breadcrumb","itemListElement":[{"@type":"ListItem","position":1,"name":"Portada","item":"https:\/\/aeronoticias.com.pe\/noticiero\/"},{"@type":"ListItem","position":2,"name":"Argentina: Las aerol\u00edneas extranjeras salen en defensa de LATAM"}]},{"@type":"WebSite","@id":"https:\/\/aeronoticias.com.pe\/noticiero\/#website","url":"https:\/\/aeronoticias.com.pe\/noticiero\/","name":"Aeronoticias.com.pe","description":"Noticias de tranporte aereo, turismo, hoteles, gastronomia, actualidad, internacional","potentialAction":[{"@type":"SearchAction","target":{"@type":"EntryPoint","urlTemplate":"https:\/\/aeronoticias.com.pe\/noticiero\/?s={search_term_string}"},"query-input":{"@type":"PropertyValueSpecification","valueRequired":true,"valueName":"search_term_string"}}],"inLanguage":"es"},{"@type":"Person","@id":"https:\/\/aeronoticias.com.pe\/noticiero\/#\/schema\/person\/fc1e5d578f4b62ba1cf7ac2bba1170a0","name":"Redacci\u00f3n Aeronoticias","url":"https:\/\/aeronoticias.com.pe\/noticiero\/author\/piloto\/"}]}},"_links":{"self":[{"href":"https:\/\/aeronoticias.com.pe\/noticiero\/wp-json\/wp\/v2\/posts\/58588","targetHints":{"allow":["GET"]}}],"collection":[{"href":"https:\/\/aeronoticias.com.pe\/noticiero\/wp-json\/wp\/v2\/posts"}],"about":[{"href":"https:\/\/aeronoticias.com.pe\/noticiero\/wp-json\/wp\/v2\/types\/post"}],"author":[{"embeddable":true,"href":"https:\/\/aeronoticias.com.pe\/noticiero\/wp-json\/wp\/v2\/users\/1"}],"replies":[{"embeddable":true,"href":"https:\/\/aeronoticias.com.pe\/noticiero\/wp-json\/wp\/v2\/comments?post=58588"}],"version-history":[{"count":0,"href":"https:\/\/aeronoticias.com.pe\/noticiero\/wp-json\/wp\/v2\/posts\/58588\/revisions"}],"wp:attachment":[{"href":"https:\/\/aeronoticias.com.pe\/noticiero\/wp-json\/wp\/v2\/media?parent=58588"}],"wp:term":[{"taxonomy":"category","embeddable":true,"href":"https:\/\/aeronoticias.com.pe\/noticiero\/wp-json\/wp\/v2\/categories?post=58588"},{"taxonomy":"post_tag","embeddable":true,"href":"https:\/\/aeronoticias.com.pe\/noticiero\/wp-json\/wp\/v2\/tags?post=58588"}],"curies":[{"name":"wp","href":"https:\/\/api.w.org\/{rel}","templated":true}]}}