{"id":58589,"date":"2019-07-09T22:59:38","date_gmt":"2019-07-09T22:59:38","guid":{"rendered":"http:\/\/desarrollo.mcvicious.com\/aero2020\/2019\/07\/09\/air-france-denuncia-que-la-ecotasa-francesa-le-costara-60-millones-de-euros\/"},"modified":"2020-11-23T19:01:06","modified_gmt":"2020-11-24T00:01:06","slug":"air-france-denuncia-que-la-ecotasa-francesa-le-costara-60-millones-de-euros","status":"publish","type":"post","link":"https:\/\/aeronoticias.com.pe\/noticiero\/transporte-aereo\/internacional\/air-france-denuncia-que-la-ecotasa-francesa-le-costara-60-millones-de-euros\/","title":{"rendered":"Air France denuncia que la ecotasa francesa le costar\u00e1 60 millones de euros"},"content":{"rendered":"\n<p>Air France reaccion\u00f3 este martes al anuncio del Gobierno franc\u00e9s sobre la imposici\u00f3n a partir del a\u00f1o pr\u00f3ximo de una ecotasa a todos los vuelos que despeguen de los aeropuertos del pa\u00eds, y denunci\u00f3 que seg\u00fan sus c\u00e1lculos le costar\u00e1 m\u00e1s de 60 millones de euros anuales.<\/p>\n\n\n\n<p class=\"p1\">\u201cEste nuevo impuesto penalizar\u00eda fuertemente la competitividad de Air France cuando la compa\u00f1\u00eda necesita reforzar sus capacidades de inversi\u00f3n para acelerar la reducci\u00f3n de su huella medioambiental, sobre todo con la renovaci\u00f3n de su flota\u201d, se\u00f1al\u00f3 en un comunicado.<\/p>\n\n\n\n<p class=\"p1\">A ese respecto, hizo notar que un 50 % de sus vuelos salen desde aeropuertos franceses, de forma que se ver\u00edan gravados por esa ecotasa, que afectar\u00eda sobre todo a su red de vuelos interiores, en la que el pasado a\u00f1o perdi\u00f3 m\u00e1s de 180 millones de euros.<\/p>\n\n\n\n<p class=\"p1\">Tambi\u00e9n record\u00f3 que su actividad supone el 1,1 % del producto interior bruto (PIB) franc\u00e9s, que de ella dependen 350.000 empleos inducidos y que en la regi\u00f3n de Par\u00eds ninguna otra empresa privada tiene tantos trabajadores.<\/p>\n\n\n\n<p class=\"p1\">Air France subray\u00f3 que Francia ya es uno de los pa\u00edses europeos con mayor fiscalidad en el transporte a\u00e9reo.<\/p>\n\n\n\n<p class=\"p1\">La ministra francesa de Transportes, Elisabeth Borne, indic\u00f3 que ese nuevo impuesto se aplicar\u00e1 desde 2020 a todas las compa\u00f1\u00edas que vuelen desde Francia ser\u00e1 progresivo.<\/p>\n\n\n\n<p class=\"p1\">El m\u00ednimo ser\u00e1 de 1,5 euros por billete para trayectos a otros destinos en Francia o en Europa en clase turista y el m\u00e1ximo de 18 euros para las l\u00edneas intercontinentales en clase ejecutiva.<\/p>\n\n\n\n<p class=\"p1\">El Gobierno calcula que recaudar\u00e1 180 millones de euros anuales que dedicar\u00e1 a inversiones en infraestructuras de transportes que considera m\u00e1s ecol\u00f3gicas, principalmente ferroviarias.<\/p>\n\n\n\n<p class=\"p1\">Para Air France, esa decisi\u00f3n es \u201cincomprensible\u201d porque ese dinero servir\u00e1 para financiar modos de transporte \u201ccompetidores\u201d y no para medidas de transici\u00f3n energ\u00e9tica en el sector a\u00e9reo como podr\u00edan ser \u201cbiocarburantes sostenibles\u201d o \u201cinnovaciones rompedoras\u201d.<\/p>\n\n\n\n<p class=\"p1\">Adem\u00e1s, se quej\u00f3 de que los m\u00e1s 60 millones que le costar\u00e1 esa ecotasa equivalen a las medidas que se tomaron para reforzar a las aerol\u00edneas francesas frente a las extranjeras.<\/p>\n\n\n\n<p class=\"p1\">El grupo franco-holand\u00e9s Air France-KLM del que forma parte la aerol\u00ednea tiene como principales accionistas al Estado franc\u00e9s y al belga, con un 14 % cada uno, seguidos por Delta Airlines (8,8 %) y China Eastern Airlines (8,8 %).<\/p>\n\n\n\n<p class=\"p1\">Sus acciones sufrieron un importante retroceso tras el anuncio del Ejecutivo y perd\u00edan un 3,13 % a una hora del cierre de la Bolsa de Par\u00eds.<\/p>\n\n\n\n<p class=\"p1\">Fuente: <span style=\"text-decoration: underline;\"><em><strong>EFE<\/strong><\/em><\/span>.<\/p>\n","protected":false},"excerpt":{"rendered":"<p>Air France reaccion\u00f3 este martes al anuncio del Gobierno franc\u00e9s sobre la imposici\u00f3n a partir del a\u00f1o pr\u00f3ximo de una ecotasa a todos los vuelos que despeguen de los aeropuertos del pa\u00eds, y denunci\u00f3 que seg\u00fan sus c\u00e1lculos le costar\u00e1 m\u00e1s de 60 millones de euros anuales. \u201cEste nuevo impuesto penalizar\u00eda fuertemente la competitividad de [&hellip;]<\/p>\n","protected":false},"author":1,"featured_media":66351,"comment_status":"open","ping_status":"open","sticky":false,"template":"","format":"standard","meta":{"tdm_status":"","tdm_grid_status":"","footnotes":""},"categories":[32,11],"tags":[239,979],"class_list":{"0":"post-58589","1":"post","2":"type-post","3":"status-publish","4":"format-standard","5":"has-post-thumbnail","7":"category-internacional","8":"category-transporte-aereo","9":"tag-air-france","10":"tag-ecotasa-francesa"},"yoast_head":"<!-- This site is optimized with the Yoast SEO plugin v25.1 - https:\/\/yoast.com\/wordpress\/plugins\/seo\/ -->\n<title>Air France denuncia que la ecotasa francesa le costar\u00e1 60 millones de euros<\/title>\n<meta name=\"description\" content=\"Air France reaccion\u00f3 este martes al anuncio del Gobierno franc\u00e9s sobre la imposici\u00f3n a partir del a\u00f1o pr\u00f3ximo de una ecotasa a todos los vuelos que despeguen de los aeropuertos del pa\u00eds, y denunci\u00f3 que seg\u00fan sus c\u00e1lculos le costar\u00e1 m\u00e1s de 60 millones de euros anuales.\" \/>\n<meta name=\"robots\" content=\"index, follow, max-snippet:-1, max-image-preview:large, max-video-preview:-1\" \/>\n<link rel=\"canonical\" href=\"https:\/\/aeronoticias.com.pe\/noticiero\/transporte-aereo\/internacional\/air-france-denuncia-que-la-ecotasa-francesa-le-costara-60-millones-de-euros\/\" \/>\n<meta property=\"og:locale\" content=\"es_ES\" \/>\n<meta property=\"og:type\" content=\"article\" \/>\n<meta property=\"og:title\" content=\"Air France denuncia que la ecotasa francesa le costar\u00e1 60 millones de euros\" \/>\n<meta property=\"og:description\" content=\"Air France reaccion\u00f3 este martes al anuncio del Gobierno franc\u00e9s sobre la imposici\u00f3n a partir del a\u00f1o pr\u00f3ximo de una ecotasa a todos los vuelos que despeguen de los aeropuertos del pa\u00eds, y denunci\u00f3 que seg\u00fan sus c\u00e1lculos le costar\u00e1 m\u00e1s de 60 millones de euros anuales.\" \/>\n<meta property=\"og:url\" content=\"https:\/\/aeronoticias.com.pe\/noticiero\/transporte-aereo\/internacional\/air-france-denuncia-que-la-ecotasa-francesa-le-costara-60-millones-de-euros\/\" \/>\n<meta property=\"og:site_name\" content=\"Aeronoticias.com.pe\" \/>\n<meta property=\"article:publisher\" content=\"https:\/\/www.facebook.com\/Aeronoticias.com.pe\/\" \/>\n<meta property=\"article:published_time\" content=\"2019-07-09T22:59:38+00:00\" \/>\n<meta property=\"article:modified_time\" content=\"2020-11-24T00:01:06+00:00\" \/>\n<meta property=\"og:image\" content=\"https:\/\/aeronoticias.com.pe\/noticiero\/wp-content\/uploads\/2019\/07\/air-france-2.jpg\" \/>\n\t<meta property=\"og:image:width\" content=\"700\" \/>\n\t<meta property=\"og:image:height\" content=\"420\" \/>\n\t<meta property=\"og:image:type\" content=\"image\/jpeg\" \/>\n<meta name=\"author\" content=\"Redacci\u00f3n Aeronoticias\" \/>\n<meta name=\"twitter:card\" content=\"summary_large_image\" \/>\n<meta name=\"twitter:creator\" content=\"@aeronoticias\" \/>\n<meta name=\"twitter:site\" content=\"@aeronoticias\" \/>\n<meta name=\"twitter:label1\" content=\"Escrito por\" \/>\n\t<meta name=\"twitter:data1\" content=\"Redacci\u00f3n Aeronoticias\" \/>\n\t<meta name=\"twitter:label2\" content=\"Tiempo de lectura\" \/>\n\t<meta name=\"twitter:data2\" content=\"2 minutos\" \/>\n<script type=\"application\/ld+json\" class=\"yoast-schema-graph\">{\"@context\":\"https:\/\/schema.org\",\"@graph\":[{\"@type\":\"WebPage\",\"@id\":\"https:\/\/aeronoticias.com.pe\/noticiero\/transporte-aereo\/internacional\/air-france-denuncia-que-la-ecotasa-francesa-le-costara-60-millones-de-euros\/\",\"url\":\"https:\/\/aeronoticias.com.pe\/noticiero\/transporte-aereo\/internacional\/air-france-denuncia-que-la-ecotasa-francesa-le-costara-60-millones-de-euros\/\",\"name\":\"Air France denuncia que la ecotasa francesa le costar\u00e1 60 millones de euros\",\"isPartOf\":{\"@id\":\"https:\/\/aeronoticias.com.pe\/noticiero\/#website\"},\"primaryImageOfPage\":{\"@id\":\"https:\/\/aeronoticias.com.pe\/noticiero\/transporte-aereo\/internacional\/air-france-denuncia-que-la-ecotasa-francesa-le-costara-60-millones-de-euros\/#primaryimage\"},\"image\":{\"@id\":\"https:\/\/aeronoticias.com.pe\/noticiero\/transporte-aereo\/internacional\/air-france-denuncia-que-la-ecotasa-francesa-le-costara-60-millones-de-euros\/#primaryimage\"},\"thumbnailUrl\":\"https:\/\/aeronoticias.com.pe\/noticiero\/wp-content\/uploads\/2019\/07\/air-france-2.jpg\",\"datePublished\":\"2019-07-09T22:59:38+00:00\",\"dateModified\":\"2020-11-24T00:01:06+00:00\",\"author\":{\"@id\":\"https:\/\/aeronoticias.com.pe\/noticiero\/#\/schema\/person\/fc1e5d578f4b62ba1cf7ac2bba1170a0\"},\"description\":\"Air France reaccion\u00f3 este martes al anuncio del Gobierno franc\u00e9s sobre la imposici\u00f3n a partir del a\u00f1o pr\u00f3ximo de una ecotasa a todos los vuelos que despeguen de los aeropuertos del pa\u00eds, y denunci\u00f3 que seg\u00fan sus c\u00e1lculos le costar\u00e1 m\u00e1s de 60 millones de euros anuales.\",\"breadcrumb\":{\"@id\":\"https:\/\/aeronoticias.com.pe\/noticiero\/transporte-aereo\/internacional\/air-france-denuncia-que-la-ecotasa-francesa-le-costara-60-millones-de-euros\/#breadcrumb\"},\"inLanguage\":\"es\",\"potentialAction\":[{\"@type\":\"ReadAction\",\"target\":[\"https:\/\/aeronoticias.com.pe\/noticiero\/transporte-aereo\/internacional\/air-france-denuncia-que-la-ecotasa-francesa-le-costara-60-millones-de-euros\/\"]}]},{\"@type\":\"ImageObject\",\"inLanguage\":\"es\",\"@id\":\"https:\/\/aeronoticias.com.pe\/noticiero\/transporte-aereo\/internacional\/air-france-denuncia-que-la-ecotasa-francesa-le-costara-60-millones-de-euros\/#primaryimage\",\"url\":\"https:\/\/aeronoticias.com.pe\/noticiero\/wp-content\/uploads\/2019\/07\/air-france-2.jpg\",\"contentUrl\":\"https:\/\/aeronoticias.com.pe\/noticiero\/wp-content\/uploads\/2019\/07\/air-france-2.jpg\",\"width\":700,\"height\":420},{\"@type\":\"BreadcrumbList\",\"@id\":\"https:\/\/aeronoticias.com.pe\/noticiero\/transporte-aereo\/internacional\/air-france-denuncia-que-la-ecotasa-francesa-le-costara-60-millones-de-euros\/#breadcrumb\",\"itemListElement\":[{\"@type\":\"ListItem\",\"position\":1,\"name\":\"Portada\",\"item\":\"https:\/\/aeronoticias.com.pe\/noticiero\/\"},{\"@type\":\"ListItem\",\"position\":2,\"name\":\"Air France denuncia que la ecotasa francesa le costar\u00e1 60 millones de euros\"}]},{\"@type\":\"WebSite\",\"@id\":\"https:\/\/aeronoticias.com.pe\/noticiero\/#website\",\"url\":\"https:\/\/aeronoticias.com.pe\/noticiero\/\",\"name\":\"Aeronoticias.com.pe\",\"description\":\"Noticias de tranporte aereo, turismo, hoteles, gastronomia, actualidad, internacional\",\"potentialAction\":[{\"@type\":\"SearchAction\",\"target\":{\"@type\":\"EntryPoint\",\"urlTemplate\":\"https:\/\/aeronoticias.com.pe\/noticiero\/?s={search_term_string}\"},\"query-input\":{\"@type\":\"PropertyValueSpecification\",\"valueRequired\":true,\"valueName\":\"search_term_string\"}}],\"inLanguage\":\"es\"},{\"@type\":\"Person\",\"@id\":\"https:\/\/aeronoticias.com.pe\/noticiero\/#\/schema\/person\/fc1e5d578f4b62ba1cf7ac2bba1170a0\",\"name\":\"Redacci\u00f3n Aeronoticias\",\"url\":\"https:\/\/aeronoticias.com.pe\/noticiero\/author\/piloto\/\"}]}<\/script>\n<!-- \/ Yoast SEO plugin. -->","yoast_head_json":{"title":"Air France denuncia que la ecotasa francesa le costar\u00e1 60 millones de euros","description":"Air France reaccion\u00f3 este martes al anuncio del Gobierno franc\u00e9s sobre la imposici\u00f3n a partir del a\u00f1o pr\u00f3ximo de una ecotasa a todos los vuelos que despeguen de los aeropuertos del pa\u00eds, y denunci\u00f3 que seg\u00fan sus c\u00e1lculos le costar\u00e1 m\u00e1s de 60 millones de euros anuales.","robots":{"index":"index","follow":"follow","max-snippet":"max-snippet:-1","max-image-preview":"max-image-preview:large","max-video-preview":"max-video-preview:-1"},"canonical":"https:\/\/aeronoticias.com.pe\/noticiero\/transporte-aereo\/internacional\/air-france-denuncia-que-la-ecotasa-francesa-le-costara-60-millones-de-euros\/","og_locale":"es_ES","og_type":"article","og_title":"Air France denuncia que la ecotasa francesa le costar\u00e1 60 millones de euros","og_description":"Air France reaccion\u00f3 este martes al anuncio del Gobierno franc\u00e9s sobre la imposici\u00f3n a partir del a\u00f1o pr\u00f3ximo de una ecotasa a todos los vuelos que despeguen de los aeropuertos del pa\u00eds, y denunci\u00f3 que seg\u00fan sus c\u00e1lculos le costar\u00e1 m\u00e1s de 60 millones de euros anuales.","og_url":"https:\/\/aeronoticias.com.pe\/noticiero\/transporte-aereo\/internacional\/air-france-denuncia-que-la-ecotasa-francesa-le-costara-60-millones-de-euros\/","og_site_name":"Aeronoticias.com.pe","article_publisher":"https:\/\/www.facebook.com\/Aeronoticias.com.pe\/","article_published_time":"2019-07-09T22:59:38+00:00","article_modified_time":"2020-11-24T00:01:06+00:00","og_image":[{"width":700,"height":420,"url":"https:\/\/aeronoticias.com.pe\/noticiero\/wp-content\/uploads\/2019\/07\/air-france-2.jpg","type":"image\/jpeg"}],"author":"Redacci\u00f3n Aeronoticias","twitter_card":"summary_large_image","twitter_creator":"@aeronoticias","twitter_site":"@aeronoticias","twitter_misc":{"Escrito por":"Redacci\u00f3n Aeronoticias","Tiempo de lectura":"2 minutos"},"schema":{"@context":"https:\/\/schema.org","@graph":[{"@type":"WebPage","@id":"https:\/\/aeronoticias.com.pe\/noticiero\/transporte-aereo\/internacional\/air-france-denuncia-que-la-ecotasa-francesa-le-costara-60-millones-de-euros\/","url":"https:\/\/aeronoticias.com.pe\/noticiero\/transporte-aereo\/internacional\/air-france-denuncia-que-la-ecotasa-francesa-le-costara-60-millones-de-euros\/","name":"Air France denuncia que la ecotasa francesa le costar\u00e1 60 millones de euros","isPartOf":{"@id":"https:\/\/aeronoticias.com.pe\/noticiero\/#website"},"primaryImageOfPage":{"@id":"https:\/\/aeronoticias.com.pe\/noticiero\/transporte-aereo\/internacional\/air-france-denuncia-que-la-ecotasa-francesa-le-costara-60-millones-de-euros\/#primaryimage"},"image":{"@id":"https:\/\/aeronoticias.com.pe\/noticiero\/transporte-aereo\/internacional\/air-france-denuncia-que-la-ecotasa-francesa-le-costara-60-millones-de-euros\/#primaryimage"},"thumbnailUrl":"https:\/\/aeronoticias.com.pe\/noticiero\/wp-content\/uploads\/2019\/07\/air-france-2.jpg","datePublished":"2019-07-09T22:59:38+00:00","dateModified":"2020-11-24T00:01:06+00:00","author":{"@id":"https:\/\/aeronoticias.com.pe\/noticiero\/#\/schema\/person\/fc1e5d578f4b62ba1cf7ac2bba1170a0"},"description":"Air France reaccion\u00f3 este martes al anuncio del Gobierno franc\u00e9s sobre la imposici\u00f3n a partir del a\u00f1o pr\u00f3ximo de una ecotasa a todos los vuelos que despeguen de los aeropuertos del pa\u00eds, y denunci\u00f3 que seg\u00fan sus c\u00e1lculos le costar\u00e1 m\u00e1s de 60 millones de euros anuales.","breadcrumb":{"@id":"https:\/\/aeronoticias.com.pe\/noticiero\/transporte-aereo\/internacional\/air-france-denuncia-que-la-ecotasa-francesa-le-costara-60-millones-de-euros\/#breadcrumb"},"inLanguage":"es","potentialAction":[{"@type":"ReadAction","target":["https:\/\/aeronoticias.com.pe\/noticiero\/transporte-aereo\/internacional\/air-france-denuncia-que-la-ecotasa-francesa-le-costara-60-millones-de-euros\/"]}]},{"@type":"ImageObject","inLanguage":"es","@id":"https:\/\/aeronoticias.com.pe\/noticiero\/transporte-aereo\/internacional\/air-france-denuncia-que-la-ecotasa-francesa-le-costara-60-millones-de-euros\/#primaryimage","url":"https:\/\/aeronoticias.com.pe\/noticiero\/wp-content\/uploads\/2019\/07\/air-france-2.jpg","contentUrl":"https:\/\/aeronoticias.com.pe\/noticiero\/wp-content\/uploads\/2019\/07\/air-france-2.jpg","width":700,"height":420},{"@type":"BreadcrumbList","@id":"https:\/\/aeronoticias.com.pe\/noticiero\/transporte-aereo\/internacional\/air-france-denuncia-que-la-ecotasa-francesa-le-costara-60-millones-de-euros\/#breadcrumb","itemListElement":[{"@type":"ListItem","position":1,"name":"Portada","item":"https:\/\/aeronoticias.com.pe\/noticiero\/"},{"@type":"ListItem","position":2,"name":"Air France denuncia que la ecotasa francesa le costar\u00e1 60 millones de euros"}]},{"@type":"WebSite","@id":"https:\/\/aeronoticias.com.pe\/noticiero\/#website","url":"https:\/\/aeronoticias.com.pe\/noticiero\/","name":"Aeronoticias.com.pe","description":"Noticias de tranporte aereo, turismo, hoteles, gastronomia, actualidad, internacional","potentialAction":[{"@type":"SearchAction","target":{"@type":"EntryPoint","urlTemplate":"https:\/\/aeronoticias.com.pe\/noticiero\/?s={search_term_string}"},"query-input":{"@type":"PropertyValueSpecification","valueRequired":true,"valueName":"search_term_string"}}],"inLanguage":"es"},{"@type":"Person","@id":"https:\/\/aeronoticias.com.pe\/noticiero\/#\/schema\/person\/fc1e5d578f4b62ba1cf7ac2bba1170a0","name":"Redacci\u00f3n Aeronoticias","url":"https:\/\/aeronoticias.com.pe\/noticiero\/author\/piloto\/"}]}},"_links":{"self":[{"href":"https:\/\/aeronoticias.com.pe\/noticiero\/wp-json\/wp\/v2\/posts\/58589","targetHints":{"allow":["GET"]}}],"collection":[{"href":"https:\/\/aeronoticias.com.pe\/noticiero\/wp-json\/wp\/v2\/posts"}],"about":[{"href":"https:\/\/aeronoticias.com.pe\/noticiero\/wp-json\/wp\/v2\/types\/post"}],"author":[{"embeddable":true,"href":"https:\/\/aeronoticias.com.pe\/noticiero\/wp-json\/wp\/v2\/users\/1"}],"replies":[{"embeddable":true,"href":"https:\/\/aeronoticias.com.pe\/noticiero\/wp-json\/wp\/v2\/comments?post=58589"}],"version-history":[{"count":0,"href":"https:\/\/aeronoticias.com.pe\/noticiero\/wp-json\/wp\/v2\/posts\/58589\/revisions"}],"wp:featuredmedia":[{"embeddable":true,"href":"https:\/\/aeronoticias.com.pe\/noticiero\/wp-json\/wp\/v2\/media\/66351"}],"wp:attachment":[{"href":"https:\/\/aeronoticias.com.pe\/noticiero\/wp-json\/wp\/v2\/media?parent=58589"}],"wp:term":[{"taxonomy":"category","embeddable":true,"href":"https:\/\/aeronoticias.com.pe\/noticiero\/wp-json\/wp\/v2\/categories?post=58589"},{"taxonomy":"post_tag","embeddable":true,"href":"https:\/\/aeronoticias.com.pe\/noticiero\/wp-json\/wp\/v2\/tags?post=58589"}],"curies":[{"name":"wp","href":"https:\/\/api.w.org\/{rel}","templated":true}]}}