{"id":58591,"date":"2019-07-09T23:06:39","date_gmt":"2019-07-09T23:06:39","guid":{"rendered":"http:\/\/desarrollo.mcvicious.com\/aero2020\/2019\/07\/09\/aeromexico-suspende-la-ruta-mexico-guayaquil\/"},"modified":"2020-11-23T19:09:35","modified_gmt":"2020-11-24T00:09:35","slug":"aeromexico-suspende-la-ruta-mexico-guayaquil","status":"publish","type":"post","link":"https:\/\/aeronoticias.com.pe\/noticiero\/transporte-aereo\/internacional\/aeromexico-suspende-la-ruta-mexico-guayaquil\/","title":{"rendered":"Aerom\u00e9xico suspende la ruta M\u00e9xico-Guayaquil"},"content":{"rendered":"\n<p>A partir del pr\u00f3ximo 2 de octubre, Grupo Aerom\u00e9xico suspender\u00e1 las operaciones regulares de su ruta Ciudad de M\u00e9xico-Guayaquil, <em>\u201cdebido a ciertos ajustes operativos relacionados con el uso de nuestra flota\u201d<\/em>.<\/p>\n\n\n\n<p class=\"p1\">La l\u00ednea del caballero \u00e1guila reci\u00e9n inaugur\u00f3 en mayo esta ruta directa a la ciudad ecuatoriana, la cual opera con aviones&nbsp;<strong>B737-800<\/strong> con capacidad para 160 pasajeros.<\/p>\n\n\n\n<p class=\"p1\">De acuerdo con el periodista especializado, Nicol\u00e1s Larenas, la cancelaci\u00f3n de esta ruta&nbsp;<strong>podr\u00eda estar relacionada con la puesta en tierra de seis equipos B737 MAX de Aerom\u00e9xico<\/strong> (adem\u00e1s de que la aerol\u00ednea mexicana ten\u00eda planeado aumentar su flota MAX a diez para finalizar el a\u00f1o). De ser as\u00ed, \u00e9sta ser\u00eda la primera ruta cancelada en M\u00e9xico como consecuencia de las afectaciones globales de la familia de fuselaje estrecho de Boeing, la cual est\u00e1 en tierra desde marzo tras los accidentes en Etiop\u00eda e Indonesia.<\/p>\n\n\n\n<p class=\"p3\"><strong><em>\u00abLa raz\u00f3n de esta cancelaci\u00f3n son ajustes operativos relacionados con la flota en general, no solo con los MAX\u00bb <\/em>indic\u00f3 una portavoz de Aerom\u00e9xico a&nbsp;A21. <\/strong><\/p>\n\n\n\n<p class=\"p1\"><em>\u201cEsta ser\u00e1 una interesante oportunidad para que Interjet inicie sus vuelos hacia Guayaquil y potencialmente, tambi\u00e9n Quito y <\/em><strong><em>lograr posicionarse como nueva aerol\u00ednea en Ecuador<\/em><\/strong><em>\u201d<\/em> escribi\u00f3 Larenas.<\/p>\n\n\n\n<p class=\"p1\">Mientras tanto, Aerom\u00e9xico continuar\u00e1 operando tres vuelos directos semanales a Guayaquil e&nbsp;<strong>Interjet recibi\u00f3 el permiso de operaci\u00f3n<\/strong> para operar hasta siete frecuencias semanales desde Ciudad de M\u00e9xico y Canc\u00fan a Guayaquil y\/o Quito.<\/p>\n\n\n\n<p class=\"p1\">Fuente: <span style=\"text-decoration: underline;\"><em><strong>A21<\/strong><\/em><\/span>.<\/p>\n","protected":false},"excerpt":{"rendered":"<p>A partir del pr\u00f3ximo 2 de octubre, Grupo Aerom\u00e9xico suspender\u00e1 las operaciones regulares de su ruta Ciudad de M\u00e9xico-Guayaquil, \u201cdebido a ciertos ajustes operativos relacionados con el uso de nuestra flota\u201d. La l\u00ednea del caballero \u00e1guila reci\u00e9n inaugur\u00f3 en mayo esta ruta directa a la ciudad ecuatoriana, la cual opera con aviones&nbsp;B737-800 con capacidad para [&hellip;]<\/p>\n","protected":false},"author":1,"featured_media":66358,"comment_status":"open","ping_status":"open","sticky":false,"template":"","format":"standard","meta":{"tdm_status":"","tdm_grid_status":"","footnotes":""},"categories":[32,11],"tags":[224,975,228],"class_list":{"0":"post-58591","1":"post","2":"type-post","3":"status-publish","4":"format-standard","5":"has-post-thumbnail","7":"category-internacional","8":"category-transporte-aereo","9":"tag-aeromexico","10":"tag-guayaquil","11":"tag-mexico"},"yoast_head":"<!-- This site is optimized with the Yoast SEO plugin v25.1 - https:\/\/yoast.com\/wordpress\/plugins\/seo\/ -->\n<title>Aerom\u00e9xico suspende la ruta M\u00e9xico-Guayaquil<\/title>\n<meta name=\"description\" content=\"A partir del pr\u00f3ximo 2 de octubre, Grupo Aerom\u00e9xico suspender\u00e1 las operaciones regulares de su ruta Ciudad de M\u00e9xico-Guayaquil, \u201cdebido a ciertos ajustes operativos relacionados con el uso de nuestra flota\u201d.\" \/>\n<meta name=\"robots\" content=\"index, follow, max-snippet:-1, max-image-preview:large, max-video-preview:-1\" \/>\n<link rel=\"canonical\" href=\"https:\/\/aeronoticias.com.pe\/noticiero\/transporte-aereo\/internacional\/aeromexico-suspende-la-ruta-mexico-guayaquil\/\" \/>\n<meta property=\"og:locale\" content=\"es_ES\" \/>\n<meta property=\"og:type\" content=\"article\" \/>\n<meta property=\"og:title\" content=\"Aerom\u00e9xico suspende la ruta M\u00e9xico-Guayaquil\" \/>\n<meta property=\"og:description\" content=\"A partir del pr\u00f3ximo 2 de octubre, Grupo Aerom\u00e9xico suspender\u00e1 las operaciones regulares de su ruta Ciudad de M\u00e9xico-Guayaquil, \u201cdebido a ciertos ajustes operativos relacionados con el uso de nuestra flota\u201d.\" \/>\n<meta property=\"og:url\" content=\"https:\/\/aeronoticias.com.pe\/noticiero\/transporte-aereo\/internacional\/aeromexico-suspende-la-ruta-mexico-guayaquil\/\" \/>\n<meta property=\"og:site_name\" content=\"Aeronoticias.com.pe\" \/>\n<meta property=\"article:publisher\" content=\"https:\/\/www.facebook.com\/Aeronoticias.com.pe\/\" \/>\n<meta property=\"article:published_time\" content=\"2019-07-09T23:06:39+00:00\" \/>\n<meta property=\"article:modified_time\" content=\"2020-11-24T00:09:35+00:00\" \/>\n<meta property=\"og:image\" content=\"https:\/\/aeronoticias.com.pe\/noticiero\/wp-content\/uploads\/2019\/07\/aeromexico-1.jpg\" \/>\n\t<meta property=\"og:image:width\" content=\"1024\" \/>\n\t<meta property=\"og:image:height\" content=\"684\" \/>\n\t<meta property=\"og:image:type\" content=\"image\/jpeg\" \/>\n<meta name=\"author\" content=\"Redacci\u00f3n Aeronoticias\" \/>\n<meta name=\"twitter:card\" content=\"summary_large_image\" \/>\n<meta name=\"twitter:creator\" content=\"@aeronoticias\" \/>\n<meta name=\"twitter:site\" content=\"@aeronoticias\" \/>\n<meta name=\"twitter:label1\" content=\"Escrito por\" \/>\n\t<meta name=\"twitter:data1\" content=\"Redacci\u00f3n Aeronoticias\" \/>\n\t<meta name=\"twitter:label2\" content=\"Tiempo de lectura\" \/>\n\t<meta name=\"twitter:data2\" content=\"1 minuto\" \/>\n<script type=\"application\/ld+json\" class=\"yoast-schema-graph\">{\"@context\":\"https:\/\/schema.org\",\"@graph\":[{\"@type\":\"WebPage\",\"@id\":\"https:\/\/aeronoticias.com.pe\/noticiero\/transporte-aereo\/internacional\/aeromexico-suspende-la-ruta-mexico-guayaquil\/\",\"url\":\"https:\/\/aeronoticias.com.pe\/noticiero\/transporte-aereo\/internacional\/aeromexico-suspende-la-ruta-mexico-guayaquil\/\",\"name\":\"Aerom\u00e9xico suspende la ruta M\u00e9xico-Guayaquil\",\"isPartOf\":{\"@id\":\"https:\/\/aeronoticias.com.pe\/noticiero\/#website\"},\"primaryImageOfPage\":{\"@id\":\"https:\/\/aeronoticias.com.pe\/noticiero\/transporte-aereo\/internacional\/aeromexico-suspende-la-ruta-mexico-guayaquil\/#primaryimage\"},\"image\":{\"@id\":\"https:\/\/aeronoticias.com.pe\/noticiero\/transporte-aereo\/internacional\/aeromexico-suspende-la-ruta-mexico-guayaquil\/#primaryimage\"},\"thumbnailUrl\":\"https:\/\/aeronoticias.com.pe\/noticiero\/wp-content\/uploads\/2019\/07\/aeromexico-1.jpg\",\"datePublished\":\"2019-07-09T23:06:39+00:00\",\"dateModified\":\"2020-11-24T00:09:35+00:00\",\"author\":{\"@id\":\"https:\/\/aeronoticias.com.pe\/noticiero\/#\/schema\/person\/fc1e5d578f4b62ba1cf7ac2bba1170a0\"},\"description\":\"A partir del pr\u00f3ximo 2 de octubre, Grupo Aerom\u00e9xico suspender\u00e1 las operaciones regulares de su ruta Ciudad de M\u00e9xico-Guayaquil, \u201cdebido a ciertos ajustes operativos relacionados con el uso de nuestra flota\u201d.\",\"breadcrumb\":{\"@id\":\"https:\/\/aeronoticias.com.pe\/noticiero\/transporte-aereo\/internacional\/aeromexico-suspende-la-ruta-mexico-guayaquil\/#breadcrumb\"},\"inLanguage\":\"es\",\"potentialAction\":[{\"@type\":\"ReadAction\",\"target\":[\"https:\/\/aeronoticias.com.pe\/noticiero\/transporte-aereo\/internacional\/aeromexico-suspende-la-ruta-mexico-guayaquil\/\"]}]},{\"@type\":\"ImageObject\",\"inLanguage\":\"es\",\"@id\":\"https:\/\/aeronoticias.com.pe\/noticiero\/transporte-aereo\/internacional\/aeromexico-suspende-la-ruta-mexico-guayaquil\/#primaryimage\",\"url\":\"https:\/\/aeronoticias.com.pe\/noticiero\/wp-content\/uploads\/2019\/07\/aeromexico-1.jpg\",\"contentUrl\":\"https:\/\/aeronoticias.com.pe\/noticiero\/wp-content\/uploads\/2019\/07\/aeromexico-1.jpg\",\"width\":1024,\"height\":684},{\"@type\":\"BreadcrumbList\",\"@id\":\"https:\/\/aeronoticias.com.pe\/noticiero\/transporte-aereo\/internacional\/aeromexico-suspende-la-ruta-mexico-guayaquil\/#breadcrumb\",\"itemListElement\":[{\"@type\":\"ListItem\",\"position\":1,\"name\":\"Portada\",\"item\":\"https:\/\/aeronoticias.com.pe\/noticiero\/\"},{\"@type\":\"ListItem\",\"position\":2,\"name\":\"Aerom\u00e9xico suspende la ruta M\u00e9xico-Guayaquil\"}]},{\"@type\":\"WebSite\",\"@id\":\"https:\/\/aeronoticias.com.pe\/noticiero\/#website\",\"url\":\"https:\/\/aeronoticias.com.pe\/noticiero\/\",\"name\":\"Aeronoticias.com.pe\",\"description\":\"Noticias de tranporte aereo, turismo, hoteles, gastronomia, actualidad, internacional\",\"potentialAction\":[{\"@type\":\"SearchAction\",\"target\":{\"@type\":\"EntryPoint\",\"urlTemplate\":\"https:\/\/aeronoticias.com.pe\/noticiero\/?s={search_term_string}\"},\"query-input\":{\"@type\":\"PropertyValueSpecification\",\"valueRequired\":true,\"valueName\":\"search_term_string\"}}],\"inLanguage\":\"es\"},{\"@type\":\"Person\",\"@id\":\"https:\/\/aeronoticias.com.pe\/noticiero\/#\/schema\/person\/fc1e5d578f4b62ba1cf7ac2bba1170a0\",\"name\":\"Redacci\u00f3n Aeronoticias\",\"url\":\"https:\/\/aeronoticias.com.pe\/noticiero\/author\/piloto\/\"}]}<\/script>\n<!-- \/ Yoast SEO plugin. -->","yoast_head_json":{"title":"Aerom\u00e9xico suspende la ruta M\u00e9xico-Guayaquil","description":"A partir del pr\u00f3ximo 2 de octubre, Grupo Aerom\u00e9xico suspender\u00e1 las operaciones regulares de su ruta Ciudad de M\u00e9xico-Guayaquil, \u201cdebido a ciertos ajustes operativos relacionados con el uso de nuestra flota\u201d.","robots":{"index":"index","follow":"follow","max-snippet":"max-snippet:-1","max-image-preview":"max-image-preview:large","max-video-preview":"max-video-preview:-1"},"canonical":"https:\/\/aeronoticias.com.pe\/noticiero\/transporte-aereo\/internacional\/aeromexico-suspende-la-ruta-mexico-guayaquil\/","og_locale":"es_ES","og_type":"article","og_title":"Aerom\u00e9xico suspende la ruta M\u00e9xico-Guayaquil","og_description":"A partir del pr\u00f3ximo 2 de octubre, Grupo Aerom\u00e9xico suspender\u00e1 las operaciones regulares de su ruta Ciudad de M\u00e9xico-Guayaquil, \u201cdebido a ciertos ajustes operativos relacionados con el uso de nuestra flota\u201d.","og_url":"https:\/\/aeronoticias.com.pe\/noticiero\/transporte-aereo\/internacional\/aeromexico-suspende-la-ruta-mexico-guayaquil\/","og_site_name":"Aeronoticias.com.pe","article_publisher":"https:\/\/www.facebook.com\/Aeronoticias.com.pe\/","article_published_time":"2019-07-09T23:06:39+00:00","article_modified_time":"2020-11-24T00:09:35+00:00","og_image":[{"width":1024,"height":684,"url":"https:\/\/aeronoticias.com.pe\/noticiero\/wp-content\/uploads\/2019\/07\/aeromexico-1.jpg","type":"image\/jpeg"}],"author":"Redacci\u00f3n Aeronoticias","twitter_card":"summary_large_image","twitter_creator":"@aeronoticias","twitter_site":"@aeronoticias","twitter_misc":{"Escrito por":"Redacci\u00f3n Aeronoticias","Tiempo de lectura":"1 minuto"},"schema":{"@context":"https:\/\/schema.org","@graph":[{"@type":"WebPage","@id":"https:\/\/aeronoticias.com.pe\/noticiero\/transporte-aereo\/internacional\/aeromexico-suspende-la-ruta-mexico-guayaquil\/","url":"https:\/\/aeronoticias.com.pe\/noticiero\/transporte-aereo\/internacional\/aeromexico-suspende-la-ruta-mexico-guayaquil\/","name":"Aerom\u00e9xico suspende la ruta M\u00e9xico-Guayaquil","isPartOf":{"@id":"https:\/\/aeronoticias.com.pe\/noticiero\/#website"},"primaryImageOfPage":{"@id":"https:\/\/aeronoticias.com.pe\/noticiero\/transporte-aereo\/internacional\/aeromexico-suspende-la-ruta-mexico-guayaquil\/#primaryimage"},"image":{"@id":"https:\/\/aeronoticias.com.pe\/noticiero\/transporte-aereo\/internacional\/aeromexico-suspende-la-ruta-mexico-guayaquil\/#primaryimage"},"thumbnailUrl":"https:\/\/aeronoticias.com.pe\/noticiero\/wp-content\/uploads\/2019\/07\/aeromexico-1.jpg","datePublished":"2019-07-09T23:06:39+00:00","dateModified":"2020-11-24T00:09:35+00:00","author":{"@id":"https:\/\/aeronoticias.com.pe\/noticiero\/#\/schema\/person\/fc1e5d578f4b62ba1cf7ac2bba1170a0"},"description":"A partir del pr\u00f3ximo 2 de octubre, Grupo Aerom\u00e9xico suspender\u00e1 las operaciones regulares de su ruta Ciudad de M\u00e9xico-Guayaquil, \u201cdebido a ciertos ajustes operativos relacionados con el uso de nuestra flota\u201d.","breadcrumb":{"@id":"https:\/\/aeronoticias.com.pe\/noticiero\/transporte-aereo\/internacional\/aeromexico-suspende-la-ruta-mexico-guayaquil\/#breadcrumb"},"inLanguage":"es","potentialAction":[{"@type":"ReadAction","target":["https:\/\/aeronoticias.com.pe\/noticiero\/transporte-aereo\/internacional\/aeromexico-suspende-la-ruta-mexico-guayaquil\/"]}]},{"@type":"ImageObject","inLanguage":"es","@id":"https:\/\/aeronoticias.com.pe\/noticiero\/transporte-aereo\/internacional\/aeromexico-suspende-la-ruta-mexico-guayaquil\/#primaryimage","url":"https:\/\/aeronoticias.com.pe\/noticiero\/wp-content\/uploads\/2019\/07\/aeromexico-1.jpg","contentUrl":"https:\/\/aeronoticias.com.pe\/noticiero\/wp-content\/uploads\/2019\/07\/aeromexico-1.jpg","width":1024,"height":684},{"@type":"BreadcrumbList","@id":"https:\/\/aeronoticias.com.pe\/noticiero\/transporte-aereo\/internacional\/aeromexico-suspende-la-ruta-mexico-guayaquil\/#breadcrumb","itemListElement":[{"@type":"ListItem","position":1,"name":"Portada","item":"https:\/\/aeronoticias.com.pe\/noticiero\/"},{"@type":"ListItem","position":2,"name":"Aerom\u00e9xico suspende la ruta M\u00e9xico-Guayaquil"}]},{"@type":"WebSite","@id":"https:\/\/aeronoticias.com.pe\/noticiero\/#website","url":"https:\/\/aeronoticias.com.pe\/noticiero\/","name":"Aeronoticias.com.pe","description":"Noticias de tranporte aereo, turismo, hoteles, gastronomia, actualidad, internacional","potentialAction":[{"@type":"SearchAction","target":{"@type":"EntryPoint","urlTemplate":"https:\/\/aeronoticias.com.pe\/noticiero\/?s={search_term_string}"},"query-input":{"@type":"PropertyValueSpecification","valueRequired":true,"valueName":"search_term_string"}}],"inLanguage":"es"},{"@type":"Person","@id":"https:\/\/aeronoticias.com.pe\/noticiero\/#\/schema\/person\/fc1e5d578f4b62ba1cf7ac2bba1170a0","name":"Redacci\u00f3n Aeronoticias","url":"https:\/\/aeronoticias.com.pe\/noticiero\/author\/piloto\/"}]}},"_links":{"self":[{"href":"https:\/\/aeronoticias.com.pe\/noticiero\/wp-json\/wp\/v2\/posts\/58591","targetHints":{"allow":["GET"]}}],"collection":[{"href":"https:\/\/aeronoticias.com.pe\/noticiero\/wp-json\/wp\/v2\/posts"}],"about":[{"href":"https:\/\/aeronoticias.com.pe\/noticiero\/wp-json\/wp\/v2\/types\/post"}],"author":[{"embeddable":true,"href":"https:\/\/aeronoticias.com.pe\/noticiero\/wp-json\/wp\/v2\/users\/1"}],"replies":[{"embeddable":true,"href":"https:\/\/aeronoticias.com.pe\/noticiero\/wp-json\/wp\/v2\/comments?post=58591"}],"version-history":[{"count":0,"href":"https:\/\/aeronoticias.com.pe\/noticiero\/wp-json\/wp\/v2\/posts\/58591\/revisions"}],"wp:featuredmedia":[{"embeddable":true,"href":"https:\/\/aeronoticias.com.pe\/noticiero\/wp-json\/wp\/v2\/media\/66358"}],"wp:attachment":[{"href":"https:\/\/aeronoticias.com.pe\/noticiero\/wp-json\/wp\/v2\/media?parent=58591"}],"wp:term":[{"taxonomy":"category","embeddable":true,"href":"https:\/\/aeronoticias.com.pe\/noticiero\/wp-json\/wp\/v2\/categories?post=58591"},{"taxonomy":"post_tag","embeddable":true,"href":"https:\/\/aeronoticias.com.pe\/noticiero\/wp-json\/wp\/v2\/tags?post=58591"}],"curies":[{"name":"wp","href":"https:\/\/api.w.org\/{rel}","templated":true}]}}