{"id":58592,"date":"2019-07-09T23:12:18","date_gmt":"2019-07-09T23:12:18","guid":{"rendered":"http:\/\/desarrollo.mcvicious.com\/aero2020\/2019\/07\/09\/interjet-incrementa-15-su-trafico-de-pasajeros\/"},"modified":"2020-11-23T19:13:27","modified_gmt":"2020-11-24T00:13:27","slug":"interjet-incrementa-15-su-trafico-de-pasajeros","status":"publish","type":"post","link":"https:\/\/aeronoticias.com.pe\/noticiero\/transporte-aereo\/internacional\/interjet-incrementa-15-su-trafico-de-pasajeros\/","title":{"rendered":"Interjet incrementa 15% su tr\u00e1fico de pasajeros"},"content":{"rendered":"\n<p>La aerol\u00ednea mexicana Interjet llev\u00f3 m\u00e1s de un mill\u00f3n 309 mil pasajeros durante junio, lo que represent\u00f3 un crecimiento del 15% en comparativa con el mismo periodo del a\u00f1o anterior.<\/p>\n\n\n\n<p class=\"p1\">De acuerdo con su reporte mensual, el transportista detall\u00f3 que durante el sexto mes del a\u00f1o, traslad\u00f3&nbsp;<strong>90 mil 616 turistas en sus rutas internacionales y 918 mil 531 a lo largo de su red dom\u00e9stica<\/strong>, promediando un 89% en su factor de ocupaci\u00f3n (aumento cercano a los 8 puntos en comparativa interanual).<\/p>\n\n\n\n<p class=\"p1\">La empresa a\u00e9rea precis\u00f3 que&nbsp;<strong>su mercado interno creci\u00f3 10%<\/strong> con un factor de ocupaci\u00f3n del&nbsp;<strong>88.6% (+7 puntos porcentuales)<\/strong>, mientras que su rubro internacional marc\u00f3 un&nbsp;<strong>incremento del 29%<\/strong>, con una&nbsp;<strong>ocupaci\u00f3n del 89% (+9%)<\/strong>.<\/p>\n\n\n\n<p class=\"p1\">En cuanto a&nbsp;<strong>su demanda<\/strong> (medida en pasajeros-kil\u00f3metros disponibles o RPK por sus siglas en ingl\u00e9s),&nbsp;<strong>increment\u00f3 19%<\/strong> y&nbsp;<strong>su oferta<\/strong> (calculada en asiento-kil\u00f3metro disponible o ASK)&nbsp;<strong>registr\u00f3 un alza del 9%<\/strong>, en comparativa con el sexto mes del 2018.<\/p>\n\n\n\n<p class=\"p1\">Recientemente el Consejo de Aviaci\u00f3n Civil de Ecuador autoriz\u00f3 a la aerol\u00ednea mexicana, operar siete frecuencias entre las<strong> rutas Ciudad de M\u00e9xico-Guayaquil y Ciudad de M\u00e9xico-Quito<\/strong>, permiso que tiene una vigencia por tres a\u00f1os.<\/p>\n\n\n\n<p class=\"p2\">Fuente: <span style=\"text-decoration: underline;\"><em><strong>Interjet<\/strong><\/em><\/span>.<\/p>\n","protected":false},"excerpt":{"rendered":"<p>La aerol\u00ednea mexicana Interjet llev\u00f3 m\u00e1s de un mill\u00f3n 309 mil pasajeros durante junio, lo que represent\u00f3 un crecimiento del 15% en comparativa con el mismo periodo del a\u00f1o anterior. De acuerdo con su reporte mensual, el transportista detall\u00f3 que durante el sexto mes del a\u00f1o, traslad\u00f3&nbsp;90 mil 616 turistas en sus rutas internacionales y [&hellip;]<\/p>\n","protected":false},"author":1,"featured_media":66360,"comment_status":"open","ping_status":"open","sticky":false,"template":"","format":"standard","meta":{"tdm_status":"","tdm_grid_status":"","footnotes":""},"categories":[32,11],"tags":[253],"class_list":{"0":"post-58592","1":"post","2":"type-post","3":"status-publish","4":"format-standard","5":"has-post-thumbnail","7":"category-internacional","8":"category-transporte-aereo","9":"tag-interjet"},"yoast_head":"<!-- This site is optimized with the Yoast SEO plugin v25.1 - https:\/\/yoast.com\/wordpress\/plugins\/seo\/ -->\n<title>Interjet incrementa 15% su tr\u00e1fico de pasajeros<\/title>\n<meta name=\"description\" content=\"La aerol\u00ednea mexicana Interjet llev\u00f3 m\u00e1s de un mill\u00f3n 309 mil pasajeros durante junio, lo que represent\u00f3 un crecimiento del 15% en comparativa con el mismo periodo del a\u00f1o anterior.\" \/>\n<meta name=\"robots\" content=\"index, follow, max-snippet:-1, max-image-preview:large, max-video-preview:-1\" \/>\n<link rel=\"canonical\" href=\"https:\/\/aeronoticias.com.pe\/noticiero\/transporte-aereo\/internacional\/interjet-incrementa-15-su-trafico-de-pasajeros\/\" \/>\n<meta property=\"og:locale\" content=\"es_ES\" \/>\n<meta property=\"og:type\" content=\"article\" \/>\n<meta property=\"og:title\" content=\"Interjet incrementa 15% su tr\u00e1fico de pasajeros\" \/>\n<meta property=\"og:description\" content=\"La aerol\u00ednea mexicana Interjet llev\u00f3 m\u00e1s de un mill\u00f3n 309 mil pasajeros durante junio, lo que represent\u00f3 un crecimiento del 15% en comparativa con el mismo periodo del a\u00f1o anterior.\" \/>\n<meta property=\"og:url\" content=\"https:\/\/aeronoticias.com.pe\/noticiero\/transporte-aereo\/internacional\/interjet-incrementa-15-su-trafico-de-pasajeros\/\" \/>\n<meta property=\"og:site_name\" content=\"Aeronoticias.com.pe\" \/>\n<meta property=\"article:publisher\" content=\"https:\/\/www.facebook.com\/Aeronoticias.com.pe\/\" \/>\n<meta property=\"article:published_time\" content=\"2019-07-09T23:12:18+00:00\" \/>\n<meta property=\"article:modified_time\" content=\"2020-11-24T00:13:27+00:00\" \/>\n<meta property=\"og:image\" content=\"https:\/\/aeronoticias.com.pe\/noticiero\/wp-content\/uploads\/2019\/07\/Interjet-incrementa.jpg\" \/>\n\t<meta property=\"og:image:width\" content=\"960\" \/>\n\t<meta property=\"og:image:height\" content=\"640\" \/>\n\t<meta property=\"og:image:type\" content=\"image\/jpeg\" \/>\n<meta name=\"author\" content=\"Redacci\u00f3n Aeronoticias\" \/>\n<meta name=\"twitter:card\" content=\"summary_large_image\" \/>\n<meta name=\"twitter:creator\" content=\"@aeronoticias\" \/>\n<meta name=\"twitter:site\" content=\"@aeronoticias\" \/>\n<meta name=\"twitter:label1\" content=\"Escrito por\" \/>\n\t<meta name=\"twitter:data1\" content=\"Redacci\u00f3n Aeronoticias\" \/>\n\t<meta name=\"twitter:label2\" content=\"Tiempo de lectura\" \/>\n\t<meta name=\"twitter:data2\" content=\"1 minuto\" \/>\n<script type=\"application\/ld+json\" class=\"yoast-schema-graph\">{\"@context\":\"https:\/\/schema.org\",\"@graph\":[{\"@type\":\"WebPage\",\"@id\":\"https:\/\/aeronoticias.com.pe\/noticiero\/transporte-aereo\/internacional\/interjet-incrementa-15-su-trafico-de-pasajeros\/\",\"url\":\"https:\/\/aeronoticias.com.pe\/noticiero\/transporte-aereo\/internacional\/interjet-incrementa-15-su-trafico-de-pasajeros\/\",\"name\":\"Interjet incrementa 15% su tr\u00e1fico de pasajeros\",\"isPartOf\":{\"@id\":\"https:\/\/aeronoticias.com.pe\/noticiero\/#website\"},\"primaryImageOfPage\":{\"@id\":\"https:\/\/aeronoticias.com.pe\/noticiero\/transporte-aereo\/internacional\/interjet-incrementa-15-su-trafico-de-pasajeros\/#primaryimage\"},\"image\":{\"@id\":\"https:\/\/aeronoticias.com.pe\/noticiero\/transporte-aereo\/internacional\/interjet-incrementa-15-su-trafico-de-pasajeros\/#primaryimage\"},\"thumbnailUrl\":\"https:\/\/aeronoticias.com.pe\/noticiero\/wp-content\/uploads\/2019\/07\/Interjet-incrementa.jpg\",\"datePublished\":\"2019-07-09T23:12:18+00:00\",\"dateModified\":\"2020-11-24T00:13:27+00:00\",\"author\":{\"@id\":\"https:\/\/aeronoticias.com.pe\/noticiero\/#\/schema\/person\/fc1e5d578f4b62ba1cf7ac2bba1170a0\"},\"description\":\"La aerol\u00ednea mexicana Interjet llev\u00f3 m\u00e1s de un mill\u00f3n 309 mil pasajeros durante junio, lo que represent\u00f3 un crecimiento del 15% en comparativa con el mismo periodo del a\u00f1o anterior.\",\"breadcrumb\":{\"@id\":\"https:\/\/aeronoticias.com.pe\/noticiero\/transporte-aereo\/internacional\/interjet-incrementa-15-su-trafico-de-pasajeros\/#breadcrumb\"},\"inLanguage\":\"es\",\"potentialAction\":[{\"@type\":\"ReadAction\",\"target\":[\"https:\/\/aeronoticias.com.pe\/noticiero\/transporte-aereo\/internacional\/interjet-incrementa-15-su-trafico-de-pasajeros\/\"]}]},{\"@type\":\"ImageObject\",\"inLanguage\":\"es\",\"@id\":\"https:\/\/aeronoticias.com.pe\/noticiero\/transporte-aereo\/internacional\/interjet-incrementa-15-su-trafico-de-pasajeros\/#primaryimage\",\"url\":\"https:\/\/aeronoticias.com.pe\/noticiero\/wp-content\/uploads\/2019\/07\/Interjet-incrementa.jpg\",\"contentUrl\":\"https:\/\/aeronoticias.com.pe\/noticiero\/wp-content\/uploads\/2019\/07\/Interjet-incrementa.jpg\",\"width\":960,\"height\":640},{\"@type\":\"BreadcrumbList\",\"@id\":\"https:\/\/aeronoticias.com.pe\/noticiero\/transporte-aereo\/internacional\/interjet-incrementa-15-su-trafico-de-pasajeros\/#breadcrumb\",\"itemListElement\":[{\"@type\":\"ListItem\",\"position\":1,\"name\":\"Portada\",\"item\":\"https:\/\/aeronoticias.com.pe\/noticiero\/\"},{\"@type\":\"ListItem\",\"position\":2,\"name\":\"Interjet incrementa 15% su tr\u00e1fico de pasajeros\"}]},{\"@type\":\"WebSite\",\"@id\":\"https:\/\/aeronoticias.com.pe\/noticiero\/#website\",\"url\":\"https:\/\/aeronoticias.com.pe\/noticiero\/\",\"name\":\"Aeronoticias.com.pe\",\"description\":\"Noticias de tranporte aereo, turismo, hoteles, gastronomia, actualidad, internacional\",\"potentialAction\":[{\"@type\":\"SearchAction\",\"target\":{\"@type\":\"EntryPoint\",\"urlTemplate\":\"https:\/\/aeronoticias.com.pe\/noticiero\/?s={search_term_string}\"},\"query-input\":{\"@type\":\"PropertyValueSpecification\",\"valueRequired\":true,\"valueName\":\"search_term_string\"}}],\"inLanguage\":\"es\"},{\"@type\":\"Person\",\"@id\":\"https:\/\/aeronoticias.com.pe\/noticiero\/#\/schema\/person\/fc1e5d578f4b62ba1cf7ac2bba1170a0\",\"name\":\"Redacci\u00f3n Aeronoticias\",\"url\":\"https:\/\/aeronoticias.com.pe\/noticiero\/author\/piloto\/\"}]}<\/script>\n<!-- \/ Yoast SEO plugin. -->","yoast_head_json":{"title":"Interjet incrementa 15% su tr\u00e1fico de pasajeros","description":"La aerol\u00ednea mexicana Interjet llev\u00f3 m\u00e1s de un mill\u00f3n 309 mil pasajeros durante junio, lo que represent\u00f3 un crecimiento del 15% en comparativa con el mismo periodo del a\u00f1o anterior.","robots":{"index":"index","follow":"follow","max-snippet":"max-snippet:-1","max-image-preview":"max-image-preview:large","max-video-preview":"max-video-preview:-1"},"canonical":"https:\/\/aeronoticias.com.pe\/noticiero\/transporte-aereo\/internacional\/interjet-incrementa-15-su-trafico-de-pasajeros\/","og_locale":"es_ES","og_type":"article","og_title":"Interjet incrementa 15% su tr\u00e1fico de pasajeros","og_description":"La aerol\u00ednea mexicana Interjet llev\u00f3 m\u00e1s de un mill\u00f3n 309 mil pasajeros durante junio, lo que represent\u00f3 un crecimiento del 15% en comparativa con el mismo periodo del a\u00f1o anterior.","og_url":"https:\/\/aeronoticias.com.pe\/noticiero\/transporte-aereo\/internacional\/interjet-incrementa-15-su-trafico-de-pasajeros\/","og_site_name":"Aeronoticias.com.pe","article_publisher":"https:\/\/www.facebook.com\/Aeronoticias.com.pe\/","article_published_time":"2019-07-09T23:12:18+00:00","article_modified_time":"2020-11-24T00:13:27+00:00","og_image":[{"width":960,"height":640,"url":"https:\/\/aeronoticias.com.pe\/noticiero\/wp-content\/uploads\/2019\/07\/Interjet-incrementa.jpg","type":"image\/jpeg"}],"author":"Redacci\u00f3n Aeronoticias","twitter_card":"summary_large_image","twitter_creator":"@aeronoticias","twitter_site":"@aeronoticias","twitter_misc":{"Escrito por":"Redacci\u00f3n Aeronoticias","Tiempo de lectura":"1 minuto"},"schema":{"@context":"https:\/\/schema.org","@graph":[{"@type":"WebPage","@id":"https:\/\/aeronoticias.com.pe\/noticiero\/transporte-aereo\/internacional\/interjet-incrementa-15-su-trafico-de-pasajeros\/","url":"https:\/\/aeronoticias.com.pe\/noticiero\/transporte-aereo\/internacional\/interjet-incrementa-15-su-trafico-de-pasajeros\/","name":"Interjet incrementa 15% su tr\u00e1fico de pasajeros","isPartOf":{"@id":"https:\/\/aeronoticias.com.pe\/noticiero\/#website"},"primaryImageOfPage":{"@id":"https:\/\/aeronoticias.com.pe\/noticiero\/transporte-aereo\/internacional\/interjet-incrementa-15-su-trafico-de-pasajeros\/#primaryimage"},"image":{"@id":"https:\/\/aeronoticias.com.pe\/noticiero\/transporte-aereo\/internacional\/interjet-incrementa-15-su-trafico-de-pasajeros\/#primaryimage"},"thumbnailUrl":"https:\/\/aeronoticias.com.pe\/noticiero\/wp-content\/uploads\/2019\/07\/Interjet-incrementa.jpg","datePublished":"2019-07-09T23:12:18+00:00","dateModified":"2020-11-24T00:13:27+00:00","author":{"@id":"https:\/\/aeronoticias.com.pe\/noticiero\/#\/schema\/person\/fc1e5d578f4b62ba1cf7ac2bba1170a0"},"description":"La aerol\u00ednea mexicana Interjet llev\u00f3 m\u00e1s de un mill\u00f3n 309 mil pasajeros durante junio, lo que represent\u00f3 un crecimiento del 15% en comparativa con el mismo periodo del a\u00f1o anterior.","breadcrumb":{"@id":"https:\/\/aeronoticias.com.pe\/noticiero\/transporte-aereo\/internacional\/interjet-incrementa-15-su-trafico-de-pasajeros\/#breadcrumb"},"inLanguage":"es","potentialAction":[{"@type":"ReadAction","target":["https:\/\/aeronoticias.com.pe\/noticiero\/transporte-aereo\/internacional\/interjet-incrementa-15-su-trafico-de-pasajeros\/"]}]},{"@type":"ImageObject","inLanguage":"es","@id":"https:\/\/aeronoticias.com.pe\/noticiero\/transporte-aereo\/internacional\/interjet-incrementa-15-su-trafico-de-pasajeros\/#primaryimage","url":"https:\/\/aeronoticias.com.pe\/noticiero\/wp-content\/uploads\/2019\/07\/Interjet-incrementa.jpg","contentUrl":"https:\/\/aeronoticias.com.pe\/noticiero\/wp-content\/uploads\/2019\/07\/Interjet-incrementa.jpg","width":960,"height":640},{"@type":"BreadcrumbList","@id":"https:\/\/aeronoticias.com.pe\/noticiero\/transporte-aereo\/internacional\/interjet-incrementa-15-su-trafico-de-pasajeros\/#breadcrumb","itemListElement":[{"@type":"ListItem","position":1,"name":"Portada","item":"https:\/\/aeronoticias.com.pe\/noticiero\/"},{"@type":"ListItem","position":2,"name":"Interjet incrementa 15% su tr\u00e1fico de pasajeros"}]},{"@type":"WebSite","@id":"https:\/\/aeronoticias.com.pe\/noticiero\/#website","url":"https:\/\/aeronoticias.com.pe\/noticiero\/","name":"Aeronoticias.com.pe","description":"Noticias de tranporte aereo, turismo, hoteles, gastronomia, actualidad, internacional","potentialAction":[{"@type":"SearchAction","target":{"@type":"EntryPoint","urlTemplate":"https:\/\/aeronoticias.com.pe\/noticiero\/?s={search_term_string}"},"query-input":{"@type":"PropertyValueSpecification","valueRequired":true,"valueName":"search_term_string"}}],"inLanguage":"es"},{"@type":"Person","@id":"https:\/\/aeronoticias.com.pe\/noticiero\/#\/schema\/person\/fc1e5d578f4b62ba1cf7ac2bba1170a0","name":"Redacci\u00f3n Aeronoticias","url":"https:\/\/aeronoticias.com.pe\/noticiero\/author\/piloto\/"}]}},"_links":{"self":[{"href":"https:\/\/aeronoticias.com.pe\/noticiero\/wp-json\/wp\/v2\/posts\/58592","targetHints":{"allow":["GET"]}}],"collection":[{"href":"https:\/\/aeronoticias.com.pe\/noticiero\/wp-json\/wp\/v2\/posts"}],"about":[{"href":"https:\/\/aeronoticias.com.pe\/noticiero\/wp-json\/wp\/v2\/types\/post"}],"author":[{"embeddable":true,"href":"https:\/\/aeronoticias.com.pe\/noticiero\/wp-json\/wp\/v2\/users\/1"}],"replies":[{"embeddable":true,"href":"https:\/\/aeronoticias.com.pe\/noticiero\/wp-json\/wp\/v2\/comments?post=58592"}],"version-history":[{"count":0,"href":"https:\/\/aeronoticias.com.pe\/noticiero\/wp-json\/wp\/v2\/posts\/58592\/revisions"}],"wp:featuredmedia":[{"embeddable":true,"href":"https:\/\/aeronoticias.com.pe\/noticiero\/wp-json\/wp\/v2\/media\/66360"}],"wp:attachment":[{"href":"https:\/\/aeronoticias.com.pe\/noticiero\/wp-json\/wp\/v2\/media?parent=58592"}],"wp:term":[{"taxonomy":"category","embeddable":true,"href":"https:\/\/aeronoticias.com.pe\/noticiero\/wp-json\/wp\/v2\/categories?post=58592"},{"taxonomy":"post_tag","embeddable":true,"href":"https:\/\/aeronoticias.com.pe\/noticiero\/wp-json\/wp\/v2\/tags?post=58592"}],"curies":[{"name":"wp","href":"https:\/\/api.w.org\/{rel}","templated":true}]}}