{"id":58594,"date":"2019-07-10T22:55:38","date_gmt":"2019-07-10T22:55:38","guid":{"rendered":"http:\/\/desarrollo.mcvicious.com\/aero2020\/2019\/07\/10\/el-presidente-ryanair-sobre-el-brexit-solo-dios-sabe-lo-que-pasara\/"},"modified":"2020-11-23T19:14:57","modified_gmt":"2020-11-24T00:14:57","slug":"el-presidente-ryanair-sobre-el-brexit-solo-dios-sabe-lo-que-pasara","status":"publish","type":"post","link":"https:\/\/aeronoticias.com.pe\/noticiero\/transporte-aereo\/internacional\/el-presidente-ryanair-sobre-el-brexit-solo-dios-sabe-lo-que-pasara\/","title":{"rendered":"El presidente Ryanair sobre el \u201cbrexit\u201d: &#8216;Solo Dios sabe lo que pasar\u00e1&#8217;"},"content":{"rendered":"\n<p>El presidente de la aerol\u00ednea irlandesa Ryanair, Michael O\u2019Leary, se\u00f1al\u00f3 este mi\u00e9rcoles que \u201csolo Dios sabe lo que pasar\u00e1\u201d con el \u201cbrexit\u201d y pidi\u00f3 que \u201cprevalezca el sentido com\u00fan\u201d para que la salida del Reino Unido de la Uni\u00f3n Europea (UE) sea lo menos da\u00f1ina posible para los consumidores.<\/p>\n\n\n\n<p class=\"p1\">\u201cCada uno tiene su opini\u00f3n, solo Dios sabe lo que pasar\u00e1\u201d, dijo O\u2019Leary en una conferencia de prensa organizada en Bruselas por la plataforma sectorial Airlines For Europe (A4E).<\/p>\n\n\n\n<p class=\"p1\">El m\u00e1ximo responsable de la mayor aerol\u00ednea de la UE por n\u00famero de pasajeros transportados, no obstante, se mostr\u00f3 moderadamente optimista de cara a una salida con acuerdo, fijada actualmente para el pr\u00f3ximo 31 de octubre.<\/p>\n\n\n\n<p class=\"p1\">\u201cEsperamos que todav\u00eda prevalezca algo de sentido com\u00fan en el Reino Unido\u201d y se alcance \u201calg\u00fan tipo de acuerdo que sea lo menos perturbador posible para los consumidores tanto en el Reino Unido como en la Uni\u00f3n Europea\u201d, declar\u00f3.<\/p>\n\n\n\n<p class=\"p1\">Fuente: <span style=\"text-decoration: underline;\"><em><strong>Aviaci\u00f3n al d\u00eda<\/strong><\/em><\/span>.<\/p>\n","protected":false},"excerpt":{"rendered":"<p>El presidente de la aerol\u00ednea irlandesa Ryanair, Michael O\u2019Leary, se\u00f1al\u00f3 este mi\u00e9rcoles que \u201csolo Dios sabe lo que pasar\u00e1\u201d con el \u201cbrexit\u201d y pidi\u00f3 que \u201cprevalezca el sentido com\u00fan\u201d para que la salida del Reino Unido de la Uni\u00f3n Europea (UE) sea lo menos da\u00f1ina posible para los consumidores. \u201cCada uno tiene su opini\u00f3n, solo [&hellip;]<\/p>\n","protected":false},"author":1,"featured_media":66362,"comment_status":"open","ping_status":"open","sticky":false,"template":"","format":"standard","meta":{"tdm_status":"","tdm_grid_status":"","footnotes":""},"categories":[32,11],"tags":[663,177],"class_list":{"0":"post-58594","1":"post","2":"type-post","3":"status-publish","4":"format-standard","5":"has-post-thumbnail","7":"category-internacional","8":"category-transporte-aereo","9":"tag-brexit","10":"tag-ryanair"},"yoast_head":"<!-- This site is optimized with the Yoast SEO plugin v25.1 - https:\/\/yoast.com\/wordpress\/plugins\/seo\/ -->\n<title>El presidente Ryanair sobre el \u201cbrexit\u201d: &#039;Solo Dios sabe lo que pasar\u00e1&#039;<\/title>\n<meta name=\"description\" content=\"El presidente de la aerol\u00ednea irlandesa Ryanair, Michael O\u2019Leary, se\u00f1al\u00f3 este mi\u00e9rcoles que \u201csolo Dios sabe lo que pasar\u00e1\u201d con el \u201cbrexit\u201d y pidi\u00f3 que \u201cprevalezca el sentido com\u00fan\u201d para que la salida del Reino Unido de la Uni\u00f3n Europea (UE) sea lo menos da\u00f1ina posible para los consumidores.\" \/>\n<meta name=\"robots\" content=\"index, follow, max-snippet:-1, max-image-preview:large, max-video-preview:-1\" \/>\n<link rel=\"canonical\" href=\"https:\/\/aeronoticias.com.pe\/noticiero\/transporte-aereo\/internacional\/el-presidente-ryanair-sobre-el-brexit-solo-dios-sabe-lo-que-pasara\/\" \/>\n<meta property=\"og:locale\" content=\"es_ES\" \/>\n<meta property=\"og:type\" content=\"article\" \/>\n<meta property=\"og:title\" content=\"El presidente Ryanair sobre el \u201cbrexit\u201d: &#039;Solo Dios sabe lo que pasar\u00e1&#039;\" \/>\n<meta property=\"og:description\" content=\"El presidente de la aerol\u00ednea irlandesa Ryanair, Michael O\u2019Leary, se\u00f1al\u00f3 este mi\u00e9rcoles que \u201csolo Dios sabe lo que pasar\u00e1\u201d con el \u201cbrexit\u201d y pidi\u00f3 que \u201cprevalezca el sentido com\u00fan\u201d para que la salida del Reino Unido de la Uni\u00f3n Europea (UE) sea lo menos da\u00f1ina posible para los consumidores.\" \/>\n<meta property=\"og:url\" content=\"https:\/\/aeronoticias.com.pe\/noticiero\/transporte-aereo\/internacional\/el-presidente-ryanair-sobre-el-brexit-solo-dios-sabe-lo-que-pasara\/\" \/>\n<meta property=\"og:site_name\" content=\"Aeronoticias.com.pe\" \/>\n<meta property=\"article:publisher\" content=\"https:\/\/www.facebook.com\/Aeronoticias.com.pe\/\" \/>\n<meta property=\"article:published_time\" content=\"2019-07-10T22:55:38+00:00\" \/>\n<meta property=\"article:modified_time\" content=\"2020-11-24T00:14:57+00:00\" \/>\n<meta property=\"og:image\" content=\"https:\/\/aeronoticias.com.pe\/noticiero\/wp-content\/uploads\/2019\/07\/RYANAIROK.jpg\" \/>\n\t<meta property=\"og:image:width\" content=\"800\" \/>\n\t<meta property=\"og:image:height\" content=\"532\" \/>\n\t<meta property=\"og:image:type\" content=\"image\/jpeg\" \/>\n<meta name=\"author\" content=\"Redacci\u00f3n Aeronoticias\" \/>\n<meta name=\"twitter:card\" content=\"summary_large_image\" \/>\n<meta name=\"twitter:creator\" content=\"@aeronoticias\" \/>\n<meta name=\"twitter:site\" content=\"@aeronoticias\" \/>\n<meta name=\"twitter:label1\" content=\"Escrito por\" \/>\n\t<meta name=\"twitter:data1\" content=\"Redacci\u00f3n Aeronoticias\" \/>\n\t<meta name=\"twitter:label2\" content=\"Tiempo de lectura\" \/>\n\t<meta name=\"twitter:data2\" content=\"1 minuto\" \/>\n<script type=\"application\/ld+json\" class=\"yoast-schema-graph\">{\"@context\":\"https:\/\/schema.org\",\"@graph\":[{\"@type\":\"WebPage\",\"@id\":\"https:\/\/aeronoticias.com.pe\/noticiero\/transporte-aereo\/internacional\/el-presidente-ryanair-sobre-el-brexit-solo-dios-sabe-lo-que-pasara\/\",\"url\":\"https:\/\/aeronoticias.com.pe\/noticiero\/transporte-aereo\/internacional\/el-presidente-ryanair-sobre-el-brexit-solo-dios-sabe-lo-que-pasara\/\",\"name\":\"El presidente Ryanair sobre el \u201cbrexit\u201d: 'Solo Dios sabe lo que pasar\u00e1'\",\"isPartOf\":{\"@id\":\"https:\/\/aeronoticias.com.pe\/noticiero\/#website\"},\"primaryImageOfPage\":{\"@id\":\"https:\/\/aeronoticias.com.pe\/noticiero\/transporte-aereo\/internacional\/el-presidente-ryanair-sobre-el-brexit-solo-dios-sabe-lo-que-pasara\/#primaryimage\"},\"image\":{\"@id\":\"https:\/\/aeronoticias.com.pe\/noticiero\/transporte-aereo\/internacional\/el-presidente-ryanair-sobre-el-brexit-solo-dios-sabe-lo-que-pasara\/#primaryimage\"},\"thumbnailUrl\":\"https:\/\/aeronoticias.com.pe\/noticiero\/wp-content\/uploads\/2019\/07\/RYANAIROK.jpg\",\"datePublished\":\"2019-07-10T22:55:38+00:00\",\"dateModified\":\"2020-11-24T00:14:57+00:00\",\"author\":{\"@id\":\"https:\/\/aeronoticias.com.pe\/noticiero\/#\/schema\/person\/fc1e5d578f4b62ba1cf7ac2bba1170a0\"},\"description\":\"El presidente de la aerol\u00ednea irlandesa Ryanair, Michael O\u2019Leary, se\u00f1al\u00f3 este mi\u00e9rcoles que \u201csolo Dios sabe lo que pasar\u00e1\u201d con el \u201cbrexit\u201d y pidi\u00f3 que \u201cprevalezca el sentido com\u00fan\u201d para que la salida del Reino Unido de la Uni\u00f3n Europea (UE) sea lo menos da\u00f1ina posible para los consumidores.\",\"breadcrumb\":{\"@id\":\"https:\/\/aeronoticias.com.pe\/noticiero\/transporte-aereo\/internacional\/el-presidente-ryanair-sobre-el-brexit-solo-dios-sabe-lo-que-pasara\/#breadcrumb\"},\"inLanguage\":\"es\",\"potentialAction\":[{\"@type\":\"ReadAction\",\"target\":[\"https:\/\/aeronoticias.com.pe\/noticiero\/transporte-aereo\/internacional\/el-presidente-ryanair-sobre-el-brexit-solo-dios-sabe-lo-que-pasara\/\"]}]},{\"@type\":\"ImageObject\",\"inLanguage\":\"es\",\"@id\":\"https:\/\/aeronoticias.com.pe\/noticiero\/transporte-aereo\/internacional\/el-presidente-ryanair-sobre-el-brexit-solo-dios-sabe-lo-que-pasara\/#primaryimage\",\"url\":\"https:\/\/aeronoticias.com.pe\/noticiero\/wp-content\/uploads\/2019\/07\/RYANAIROK.jpg\",\"contentUrl\":\"https:\/\/aeronoticias.com.pe\/noticiero\/wp-content\/uploads\/2019\/07\/RYANAIROK.jpg\",\"width\":800,\"height\":532},{\"@type\":\"BreadcrumbList\",\"@id\":\"https:\/\/aeronoticias.com.pe\/noticiero\/transporte-aereo\/internacional\/el-presidente-ryanair-sobre-el-brexit-solo-dios-sabe-lo-que-pasara\/#breadcrumb\",\"itemListElement\":[{\"@type\":\"ListItem\",\"position\":1,\"name\":\"Portada\",\"item\":\"https:\/\/aeronoticias.com.pe\/noticiero\/\"},{\"@type\":\"ListItem\",\"position\":2,\"name\":\"El presidente Ryanair sobre el \u201cbrexit\u201d: &#8216;Solo Dios sabe lo que pasar\u00e1&#8217;\"}]},{\"@type\":\"WebSite\",\"@id\":\"https:\/\/aeronoticias.com.pe\/noticiero\/#website\",\"url\":\"https:\/\/aeronoticias.com.pe\/noticiero\/\",\"name\":\"Aeronoticias.com.pe\",\"description\":\"Noticias de tranporte aereo, turismo, hoteles, gastronomia, actualidad, internacional\",\"potentialAction\":[{\"@type\":\"SearchAction\",\"target\":{\"@type\":\"EntryPoint\",\"urlTemplate\":\"https:\/\/aeronoticias.com.pe\/noticiero\/?s={search_term_string}\"},\"query-input\":{\"@type\":\"PropertyValueSpecification\",\"valueRequired\":true,\"valueName\":\"search_term_string\"}}],\"inLanguage\":\"es\"},{\"@type\":\"Person\",\"@id\":\"https:\/\/aeronoticias.com.pe\/noticiero\/#\/schema\/person\/fc1e5d578f4b62ba1cf7ac2bba1170a0\",\"name\":\"Redacci\u00f3n Aeronoticias\",\"url\":\"https:\/\/aeronoticias.com.pe\/noticiero\/author\/piloto\/\"}]}<\/script>\n<!-- \/ Yoast SEO plugin. -->","yoast_head_json":{"title":"El presidente Ryanair sobre el \u201cbrexit\u201d: 'Solo Dios sabe lo que pasar\u00e1'","description":"El presidente de la aerol\u00ednea irlandesa Ryanair, Michael O\u2019Leary, se\u00f1al\u00f3 este mi\u00e9rcoles que \u201csolo Dios sabe lo que pasar\u00e1\u201d con el \u201cbrexit\u201d y pidi\u00f3 que \u201cprevalezca el sentido com\u00fan\u201d para que la salida del Reino Unido de la Uni\u00f3n Europea (UE) sea lo menos da\u00f1ina posible para los consumidores.","robots":{"index":"index","follow":"follow","max-snippet":"max-snippet:-1","max-image-preview":"max-image-preview:large","max-video-preview":"max-video-preview:-1"},"canonical":"https:\/\/aeronoticias.com.pe\/noticiero\/transporte-aereo\/internacional\/el-presidente-ryanair-sobre-el-brexit-solo-dios-sabe-lo-que-pasara\/","og_locale":"es_ES","og_type":"article","og_title":"El presidente Ryanair sobre el \u201cbrexit\u201d: 'Solo Dios sabe lo que pasar\u00e1'","og_description":"El presidente de la aerol\u00ednea irlandesa Ryanair, Michael O\u2019Leary, se\u00f1al\u00f3 este mi\u00e9rcoles que \u201csolo Dios sabe lo que pasar\u00e1\u201d con el \u201cbrexit\u201d y pidi\u00f3 que \u201cprevalezca el sentido com\u00fan\u201d para que la salida del Reino Unido de la Uni\u00f3n Europea (UE) sea lo menos da\u00f1ina posible para los consumidores.","og_url":"https:\/\/aeronoticias.com.pe\/noticiero\/transporte-aereo\/internacional\/el-presidente-ryanair-sobre-el-brexit-solo-dios-sabe-lo-que-pasara\/","og_site_name":"Aeronoticias.com.pe","article_publisher":"https:\/\/www.facebook.com\/Aeronoticias.com.pe\/","article_published_time":"2019-07-10T22:55:38+00:00","article_modified_time":"2020-11-24T00:14:57+00:00","og_image":[{"width":800,"height":532,"url":"https:\/\/aeronoticias.com.pe\/noticiero\/wp-content\/uploads\/2019\/07\/RYANAIROK.jpg","type":"image\/jpeg"}],"author":"Redacci\u00f3n Aeronoticias","twitter_card":"summary_large_image","twitter_creator":"@aeronoticias","twitter_site":"@aeronoticias","twitter_misc":{"Escrito por":"Redacci\u00f3n Aeronoticias","Tiempo de lectura":"1 minuto"},"schema":{"@context":"https:\/\/schema.org","@graph":[{"@type":"WebPage","@id":"https:\/\/aeronoticias.com.pe\/noticiero\/transporte-aereo\/internacional\/el-presidente-ryanair-sobre-el-brexit-solo-dios-sabe-lo-que-pasara\/","url":"https:\/\/aeronoticias.com.pe\/noticiero\/transporte-aereo\/internacional\/el-presidente-ryanair-sobre-el-brexit-solo-dios-sabe-lo-que-pasara\/","name":"El presidente Ryanair sobre el \u201cbrexit\u201d: 'Solo Dios sabe lo que pasar\u00e1'","isPartOf":{"@id":"https:\/\/aeronoticias.com.pe\/noticiero\/#website"},"primaryImageOfPage":{"@id":"https:\/\/aeronoticias.com.pe\/noticiero\/transporte-aereo\/internacional\/el-presidente-ryanair-sobre-el-brexit-solo-dios-sabe-lo-que-pasara\/#primaryimage"},"image":{"@id":"https:\/\/aeronoticias.com.pe\/noticiero\/transporte-aereo\/internacional\/el-presidente-ryanair-sobre-el-brexit-solo-dios-sabe-lo-que-pasara\/#primaryimage"},"thumbnailUrl":"https:\/\/aeronoticias.com.pe\/noticiero\/wp-content\/uploads\/2019\/07\/RYANAIROK.jpg","datePublished":"2019-07-10T22:55:38+00:00","dateModified":"2020-11-24T00:14:57+00:00","author":{"@id":"https:\/\/aeronoticias.com.pe\/noticiero\/#\/schema\/person\/fc1e5d578f4b62ba1cf7ac2bba1170a0"},"description":"El presidente de la aerol\u00ednea irlandesa Ryanair, Michael O\u2019Leary, se\u00f1al\u00f3 este mi\u00e9rcoles que \u201csolo Dios sabe lo que pasar\u00e1\u201d con el \u201cbrexit\u201d y pidi\u00f3 que \u201cprevalezca el sentido com\u00fan\u201d para que la salida del Reino Unido de la Uni\u00f3n Europea (UE) sea lo menos da\u00f1ina posible para los consumidores.","breadcrumb":{"@id":"https:\/\/aeronoticias.com.pe\/noticiero\/transporte-aereo\/internacional\/el-presidente-ryanair-sobre-el-brexit-solo-dios-sabe-lo-que-pasara\/#breadcrumb"},"inLanguage":"es","potentialAction":[{"@type":"ReadAction","target":["https:\/\/aeronoticias.com.pe\/noticiero\/transporte-aereo\/internacional\/el-presidente-ryanair-sobre-el-brexit-solo-dios-sabe-lo-que-pasara\/"]}]},{"@type":"ImageObject","inLanguage":"es","@id":"https:\/\/aeronoticias.com.pe\/noticiero\/transporte-aereo\/internacional\/el-presidente-ryanair-sobre-el-brexit-solo-dios-sabe-lo-que-pasara\/#primaryimage","url":"https:\/\/aeronoticias.com.pe\/noticiero\/wp-content\/uploads\/2019\/07\/RYANAIROK.jpg","contentUrl":"https:\/\/aeronoticias.com.pe\/noticiero\/wp-content\/uploads\/2019\/07\/RYANAIROK.jpg","width":800,"height":532},{"@type":"BreadcrumbList","@id":"https:\/\/aeronoticias.com.pe\/noticiero\/transporte-aereo\/internacional\/el-presidente-ryanair-sobre-el-brexit-solo-dios-sabe-lo-que-pasara\/#breadcrumb","itemListElement":[{"@type":"ListItem","position":1,"name":"Portada","item":"https:\/\/aeronoticias.com.pe\/noticiero\/"},{"@type":"ListItem","position":2,"name":"El presidente Ryanair sobre el \u201cbrexit\u201d: &#8216;Solo Dios sabe lo que pasar\u00e1&#8217;"}]},{"@type":"WebSite","@id":"https:\/\/aeronoticias.com.pe\/noticiero\/#website","url":"https:\/\/aeronoticias.com.pe\/noticiero\/","name":"Aeronoticias.com.pe","description":"Noticias de tranporte aereo, turismo, hoteles, gastronomia, actualidad, internacional","potentialAction":[{"@type":"SearchAction","target":{"@type":"EntryPoint","urlTemplate":"https:\/\/aeronoticias.com.pe\/noticiero\/?s={search_term_string}"},"query-input":{"@type":"PropertyValueSpecification","valueRequired":true,"valueName":"search_term_string"}}],"inLanguage":"es"},{"@type":"Person","@id":"https:\/\/aeronoticias.com.pe\/noticiero\/#\/schema\/person\/fc1e5d578f4b62ba1cf7ac2bba1170a0","name":"Redacci\u00f3n Aeronoticias","url":"https:\/\/aeronoticias.com.pe\/noticiero\/author\/piloto\/"}]}},"_links":{"self":[{"href":"https:\/\/aeronoticias.com.pe\/noticiero\/wp-json\/wp\/v2\/posts\/58594","targetHints":{"allow":["GET"]}}],"collection":[{"href":"https:\/\/aeronoticias.com.pe\/noticiero\/wp-json\/wp\/v2\/posts"}],"about":[{"href":"https:\/\/aeronoticias.com.pe\/noticiero\/wp-json\/wp\/v2\/types\/post"}],"author":[{"embeddable":true,"href":"https:\/\/aeronoticias.com.pe\/noticiero\/wp-json\/wp\/v2\/users\/1"}],"replies":[{"embeddable":true,"href":"https:\/\/aeronoticias.com.pe\/noticiero\/wp-json\/wp\/v2\/comments?post=58594"}],"version-history":[{"count":0,"href":"https:\/\/aeronoticias.com.pe\/noticiero\/wp-json\/wp\/v2\/posts\/58594\/revisions"}],"wp:featuredmedia":[{"embeddable":true,"href":"https:\/\/aeronoticias.com.pe\/noticiero\/wp-json\/wp\/v2\/media\/66362"}],"wp:attachment":[{"href":"https:\/\/aeronoticias.com.pe\/noticiero\/wp-json\/wp\/v2\/media?parent=58594"}],"wp:term":[{"taxonomy":"category","embeddable":true,"href":"https:\/\/aeronoticias.com.pe\/noticiero\/wp-json\/wp\/v2\/categories?post=58594"},{"taxonomy":"post_tag","embeddable":true,"href":"https:\/\/aeronoticias.com.pe\/noticiero\/wp-json\/wp\/v2\/tags?post=58594"}],"curies":[{"name":"wp","href":"https:\/\/api.w.org\/{rel}","templated":true}]}}