{"id":58598,"date":"2019-07-10T23:39:21","date_gmt":"2019-07-10T23:39:21","guid":{"rendered":"http:\/\/desarrollo.mcvicious.com\/aero2020\/2019\/07\/10\/klm-crece-22-en-primer-semestre-del-ano\/"},"modified":"2019-07-10T23:39:21","modified_gmt":"2019-07-10T23:39:21","slug":"klm-crece-22-en-primer-semestre-del-ano","status":"publish","type":"post","link":"https:\/\/aeronoticias.com.pe\/noticiero\/economia\/klm-crece-22-en-primer-semestre-del-ano\/","title":{"rendered":"KLM crece 2.2% en primer semestre del a\u00f1o"},"content":{"rendered":"<p style=\"text-align: justify;\"><strong>(Aeronoticias)<\/strong>.-\u00a0<span style=\"color: #454545; font-family: Helvetica; font-size: 12px;\">La aerol\u00ednea holandesa <\/span><span style=\"color: #454545; font-family: Helvetica; font-size: 12px;\">KLM report\u00f3 16.9 millones de pasajeros transportados<\/span><span style=\"color: #454545; font-family: Helvetica; font-size: 12px;\"> durante los primeros seis meses del a\u00f1o, una <\/span><span style=\"color: #454545; font-family: Helvetica; font-size: 12px;\">variaci\u00f3n positiva de 2.2% <\/span><span style=\"color: #454545; font-family: Helvetica; font-size: 12px;\">en relaci\u00f3n con el mismo periodo del a\u00f1o anterior, adem\u00e1s de <\/span><span style=\"color: #454545; font-family: Helvetica; font-size: 12px;\">alcanzar un 88.9% en su factor de ocupaci\u00f3n<\/span><span style=\"color: #454545; font-family: Helvetica; font-size: 12px;\">.<\/span><\/p>\n<p class=\"p1\" style=\"text-align: justify;\">De acuerdo con su reporte, durante la primera mitad del a\u00f1o,\u00a0la empresa holandesa\u00a0 registr\u00f3 un crecimiento a la par de 0.5% en su demanda\u00a0(medida en pasajeros-kil\u00f3metro disponibles o RPK)\u00a0como en su oferta\u00a0(asientos-kil\u00f3metro disponible o ASK).<\/p>\n<p class=\"p3\" style=\"text-align: justify;\">\u00a0<\/p>\n<p class=\"p1\" style=\"text-align: justify;\">\u201cCon m\u00e1s pasajeros que optan por nuestros servicios europeos,\u00a0el tr\u00e1fico creci\u00f3 2.2% durante los primeros seis meses del a\u00f1o\u201d, resalt\u00f3 Pieter Elbers, presidente de KLM.<\/p>\n<p class=\"p1\" style=\"text-align: justify;\">Sin embargo, Elbers record\u00f3 que\u00a0el Aeropuerto Internacional de Schiphol, en \u00c1msterdam y hub de KLM, est\u00e1 saturado desde hace un a\u00f1o y medio, por lo que la aerol\u00ednea no ha podido crecer en \u00e9l.<\/p>\n<p class=\"p1\" style=\"text-align: justify;\">\u00a0<\/p>\n<p class=\"p1\" style=\"text-align: justify;\">Como parte de su plan de optimizaci\u00f3n,\u00a0KLM anunci\u00f3, junto a Air France, el intercambio de \u00f3rdenes, de tal manera que la aerol\u00ednea holandesa recibir\u00e1 los seis B787 Dreamliner que originalmente eran para los franceses, mientras que estos se quedar\u00e1n con una orden de siete aviones A350-900.<\/p>\n<p class=\"p1\" style=\"text-align: justify;\">\u00a0<\/p>\n<p class=\"p1\" style=\"text-align: justify;\">\u201cDesde una perspectiva de manejo de flota,\u00a0optimizar el n\u00famero de los diferentes tipos de aeronaves que opera KLM es muy importante para nuestra eficiencia y productividad operacional\u201d se\u00f1al\u00f3 al respecto Elbers.<\/p>\n<p class=\"p1\" style=\"text-align: justify;\">\u00a0<\/p>\n<p class=\"p1\" style=\"text-align: justify;\">Finalmente, en junio,\u00a0KLM transport\u00f3 m\u00e1s de 3.1 millones de turistas, un aumento de 4.7%\u00a0en comparaci\u00f3n con el mismo mes de 2018. Adem\u00e1s,\u00a0alcanz\u00f3 un factor de ocupaci\u00f3n del 91.7%.<\/p>\n<p class=\"p1\" style=\"text-align: justify;\">\u00a0<\/p>\n<p class=\"p1\" style=\"text-align: justify;\">Fuente: <span style=\"text-decoration: underline;\"><em><strong>Aviaci\u00f3n al d\u00eda<\/strong><\/em><\/span>.<\/p>\n<p class=\"p1\" style=\"text-align: justify;\">\u00a0<\/p>\n<p class=\"p1\" style=\"text-align: justify;\"><img decoding=\"async\" src=\"images\/stories\/klm.jpg\" border=\"0\" \/><\/p>\n<p>p.p1 {margin: 0.0px 0.0px 0.0px 0.0px; font: 12.0px Helvetica; color: #454545} p.p2 {margin: 0.0px 0.0px 2.0px 0.0px; font: 14.0px Helvetica; color: #e4af09; min-height: 17.0px} p.p3 {margin: 0.0px 0.0px 0.0px 0.0px; font: 12.0px Helvetica; color: #454545; min-height: 14.0px} p.p4 {margin: 0.0px 0.0px 0.0px 0.0px; font: 12.0px Helvetica; color: #e4af09} p.p5 {margin: 0.0px 0.0px 0.0px 0.0px; font: 12.0px &#8216;Zapf Dingbats&#8217;; color: #e4af09} p.p6 {margin: 0.0px 0.0px 0.0px 0.0px; font: 12.0px Helvetica; color: #e4af09; min-height: 14.0px}<\/p>\n","protected":false},"excerpt":{"rendered":"<p>(Aeronoticias).-\u00a0La aerol\u00ednea holandesa KLM report\u00f3 16.9 millones de pasajeros transportados durante los primeros seis meses del a\u00f1o, una variaci\u00f3n positiva de 2.2% en relaci\u00f3n con el mismo periodo del a\u00f1o anterior, adem\u00e1s de alcanzar un 88.9% en su factor de ocupaci\u00f3n. De acuerdo con su reporte, durante la primera mitad del a\u00f1o,\u00a0la empresa holandesa\u00a0 registr\u00f3 [&hellip;]<\/p>\n","protected":false},"author":1,"featured_media":0,"comment_status":"open","ping_status":"open","sticky":false,"template":"","format":"standard","meta":{"tdm_status":"","tdm_grid_status":"","footnotes":""},"categories":[33],"tags":[],"class_list":{"0":"post-58598","1":"post","2":"type-post","3":"status-publish","4":"format-standard","6":"category-economia"},"yoast_head":"<!-- This site is optimized with the Yoast SEO plugin v25.1 - https:\/\/yoast.com\/wordpress\/plugins\/seo\/ -->\n<title>KLM crece 2.2% en primer semestre del a\u00f1o<\/title>\n<meta name=\"description\" content=\"Portal de noticias del Per\u00fa sobre el transporte a\u00e9reo, aviaci\u00f3n, turismo, hoteleria, actualidad.\" \/>\n<meta name=\"robots\" content=\"index, follow, max-snippet:-1, max-image-preview:large, max-video-preview:-1\" \/>\n<link rel=\"canonical\" href=\"https:\/\/aeronoticias.com.pe\/noticiero\/economia\/klm-crece-22-en-primer-semestre-del-ano\/\" \/>\n<meta property=\"og:locale\" content=\"es_ES\" \/>\n<meta property=\"og:type\" content=\"article\" \/>\n<meta property=\"og:title\" content=\"KLM crece 2.2% en primer semestre del a\u00f1o\" \/>\n<meta property=\"og:description\" content=\"Portal de noticias del Per\u00fa sobre el transporte a\u00e9reo, aviaci\u00f3n, turismo, hoteleria, actualidad.\" \/>\n<meta property=\"og:url\" content=\"https:\/\/aeronoticias.com.pe\/noticiero\/economia\/klm-crece-22-en-primer-semestre-del-ano\/\" \/>\n<meta property=\"og:site_name\" content=\"Aeronoticias.com.pe\" \/>\n<meta property=\"article:publisher\" content=\"https:\/\/www.facebook.com\/Aeronoticias.com.pe\/\" \/>\n<meta property=\"article:published_time\" content=\"2019-07-10T23:39:21+00:00\" \/>\n<meta name=\"author\" content=\"Redacci\u00f3n Aeronoticias\" \/>\n<meta name=\"twitter:card\" content=\"summary_large_image\" \/>\n<meta name=\"twitter:creator\" content=\"@aeronoticias\" \/>\n<meta name=\"twitter:site\" content=\"@aeronoticias\" \/>\n<meta name=\"twitter:label1\" content=\"Escrito por\" \/>\n\t<meta name=\"twitter:data1\" content=\"Redacci\u00f3n Aeronoticias\" \/>\n\t<meta name=\"twitter:label2\" content=\"Tiempo de lectura\" \/>\n\t<meta name=\"twitter:data2\" content=\"2 minutos\" \/>\n<script type=\"application\/ld+json\" class=\"yoast-schema-graph\">{\"@context\":\"https:\/\/schema.org\",\"@graph\":[{\"@type\":\"WebPage\",\"@id\":\"https:\/\/aeronoticias.com.pe\/noticiero\/economia\/klm-crece-22-en-primer-semestre-del-ano\/\",\"url\":\"https:\/\/aeronoticias.com.pe\/noticiero\/economia\/klm-crece-22-en-primer-semestre-del-ano\/\",\"name\":\"KLM crece 2.2% en primer semestre del a\u00f1o\",\"isPartOf\":{\"@id\":\"https:\/\/aeronoticias.com.pe\/noticiero\/#website\"},\"datePublished\":\"2019-07-10T23:39:21+00:00\",\"author\":{\"@id\":\"https:\/\/aeronoticias.com.pe\/noticiero\/#\/schema\/person\/fc1e5d578f4b62ba1cf7ac2bba1170a0\"},\"description\":\"Portal de noticias del Per\u00fa sobre el transporte a\u00e9reo, aviaci\u00f3n, turismo, hoteleria, actualidad.\",\"breadcrumb\":{\"@id\":\"https:\/\/aeronoticias.com.pe\/noticiero\/economia\/klm-crece-22-en-primer-semestre-del-ano\/#breadcrumb\"},\"inLanguage\":\"es\",\"potentialAction\":[{\"@type\":\"ReadAction\",\"target\":[\"https:\/\/aeronoticias.com.pe\/noticiero\/economia\/klm-crece-22-en-primer-semestre-del-ano\/\"]}]},{\"@type\":\"BreadcrumbList\",\"@id\":\"https:\/\/aeronoticias.com.pe\/noticiero\/economia\/klm-crece-22-en-primer-semestre-del-ano\/#breadcrumb\",\"itemListElement\":[{\"@type\":\"ListItem\",\"position\":1,\"name\":\"Portada\",\"item\":\"https:\/\/aeronoticias.com.pe\/noticiero\/\"},{\"@type\":\"ListItem\",\"position\":2,\"name\":\"KLM crece 2.2% en primer semestre del a\u00f1o\"}]},{\"@type\":\"WebSite\",\"@id\":\"https:\/\/aeronoticias.com.pe\/noticiero\/#website\",\"url\":\"https:\/\/aeronoticias.com.pe\/noticiero\/\",\"name\":\"Aeronoticias.com.pe\",\"description\":\"Noticias de tranporte aereo, turismo, hoteles, gastronomia, actualidad, internacional\",\"potentialAction\":[{\"@type\":\"SearchAction\",\"target\":{\"@type\":\"EntryPoint\",\"urlTemplate\":\"https:\/\/aeronoticias.com.pe\/noticiero\/?s={search_term_string}\"},\"query-input\":{\"@type\":\"PropertyValueSpecification\",\"valueRequired\":true,\"valueName\":\"search_term_string\"}}],\"inLanguage\":\"es\"},{\"@type\":\"Person\",\"@id\":\"https:\/\/aeronoticias.com.pe\/noticiero\/#\/schema\/person\/fc1e5d578f4b62ba1cf7ac2bba1170a0\",\"name\":\"Redacci\u00f3n Aeronoticias\",\"url\":\"https:\/\/aeronoticias.com.pe\/noticiero\/author\/piloto\/\"}]}<\/script>\n<!-- \/ Yoast SEO plugin. -->","yoast_head_json":{"title":"KLM crece 2.2% en primer semestre del a\u00f1o","description":"Portal de noticias del Per\u00fa sobre el transporte a\u00e9reo, aviaci\u00f3n, turismo, hoteleria, actualidad.","robots":{"index":"index","follow":"follow","max-snippet":"max-snippet:-1","max-image-preview":"max-image-preview:large","max-video-preview":"max-video-preview:-1"},"canonical":"https:\/\/aeronoticias.com.pe\/noticiero\/economia\/klm-crece-22-en-primer-semestre-del-ano\/","og_locale":"es_ES","og_type":"article","og_title":"KLM crece 2.2% en primer semestre del a\u00f1o","og_description":"Portal de noticias del Per\u00fa sobre el transporte a\u00e9reo, aviaci\u00f3n, turismo, hoteleria, actualidad.","og_url":"https:\/\/aeronoticias.com.pe\/noticiero\/economia\/klm-crece-22-en-primer-semestre-del-ano\/","og_site_name":"Aeronoticias.com.pe","article_publisher":"https:\/\/www.facebook.com\/Aeronoticias.com.pe\/","article_published_time":"2019-07-10T23:39:21+00:00","author":"Redacci\u00f3n Aeronoticias","twitter_card":"summary_large_image","twitter_creator":"@aeronoticias","twitter_site":"@aeronoticias","twitter_misc":{"Escrito por":"Redacci\u00f3n Aeronoticias","Tiempo de lectura":"2 minutos"},"schema":{"@context":"https:\/\/schema.org","@graph":[{"@type":"WebPage","@id":"https:\/\/aeronoticias.com.pe\/noticiero\/economia\/klm-crece-22-en-primer-semestre-del-ano\/","url":"https:\/\/aeronoticias.com.pe\/noticiero\/economia\/klm-crece-22-en-primer-semestre-del-ano\/","name":"KLM crece 2.2% en primer semestre del a\u00f1o","isPartOf":{"@id":"https:\/\/aeronoticias.com.pe\/noticiero\/#website"},"datePublished":"2019-07-10T23:39:21+00:00","author":{"@id":"https:\/\/aeronoticias.com.pe\/noticiero\/#\/schema\/person\/fc1e5d578f4b62ba1cf7ac2bba1170a0"},"description":"Portal de noticias del Per\u00fa sobre el transporte a\u00e9reo, aviaci\u00f3n, turismo, hoteleria, actualidad.","breadcrumb":{"@id":"https:\/\/aeronoticias.com.pe\/noticiero\/economia\/klm-crece-22-en-primer-semestre-del-ano\/#breadcrumb"},"inLanguage":"es","potentialAction":[{"@type":"ReadAction","target":["https:\/\/aeronoticias.com.pe\/noticiero\/economia\/klm-crece-22-en-primer-semestre-del-ano\/"]}]},{"@type":"BreadcrumbList","@id":"https:\/\/aeronoticias.com.pe\/noticiero\/economia\/klm-crece-22-en-primer-semestre-del-ano\/#breadcrumb","itemListElement":[{"@type":"ListItem","position":1,"name":"Portada","item":"https:\/\/aeronoticias.com.pe\/noticiero\/"},{"@type":"ListItem","position":2,"name":"KLM crece 2.2% en primer semestre del a\u00f1o"}]},{"@type":"WebSite","@id":"https:\/\/aeronoticias.com.pe\/noticiero\/#website","url":"https:\/\/aeronoticias.com.pe\/noticiero\/","name":"Aeronoticias.com.pe","description":"Noticias de tranporte aereo, turismo, hoteles, gastronomia, actualidad, internacional","potentialAction":[{"@type":"SearchAction","target":{"@type":"EntryPoint","urlTemplate":"https:\/\/aeronoticias.com.pe\/noticiero\/?s={search_term_string}"},"query-input":{"@type":"PropertyValueSpecification","valueRequired":true,"valueName":"search_term_string"}}],"inLanguage":"es"},{"@type":"Person","@id":"https:\/\/aeronoticias.com.pe\/noticiero\/#\/schema\/person\/fc1e5d578f4b62ba1cf7ac2bba1170a0","name":"Redacci\u00f3n Aeronoticias","url":"https:\/\/aeronoticias.com.pe\/noticiero\/author\/piloto\/"}]}},"_links":{"self":[{"href":"https:\/\/aeronoticias.com.pe\/noticiero\/wp-json\/wp\/v2\/posts\/58598","targetHints":{"allow":["GET"]}}],"collection":[{"href":"https:\/\/aeronoticias.com.pe\/noticiero\/wp-json\/wp\/v2\/posts"}],"about":[{"href":"https:\/\/aeronoticias.com.pe\/noticiero\/wp-json\/wp\/v2\/types\/post"}],"author":[{"embeddable":true,"href":"https:\/\/aeronoticias.com.pe\/noticiero\/wp-json\/wp\/v2\/users\/1"}],"replies":[{"embeddable":true,"href":"https:\/\/aeronoticias.com.pe\/noticiero\/wp-json\/wp\/v2\/comments?post=58598"}],"version-history":[{"count":0,"href":"https:\/\/aeronoticias.com.pe\/noticiero\/wp-json\/wp\/v2\/posts\/58598\/revisions"}],"wp:attachment":[{"href":"https:\/\/aeronoticias.com.pe\/noticiero\/wp-json\/wp\/v2\/media?parent=58598"}],"wp:term":[{"taxonomy":"category","embeddable":true,"href":"https:\/\/aeronoticias.com.pe\/noticiero\/wp-json\/wp\/v2\/categories?post=58598"},{"taxonomy":"post_tag","embeddable":true,"href":"https:\/\/aeronoticias.com.pe\/noticiero\/wp-json\/wp\/v2\/tags?post=58598"}],"curies":[{"name":"wp","href":"https:\/\/api.w.org\/{rel}","templated":true}]}}