{"id":58599,"date":"2019-07-11T13:38:50","date_gmt":"2019-07-11T13:38:50","guid":{"rendered":"http:\/\/desarrollo.mcvicious.com\/aero2020\/2019\/07\/11\/avion-de-delta-aterriza-de-emergencia-tras-falla-en-motor\/"},"modified":"2020-11-23T19:19:20","modified_gmt":"2020-11-24T00:19:20","slug":"avion-de-delta-aterriza-de-emergencia-tras-falla-en-motor","status":"publish","type":"post","link":"https:\/\/aeronoticias.com.pe\/noticiero\/transporte-aereo\/internacional\/avion-de-delta-aterriza-de-emergencia-tras-falla-en-motor\/","title":{"rendered":"Avi\u00f3n de Delta aterriza de emergencia tras falla en motor"},"content":{"rendered":"\n<p>El vuelo DL1425 de Delta Air Lines, que se dirig\u00eda de Atlanta a Baltimore tuvo que aterrizar de emergencia tras una falla del motor izquierdo n\u00famero uno.<\/p>\n\n\n\n<p class=\"p1\">El evento, ocurrido el lunes 8 de julio, fue registrado en redes sociales a trav\u00e9s de un video tomado por un pasajero a bordo.<\/p>\n\n\n\n<p class=\"p1\">Los 148 pasajeros que viajaban a bordo del&nbsp;<strong>MD-88<\/strong>, matr\u00edcula&nbsp;<strong>N906DL <\/strong>y que fuera construido en&nbsp;<strong>1987<\/strong>, resultaron ilesos.La aeronave aterriz\u00f3 de emergencia en el aeropuerto de Raleigh, Carolina del Norte.<\/p>\n\n\n\n<p class=\"p1\">Fuente: <span style=\"text-decoration: underline;\"><em><strong>Aviaci\u00f3n al d\u00eda<\/strong><\/em><\/span>.<\/p>\n","protected":false},"excerpt":{"rendered":"<p>El vuelo DL1425 de Delta Air Lines, que se dirig\u00eda de Atlanta a Baltimore tuvo que aterrizar de emergencia tras una falla del motor izquierdo n\u00famero uno. El evento, ocurrido el lunes 8 de julio, fue registrado en redes sociales a trav\u00e9s de un video tomado por un pasajero a bordo. Los 148 pasajeros que [&hellip;]<\/p>\n","protected":false},"author":1,"featured_media":66367,"comment_status":"open","ping_status":"open","sticky":false,"template":"","format":"standard","meta":{"tdm_status":"","tdm_grid_status":"","footnotes":""},"categories":[32,11],"tags":[246,122],"class_list":{"0":"post-58599","1":"post","2":"type-post","3":"status-publish","4":"format-standard","5":"has-post-thumbnail","7":"category-internacional","8":"category-transporte-aereo","9":"tag-delta","10":"tag-delta-airlines"},"yoast_head":"<!-- This site is optimized with the Yoast SEO plugin v25.1 - https:\/\/yoast.com\/wordpress\/plugins\/seo\/ -->\n<title>Avi\u00f3n de Delta aterriza de emergencia tras falla en motor<\/title>\n<meta name=\"description\" content=\"El vuelo DL1425 de Delta Air Lines, que se dirig\u00eda de Atlanta a Baltimore tuvo que aterrizar de emergencia tras una falla del motor izquierdo n\u00famero uno.\" \/>\n<meta name=\"robots\" content=\"index, follow, max-snippet:-1, max-image-preview:large, max-video-preview:-1\" \/>\n<link rel=\"canonical\" href=\"https:\/\/aeronoticias.com.pe\/noticiero\/transporte-aereo\/internacional\/avion-de-delta-aterriza-de-emergencia-tras-falla-en-motor\/\" \/>\n<meta property=\"og:locale\" content=\"es_ES\" \/>\n<meta property=\"og:type\" content=\"article\" \/>\n<meta property=\"og:title\" content=\"Avi\u00f3n de Delta aterriza de emergencia tras falla en motor\" \/>\n<meta property=\"og:description\" content=\"El vuelo DL1425 de Delta Air Lines, que se dirig\u00eda de Atlanta a Baltimore tuvo que aterrizar de emergencia tras una falla del motor izquierdo n\u00famero uno.\" \/>\n<meta property=\"og:url\" content=\"https:\/\/aeronoticias.com.pe\/noticiero\/transporte-aereo\/internacional\/avion-de-delta-aterriza-de-emergencia-tras-falla-en-motor\/\" \/>\n<meta property=\"og:site_name\" content=\"Aeronoticias.com.pe\" \/>\n<meta property=\"article:publisher\" content=\"https:\/\/www.facebook.com\/Aeronoticias.com.pe\/\" \/>\n<meta property=\"article:published_time\" content=\"2019-07-11T13:38:50+00:00\" \/>\n<meta property=\"article:modified_time\" content=\"2020-11-24T00:19:20+00:00\" \/>\n<meta property=\"og:image\" content=\"https:\/\/aeronoticias.com.pe\/noticiero\/wp-content\/uploads\/2019\/07\/delta-motor.jpg\" \/>\n\t<meta property=\"og:image:width\" content=\"1001\" \/>\n\t<meta property=\"og:image:height\" content=\"517\" \/>\n\t<meta property=\"og:image:type\" content=\"image\/jpeg\" \/>\n<meta name=\"author\" content=\"Redacci\u00f3n Aeronoticias\" \/>\n<meta name=\"twitter:card\" content=\"summary_large_image\" \/>\n<meta name=\"twitter:creator\" content=\"@aeronoticias\" \/>\n<meta name=\"twitter:site\" content=\"@aeronoticias\" \/>\n<meta name=\"twitter:label1\" content=\"Escrito por\" \/>\n\t<meta name=\"twitter:data1\" content=\"Redacci\u00f3n Aeronoticias\" \/>\n<script type=\"application\/ld+json\" class=\"yoast-schema-graph\">{\"@context\":\"https:\/\/schema.org\",\"@graph\":[{\"@type\":\"WebPage\",\"@id\":\"https:\/\/aeronoticias.com.pe\/noticiero\/transporte-aereo\/internacional\/avion-de-delta-aterriza-de-emergencia-tras-falla-en-motor\/\",\"url\":\"https:\/\/aeronoticias.com.pe\/noticiero\/transporte-aereo\/internacional\/avion-de-delta-aterriza-de-emergencia-tras-falla-en-motor\/\",\"name\":\"Avi\u00f3n de Delta aterriza de emergencia tras falla en motor\",\"isPartOf\":{\"@id\":\"https:\/\/aeronoticias.com.pe\/noticiero\/#website\"},\"primaryImageOfPage\":{\"@id\":\"https:\/\/aeronoticias.com.pe\/noticiero\/transporte-aereo\/internacional\/avion-de-delta-aterriza-de-emergencia-tras-falla-en-motor\/#primaryimage\"},\"image\":{\"@id\":\"https:\/\/aeronoticias.com.pe\/noticiero\/transporte-aereo\/internacional\/avion-de-delta-aterriza-de-emergencia-tras-falla-en-motor\/#primaryimage\"},\"thumbnailUrl\":\"https:\/\/aeronoticias.com.pe\/noticiero\/wp-content\/uploads\/2019\/07\/delta-motor.jpg\",\"datePublished\":\"2019-07-11T13:38:50+00:00\",\"dateModified\":\"2020-11-24T00:19:20+00:00\",\"author\":{\"@id\":\"https:\/\/aeronoticias.com.pe\/noticiero\/#\/schema\/person\/fc1e5d578f4b62ba1cf7ac2bba1170a0\"},\"description\":\"El vuelo DL1425 de Delta Air Lines, que se dirig\u00eda de Atlanta a Baltimore tuvo que aterrizar de emergencia tras una falla del motor izquierdo n\u00famero uno.\",\"breadcrumb\":{\"@id\":\"https:\/\/aeronoticias.com.pe\/noticiero\/transporte-aereo\/internacional\/avion-de-delta-aterriza-de-emergencia-tras-falla-en-motor\/#breadcrumb\"},\"inLanguage\":\"es\",\"potentialAction\":[{\"@type\":\"ReadAction\",\"target\":[\"https:\/\/aeronoticias.com.pe\/noticiero\/transporte-aereo\/internacional\/avion-de-delta-aterriza-de-emergencia-tras-falla-en-motor\/\"]}]},{\"@type\":\"ImageObject\",\"inLanguage\":\"es\",\"@id\":\"https:\/\/aeronoticias.com.pe\/noticiero\/transporte-aereo\/internacional\/avion-de-delta-aterriza-de-emergencia-tras-falla-en-motor\/#primaryimage\",\"url\":\"https:\/\/aeronoticias.com.pe\/noticiero\/wp-content\/uploads\/2019\/07\/delta-motor.jpg\",\"contentUrl\":\"https:\/\/aeronoticias.com.pe\/noticiero\/wp-content\/uploads\/2019\/07\/delta-motor.jpg\",\"width\":1001,\"height\":517},{\"@type\":\"BreadcrumbList\",\"@id\":\"https:\/\/aeronoticias.com.pe\/noticiero\/transporte-aereo\/internacional\/avion-de-delta-aterriza-de-emergencia-tras-falla-en-motor\/#breadcrumb\",\"itemListElement\":[{\"@type\":\"ListItem\",\"position\":1,\"name\":\"Portada\",\"item\":\"https:\/\/aeronoticias.com.pe\/noticiero\/\"},{\"@type\":\"ListItem\",\"position\":2,\"name\":\"Avi\u00f3n de Delta aterriza de emergencia tras falla en motor\"}]},{\"@type\":\"WebSite\",\"@id\":\"https:\/\/aeronoticias.com.pe\/noticiero\/#website\",\"url\":\"https:\/\/aeronoticias.com.pe\/noticiero\/\",\"name\":\"Aeronoticias.com.pe\",\"description\":\"Noticias de tranporte aereo, turismo, hoteles, gastronomia, actualidad, internacional\",\"potentialAction\":[{\"@type\":\"SearchAction\",\"target\":{\"@type\":\"EntryPoint\",\"urlTemplate\":\"https:\/\/aeronoticias.com.pe\/noticiero\/?s={search_term_string}\"},\"query-input\":{\"@type\":\"PropertyValueSpecification\",\"valueRequired\":true,\"valueName\":\"search_term_string\"}}],\"inLanguage\":\"es\"},{\"@type\":\"Person\",\"@id\":\"https:\/\/aeronoticias.com.pe\/noticiero\/#\/schema\/person\/fc1e5d578f4b62ba1cf7ac2bba1170a0\",\"name\":\"Redacci\u00f3n Aeronoticias\",\"url\":\"https:\/\/aeronoticias.com.pe\/noticiero\/author\/piloto\/\"}]}<\/script>\n<!-- \/ Yoast SEO plugin. -->","yoast_head_json":{"title":"Avi\u00f3n de Delta aterriza de emergencia tras falla en motor","description":"El vuelo DL1425 de Delta Air Lines, que se dirig\u00eda de Atlanta a Baltimore tuvo que aterrizar de emergencia tras una falla del motor izquierdo n\u00famero uno.","robots":{"index":"index","follow":"follow","max-snippet":"max-snippet:-1","max-image-preview":"max-image-preview:large","max-video-preview":"max-video-preview:-1"},"canonical":"https:\/\/aeronoticias.com.pe\/noticiero\/transporte-aereo\/internacional\/avion-de-delta-aterriza-de-emergencia-tras-falla-en-motor\/","og_locale":"es_ES","og_type":"article","og_title":"Avi\u00f3n de Delta aterriza de emergencia tras falla en motor","og_description":"El vuelo DL1425 de Delta Air Lines, que se dirig\u00eda de Atlanta a Baltimore tuvo que aterrizar de emergencia tras una falla del motor izquierdo n\u00famero uno.","og_url":"https:\/\/aeronoticias.com.pe\/noticiero\/transporte-aereo\/internacional\/avion-de-delta-aterriza-de-emergencia-tras-falla-en-motor\/","og_site_name":"Aeronoticias.com.pe","article_publisher":"https:\/\/www.facebook.com\/Aeronoticias.com.pe\/","article_published_time":"2019-07-11T13:38:50+00:00","article_modified_time":"2020-11-24T00:19:20+00:00","og_image":[{"width":1001,"height":517,"url":"https:\/\/aeronoticias.com.pe\/noticiero\/wp-content\/uploads\/2019\/07\/delta-motor.jpg","type":"image\/jpeg"}],"author":"Redacci\u00f3n Aeronoticias","twitter_card":"summary_large_image","twitter_creator":"@aeronoticias","twitter_site":"@aeronoticias","twitter_misc":{"Escrito por":"Redacci\u00f3n Aeronoticias"},"schema":{"@context":"https:\/\/schema.org","@graph":[{"@type":"WebPage","@id":"https:\/\/aeronoticias.com.pe\/noticiero\/transporte-aereo\/internacional\/avion-de-delta-aterriza-de-emergencia-tras-falla-en-motor\/","url":"https:\/\/aeronoticias.com.pe\/noticiero\/transporte-aereo\/internacional\/avion-de-delta-aterriza-de-emergencia-tras-falla-en-motor\/","name":"Avi\u00f3n de Delta aterriza de emergencia tras falla en motor","isPartOf":{"@id":"https:\/\/aeronoticias.com.pe\/noticiero\/#website"},"primaryImageOfPage":{"@id":"https:\/\/aeronoticias.com.pe\/noticiero\/transporte-aereo\/internacional\/avion-de-delta-aterriza-de-emergencia-tras-falla-en-motor\/#primaryimage"},"image":{"@id":"https:\/\/aeronoticias.com.pe\/noticiero\/transporte-aereo\/internacional\/avion-de-delta-aterriza-de-emergencia-tras-falla-en-motor\/#primaryimage"},"thumbnailUrl":"https:\/\/aeronoticias.com.pe\/noticiero\/wp-content\/uploads\/2019\/07\/delta-motor.jpg","datePublished":"2019-07-11T13:38:50+00:00","dateModified":"2020-11-24T00:19:20+00:00","author":{"@id":"https:\/\/aeronoticias.com.pe\/noticiero\/#\/schema\/person\/fc1e5d578f4b62ba1cf7ac2bba1170a0"},"description":"El vuelo DL1425 de Delta Air Lines, que se dirig\u00eda de Atlanta a Baltimore tuvo que aterrizar de emergencia tras una falla del motor izquierdo n\u00famero uno.","breadcrumb":{"@id":"https:\/\/aeronoticias.com.pe\/noticiero\/transporte-aereo\/internacional\/avion-de-delta-aterriza-de-emergencia-tras-falla-en-motor\/#breadcrumb"},"inLanguage":"es","potentialAction":[{"@type":"ReadAction","target":["https:\/\/aeronoticias.com.pe\/noticiero\/transporte-aereo\/internacional\/avion-de-delta-aterriza-de-emergencia-tras-falla-en-motor\/"]}]},{"@type":"ImageObject","inLanguage":"es","@id":"https:\/\/aeronoticias.com.pe\/noticiero\/transporte-aereo\/internacional\/avion-de-delta-aterriza-de-emergencia-tras-falla-en-motor\/#primaryimage","url":"https:\/\/aeronoticias.com.pe\/noticiero\/wp-content\/uploads\/2019\/07\/delta-motor.jpg","contentUrl":"https:\/\/aeronoticias.com.pe\/noticiero\/wp-content\/uploads\/2019\/07\/delta-motor.jpg","width":1001,"height":517},{"@type":"BreadcrumbList","@id":"https:\/\/aeronoticias.com.pe\/noticiero\/transporte-aereo\/internacional\/avion-de-delta-aterriza-de-emergencia-tras-falla-en-motor\/#breadcrumb","itemListElement":[{"@type":"ListItem","position":1,"name":"Portada","item":"https:\/\/aeronoticias.com.pe\/noticiero\/"},{"@type":"ListItem","position":2,"name":"Avi\u00f3n de Delta aterriza de emergencia tras falla en motor"}]},{"@type":"WebSite","@id":"https:\/\/aeronoticias.com.pe\/noticiero\/#website","url":"https:\/\/aeronoticias.com.pe\/noticiero\/","name":"Aeronoticias.com.pe","description":"Noticias de tranporte aereo, turismo, hoteles, gastronomia, actualidad, internacional","potentialAction":[{"@type":"SearchAction","target":{"@type":"EntryPoint","urlTemplate":"https:\/\/aeronoticias.com.pe\/noticiero\/?s={search_term_string}"},"query-input":{"@type":"PropertyValueSpecification","valueRequired":true,"valueName":"search_term_string"}}],"inLanguage":"es"},{"@type":"Person","@id":"https:\/\/aeronoticias.com.pe\/noticiero\/#\/schema\/person\/fc1e5d578f4b62ba1cf7ac2bba1170a0","name":"Redacci\u00f3n Aeronoticias","url":"https:\/\/aeronoticias.com.pe\/noticiero\/author\/piloto\/"}]}},"_links":{"self":[{"href":"https:\/\/aeronoticias.com.pe\/noticiero\/wp-json\/wp\/v2\/posts\/58599","targetHints":{"allow":["GET"]}}],"collection":[{"href":"https:\/\/aeronoticias.com.pe\/noticiero\/wp-json\/wp\/v2\/posts"}],"about":[{"href":"https:\/\/aeronoticias.com.pe\/noticiero\/wp-json\/wp\/v2\/types\/post"}],"author":[{"embeddable":true,"href":"https:\/\/aeronoticias.com.pe\/noticiero\/wp-json\/wp\/v2\/users\/1"}],"replies":[{"embeddable":true,"href":"https:\/\/aeronoticias.com.pe\/noticiero\/wp-json\/wp\/v2\/comments?post=58599"}],"version-history":[{"count":0,"href":"https:\/\/aeronoticias.com.pe\/noticiero\/wp-json\/wp\/v2\/posts\/58599\/revisions"}],"wp:featuredmedia":[{"embeddable":true,"href":"https:\/\/aeronoticias.com.pe\/noticiero\/wp-json\/wp\/v2\/media\/66367"}],"wp:attachment":[{"href":"https:\/\/aeronoticias.com.pe\/noticiero\/wp-json\/wp\/v2\/media?parent=58599"}],"wp:term":[{"taxonomy":"category","embeddable":true,"href":"https:\/\/aeronoticias.com.pe\/noticiero\/wp-json\/wp\/v2\/categories?post=58599"},{"taxonomy":"post_tag","embeddable":true,"href":"https:\/\/aeronoticias.com.pe\/noticiero\/wp-json\/wp\/v2\/tags?post=58599"}],"curies":[{"name":"wp","href":"https:\/\/api.w.org\/{rel}","templated":true}]}}