{"id":58694,"date":"2019-08-09T23:45:02","date_gmt":"2019-08-09T23:45:02","guid":{"rendered":"http:\/\/desarrollo.mcvicious.com\/aero2020\/2019\/08\/09\/por-que-salir-del-avion-es-tan-caotico\/"},"modified":"2020-11-19T17:05:25","modified_gmt":"2020-11-19T22:05:25","slug":"por-que-salir-del-avion-es-tan-caotico","status":"publish","type":"post","link":"https:\/\/aeronoticias.com.pe\/noticiero\/transporte-aereo\/internacional\/por-que-salir-del-avion-es-tan-caotico\/","title":{"rendered":"Por qu\u00e9 salir del avi\u00f3n es tan ca\u00f3tico?"},"content":{"rendered":"\n<p class=\"p1\">All\u00ed se ve c\u00f3mo los pasajeros se van levantando fila por fila. Esperan pacientemente a que les llegue su turno, y salen tranquilamente hacia la puerta delantera.<\/p>\n\n\n\n<p class=\"p1\">Pero hay un truco. Por un lado, todos ellos son trabajadores de la industria petrolera que suelen viajar juntos. Basta con que alg\u00fan jefe haya dado la orden de c\u00f3mo desembarcar y asunto solucionado.<\/p>\n\n\n\n<p class=\"p1\">Otro detalle: apenas llevan equipaje de mano. Y este es el principal motivo de las demoras para salir del avi\u00f3n, sobre todo si la maleta es pesada y el pasajero necesita ayuda, o si es que est\u00e1 fuera de su alcance.<\/p>\n\n\n\n<p class=\"p1\"><strong>La organizaci\u00f3n del embarque<\/strong><\/p>\n\n\n\n<p class=\"p1\">El proceso de embarque es f\u00e1cil organizarlo: los asistentes de la aerol\u00ednea lo ordenan por clases, y dando prioridad a personas con problemas de movilidad y a las familias con ni\u00f1os.<\/p>\n\n\n\n<p class=\"p1\">Luego, se distribuyen por el orden de filas, y si en el avi\u00f3n hay alg\u00fan atasco, siempre hay alg\u00fan tripulante de cabina dispuesto a ayudar.<\/p>\n\n\n\n<p class=\"p1\">Pero al aterrizar el avi\u00f3n, los tripulantes de cabina prefieren no entrometerse, a menos de que haya pasajeros con necesidades especiales o que tengan prisa por tomar un avi\u00f3n en conexi\u00f3n.<\/p>\n\n\n\n<p class=\"p1\"><strong>Soluciones desde las universidades<\/strong><\/p>\n\n\n\n<p class=\"p1\">Varios estudios acad\u00e9micos proponen diferentes soluciones para agilizar la salida de los pasajeros.<\/p>\n\n\n\n<p class=\"p1\">Un an\u00e1lisis elaborado por investigadores de la Universidad del Noroeste, de EEUU, concluy\u00f3 que si se gestiona un proceso organizado del desembarco se podr\u00eda ahorrar un 40% del tiempo.<\/p>\n\n\n\n<p class=\"p1\">Andrew Wald, Mark Harmon y Diego Klabjan sugieren que m\u00e1s que ir saliendo fila por fila, los pasajeros se levanten por hileras: primero la del pasillo, luego la central y por \u00faltimo los que viajan junto a la ventanilla.<\/p>\n\n\n\n<p class=\"p1\">Pero hay un escollo: esto implica que las personas que viajan juntas tienen que separarse.<\/p>\n\n\n\n<p class=\"p1\">No ser\u00eda un problema para parejas, amigos o familiares adultos (todos se pueden reunir en la sala del aeropuerto), pero s\u00ed para los que vuelan con ni\u00f1os, o si deben ayudar a alguna persona que tiene problemas para movilizarse.<\/p>\n\n\n\n<p class=\"p1\">Otra investigaci\u00f3n, desarrollada por acad\u00e9micos de la Universidad del Centro de Florida, la Universidad de Jiaotong en Pek\u00edn y la Universidad de Hefei (tambi\u00e9n de China) plantea tres posible sistemas de organizaci\u00f3n de la salida.<\/p>\n\n\n\n<p class=\"p1\"><strong>La idea de la pir\u00e1mide<\/strong><\/p>\n\n\n\n<p class=\"p1\">Uno es por filas, como los pasajeros de WestJet. El otro es el citado m\u00e9todo de las hileras. Y el tercero es la estrategia de la pir\u00e1mide. En esta alternativa se usan dos puertas, donde los pasajeros se levantan por orden de acuerdo a su cercan\u00eda a la salida.<\/p>\n\n\n\n<p class=\"p1\">Esto es v\u00e1lido si el avi\u00f3n se encuentra en la plataforma donde los pasajeros son recogidos en un bus lanzadera para llegar a la terminal. Si el desembarco se produce en una sola rampa de acceso, esta propuesta no es viable.<\/p>\n\n\n\n<p class=\"p1\"><strong>El dilema del equipaje<\/strong><\/p>\n\n\n\n<p class=\"p1\">Un estudio de la universidad de Deft, de los Pa\u00edses Bajos, realizado en colaboraci\u00f3n con KLM, confirma de que la propuesta de la pir\u00e1mide es la m\u00e1s r\u00e1pida, tras haberlo comprobado con simulaciones realizadas en prototipos de B737, A319 y A320.<\/p>\n\n\n\n<p class=\"p1\">Pero tambi\u00e9n tiene una falla: la manera m\u00e1s \u00e1gil para hacer esto es que cada pasajero tenga su equipaje preparado. Para el caso, si se trata de levantarse, recoger la maleta y esperar con el peso entre las piernas, el tiempo que se pierde es casi el mismo que si se hace de la manera tradicional.<\/p>\n\n\n\n<p class=\"p1\"><strong>Sin equipaje todo es m\u00e1s f\u00e1cil<\/strong><\/p>\n\n\n\n<p class=\"p1\">Peter Vink, titular del departamento de ingenier\u00eda industrial en Deft, dice que las demoras en recoger el equipaje es la primera causa de las demoras y los pasajeros que se movilizan lentamente (por problemas f\u00edsicos o porque tienen que ayudar a ni\u00f1os) el segundo.<\/p>\n\n\n\n<p class=\"p1\">\u201cEn un avi\u00f3n que est\u00e1 ocupado en un 80%, el tiempo m\u00e1s r\u00e1pido en que se puede desembarcar es en 6:27 minutos, y el m\u00e1s lento es en 13 minutos\u201d, precisa Vink.<\/p>\n\n\n\n<p class=\"p1\">Si los viajeros volaran sin su equipaje de mano, el proceso se agilizar\u00eda en un 80%, a\u00f1ade. Pero a menos que las compa\u00f1\u00edas cobren un extra por la maleta de a bordo \u2013como hacen Ryanair y Wizz Air- y los pasajeros desistan de facturarlo, el problema seguir\u00e1 igual.<\/p>\n\n\n\n<p class=\"p1\">Fuente: <span style=\"text-decoration: underline;\"><em><strong>Cerosdobe<\/strong><\/em><\/span>.<\/p>\n","protected":false},"excerpt":{"rendered":"<p>All\u00ed se ve c\u00f3mo los pasajeros se van levantando fila por fila. Esperan pacientemente a que les llegue su turno, y salen tranquilamente hacia la puerta delantera. Pero hay un truco. Por un lado, todos ellos son trabajadores de la industria petrolera que suelen viajar juntos. Basta con que alg\u00fan jefe haya dado la orden [&hellip;]<\/p>\n","protected":false},"author":1,"featured_media":65999,"comment_status":"open","ping_status":"open","sticky":false,"template":"","format":"standard","meta":{"tdm_status":"","tdm_grid_status":"","footnotes":""},"categories":[32,11],"tags":[920,922],"class_list":{"0":"post-58694","1":"post","2":"type-post","3":"status-publish","4":"format-standard","5":"has-post-thumbnail","7":"category-internacional","8":"category-transporte-aereo","9":"tag-avion-2","10":"tag-desembarque"},"yoast_head":"<!-- This site is optimized with the Yoast SEO plugin v25.1 - https:\/\/yoast.com\/wordpress\/plugins\/seo\/ -->\n<title>Por qu\u00e9 salir del avi\u00f3n es tan ca\u00f3tico?<\/title>\n<meta name=\"description\" content=\"All\u00ed se ve c\u00f3mo los pasajeros se van levantando fila por fila. Esperan pacientemente a que les llegue su turno, y salen tranquilamente hacia la puerta delantera.\" \/>\n<meta name=\"robots\" content=\"index, follow, max-snippet:-1, max-image-preview:large, max-video-preview:-1\" \/>\n<link rel=\"canonical\" href=\"https:\/\/aeronoticias.com.pe\/noticiero\/transporte-aereo\/internacional\/por-que-salir-del-avion-es-tan-caotico\/\" \/>\n<meta property=\"og:locale\" content=\"es_ES\" \/>\n<meta property=\"og:type\" content=\"article\" \/>\n<meta property=\"og:title\" content=\"Por qu\u00e9 salir del avi\u00f3n es tan ca\u00f3tico?\" \/>\n<meta property=\"og:description\" content=\"All\u00ed se ve c\u00f3mo los pasajeros se van levantando fila por fila. Esperan pacientemente a que les llegue su turno, y salen tranquilamente hacia la puerta delantera.\" \/>\n<meta property=\"og:url\" content=\"https:\/\/aeronoticias.com.pe\/noticiero\/transporte-aereo\/internacional\/por-que-salir-del-avion-es-tan-caotico\/\" \/>\n<meta property=\"og:site_name\" content=\"Aeronoticias.com.pe\" \/>\n<meta property=\"article:publisher\" content=\"https:\/\/www.facebook.com\/Aeronoticias.com.pe\/\" \/>\n<meta property=\"article:published_time\" content=\"2019-08-09T23:45:02+00:00\" \/>\n<meta property=\"article:modified_time\" content=\"2020-11-19T22:05:25+00:00\" \/>\n<meta property=\"og:image\" content=\"https:\/\/aeronoticias.com.pe\/noticiero\/wp-content\/uploads\/2019\/08\/desembarque-caotico.jpeg\" \/>\n\t<meta property=\"og:image:width\" content=\"1200\" \/>\n\t<meta property=\"og:image:height\" content=\"675\" \/>\n\t<meta property=\"og:image:type\" content=\"image\/jpeg\" \/>\n<meta name=\"author\" content=\"Redacci\u00f3n Aeronoticias\" \/>\n<meta name=\"twitter:card\" content=\"summary_large_image\" \/>\n<meta name=\"twitter:creator\" content=\"@aeronoticias\" \/>\n<meta name=\"twitter:site\" content=\"@aeronoticias\" \/>\n<meta name=\"twitter:label1\" content=\"Escrito por\" \/>\n\t<meta name=\"twitter:data1\" content=\"Redacci\u00f3n Aeronoticias\" \/>\n\t<meta name=\"twitter:label2\" content=\"Tiempo de lectura\" \/>\n\t<meta name=\"twitter:data2\" content=\"4 minutos\" \/>\n<script type=\"application\/ld+json\" class=\"yoast-schema-graph\">{\"@context\":\"https:\/\/schema.org\",\"@graph\":[{\"@type\":\"WebPage\",\"@id\":\"https:\/\/aeronoticias.com.pe\/noticiero\/transporte-aereo\/internacional\/por-que-salir-del-avion-es-tan-caotico\/\",\"url\":\"https:\/\/aeronoticias.com.pe\/noticiero\/transporte-aereo\/internacional\/por-que-salir-del-avion-es-tan-caotico\/\",\"name\":\"Por qu\u00e9 salir del avi\u00f3n es tan ca\u00f3tico?\",\"isPartOf\":{\"@id\":\"https:\/\/aeronoticias.com.pe\/noticiero\/#website\"},\"primaryImageOfPage\":{\"@id\":\"https:\/\/aeronoticias.com.pe\/noticiero\/transporte-aereo\/internacional\/por-que-salir-del-avion-es-tan-caotico\/#primaryimage\"},\"image\":{\"@id\":\"https:\/\/aeronoticias.com.pe\/noticiero\/transporte-aereo\/internacional\/por-que-salir-del-avion-es-tan-caotico\/#primaryimage\"},\"thumbnailUrl\":\"https:\/\/aeronoticias.com.pe\/noticiero\/wp-content\/uploads\/2019\/08\/desembarque-caotico.jpeg\",\"datePublished\":\"2019-08-09T23:45:02+00:00\",\"dateModified\":\"2020-11-19T22:05:25+00:00\",\"author\":{\"@id\":\"https:\/\/aeronoticias.com.pe\/noticiero\/#\/schema\/person\/fc1e5d578f4b62ba1cf7ac2bba1170a0\"},\"description\":\"All\u00ed se ve c\u00f3mo los pasajeros se van levantando fila por fila. Esperan pacientemente a que les llegue su turno, y salen tranquilamente hacia la puerta delantera.\",\"breadcrumb\":{\"@id\":\"https:\/\/aeronoticias.com.pe\/noticiero\/transporte-aereo\/internacional\/por-que-salir-del-avion-es-tan-caotico\/#breadcrumb\"},\"inLanguage\":\"es\",\"potentialAction\":[{\"@type\":\"ReadAction\",\"target\":[\"https:\/\/aeronoticias.com.pe\/noticiero\/transporte-aereo\/internacional\/por-que-salir-del-avion-es-tan-caotico\/\"]}]},{\"@type\":\"ImageObject\",\"inLanguage\":\"es\",\"@id\":\"https:\/\/aeronoticias.com.pe\/noticiero\/transporte-aereo\/internacional\/por-que-salir-del-avion-es-tan-caotico\/#primaryimage\",\"url\":\"https:\/\/aeronoticias.com.pe\/noticiero\/wp-content\/uploads\/2019\/08\/desembarque-caotico.jpeg\",\"contentUrl\":\"https:\/\/aeronoticias.com.pe\/noticiero\/wp-content\/uploads\/2019\/08\/desembarque-caotico.jpeg\",\"width\":1200,\"height\":675},{\"@type\":\"BreadcrumbList\",\"@id\":\"https:\/\/aeronoticias.com.pe\/noticiero\/transporte-aereo\/internacional\/por-que-salir-del-avion-es-tan-caotico\/#breadcrumb\",\"itemListElement\":[{\"@type\":\"ListItem\",\"position\":1,\"name\":\"Portada\",\"item\":\"https:\/\/aeronoticias.com.pe\/noticiero\/\"},{\"@type\":\"ListItem\",\"position\":2,\"name\":\"Por qu\u00e9 salir del avi\u00f3n es tan ca\u00f3tico?\"}]},{\"@type\":\"WebSite\",\"@id\":\"https:\/\/aeronoticias.com.pe\/noticiero\/#website\",\"url\":\"https:\/\/aeronoticias.com.pe\/noticiero\/\",\"name\":\"Aeronoticias.com.pe\",\"description\":\"Noticias de tranporte aereo, turismo, hoteles, gastronomia, actualidad, internacional\",\"potentialAction\":[{\"@type\":\"SearchAction\",\"target\":{\"@type\":\"EntryPoint\",\"urlTemplate\":\"https:\/\/aeronoticias.com.pe\/noticiero\/?s={search_term_string}\"},\"query-input\":{\"@type\":\"PropertyValueSpecification\",\"valueRequired\":true,\"valueName\":\"search_term_string\"}}],\"inLanguage\":\"es\"},{\"@type\":\"Person\",\"@id\":\"https:\/\/aeronoticias.com.pe\/noticiero\/#\/schema\/person\/fc1e5d578f4b62ba1cf7ac2bba1170a0\",\"name\":\"Redacci\u00f3n Aeronoticias\",\"url\":\"https:\/\/aeronoticias.com.pe\/noticiero\/author\/piloto\/\"}]}<\/script>\n<!-- \/ Yoast SEO plugin. -->","yoast_head_json":{"title":"Por qu\u00e9 salir del avi\u00f3n es tan ca\u00f3tico?","description":"All\u00ed se ve c\u00f3mo los pasajeros se van levantando fila por fila. Esperan pacientemente a que les llegue su turno, y salen tranquilamente hacia la puerta delantera.","robots":{"index":"index","follow":"follow","max-snippet":"max-snippet:-1","max-image-preview":"max-image-preview:large","max-video-preview":"max-video-preview:-1"},"canonical":"https:\/\/aeronoticias.com.pe\/noticiero\/transporte-aereo\/internacional\/por-que-salir-del-avion-es-tan-caotico\/","og_locale":"es_ES","og_type":"article","og_title":"Por qu\u00e9 salir del avi\u00f3n es tan ca\u00f3tico?","og_description":"All\u00ed se ve c\u00f3mo los pasajeros se van levantando fila por fila. Esperan pacientemente a que les llegue su turno, y salen tranquilamente hacia la puerta delantera.","og_url":"https:\/\/aeronoticias.com.pe\/noticiero\/transporte-aereo\/internacional\/por-que-salir-del-avion-es-tan-caotico\/","og_site_name":"Aeronoticias.com.pe","article_publisher":"https:\/\/www.facebook.com\/Aeronoticias.com.pe\/","article_published_time":"2019-08-09T23:45:02+00:00","article_modified_time":"2020-11-19T22:05:25+00:00","og_image":[{"width":1200,"height":675,"url":"https:\/\/aeronoticias.com.pe\/noticiero\/wp-content\/uploads\/2019\/08\/desembarque-caotico.jpeg","type":"image\/jpeg"}],"author":"Redacci\u00f3n Aeronoticias","twitter_card":"summary_large_image","twitter_creator":"@aeronoticias","twitter_site":"@aeronoticias","twitter_misc":{"Escrito por":"Redacci\u00f3n Aeronoticias","Tiempo de lectura":"4 minutos"},"schema":{"@context":"https:\/\/schema.org","@graph":[{"@type":"WebPage","@id":"https:\/\/aeronoticias.com.pe\/noticiero\/transporte-aereo\/internacional\/por-que-salir-del-avion-es-tan-caotico\/","url":"https:\/\/aeronoticias.com.pe\/noticiero\/transporte-aereo\/internacional\/por-que-salir-del-avion-es-tan-caotico\/","name":"Por qu\u00e9 salir del avi\u00f3n es tan ca\u00f3tico?","isPartOf":{"@id":"https:\/\/aeronoticias.com.pe\/noticiero\/#website"},"primaryImageOfPage":{"@id":"https:\/\/aeronoticias.com.pe\/noticiero\/transporte-aereo\/internacional\/por-que-salir-del-avion-es-tan-caotico\/#primaryimage"},"image":{"@id":"https:\/\/aeronoticias.com.pe\/noticiero\/transporte-aereo\/internacional\/por-que-salir-del-avion-es-tan-caotico\/#primaryimage"},"thumbnailUrl":"https:\/\/aeronoticias.com.pe\/noticiero\/wp-content\/uploads\/2019\/08\/desembarque-caotico.jpeg","datePublished":"2019-08-09T23:45:02+00:00","dateModified":"2020-11-19T22:05:25+00:00","author":{"@id":"https:\/\/aeronoticias.com.pe\/noticiero\/#\/schema\/person\/fc1e5d578f4b62ba1cf7ac2bba1170a0"},"description":"All\u00ed se ve c\u00f3mo los pasajeros se van levantando fila por fila. Esperan pacientemente a que les llegue su turno, y salen tranquilamente hacia la puerta delantera.","breadcrumb":{"@id":"https:\/\/aeronoticias.com.pe\/noticiero\/transporte-aereo\/internacional\/por-que-salir-del-avion-es-tan-caotico\/#breadcrumb"},"inLanguage":"es","potentialAction":[{"@type":"ReadAction","target":["https:\/\/aeronoticias.com.pe\/noticiero\/transporte-aereo\/internacional\/por-que-salir-del-avion-es-tan-caotico\/"]}]},{"@type":"ImageObject","inLanguage":"es","@id":"https:\/\/aeronoticias.com.pe\/noticiero\/transporte-aereo\/internacional\/por-que-salir-del-avion-es-tan-caotico\/#primaryimage","url":"https:\/\/aeronoticias.com.pe\/noticiero\/wp-content\/uploads\/2019\/08\/desembarque-caotico.jpeg","contentUrl":"https:\/\/aeronoticias.com.pe\/noticiero\/wp-content\/uploads\/2019\/08\/desembarque-caotico.jpeg","width":1200,"height":675},{"@type":"BreadcrumbList","@id":"https:\/\/aeronoticias.com.pe\/noticiero\/transporte-aereo\/internacional\/por-que-salir-del-avion-es-tan-caotico\/#breadcrumb","itemListElement":[{"@type":"ListItem","position":1,"name":"Portada","item":"https:\/\/aeronoticias.com.pe\/noticiero\/"},{"@type":"ListItem","position":2,"name":"Por qu\u00e9 salir del avi\u00f3n es tan ca\u00f3tico?"}]},{"@type":"WebSite","@id":"https:\/\/aeronoticias.com.pe\/noticiero\/#website","url":"https:\/\/aeronoticias.com.pe\/noticiero\/","name":"Aeronoticias.com.pe","description":"Noticias de tranporte aereo, turismo, hoteles, gastronomia, actualidad, internacional","potentialAction":[{"@type":"SearchAction","target":{"@type":"EntryPoint","urlTemplate":"https:\/\/aeronoticias.com.pe\/noticiero\/?s={search_term_string}"},"query-input":{"@type":"PropertyValueSpecification","valueRequired":true,"valueName":"search_term_string"}}],"inLanguage":"es"},{"@type":"Person","@id":"https:\/\/aeronoticias.com.pe\/noticiero\/#\/schema\/person\/fc1e5d578f4b62ba1cf7ac2bba1170a0","name":"Redacci\u00f3n Aeronoticias","url":"https:\/\/aeronoticias.com.pe\/noticiero\/author\/piloto\/"}]}},"_links":{"self":[{"href":"https:\/\/aeronoticias.com.pe\/noticiero\/wp-json\/wp\/v2\/posts\/58694","targetHints":{"allow":["GET"]}}],"collection":[{"href":"https:\/\/aeronoticias.com.pe\/noticiero\/wp-json\/wp\/v2\/posts"}],"about":[{"href":"https:\/\/aeronoticias.com.pe\/noticiero\/wp-json\/wp\/v2\/types\/post"}],"author":[{"embeddable":true,"href":"https:\/\/aeronoticias.com.pe\/noticiero\/wp-json\/wp\/v2\/users\/1"}],"replies":[{"embeddable":true,"href":"https:\/\/aeronoticias.com.pe\/noticiero\/wp-json\/wp\/v2\/comments?post=58694"}],"version-history":[{"count":0,"href":"https:\/\/aeronoticias.com.pe\/noticiero\/wp-json\/wp\/v2\/posts\/58694\/revisions"}],"wp:featuredmedia":[{"embeddable":true,"href":"https:\/\/aeronoticias.com.pe\/noticiero\/wp-json\/wp\/v2\/media\/65999"}],"wp:attachment":[{"href":"https:\/\/aeronoticias.com.pe\/noticiero\/wp-json\/wp\/v2\/media?parent=58694"}],"wp:term":[{"taxonomy":"category","embeddable":true,"href":"https:\/\/aeronoticias.com.pe\/noticiero\/wp-json\/wp\/v2\/categories?post=58694"},{"taxonomy":"post_tag","embeddable":true,"href":"https:\/\/aeronoticias.com.pe\/noticiero\/wp-json\/wp\/v2\/tags?post=58694"}],"curies":[{"name":"wp","href":"https:\/\/api.w.org\/{rel}","templated":true}]}}