{"id":58695,"date":"2019-08-09T23:52:00","date_gmt":"2019-08-09T23:52:00","guid":{"rendered":"http:\/\/desarrollo.mcvicious.com\/aero2020\/2019\/08\/09\/qantas-anuncio-que-en-2020-su-ruta-santiago-de-chile-sydney-operara-diariamente\/"},"modified":"2019-08-09T23:52:00","modified_gmt":"2019-08-09T23:52:00","slug":"qantas-anuncio-que-en-2020-su-ruta-santiago-de-chile-sydney-operara-diariamente","status":"publish","type":"post","link":"https:\/\/aeronoticias.com.pe\/noticiero\/internacionales\/qantas-anuncio-que-en-2020-su-ruta-santiago-de-chile-sydney-operara-diariamente\/","title":{"rendered":"Qantas anunci\u00f3 que en 2020 su ruta Santiago de Chile \u2013 Sydney operar\u00e1 diariamente"},"content":{"rendered":"<p style=\"text-align: justify;\"><strong>(Aeronoticias)<\/strong>.-\u00a0<span style=\"color: #454545; font-family: Helvetica; font-size: 12px;\">La aerol\u00ednea australiana <\/span><strong style=\"color: #454545; font-family: Helvetica; font-size: 12px;\">Qantas<\/strong><span style=\"color: #454545; font-family: Helvetica; font-size: 12px;\"> anunci\u00f3 que la ruta entre Santiago y Sydney comenzar\u00e1 a ser operada por el Boeing 787-9 Dreamliner y aumentar\u00e1 la frecuencia a un vuelo diario.<\/span><\/p>\n<p class=\"p1\" style=\"text-align: justify;\">A partir de fines de junio de 2020, los pasajeros que viajen desde la capital chilena podr\u00e1n disfrutar de las cabinas Economy, Premium Economy y Business del Dreamliner. El B787-9 es un avi\u00f3n mucho m\u00e1s eficiente y reemplazar\u00e1 al Boeing 747.<\/p>\n<p class=\"p1\" style=\"text-align: justify;\">\u00a0<\/p>\n<p class=\"p1\" style=\"text-align: justify;\">La compa\u00f1\u00eda inform\u00f3 adem\u00e1s que aumentar\u00e1n la frecuencias entre ambas ciudades. Si actualmente cuenta con cuatro vuelos semanales, desde el pr\u00f3ximo a\u00f1o habr\u00e1 un vuelo diario. De esta forma, se ofrecer\u00e1n 20 mil asientos adicionales cada a\u00f1o.<\/p>\n<p class=\"p1\" style=\"text-align: justify;\">\u00a0<\/p>\n<p class=\"p1\" style=\"text-align: justify;\">\u201cLanzamos nuestro servicio directo de Santiago a Sydney en 2012 y la demanda de sudamericanos y australianos nos ha dado confianza para agregar a\u00fan m\u00e1s vuelos en la ruta\u201d, explic\u00f3 Naren Kuman, CEO (i) de Qantas International.<\/p>\n<p class=\"p1\" style=\"text-align: justify;\">\u00a0<\/p>\n<p class=\"p1\" style=\"text-align: justify;\">El ejecutivo destac\u00f3 que \u201clos comentarios de los clientes sobre el entorno de la cabina, desde los asientos hasta las medidas \u2018anti jetlag\u2019, contin\u00faan superando nuestras expectativas. Tambi\u00e9n somos la \u00fanica aerol\u00ednea que ofrece Premium Economy entre Santiago y S\u00eddney, que es muy popular en todos los vuelos\u201d.<\/p>\n<p class=\"p2\" style=\"text-align: justify;\">\u00a0<\/p>\n<p class=\"p1\" style=\"text-align: justify;\">Adem\u00e1s, la aerol\u00ednea destac\u00f3 que desde Sydney los pasajeros pueden realizar conexi\u00f3n sin problemas a otras ciudades donde opera Qantas en Australia, adem\u00e1s de destinos como Hong Kong y Tokio.<\/p>\n<p class=\"p1\" style=\"text-align: justify;\">\u00a0<\/p>\n<p class=\"p1\" style=\"text-align: justify;\">Qantas inform\u00f3 que continuar\u00e1 compartiendo c\u00f3digos en vuelos diarios operados por la aerol\u00ednea asociada LATAM entre Santiago y Sydney. Tambi\u00e9n compartir\u00e1 c\u00f3digos en los vuelos de LATAM entre Santiago y Melbourne que operan tres d\u00edas a la semana.<\/p>\n<p class=\"p1\" style=\"text-align: justify;\">\u00a0<\/p>\n<p class=\"p1\" style=\"text-align: justify;\">Fuente: <span style=\"text-decoration: underline;\"><em><strong>Aviaci\u00f3n al d\u00eda.<\/strong><\/em><\/span><\/p>\n<p class=\"p1\" style=\"text-align: justify;\">\u00a0<\/p>\n<p class=\"p1\" style=\"text-align: justify;\"><span style=\"text-decoration: underline;\"><em><strong><img decoding=\"async\" src=\"images\/stories\/avion04.jpg\" border=\"0\" \/><br \/><\/strong><\/em><\/span><\/p>\n<p> p.p1 {margin: 0.0px 0.0px 0.0px 0.0px; font: 12.0px Helvetica; color: #454545} p.p2 {margin: 0.0px 0.0px 0.0px 0.0px; text-align: center; font: 12.0px Helvetica; color: #454545; min-height: 14.0px} p.p3 {margin: 0.0px 0.0px 0.0px 0.0px; font: 12.0px Helvetica; color: #454545; min-height: 14.0px}<\/p>\n","protected":false},"excerpt":{"rendered":"<p>(Aeronoticias).-\u00a0La aerol\u00ednea australiana Qantas anunci\u00f3 que la ruta entre Santiago y Sydney comenzar\u00e1 a ser operada por el Boeing 787-9 Dreamliner y aumentar\u00e1 la frecuencia a un vuelo diario. A partir de fines de junio de 2020, los pasajeros que viajen desde la capital chilena podr\u00e1n disfrutar de las cabinas Economy, Premium Economy y Business [&hellip;]<\/p>\n","protected":false},"author":1,"featured_media":0,"comment_status":"open","ping_status":"open","sticky":false,"template":"","format":"standard","meta":{"tdm_status":"","tdm_grid_status":"","footnotes":""},"categories":[34],"tags":[],"class_list":{"0":"post-58695","1":"post","2":"type-post","3":"status-publish","4":"format-standard","6":"category-internacionales"},"yoast_head":"<!-- This site is optimized with the Yoast SEO plugin v25.1 - https:\/\/yoast.com\/wordpress\/plugins\/seo\/ -->\n<title>Qantas anunci\u00f3 que en 2020 su ruta Santiago de Chile \u2013 Sydney operar\u00e1 diariamente<\/title>\n<meta name=\"description\" content=\"Portal de noticias del Per\u00fa sobre el transporte a\u00e9reo, aviaci\u00f3n, turismo, hoteleria, actualidad.\" \/>\n<meta name=\"robots\" content=\"index, follow, max-snippet:-1, max-image-preview:large, max-video-preview:-1\" \/>\n<link rel=\"canonical\" href=\"https:\/\/aeronoticias.com.pe\/noticiero\/internacionales\/qantas-anuncio-que-en-2020-su-ruta-santiago-de-chile-sydney-operara-diariamente\/\" \/>\n<meta property=\"og:locale\" content=\"es_ES\" \/>\n<meta property=\"og:type\" content=\"article\" \/>\n<meta property=\"og:title\" content=\"Qantas anunci\u00f3 que en 2020 su ruta Santiago de Chile \u2013 Sydney operar\u00e1 diariamente\" \/>\n<meta property=\"og:description\" content=\"Portal de noticias del Per\u00fa sobre el transporte a\u00e9reo, aviaci\u00f3n, turismo, hoteleria, actualidad.\" \/>\n<meta property=\"og:url\" content=\"https:\/\/aeronoticias.com.pe\/noticiero\/internacionales\/qantas-anuncio-que-en-2020-su-ruta-santiago-de-chile-sydney-operara-diariamente\/\" \/>\n<meta property=\"og:site_name\" content=\"Aeronoticias.com.pe\" \/>\n<meta property=\"article:publisher\" content=\"https:\/\/www.facebook.com\/Aeronoticias.com.pe\/\" \/>\n<meta property=\"article:published_time\" content=\"2019-08-09T23:52:00+00:00\" \/>\n<meta name=\"author\" content=\"Redacci\u00f3n Aeronoticias\" \/>\n<meta name=\"twitter:card\" content=\"summary_large_image\" \/>\n<meta name=\"twitter:creator\" content=\"@aeronoticias\" \/>\n<meta name=\"twitter:site\" content=\"@aeronoticias\" \/>\n<meta name=\"twitter:label1\" content=\"Escrito por\" \/>\n\t<meta name=\"twitter:data1\" content=\"Redacci\u00f3n Aeronoticias\" \/>\n\t<meta name=\"twitter:label2\" content=\"Tiempo de lectura\" \/>\n\t<meta name=\"twitter:data2\" content=\"2 minutos\" \/>\n<script type=\"application\/ld+json\" class=\"yoast-schema-graph\">{\"@context\":\"https:\/\/schema.org\",\"@graph\":[{\"@type\":\"WebPage\",\"@id\":\"https:\/\/aeronoticias.com.pe\/noticiero\/internacionales\/qantas-anuncio-que-en-2020-su-ruta-santiago-de-chile-sydney-operara-diariamente\/\",\"url\":\"https:\/\/aeronoticias.com.pe\/noticiero\/internacionales\/qantas-anuncio-que-en-2020-su-ruta-santiago-de-chile-sydney-operara-diariamente\/\",\"name\":\"Qantas anunci\u00f3 que en 2020 su ruta Santiago de Chile \u2013 Sydney operar\u00e1 diariamente\",\"isPartOf\":{\"@id\":\"https:\/\/aeronoticias.com.pe\/noticiero\/#website\"},\"datePublished\":\"2019-08-09T23:52:00+00:00\",\"author\":{\"@id\":\"https:\/\/aeronoticias.com.pe\/noticiero\/#\/schema\/person\/fc1e5d578f4b62ba1cf7ac2bba1170a0\"},\"description\":\"Portal de noticias del Per\u00fa sobre el transporte a\u00e9reo, aviaci\u00f3n, turismo, hoteleria, actualidad.\",\"breadcrumb\":{\"@id\":\"https:\/\/aeronoticias.com.pe\/noticiero\/internacionales\/qantas-anuncio-que-en-2020-su-ruta-santiago-de-chile-sydney-operara-diariamente\/#breadcrumb\"},\"inLanguage\":\"es\",\"potentialAction\":[{\"@type\":\"ReadAction\",\"target\":[\"https:\/\/aeronoticias.com.pe\/noticiero\/internacionales\/qantas-anuncio-que-en-2020-su-ruta-santiago-de-chile-sydney-operara-diariamente\/\"]}]},{\"@type\":\"BreadcrumbList\",\"@id\":\"https:\/\/aeronoticias.com.pe\/noticiero\/internacionales\/qantas-anuncio-que-en-2020-su-ruta-santiago-de-chile-sydney-operara-diariamente\/#breadcrumb\",\"itemListElement\":[{\"@type\":\"ListItem\",\"position\":1,\"name\":\"Portada\",\"item\":\"https:\/\/aeronoticias.com.pe\/noticiero\/\"},{\"@type\":\"ListItem\",\"position\":2,\"name\":\"Qantas anunci\u00f3 que en 2020 su ruta Santiago de Chile \u2013 Sydney operar\u00e1 diariamente\"}]},{\"@type\":\"WebSite\",\"@id\":\"https:\/\/aeronoticias.com.pe\/noticiero\/#website\",\"url\":\"https:\/\/aeronoticias.com.pe\/noticiero\/\",\"name\":\"Aeronoticias.com.pe\",\"description\":\"Noticias de tranporte aereo, turismo, hoteles, gastronomia, actualidad, internacional\",\"potentialAction\":[{\"@type\":\"SearchAction\",\"target\":{\"@type\":\"EntryPoint\",\"urlTemplate\":\"https:\/\/aeronoticias.com.pe\/noticiero\/?s={search_term_string}\"},\"query-input\":{\"@type\":\"PropertyValueSpecification\",\"valueRequired\":true,\"valueName\":\"search_term_string\"}}],\"inLanguage\":\"es\"},{\"@type\":\"Person\",\"@id\":\"https:\/\/aeronoticias.com.pe\/noticiero\/#\/schema\/person\/fc1e5d578f4b62ba1cf7ac2bba1170a0\",\"name\":\"Redacci\u00f3n Aeronoticias\",\"url\":\"https:\/\/aeronoticias.com.pe\/noticiero\/author\/piloto\/\"}]}<\/script>\n<!-- \/ Yoast SEO plugin. -->","yoast_head_json":{"title":"Qantas anunci\u00f3 que en 2020 su ruta Santiago de Chile \u2013 Sydney operar\u00e1 diariamente","description":"Portal de noticias del Per\u00fa sobre el transporte a\u00e9reo, aviaci\u00f3n, turismo, hoteleria, actualidad.","robots":{"index":"index","follow":"follow","max-snippet":"max-snippet:-1","max-image-preview":"max-image-preview:large","max-video-preview":"max-video-preview:-1"},"canonical":"https:\/\/aeronoticias.com.pe\/noticiero\/internacionales\/qantas-anuncio-que-en-2020-su-ruta-santiago-de-chile-sydney-operara-diariamente\/","og_locale":"es_ES","og_type":"article","og_title":"Qantas anunci\u00f3 que en 2020 su ruta Santiago de Chile \u2013 Sydney operar\u00e1 diariamente","og_description":"Portal de noticias del Per\u00fa sobre el transporte a\u00e9reo, aviaci\u00f3n, turismo, hoteleria, actualidad.","og_url":"https:\/\/aeronoticias.com.pe\/noticiero\/internacionales\/qantas-anuncio-que-en-2020-su-ruta-santiago-de-chile-sydney-operara-diariamente\/","og_site_name":"Aeronoticias.com.pe","article_publisher":"https:\/\/www.facebook.com\/Aeronoticias.com.pe\/","article_published_time":"2019-08-09T23:52:00+00:00","author":"Redacci\u00f3n Aeronoticias","twitter_card":"summary_large_image","twitter_creator":"@aeronoticias","twitter_site":"@aeronoticias","twitter_misc":{"Escrito por":"Redacci\u00f3n Aeronoticias","Tiempo de lectura":"2 minutos"},"schema":{"@context":"https:\/\/schema.org","@graph":[{"@type":"WebPage","@id":"https:\/\/aeronoticias.com.pe\/noticiero\/internacionales\/qantas-anuncio-que-en-2020-su-ruta-santiago-de-chile-sydney-operara-diariamente\/","url":"https:\/\/aeronoticias.com.pe\/noticiero\/internacionales\/qantas-anuncio-que-en-2020-su-ruta-santiago-de-chile-sydney-operara-diariamente\/","name":"Qantas anunci\u00f3 que en 2020 su ruta Santiago de Chile \u2013 Sydney operar\u00e1 diariamente","isPartOf":{"@id":"https:\/\/aeronoticias.com.pe\/noticiero\/#website"},"datePublished":"2019-08-09T23:52:00+00:00","author":{"@id":"https:\/\/aeronoticias.com.pe\/noticiero\/#\/schema\/person\/fc1e5d578f4b62ba1cf7ac2bba1170a0"},"description":"Portal de noticias del Per\u00fa sobre el transporte a\u00e9reo, aviaci\u00f3n, turismo, hoteleria, actualidad.","breadcrumb":{"@id":"https:\/\/aeronoticias.com.pe\/noticiero\/internacionales\/qantas-anuncio-que-en-2020-su-ruta-santiago-de-chile-sydney-operara-diariamente\/#breadcrumb"},"inLanguage":"es","potentialAction":[{"@type":"ReadAction","target":["https:\/\/aeronoticias.com.pe\/noticiero\/internacionales\/qantas-anuncio-que-en-2020-su-ruta-santiago-de-chile-sydney-operara-diariamente\/"]}]},{"@type":"BreadcrumbList","@id":"https:\/\/aeronoticias.com.pe\/noticiero\/internacionales\/qantas-anuncio-que-en-2020-su-ruta-santiago-de-chile-sydney-operara-diariamente\/#breadcrumb","itemListElement":[{"@type":"ListItem","position":1,"name":"Portada","item":"https:\/\/aeronoticias.com.pe\/noticiero\/"},{"@type":"ListItem","position":2,"name":"Qantas anunci\u00f3 que en 2020 su ruta Santiago de Chile \u2013 Sydney operar\u00e1 diariamente"}]},{"@type":"WebSite","@id":"https:\/\/aeronoticias.com.pe\/noticiero\/#website","url":"https:\/\/aeronoticias.com.pe\/noticiero\/","name":"Aeronoticias.com.pe","description":"Noticias de tranporte aereo, turismo, hoteles, gastronomia, actualidad, internacional","potentialAction":[{"@type":"SearchAction","target":{"@type":"EntryPoint","urlTemplate":"https:\/\/aeronoticias.com.pe\/noticiero\/?s={search_term_string}"},"query-input":{"@type":"PropertyValueSpecification","valueRequired":true,"valueName":"search_term_string"}}],"inLanguage":"es"},{"@type":"Person","@id":"https:\/\/aeronoticias.com.pe\/noticiero\/#\/schema\/person\/fc1e5d578f4b62ba1cf7ac2bba1170a0","name":"Redacci\u00f3n Aeronoticias","url":"https:\/\/aeronoticias.com.pe\/noticiero\/author\/piloto\/"}]}},"_links":{"self":[{"href":"https:\/\/aeronoticias.com.pe\/noticiero\/wp-json\/wp\/v2\/posts\/58695","targetHints":{"allow":["GET"]}}],"collection":[{"href":"https:\/\/aeronoticias.com.pe\/noticiero\/wp-json\/wp\/v2\/posts"}],"about":[{"href":"https:\/\/aeronoticias.com.pe\/noticiero\/wp-json\/wp\/v2\/types\/post"}],"author":[{"embeddable":true,"href":"https:\/\/aeronoticias.com.pe\/noticiero\/wp-json\/wp\/v2\/users\/1"}],"replies":[{"embeddable":true,"href":"https:\/\/aeronoticias.com.pe\/noticiero\/wp-json\/wp\/v2\/comments?post=58695"}],"version-history":[{"count":0,"href":"https:\/\/aeronoticias.com.pe\/noticiero\/wp-json\/wp\/v2\/posts\/58695\/revisions"}],"wp:attachment":[{"href":"https:\/\/aeronoticias.com.pe\/noticiero\/wp-json\/wp\/v2\/media?parent=58695"}],"wp:term":[{"taxonomy":"category","embeddable":true,"href":"https:\/\/aeronoticias.com.pe\/noticiero\/wp-json\/wp\/v2\/categories?post=58695"},{"taxonomy":"post_tag","embeddable":true,"href":"https:\/\/aeronoticias.com.pe\/noticiero\/wp-json\/wp\/v2\/tags?post=58695"}],"curies":[{"name":"wp","href":"https:\/\/api.w.org\/{rel}","templated":true}]}}