{"id":58696,"date":"2019-08-10T00:01:28","date_gmt":"2019-08-10T00:01:28","guid":{"rendered":"http:\/\/desarrollo.mcvicious.com\/aero2020\/2019\/08\/10\/amnistia-internacional-previene-a-viajeros-que-van-a-eua\/"},"modified":"2020-11-19T17:01:54","modified_gmt":"2020-11-19T22:01:54","slug":"amnistia-internacional-previene-a-viajeros-que-van-a-eua","status":"publish","type":"post","link":"https:\/\/aeronoticias.com.pe\/noticiero\/transporte-aereo\/internacional\/amnistia-internacional-previene-a-viajeros-que-van-a-eua\/","title":{"rendered":"Amnist\u00eda Internacional previene a viajeros que van a EUA"},"content":{"rendered":"\n<p>El avi\u00f3n aterriz\u00f3, se apagan las se\u00f1ales del cintur\u00f3n de seguridad\u2026y comienza la estampida para salir de la aeronave. El proceso de desembarco del avi\u00f3n es la ant\u00edtesis del embarque, cuando los pasajeros van entrando de manera ordenada. \u00bfAcaso podr\u00eda ser m\u00e1s \u00e1gil?<\/p>\n\n\n\n<p class=\"p1\">As\u00ed el comunicado insta a los viajeros a mantener la cautela en relaci\u00f3n con la falta de protecci\u00f3n adecuada por parte del pa\u00eds norteamericano, por tal motivo no podr\u00edan salvaguardar su integridad; adem\u00e1s<strong> sugiere eludir zonas donde se aglomeran demasiadas personas, incluidos centros comerciales, escuelas y lugares de culto.<\/strong><\/p>\n\n\n\n<p class=\"p1\">De igual forma, el organismo pide extrema precauci\u00f3n en bares, clubes nocturnos o casinos.<\/p>\n\n\n\n<p class=\"p1\"><em>\u201cUna certeza de no recibir un disparo es imposible. Una vez m\u00e1s, es escalofriantemente claro que el gobierno de los Estados Unidos no est\u00e1 dispuesto a garantizar la protecci\u00f3n contra la violencia armada\u201d<\/em>, declar\u00f3&nbsp;<strong>Ernest Coverson<\/strong>, portavoz de Amnist\u00eda.<\/p>\n\n\n\n<p class=\"p1\">La declaraci\u00f3n de Amnist\u00eda viene despu\u00e9s de<strong> advertencias similares de las oficinas de Relaciones Exteriores de Venezuela y Uruguay<\/strong>, as\u00ed como&nbsp;<strong>el c\u00f3nsul japon\u00e9s en Detroit, <\/strong>los cuales aconsejan ejercer precauciones de seguridad.<\/p>\n\n\n\n<p class=\"p1\">En ese sentido, la naci\u00f3n uruguaya inform\u00f3 que la creciente violencia alimentada por el racismo y la discriminaci\u00f3n provoca tales actos violentos, de los cuales las autoridades no pueden evitarlo debido a la legalidad del uso de armas.<\/p>\n\n\n\n<p class=\"p1\">Fuente: <span style=\"text-decoration: underline;\"><em><strong>A21<\/strong><\/em><\/span>.<\/p>\n","protected":false},"excerpt":{"rendered":"<p>El avi\u00f3n aterriz\u00f3, se apagan las se\u00f1ales del cintur\u00f3n de seguridad\u2026y comienza la estampida para salir de la aeronave. El proceso de desembarco del avi\u00f3n es la ant\u00edtesis del embarque, cuando los pasajeros van entrando de manera ordenada. \u00bfAcaso podr\u00eda ser m\u00e1s \u00e1gil? As\u00ed el comunicado insta a los viajeros a mantener la cautela en [&hellip;]<\/p>\n","protected":false},"author":1,"featured_media":65990,"comment_status":"open","ping_status":"open","sticky":false,"template":"","format":"standard","meta":{"tdm_status":"","tdm_grid_status":"","footnotes":""},"categories":[32,11],"tags":[919,103],"class_list":{"0":"post-58696","1":"post","2":"type-post","3":"status-publish","4":"format-standard","5":"has-post-thumbnail","7":"category-internacional","8":"category-transporte-aereo","9":"tag-amnistia-internacional","10":"tag-estados-unidos"},"yoast_head":"<!-- This site is optimized with the Yoast SEO plugin v25.1 - https:\/\/yoast.com\/wordpress\/plugins\/seo\/ -->\n<title>Amnist\u00eda Internacional previene a viajeros que van a EUA<\/title>\n<meta name=\"description\" content=\"El avi\u00f3n aterriz\u00f3, se apagan las se\u00f1ales del cintur\u00f3n de seguridad\u2026y comienza la estampida para salir de la aeronave. El proceso de desembarco del avi\u00f3n es la ant\u00edtesis del embarque, cuando los pasajeros van entrando de manera ordenada. \u00bfAcaso podr\u00eda ser m\u00e1s \u00e1gil?\" \/>\n<meta name=\"robots\" content=\"index, follow, max-snippet:-1, max-image-preview:large, max-video-preview:-1\" \/>\n<link rel=\"canonical\" href=\"https:\/\/aeronoticias.com.pe\/noticiero\/transporte-aereo\/internacional\/amnistia-internacional-previene-a-viajeros-que-van-a-eua\/\" \/>\n<meta property=\"og:locale\" content=\"es_ES\" \/>\n<meta property=\"og:type\" content=\"article\" \/>\n<meta property=\"og:title\" content=\"Amnist\u00eda Internacional previene a viajeros que van a EUA\" \/>\n<meta property=\"og:description\" content=\"El avi\u00f3n aterriz\u00f3, se apagan las se\u00f1ales del cintur\u00f3n de seguridad\u2026y comienza la estampida para salir de la aeronave. El proceso de desembarco del avi\u00f3n es la ant\u00edtesis del embarque, cuando los pasajeros van entrando de manera ordenada. \u00bfAcaso podr\u00eda ser m\u00e1s \u00e1gil?\" \/>\n<meta property=\"og:url\" content=\"https:\/\/aeronoticias.com.pe\/noticiero\/transporte-aereo\/internacional\/amnistia-internacional-previene-a-viajeros-que-van-a-eua\/\" \/>\n<meta property=\"og:site_name\" content=\"Aeronoticias.com.pe\" \/>\n<meta property=\"article:publisher\" content=\"https:\/\/www.facebook.com\/Aeronoticias.com.pe\/\" \/>\n<meta property=\"article:published_time\" content=\"2019-08-10T00:01:28+00:00\" \/>\n<meta property=\"article:modified_time\" content=\"2020-11-19T22:01:54+00:00\" \/>\n<meta property=\"og:image\" content=\"https:\/\/aeronoticias.com.pe\/noticiero\/wp-content\/uploads\/2019\/08\/eua.jpg\" \/>\n\t<meta property=\"og:image:width\" content=\"864\" \/>\n\t<meta property=\"og:image:height\" content=\"486\" \/>\n\t<meta property=\"og:image:type\" content=\"image\/jpeg\" \/>\n<meta name=\"author\" content=\"Redacci\u00f3n Aeronoticias\" \/>\n<meta name=\"twitter:card\" content=\"summary_large_image\" \/>\n<meta name=\"twitter:creator\" content=\"@aeronoticias\" \/>\n<meta name=\"twitter:site\" content=\"@aeronoticias\" \/>\n<meta name=\"twitter:label1\" content=\"Escrito por\" \/>\n\t<meta name=\"twitter:data1\" content=\"Redacci\u00f3n Aeronoticias\" \/>\n\t<meta name=\"twitter:label2\" content=\"Tiempo de lectura\" \/>\n\t<meta name=\"twitter:data2\" content=\"1 minuto\" \/>\n<script type=\"application\/ld+json\" class=\"yoast-schema-graph\">{\"@context\":\"https:\/\/schema.org\",\"@graph\":[{\"@type\":\"WebPage\",\"@id\":\"https:\/\/aeronoticias.com.pe\/noticiero\/transporte-aereo\/internacional\/amnistia-internacional-previene-a-viajeros-que-van-a-eua\/\",\"url\":\"https:\/\/aeronoticias.com.pe\/noticiero\/transporte-aereo\/internacional\/amnistia-internacional-previene-a-viajeros-que-van-a-eua\/\",\"name\":\"Amnist\u00eda Internacional previene a viajeros que van a EUA\",\"isPartOf\":{\"@id\":\"https:\/\/aeronoticias.com.pe\/noticiero\/#website\"},\"primaryImageOfPage\":{\"@id\":\"https:\/\/aeronoticias.com.pe\/noticiero\/transporte-aereo\/internacional\/amnistia-internacional-previene-a-viajeros-que-van-a-eua\/#primaryimage\"},\"image\":{\"@id\":\"https:\/\/aeronoticias.com.pe\/noticiero\/transporte-aereo\/internacional\/amnistia-internacional-previene-a-viajeros-que-van-a-eua\/#primaryimage\"},\"thumbnailUrl\":\"https:\/\/aeronoticias.com.pe\/noticiero\/wp-content\/uploads\/2019\/08\/eua.jpg\",\"datePublished\":\"2019-08-10T00:01:28+00:00\",\"dateModified\":\"2020-11-19T22:01:54+00:00\",\"author\":{\"@id\":\"https:\/\/aeronoticias.com.pe\/noticiero\/#\/schema\/person\/fc1e5d578f4b62ba1cf7ac2bba1170a0\"},\"description\":\"El avi\u00f3n aterriz\u00f3, se apagan las se\u00f1ales del cintur\u00f3n de seguridad\u2026y comienza la estampida para salir de la aeronave. El proceso de desembarco del avi\u00f3n es la ant\u00edtesis del embarque, cuando los pasajeros van entrando de manera ordenada. \u00bfAcaso podr\u00eda ser m\u00e1s \u00e1gil?\",\"breadcrumb\":{\"@id\":\"https:\/\/aeronoticias.com.pe\/noticiero\/transporte-aereo\/internacional\/amnistia-internacional-previene-a-viajeros-que-van-a-eua\/#breadcrumb\"},\"inLanguage\":\"es\",\"potentialAction\":[{\"@type\":\"ReadAction\",\"target\":[\"https:\/\/aeronoticias.com.pe\/noticiero\/transporte-aereo\/internacional\/amnistia-internacional-previene-a-viajeros-que-van-a-eua\/\"]}]},{\"@type\":\"ImageObject\",\"inLanguage\":\"es\",\"@id\":\"https:\/\/aeronoticias.com.pe\/noticiero\/transporte-aereo\/internacional\/amnistia-internacional-previene-a-viajeros-que-van-a-eua\/#primaryimage\",\"url\":\"https:\/\/aeronoticias.com.pe\/noticiero\/wp-content\/uploads\/2019\/08\/eua.jpg\",\"contentUrl\":\"https:\/\/aeronoticias.com.pe\/noticiero\/wp-content\/uploads\/2019\/08\/eua.jpg\",\"width\":864,\"height\":486},{\"@type\":\"BreadcrumbList\",\"@id\":\"https:\/\/aeronoticias.com.pe\/noticiero\/transporte-aereo\/internacional\/amnistia-internacional-previene-a-viajeros-que-van-a-eua\/#breadcrumb\",\"itemListElement\":[{\"@type\":\"ListItem\",\"position\":1,\"name\":\"Portada\",\"item\":\"https:\/\/aeronoticias.com.pe\/noticiero\/\"},{\"@type\":\"ListItem\",\"position\":2,\"name\":\"Amnist\u00eda Internacional previene a viajeros que van a EUA\"}]},{\"@type\":\"WebSite\",\"@id\":\"https:\/\/aeronoticias.com.pe\/noticiero\/#website\",\"url\":\"https:\/\/aeronoticias.com.pe\/noticiero\/\",\"name\":\"Aeronoticias.com.pe\",\"description\":\"Noticias de tranporte aereo, turismo, hoteles, gastronomia, actualidad, internacional\",\"potentialAction\":[{\"@type\":\"SearchAction\",\"target\":{\"@type\":\"EntryPoint\",\"urlTemplate\":\"https:\/\/aeronoticias.com.pe\/noticiero\/?s={search_term_string}\"},\"query-input\":{\"@type\":\"PropertyValueSpecification\",\"valueRequired\":true,\"valueName\":\"search_term_string\"}}],\"inLanguage\":\"es\"},{\"@type\":\"Person\",\"@id\":\"https:\/\/aeronoticias.com.pe\/noticiero\/#\/schema\/person\/fc1e5d578f4b62ba1cf7ac2bba1170a0\",\"name\":\"Redacci\u00f3n Aeronoticias\",\"url\":\"https:\/\/aeronoticias.com.pe\/noticiero\/author\/piloto\/\"}]}<\/script>\n<!-- \/ Yoast SEO plugin. -->","yoast_head_json":{"title":"Amnist\u00eda Internacional previene a viajeros que van a EUA","description":"El avi\u00f3n aterriz\u00f3, se apagan las se\u00f1ales del cintur\u00f3n de seguridad\u2026y comienza la estampida para salir de la aeronave. El proceso de desembarco del avi\u00f3n es la ant\u00edtesis del embarque, cuando los pasajeros van entrando de manera ordenada. \u00bfAcaso podr\u00eda ser m\u00e1s \u00e1gil?","robots":{"index":"index","follow":"follow","max-snippet":"max-snippet:-1","max-image-preview":"max-image-preview:large","max-video-preview":"max-video-preview:-1"},"canonical":"https:\/\/aeronoticias.com.pe\/noticiero\/transporte-aereo\/internacional\/amnistia-internacional-previene-a-viajeros-que-van-a-eua\/","og_locale":"es_ES","og_type":"article","og_title":"Amnist\u00eda Internacional previene a viajeros que van a EUA","og_description":"El avi\u00f3n aterriz\u00f3, se apagan las se\u00f1ales del cintur\u00f3n de seguridad\u2026y comienza la estampida para salir de la aeronave. El proceso de desembarco del avi\u00f3n es la ant\u00edtesis del embarque, cuando los pasajeros van entrando de manera ordenada. \u00bfAcaso podr\u00eda ser m\u00e1s \u00e1gil?","og_url":"https:\/\/aeronoticias.com.pe\/noticiero\/transporte-aereo\/internacional\/amnistia-internacional-previene-a-viajeros-que-van-a-eua\/","og_site_name":"Aeronoticias.com.pe","article_publisher":"https:\/\/www.facebook.com\/Aeronoticias.com.pe\/","article_published_time":"2019-08-10T00:01:28+00:00","article_modified_time":"2020-11-19T22:01:54+00:00","og_image":[{"width":864,"height":486,"url":"https:\/\/aeronoticias.com.pe\/noticiero\/wp-content\/uploads\/2019\/08\/eua.jpg","type":"image\/jpeg"}],"author":"Redacci\u00f3n Aeronoticias","twitter_card":"summary_large_image","twitter_creator":"@aeronoticias","twitter_site":"@aeronoticias","twitter_misc":{"Escrito por":"Redacci\u00f3n Aeronoticias","Tiempo de lectura":"1 minuto"},"schema":{"@context":"https:\/\/schema.org","@graph":[{"@type":"WebPage","@id":"https:\/\/aeronoticias.com.pe\/noticiero\/transporte-aereo\/internacional\/amnistia-internacional-previene-a-viajeros-que-van-a-eua\/","url":"https:\/\/aeronoticias.com.pe\/noticiero\/transporte-aereo\/internacional\/amnistia-internacional-previene-a-viajeros-que-van-a-eua\/","name":"Amnist\u00eda Internacional previene a viajeros que van a EUA","isPartOf":{"@id":"https:\/\/aeronoticias.com.pe\/noticiero\/#website"},"primaryImageOfPage":{"@id":"https:\/\/aeronoticias.com.pe\/noticiero\/transporte-aereo\/internacional\/amnistia-internacional-previene-a-viajeros-que-van-a-eua\/#primaryimage"},"image":{"@id":"https:\/\/aeronoticias.com.pe\/noticiero\/transporte-aereo\/internacional\/amnistia-internacional-previene-a-viajeros-que-van-a-eua\/#primaryimage"},"thumbnailUrl":"https:\/\/aeronoticias.com.pe\/noticiero\/wp-content\/uploads\/2019\/08\/eua.jpg","datePublished":"2019-08-10T00:01:28+00:00","dateModified":"2020-11-19T22:01:54+00:00","author":{"@id":"https:\/\/aeronoticias.com.pe\/noticiero\/#\/schema\/person\/fc1e5d578f4b62ba1cf7ac2bba1170a0"},"description":"El avi\u00f3n aterriz\u00f3, se apagan las se\u00f1ales del cintur\u00f3n de seguridad\u2026y comienza la estampida para salir de la aeronave. El proceso de desembarco del avi\u00f3n es la ant\u00edtesis del embarque, cuando los pasajeros van entrando de manera ordenada. \u00bfAcaso podr\u00eda ser m\u00e1s \u00e1gil?","breadcrumb":{"@id":"https:\/\/aeronoticias.com.pe\/noticiero\/transporte-aereo\/internacional\/amnistia-internacional-previene-a-viajeros-que-van-a-eua\/#breadcrumb"},"inLanguage":"es","potentialAction":[{"@type":"ReadAction","target":["https:\/\/aeronoticias.com.pe\/noticiero\/transporte-aereo\/internacional\/amnistia-internacional-previene-a-viajeros-que-van-a-eua\/"]}]},{"@type":"ImageObject","inLanguage":"es","@id":"https:\/\/aeronoticias.com.pe\/noticiero\/transporte-aereo\/internacional\/amnistia-internacional-previene-a-viajeros-que-van-a-eua\/#primaryimage","url":"https:\/\/aeronoticias.com.pe\/noticiero\/wp-content\/uploads\/2019\/08\/eua.jpg","contentUrl":"https:\/\/aeronoticias.com.pe\/noticiero\/wp-content\/uploads\/2019\/08\/eua.jpg","width":864,"height":486},{"@type":"BreadcrumbList","@id":"https:\/\/aeronoticias.com.pe\/noticiero\/transporte-aereo\/internacional\/amnistia-internacional-previene-a-viajeros-que-van-a-eua\/#breadcrumb","itemListElement":[{"@type":"ListItem","position":1,"name":"Portada","item":"https:\/\/aeronoticias.com.pe\/noticiero\/"},{"@type":"ListItem","position":2,"name":"Amnist\u00eda Internacional previene a viajeros que van a EUA"}]},{"@type":"WebSite","@id":"https:\/\/aeronoticias.com.pe\/noticiero\/#website","url":"https:\/\/aeronoticias.com.pe\/noticiero\/","name":"Aeronoticias.com.pe","description":"Noticias de tranporte aereo, turismo, hoteles, gastronomia, actualidad, internacional","potentialAction":[{"@type":"SearchAction","target":{"@type":"EntryPoint","urlTemplate":"https:\/\/aeronoticias.com.pe\/noticiero\/?s={search_term_string}"},"query-input":{"@type":"PropertyValueSpecification","valueRequired":true,"valueName":"search_term_string"}}],"inLanguage":"es"},{"@type":"Person","@id":"https:\/\/aeronoticias.com.pe\/noticiero\/#\/schema\/person\/fc1e5d578f4b62ba1cf7ac2bba1170a0","name":"Redacci\u00f3n Aeronoticias","url":"https:\/\/aeronoticias.com.pe\/noticiero\/author\/piloto\/"}]}},"_links":{"self":[{"href":"https:\/\/aeronoticias.com.pe\/noticiero\/wp-json\/wp\/v2\/posts\/58696","targetHints":{"allow":["GET"]}}],"collection":[{"href":"https:\/\/aeronoticias.com.pe\/noticiero\/wp-json\/wp\/v2\/posts"}],"about":[{"href":"https:\/\/aeronoticias.com.pe\/noticiero\/wp-json\/wp\/v2\/types\/post"}],"author":[{"embeddable":true,"href":"https:\/\/aeronoticias.com.pe\/noticiero\/wp-json\/wp\/v2\/users\/1"}],"replies":[{"embeddable":true,"href":"https:\/\/aeronoticias.com.pe\/noticiero\/wp-json\/wp\/v2\/comments?post=58696"}],"version-history":[{"count":0,"href":"https:\/\/aeronoticias.com.pe\/noticiero\/wp-json\/wp\/v2\/posts\/58696\/revisions"}],"wp:featuredmedia":[{"embeddable":true,"href":"https:\/\/aeronoticias.com.pe\/noticiero\/wp-json\/wp\/v2\/media\/65990"}],"wp:attachment":[{"href":"https:\/\/aeronoticias.com.pe\/noticiero\/wp-json\/wp\/v2\/media?parent=58696"}],"wp:term":[{"taxonomy":"category","embeddable":true,"href":"https:\/\/aeronoticias.com.pe\/noticiero\/wp-json\/wp\/v2\/categories?post=58696"},{"taxonomy":"post_tag","embeddable":true,"href":"https:\/\/aeronoticias.com.pe\/noticiero\/wp-json\/wp\/v2\/tags?post=58696"}],"curies":[{"name":"wp","href":"https:\/\/api.w.org\/{rel}","templated":true}]}}