{"id":58698,"date":"2019-08-11T17:05:46","date_gmt":"2019-08-11T17:05:46","guid":{"rendered":"http:\/\/desarrollo.mcvicious.com\/aero2020\/2019\/08\/11\/gobernador-de-junin-vladimir-cerron-apelo-sentencia-en-un-caso-en-donde-hubo-un-pago-licito-por-responsabilidad-contractual\/"},"modified":"2019-08-11T17:05:46","modified_gmt":"2019-08-11T17:05:46","slug":"gobernador-de-junin-vladimir-cerron-apelo-sentencia-en-un-caso-en-donde-hubo-un-pago-licito-por-responsabilidad-contractual","status":"publish","type":"post","link":"https:\/\/aeronoticias.com.pe\/noticiero\/politica\/gobernador-de-junin-vladimir-cerron-apelo-sentencia-en-un-caso-en-donde-hubo-un-pago-licito-por-responsabilidad-contractual\/","title":{"rendered":"Gobernador de Jun\u00edn Vladimir Cerr\u00f3n, apel\u00f3 sentencia en un caso en donde hubo un pago l\u00edcito por responsabilidad contractual"},"content":{"rendered":"<p style=\"text-align: justify;\"><strong>(Aeronoticias) <\/strong>Los abogados del Gobernador regional de Jun\u00edn, Vladimir Cerr\u00f3n, presentaron un recurso de apelaci\u00f3n ante el Quinto Juzgado Penal Unipersonal Supraprovincial Especializada en Delitos de Corrupci\u00f3n de Funcionarios a fin de que revoque la prisi\u00f3n efectiva de cuatro a\u00f1os y ocho meses ordenada en su contra, seg\u00fan inform\u00f3 este jueves el gerente general de la administraci\u00f3n subnacional, Wider Herrera Lavado.<\/p>\n<p style=\"text-align: justify;\">El caso es preocupante porque se trata de un contrato realizado por una administraci\u00f3n anterior, en el que el Gobierno Regional de Jun\u00edn habr\u00eda incurrido en responsabilidad contractual al haber asignado unos terrenos para unas obras que se tuvieron que suspender porque se encontraron restos arqueol\u00f3gicos, en consecuencia la contratista sufri\u00f3 da\u00f1os y perjuicios que ten\u00edan que indemnizarse, primero a trav\u00e9s de un proceso arbitral y luego v\u00eda conciliaci\u00f3n que tiene valor de sentencia y es cosa juzgada, lo que ser\u00eda un pago l\u00edcito luego de concesiones rec\u00edprocas y lo que no se entiende es por que un tema de responsabilidad civil se lleva al fuero penal, lo que para algunos entendidos tendr\u00eda intencionalidad pol\u00edtica y afectar\u00eda gravemente las obras de la Regi\u00f3n con esta crisis que busca sacar del camino a un l\u00edder que gan\u00f3 abrumadoramente en las \u00faltimas elecciones<\/p>\n<p style=\"text-align: justify;\">La autoridad regional, mediante el documento presentado, solicit\u00f3 que se revoque la sentencia emitida el 5 de agosto por la jueza Susan Carrera T\u00fapac Yupanqui y, por lo tanto, que se le absuelva del supuesto delito en contra de la administraci\u00f3n p\u00fablica, en la modalidad de negociaci\u00f3n incompatible o aprovechamiento del cargo en agravio del Estado peruano en el caso del saneamiento de La Oroya. Cerr\u00f3n asegura que no existen pruebas en su contra.<\/p>\n<p style=\"text-align: justify;\">La Fiscal\u00eda acus\u00f3 sin pruebas a la gesti\u00f3n del actual Gobernador de entregar S\/800 mil a la empresa La Oroya cuando no le correspond\u00eda. Los funcionarios argumentan que se trat\u00f3 de una conciliaci\u00f3n ejecutada por el procurador del gobierno regional y est\u00e1 de acuerdo a ley, lo cierto es que siendo Presidente Regional Vladimiro Warok, el Gobierno de Jun\u00edn le caus\u00f3 da\u00f1o a una contratista privada al firmarle un contrato y entregarle terrenos que ten\u00edan restos arqueol\u00f3gicos y al paralizarse la obra, la maquinaria qued\u00f3 parada, lo que prueba que hubo da\u00f1o emergente y que tarde o temprano en el Poder Judicial o en un proceso arbitral el Gobierno Regional de Jun\u00edn tendr\u00eda que responder, ya que quien causa un da\u00f1o a otro est\u00e1 obligado a indemnizar.<\/p>\n<p style=\"text-align: justify;\">En el documento presentado por la defensa de Cerr\u00f3n, se detalla que no existe responsabilidad penal en la autoridad regional debido a que la firma del convenio fue realizada en el 2010, sin licitaci\u00f3n previa, generando sumas adicionales que paralizaron la obra.<\/p>\n<p style=\"text-align: justify;\">Asimismo, se\u00f1ala que el cuerpo de gerentes del Gobierno Regional de Jun\u00edn evalu\u00f3 una salida al conflicto, por lo que se encarg\u00f3 al procurador regional llevar un proceso de conciliaci\u00f3n con la empresa; ante ello, el funcionario reconoce S\/850.000 a la empresa.<\/p>\n<p style=\"text-align: justify;\">En el escrito, se precisa que la conciliaci\u00f3n tiene car\u00e1cter de ley y al ser id\u00e9ntica a una sentencia, las autoridades que recibieron la condena solo cumplieron con dar continuidad a la obra en beneficio de poblaci\u00f3n y acatando la normativa actual.<\/p>\n<p style=\"text-align: justify;\">Por \u00faltimo, consideramos que quien causa un da\u00f1o a otro est\u00e1 obligado a indemnizarlo, ni el Fiscal ni la Juez han motivado que se trata de una probada responsabilidad contractual del Gobierno Regional de Jun\u00edn en la gesti\u00f3n de otro Presidente Regional, que origin\u00f3 el reclamo de la contratista el arbitraje y la conciliaci\u00f3n a cargo del Procurador en procedimientos que nunca intervino el Presidente Vladimir Cerr\u00f3n, en consecuencia este precedente es grave porque la justicia convierte un pago l\u00edcito en un delito y le priva a los votantes de tener el Gobernante que eligieron en las \u00faltimas elecciones, tema claro est\u00e1 que tendr\u00e1 que ver la pr\u00f3xima Junta Nacional de Justicia contra fiscales y jueces, que pudieran haber incurrido en responsabilidad civil y que no deber\u00edan ser ratificados.<\/p>\n<p style=\"text-align: justify;\"><img decoding=\"async\" src=\"images\/stories\/19\/08\/110819\/cerron.jpg\" border=\"0\" \/><\/p>\n","protected":false},"excerpt":{"rendered":"<p>(Aeronoticias) Los abogados del Gobernador regional de Jun\u00edn, Vladimir Cerr\u00f3n, presentaron un recurso de apelaci\u00f3n ante el Quinto Juzgado Penal Unipersonal Supraprovincial Especializada en Delitos de Corrupci\u00f3n de Funcionarios a fin de que revoque la prisi\u00f3n efectiva de cuatro a\u00f1os y ocho meses ordenada en su contra, seg\u00fan inform\u00f3 este jueves el gerente general de [&hellip;]<\/p>\n","protected":false},"author":1,"featured_media":0,"comment_status":"open","ping_status":"open","sticky":false,"template":"","format":"standard","meta":{"tdm_status":"","tdm_grid_status":"","footnotes":""},"categories":[36],"tags":[],"class_list":{"0":"post-58698","1":"post","2":"type-post","3":"status-publish","4":"format-standard","6":"category-politica"},"yoast_head":"<!-- This site is optimized with the Yoast SEO plugin v25.1 - https:\/\/yoast.com\/wordpress\/plugins\/seo\/ -->\n<title>Gobernador de Jun\u00edn Vladimir Cerr\u00f3n, apel\u00f3 sentencia en un caso en donde hubo un pago l\u00edcito por responsabilidad contractual<\/title>\n<meta name=\"description\" content=\"Portal de noticias del Per\u00fa sobre el transporte a\u00e9reo, aviaci\u00f3n, turismo, hoteleria, actualidad.\" \/>\n<meta name=\"robots\" content=\"index, follow, max-snippet:-1, max-image-preview:large, max-video-preview:-1\" \/>\n<link rel=\"canonical\" href=\"https:\/\/aeronoticias.com.pe\/noticiero\/politica\/gobernador-de-junin-vladimir-cerron-apelo-sentencia-en-un-caso-en-donde-hubo-un-pago-licito-por-responsabilidad-contractual\/\" \/>\n<meta property=\"og:locale\" content=\"es_ES\" \/>\n<meta property=\"og:type\" content=\"article\" \/>\n<meta property=\"og:title\" content=\"Gobernador de Jun\u00edn Vladimir Cerr\u00f3n, apel\u00f3 sentencia en un caso en donde hubo un pago l\u00edcito por responsabilidad contractual\" \/>\n<meta property=\"og:description\" content=\"Portal de noticias del Per\u00fa sobre el transporte a\u00e9reo, aviaci\u00f3n, turismo, hoteleria, actualidad.\" \/>\n<meta property=\"og:url\" content=\"https:\/\/aeronoticias.com.pe\/noticiero\/politica\/gobernador-de-junin-vladimir-cerron-apelo-sentencia-en-un-caso-en-donde-hubo-un-pago-licito-por-responsabilidad-contractual\/\" \/>\n<meta property=\"og:site_name\" content=\"Aeronoticias.com.pe\" \/>\n<meta property=\"article:publisher\" content=\"https:\/\/www.facebook.com\/Aeronoticias.com.pe\/\" \/>\n<meta property=\"article:published_time\" content=\"2019-08-11T17:05:46+00:00\" \/>\n<meta name=\"author\" content=\"Redacci\u00f3n Aeronoticias\" \/>\n<meta name=\"twitter:card\" content=\"summary_large_image\" \/>\n<meta name=\"twitter:creator\" content=\"@aeronoticias\" \/>\n<meta name=\"twitter:site\" content=\"@aeronoticias\" \/>\n<meta name=\"twitter:label1\" content=\"Escrito por\" \/>\n\t<meta name=\"twitter:data1\" content=\"Redacci\u00f3n Aeronoticias\" \/>\n\t<meta name=\"twitter:label2\" content=\"Tiempo de lectura\" \/>\n\t<meta name=\"twitter:data2\" content=\"4 minutos\" \/>\n<script type=\"application\/ld+json\" class=\"yoast-schema-graph\">{\"@context\":\"https:\/\/schema.org\",\"@graph\":[{\"@type\":\"WebPage\",\"@id\":\"https:\/\/aeronoticias.com.pe\/noticiero\/politica\/gobernador-de-junin-vladimir-cerron-apelo-sentencia-en-un-caso-en-donde-hubo-un-pago-licito-por-responsabilidad-contractual\/\",\"url\":\"https:\/\/aeronoticias.com.pe\/noticiero\/politica\/gobernador-de-junin-vladimir-cerron-apelo-sentencia-en-un-caso-en-donde-hubo-un-pago-licito-por-responsabilidad-contractual\/\",\"name\":\"Gobernador de Jun\u00edn Vladimir Cerr\u00f3n, apel\u00f3 sentencia en un caso en donde hubo un pago l\u00edcito por responsabilidad contractual\",\"isPartOf\":{\"@id\":\"https:\/\/aeronoticias.com.pe\/noticiero\/#website\"},\"datePublished\":\"2019-08-11T17:05:46+00:00\",\"author\":{\"@id\":\"https:\/\/aeronoticias.com.pe\/noticiero\/#\/schema\/person\/fc1e5d578f4b62ba1cf7ac2bba1170a0\"},\"description\":\"Portal de noticias del Per\u00fa sobre el transporte a\u00e9reo, aviaci\u00f3n, turismo, hoteleria, actualidad.\",\"breadcrumb\":{\"@id\":\"https:\/\/aeronoticias.com.pe\/noticiero\/politica\/gobernador-de-junin-vladimir-cerron-apelo-sentencia-en-un-caso-en-donde-hubo-un-pago-licito-por-responsabilidad-contractual\/#breadcrumb\"},\"inLanguage\":\"es\",\"potentialAction\":[{\"@type\":\"ReadAction\",\"target\":[\"https:\/\/aeronoticias.com.pe\/noticiero\/politica\/gobernador-de-junin-vladimir-cerron-apelo-sentencia-en-un-caso-en-donde-hubo-un-pago-licito-por-responsabilidad-contractual\/\"]}]},{\"@type\":\"BreadcrumbList\",\"@id\":\"https:\/\/aeronoticias.com.pe\/noticiero\/politica\/gobernador-de-junin-vladimir-cerron-apelo-sentencia-en-un-caso-en-donde-hubo-un-pago-licito-por-responsabilidad-contractual\/#breadcrumb\",\"itemListElement\":[{\"@type\":\"ListItem\",\"position\":1,\"name\":\"Portada\",\"item\":\"https:\/\/aeronoticias.com.pe\/noticiero\/\"},{\"@type\":\"ListItem\",\"position\":2,\"name\":\"Gobernador de Jun\u00edn Vladimir Cerr\u00f3n, apel\u00f3 sentencia en un caso en donde hubo un pago l\u00edcito por responsabilidad contractual\"}]},{\"@type\":\"WebSite\",\"@id\":\"https:\/\/aeronoticias.com.pe\/noticiero\/#website\",\"url\":\"https:\/\/aeronoticias.com.pe\/noticiero\/\",\"name\":\"Aeronoticias.com.pe\",\"description\":\"Noticias de tranporte aereo, turismo, hoteles, gastronomia, actualidad, internacional\",\"potentialAction\":[{\"@type\":\"SearchAction\",\"target\":{\"@type\":\"EntryPoint\",\"urlTemplate\":\"https:\/\/aeronoticias.com.pe\/noticiero\/?s={search_term_string}\"},\"query-input\":{\"@type\":\"PropertyValueSpecification\",\"valueRequired\":true,\"valueName\":\"search_term_string\"}}],\"inLanguage\":\"es\"},{\"@type\":\"Person\",\"@id\":\"https:\/\/aeronoticias.com.pe\/noticiero\/#\/schema\/person\/fc1e5d578f4b62ba1cf7ac2bba1170a0\",\"name\":\"Redacci\u00f3n Aeronoticias\",\"url\":\"https:\/\/aeronoticias.com.pe\/noticiero\/author\/piloto\/\"}]}<\/script>\n<!-- \/ Yoast SEO plugin. -->","yoast_head_json":{"title":"Gobernador de Jun\u00edn Vladimir Cerr\u00f3n, apel\u00f3 sentencia en un caso en donde hubo un pago l\u00edcito por responsabilidad contractual","description":"Portal de noticias del Per\u00fa sobre el transporte a\u00e9reo, aviaci\u00f3n, turismo, hoteleria, actualidad.","robots":{"index":"index","follow":"follow","max-snippet":"max-snippet:-1","max-image-preview":"max-image-preview:large","max-video-preview":"max-video-preview:-1"},"canonical":"https:\/\/aeronoticias.com.pe\/noticiero\/politica\/gobernador-de-junin-vladimir-cerron-apelo-sentencia-en-un-caso-en-donde-hubo-un-pago-licito-por-responsabilidad-contractual\/","og_locale":"es_ES","og_type":"article","og_title":"Gobernador de Jun\u00edn Vladimir Cerr\u00f3n, apel\u00f3 sentencia en un caso en donde hubo un pago l\u00edcito por responsabilidad contractual","og_description":"Portal de noticias del Per\u00fa sobre el transporte a\u00e9reo, aviaci\u00f3n, turismo, hoteleria, actualidad.","og_url":"https:\/\/aeronoticias.com.pe\/noticiero\/politica\/gobernador-de-junin-vladimir-cerron-apelo-sentencia-en-un-caso-en-donde-hubo-un-pago-licito-por-responsabilidad-contractual\/","og_site_name":"Aeronoticias.com.pe","article_publisher":"https:\/\/www.facebook.com\/Aeronoticias.com.pe\/","article_published_time":"2019-08-11T17:05:46+00:00","author":"Redacci\u00f3n Aeronoticias","twitter_card":"summary_large_image","twitter_creator":"@aeronoticias","twitter_site":"@aeronoticias","twitter_misc":{"Escrito por":"Redacci\u00f3n Aeronoticias","Tiempo de lectura":"4 minutos"},"schema":{"@context":"https:\/\/schema.org","@graph":[{"@type":"WebPage","@id":"https:\/\/aeronoticias.com.pe\/noticiero\/politica\/gobernador-de-junin-vladimir-cerron-apelo-sentencia-en-un-caso-en-donde-hubo-un-pago-licito-por-responsabilidad-contractual\/","url":"https:\/\/aeronoticias.com.pe\/noticiero\/politica\/gobernador-de-junin-vladimir-cerron-apelo-sentencia-en-un-caso-en-donde-hubo-un-pago-licito-por-responsabilidad-contractual\/","name":"Gobernador de Jun\u00edn Vladimir Cerr\u00f3n, apel\u00f3 sentencia en un caso en donde hubo un pago l\u00edcito por responsabilidad contractual","isPartOf":{"@id":"https:\/\/aeronoticias.com.pe\/noticiero\/#website"},"datePublished":"2019-08-11T17:05:46+00:00","author":{"@id":"https:\/\/aeronoticias.com.pe\/noticiero\/#\/schema\/person\/fc1e5d578f4b62ba1cf7ac2bba1170a0"},"description":"Portal de noticias del Per\u00fa sobre el transporte a\u00e9reo, aviaci\u00f3n, turismo, hoteleria, actualidad.","breadcrumb":{"@id":"https:\/\/aeronoticias.com.pe\/noticiero\/politica\/gobernador-de-junin-vladimir-cerron-apelo-sentencia-en-un-caso-en-donde-hubo-un-pago-licito-por-responsabilidad-contractual\/#breadcrumb"},"inLanguage":"es","potentialAction":[{"@type":"ReadAction","target":["https:\/\/aeronoticias.com.pe\/noticiero\/politica\/gobernador-de-junin-vladimir-cerron-apelo-sentencia-en-un-caso-en-donde-hubo-un-pago-licito-por-responsabilidad-contractual\/"]}]},{"@type":"BreadcrumbList","@id":"https:\/\/aeronoticias.com.pe\/noticiero\/politica\/gobernador-de-junin-vladimir-cerron-apelo-sentencia-en-un-caso-en-donde-hubo-un-pago-licito-por-responsabilidad-contractual\/#breadcrumb","itemListElement":[{"@type":"ListItem","position":1,"name":"Portada","item":"https:\/\/aeronoticias.com.pe\/noticiero\/"},{"@type":"ListItem","position":2,"name":"Gobernador de Jun\u00edn Vladimir Cerr\u00f3n, apel\u00f3 sentencia en un caso en donde hubo un pago l\u00edcito por responsabilidad contractual"}]},{"@type":"WebSite","@id":"https:\/\/aeronoticias.com.pe\/noticiero\/#website","url":"https:\/\/aeronoticias.com.pe\/noticiero\/","name":"Aeronoticias.com.pe","description":"Noticias de tranporte aereo, turismo, hoteles, gastronomia, actualidad, internacional","potentialAction":[{"@type":"SearchAction","target":{"@type":"EntryPoint","urlTemplate":"https:\/\/aeronoticias.com.pe\/noticiero\/?s={search_term_string}"},"query-input":{"@type":"PropertyValueSpecification","valueRequired":true,"valueName":"search_term_string"}}],"inLanguage":"es"},{"@type":"Person","@id":"https:\/\/aeronoticias.com.pe\/noticiero\/#\/schema\/person\/fc1e5d578f4b62ba1cf7ac2bba1170a0","name":"Redacci\u00f3n Aeronoticias","url":"https:\/\/aeronoticias.com.pe\/noticiero\/author\/piloto\/"}]}},"_links":{"self":[{"href":"https:\/\/aeronoticias.com.pe\/noticiero\/wp-json\/wp\/v2\/posts\/58698","targetHints":{"allow":["GET"]}}],"collection":[{"href":"https:\/\/aeronoticias.com.pe\/noticiero\/wp-json\/wp\/v2\/posts"}],"about":[{"href":"https:\/\/aeronoticias.com.pe\/noticiero\/wp-json\/wp\/v2\/types\/post"}],"author":[{"embeddable":true,"href":"https:\/\/aeronoticias.com.pe\/noticiero\/wp-json\/wp\/v2\/users\/1"}],"replies":[{"embeddable":true,"href":"https:\/\/aeronoticias.com.pe\/noticiero\/wp-json\/wp\/v2\/comments?post=58698"}],"version-history":[{"count":0,"href":"https:\/\/aeronoticias.com.pe\/noticiero\/wp-json\/wp\/v2\/posts\/58698\/revisions"}],"wp:attachment":[{"href":"https:\/\/aeronoticias.com.pe\/noticiero\/wp-json\/wp\/v2\/media?parent=58698"}],"wp:term":[{"taxonomy":"category","embeddable":true,"href":"https:\/\/aeronoticias.com.pe\/noticiero\/wp-json\/wp\/v2\/categories?post=58698"},{"taxonomy":"post_tag","embeddable":true,"href":"https:\/\/aeronoticias.com.pe\/noticiero\/wp-json\/wp\/v2\/tags?post=58698"}],"curies":[{"name":"wp","href":"https:\/\/api.w.org\/{rel}","templated":true}]}}