{"id":58700,"date":"2019-08-14T17:53:46","date_gmt":"2019-08-14T17:53:46","guid":{"rendered":"http:\/\/desarrollo.mcvicious.com\/aero2020\/2019\/08\/14\/embraer-sorprende-con-ganancias-en-el-segundo-trimestre-pero-aun-mantiene-perdidas\/"},"modified":"2019-08-14T17:53:46","modified_gmt":"2019-08-14T17:53:46","slug":"embraer-sorprende-con-ganancias-en-el-segundo-trimestre-pero-aun-mantiene-perdidas","status":"publish","type":"post","link":"https:\/\/aeronoticias.com.pe\/noticiero\/economia\/embraer-sorprende-con-ganancias-en-el-segundo-trimestre-pero-aun-mantiene-perdidas\/","title":{"rendered":"Embraer sorprende con ganancias en el segundo trimestre pero a\u00fan mantiene p\u00e9rdidas"},"content":{"rendered":"<p><strong>(Aeronoticias)<\/strong>.-\u00a0<span style=\"color: #454545; font-family: Helvetica; font-size: 12px;\">Embraer<\/span><span style=\"color: #454545; font-family: Helvetica; font-size: 12px;\"> registr\u00f3 un ingreso neto de US$7,2 millones en el segundo trimestre, revirtiendo una p\u00e9rdida de US$131,4 millones del a\u00f1o pasado, ya que el crecimiento de los ingresos en la divisi\u00f3n de jet de negocios ayud\u00f3 a compensar las menores ventas de aviones comerciales.<\/span><\/p>\n<p class=\"p1\">Sin embargo, el fabricante brasile\u00f1o de aviones reiter\u00f3 sus pron\u00f3sticos de cerrar con p\u00e9rdidas este a\u00f1o, repitiendo el desempe\u00f1o negativo ya registrado en 2018.<\/p>\n<p class=\"p1\">Los analistas esperaban una p\u00e9rdida promedio de US$29 millones, seg\u00fan datos de Refinitiv.<\/p>\n<p class=\"p1\">\u00a0<\/p>\n<p class=\"p1\">Los inversores han estado monitoreando las capacidades de ganancias futuras de la compa\u00f1\u00eda, ya que Embraer est\u00e1 en el proceso de vender el 80% de su divisi\u00f3n de aviaci\u00f3n comercial hist\u00f3ricamente m\u00e1s rentable a Boeing, que se espera que est\u00e9 completa para fines de este a\u00f1o.<\/p>\n<p class=\"p1\">\u00a0<\/p>\n<p class=\"p1\">Despu\u00e9s de la transacci\u00f3n, la empresa brasile\u00f1a solo tendr\u00e1 que depender de sus divisiones restantes, jets ejecutivos y contratos de defensa, para impulsar el resultado final.<\/p>\n<p class=\"p1\">En los primeros seis meses del a\u00f1o, Embraer registr\u00f3 p\u00e9rdidas operativas en sus divisiones comerciales, ejecutivas y de defensa.<\/p>\n<p class=\"p1\">La compa\u00f1\u00eda dijo que espera entregar su primer avi\u00f3n de carga militar nuevo, conocido como KC-390, al gobierno brasile\u00f1o para fines de a\u00f1o.<\/p>\n<p class=\"p1\">\u00a0<\/p>\n<p class=\"p1\">Embraer y Boeing han firmado un acuerdo por separado para comercializar conjuntamente la aeronave, y el fabricante brasile\u00f1o espera recibir pedidos de gobiernos aliados de Estados Unidos.<\/p>\n<p class=\"p2\">\u00a0<\/p>\n<p class=\"p1\">En el segundo trimestre, las ganancias antes de intereses, impuestos, depreciaci\u00f3n y amortizaci\u00f3n (Ebitda) fueron de US$67 millones, frente a los US$41,5 millones del a\u00f1o anterior, con un aumento del margen de Ebitda a 4,9% frente al 3,3% de un a\u00f1o antes.<\/p>\n<p class=\"p1\">\u00a0<\/p>\n<p class=\"p1\">A fines de julio, Embraer hab\u00eda informado que una cartera de pedidos en firme el 30 de junio totaliz\u00f3 US$16.900 millones en comparaci\u00f3n con US$16.000 millones al final del primer trimestre.<\/p>\n<p class=\"p3\">\u00a0<\/p>\n<p class=\"p3\">Fuente: <span style=\"text-decoration: underline;\"><strong><em>Reuters<\/em><\/strong><\/span>.<\/p>\n<p class=\"p3\">\u00a0<\/p>\n<p class=\"p3\"><img decoding=\"async\" src=\"images\/stories\/embraer1.jpg\" border=\"0\" \/><\/p>\n<p> p.p1 {margin: 0.0px 0.0px 0.0px 0.0px; font: 12.0px Helvetica; color: #454545} p.p2 {margin: 0.0px 0.0px 0.0px 0.0px; text-align: center; font: 12.0px Helvetica; color: #454545; min-height: 14.0px} p.p3 {margin: 0.0px 0.0px 0.0px 0.0px; font: 12.0px Helvetica; color: #454545; min-height: 14.0px}<\/p>\n","protected":false},"excerpt":{"rendered":"<p>(Aeronoticias).-\u00a0Embraer registr\u00f3 un ingreso neto de US$7,2 millones en el segundo trimestre, revirtiendo una p\u00e9rdida de US$131,4 millones del a\u00f1o pasado, ya que el crecimiento de los ingresos en la divisi\u00f3n de jet de negocios ayud\u00f3 a compensar las menores ventas de aviones comerciales. Sin embargo, el fabricante brasile\u00f1o de aviones reiter\u00f3 sus pron\u00f3sticos de [&hellip;]<\/p>\n","protected":false},"author":1,"featured_media":0,"comment_status":"open","ping_status":"open","sticky":false,"template":"","format":"standard","meta":{"tdm_status":"","tdm_grid_status":"","footnotes":""},"categories":[33],"tags":[],"class_list":{"0":"post-58700","1":"post","2":"type-post","3":"status-publish","4":"format-standard","6":"category-economia"},"yoast_head":"<!-- This site is optimized with the Yoast SEO plugin v25.1 - https:\/\/yoast.com\/wordpress\/plugins\/seo\/ -->\n<title>Embraer sorprende con ganancias en el segundo trimestre pero a\u00fan mantiene p\u00e9rdidas<\/title>\n<meta name=\"description\" content=\"Portal de noticias del Per\u00fa sobre el transporte a\u00e9reo, aviaci\u00f3n, turismo, hoteleria, actualidad.\" \/>\n<meta name=\"robots\" content=\"index, follow, max-snippet:-1, max-image-preview:large, max-video-preview:-1\" \/>\n<link rel=\"canonical\" href=\"https:\/\/aeronoticias.com.pe\/noticiero\/economia\/embraer-sorprende-con-ganancias-en-el-segundo-trimestre-pero-aun-mantiene-perdidas\/\" \/>\n<meta property=\"og:locale\" content=\"es_ES\" \/>\n<meta property=\"og:type\" content=\"article\" \/>\n<meta property=\"og:title\" content=\"Embraer sorprende con ganancias en el segundo trimestre pero a\u00fan mantiene p\u00e9rdidas\" \/>\n<meta property=\"og:description\" content=\"Portal de noticias del Per\u00fa sobre el transporte a\u00e9reo, aviaci\u00f3n, turismo, hoteleria, actualidad.\" \/>\n<meta property=\"og:url\" content=\"https:\/\/aeronoticias.com.pe\/noticiero\/economia\/embraer-sorprende-con-ganancias-en-el-segundo-trimestre-pero-aun-mantiene-perdidas\/\" \/>\n<meta property=\"og:site_name\" content=\"Aeronoticias.com.pe\" \/>\n<meta property=\"article:publisher\" content=\"https:\/\/www.facebook.com\/Aeronoticias.com.pe\/\" \/>\n<meta property=\"article:published_time\" content=\"2019-08-14T17:53:46+00:00\" \/>\n<meta name=\"author\" content=\"Redacci\u00f3n Aeronoticias\" \/>\n<meta name=\"twitter:card\" content=\"summary_large_image\" \/>\n<meta name=\"twitter:creator\" content=\"@aeronoticias\" \/>\n<meta name=\"twitter:site\" content=\"@aeronoticias\" \/>\n<meta name=\"twitter:label1\" content=\"Escrito por\" \/>\n\t<meta name=\"twitter:data1\" content=\"Redacci\u00f3n Aeronoticias\" \/>\n\t<meta name=\"twitter:label2\" content=\"Tiempo de lectura\" \/>\n\t<meta name=\"twitter:data2\" content=\"2 minutos\" \/>\n<script type=\"application\/ld+json\" class=\"yoast-schema-graph\">{\"@context\":\"https:\/\/schema.org\",\"@graph\":[{\"@type\":\"WebPage\",\"@id\":\"https:\/\/aeronoticias.com.pe\/noticiero\/economia\/embraer-sorprende-con-ganancias-en-el-segundo-trimestre-pero-aun-mantiene-perdidas\/\",\"url\":\"https:\/\/aeronoticias.com.pe\/noticiero\/economia\/embraer-sorprende-con-ganancias-en-el-segundo-trimestre-pero-aun-mantiene-perdidas\/\",\"name\":\"Embraer sorprende con ganancias en el segundo trimestre pero a\u00fan mantiene p\u00e9rdidas\",\"isPartOf\":{\"@id\":\"https:\/\/aeronoticias.com.pe\/noticiero\/#website\"},\"datePublished\":\"2019-08-14T17:53:46+00:00\",\"author\":{\"@id\":\"https:\/\/aeronoticias.com.pe\/noticiero\/#\/schema\/person\/fc1e5d578f4b62ba1cf7ac2bba1170a0\"},\"description\":\"Portal de noticias del Per\u00fa sobre el transporte a\u00e9reo, aviaci\u00f3n, turismo, hoteleria, actualidad.\",\"breadcrumb\":{\"@id\":\"https:\/\/aeronoticias.com.pe\/noticiero\/economia\/embraer-sorprende-con-ganancias-en-el-segundo-trimestre-pero-aun-mantiene-perdidas\/#breadcrumb\"},\"inLanguage\":\"es\",\"potentialAction\":[{\"@type\":\"ReadAction\",\"target\":[\"https:\/\/aeronoticias.com.pe\/noticiero\/economia\/embraer-sorprende-con-ganancias-en-el-segundo-trimestre-pero-aun-mantiene-perdidas\/\"]}]},{\"@type\":\"BreadcrumbList\",\"@id\":\"https:\/\/aeronoticias.com.pe\/noticiero\/economia\/embraer-sorprende-con-ganancias-en-el-segundo-trimestre-pero-aun-mantiene-perdidas\/#breadcrumb\",\"itemListElement\":[{\"@type\":\"ListItem\",\"position\":1,\"name\":\"Portada\",\"item\":\"https:\/\/aeronoticias.com.pe\/noticiero\/\"},{\"@type\":\"ListItem\",\"position\":2,\"name\":\"Embraer sorprende con ganancias en el segundo trimestre pero a\u00fan mantiene p\u00e9rdidas\"}]},{\"@type\":\"WebSite\",\"@id\":\"https:\/\/aeronoticias.com.pe\/noticiero\/#website\",\"url\":\"https:\/\/aeronoticias.com.pe\/noticiero\/\",\"name\":\"Aeronoticias.com.pe\",\"description\":\"Noticias de tranporte aereo, turismo, hoteles, gastronomia, actualidad, internacional\",\"potentialAction\":[{\"@type\":\"SearchAction\",\"target\":{\"@type\":\"EntryPoint\",\"urlTemplate\":\"https:\/\/aeronoticias.com.pe\/noticiero\/?s={search_term_string}\"},\"query-input\":{\"@type\":\"PropertyValueSpecification\",\"valueRequired\":true,\"valueName\":\"search_term_string\"}}],\"inLanguage\":\"es\"},{\"@type\":\"Person\",\"@id\":\"https:\/\/aeronoticias.com.pe\/noticiero\/#\/schema\/person\/fc1e5d578f4b62ba1cf7ac2bba1170a0\",\"name\":\"Redacci\u00f3n Aeronoticias\",\"url\":\"https:\/\/aeronoticias.com.pe\/noticiero\/author\/piloto\/\"}]}<\/script>\n<!-- \/ Yoast SEO plugin. -->","yoast_head_json":{"title":"Embraer sorprende con ganancias en el segundo trimestre pero a\u00fan mantiene p\u00e9rdidas","description":"Portal de noticias del Per\u00fa sobre el transporte a\u00e9reo, aviaci\u00f3n, turismo, hoteleria, actualidad.","robots":{"index":"index","follow":"follow","max-snippet":"max-snippet:-1","max-image-preview":"max-image-preview:large","max-video-preview":"max-video-preview:-1"},"canonical":"https:\/\/aeronoticias.com.pe\/noticiero\/economia\/embraer-sorprende-con-ganancias-en-el-segundo-trimestre-pero-aun-mantiene-perdidas\/","og_locale":"es_ES","og_type":"article","og_title":"Embraer sorprende con ganancias en el segundo trimestre pero a\u00fan mantiene p\u00e9rdidas","og_description":"Portal de noticias del Per\u00fa sobre el transporte a\u00e9reo, aviaci\u00f3n, turismo, hoteleria, actualidad.","og_url":"https:\/\/aeronoticias.com.pe\/noticiero\/economia\/embraer-sorprende-con-ganancias-en-el-segundo-trimestre-pero-aun-mantiene-perdidas\/","og_site_name":"Aeronoticias.com.pe","article_publisher":"https:\/\/www.facebook.com\/Aeronoticias.com.pe\/","article_published_time":"2019-08-14T17:53:46+00:00","author":"Redacci\u00f3n Aeronoticias","twitter_card":"summary_large_image","twitter_creator":"@aeronoticias","twitter_site":"@aeronoticias","twitter_misc":{"Escrito por":"Redacci\u00f3n Aeronoticias","Tiempo de lectura":"2 minutos"},"schema":{"@context":"https:\/\/schema.org","@graph":[{"@type":"WebPage","@id":"https:\/\/aeronoticias.com.pe\/noticiero\/economia\/embraer-sorprende-con-ganancias-en-el-segundo-trimestre-pero-aun-mantiene-perdidas\/","url":"https:\/\/aeronoticias.com.pe\/noticiero\/economia\/embraer-sorprende-con-ganancias-en-el-segundo-trimestre-pero-aun-mantiene-perdidas\/","name":"Embraer sorprende con ganancias en el segundo trimestre pero a\u00fan mantiene p\u00e9rdidas","isPartOf":{"@id":"https:\/\/aeronoticias.com.pe\/noticiero\/#website"},"datePublished":"2019-08-14T17:53:46+00:00","author":{"@id":"https:\/\/aeronoticias.com.pe\/noticiero\/#\/schema\/person\/fc1e5d578f4b62ba1cf7ac2bba1170a0"},"description":"Portal de noticias del Per\u00fa sobre el transporte a\u00e9reo, aviaci\u00f3n, turismo, hoteleria, actualidad.","breadcrumb":{"@id":"https:\/\/aeronoticias.com.pe\/noticiero\/economia\/embraer-sorprende-con-ganancias-en-el-segundo-trimestre-pero-aun-mantiene-perdidas\/#breadcrumb"},"inLanguage":"es","potentialAction":[{"@type":"ReadAction","target":["https:\/\/aeronoticias.com.pe\/noticiero\/economia\/embraer-sorprende-con-ganancias-en-el-segundo-trimestre-pero-aun-mantiene-perdidas\/"]}]},{"@type":"BreadcrumbList","@id":"https:\/\/aeronoticias.com.pe\/noticiero\/economia\/embraer-sorprende-con-ganancias-en-el-segundo-trimestre-pero-aun-mantiene-perdidas\/#breadcrumb","itemListElement":[{"@type":"ListItem","position":1,"name":"Portada","item":"https:\/\/aeronoticias.com.pe\/noticiero\/"},{"@type":"ListItem","position":2,"name":"Embraer sorprende con ganancias en el segundo trimestre pero a\u00fan mantiene p\u00e9rdidas"}]},{"@type":"WebSite","@id":"https:\/\/aeronoticias.com.pe\/noticiero\/#website","url":"https:\/\/aeronoticias.com.pe\/noticiero\/","name":"Aeronoticias.com.pe","description":"Noticias de tranporte aereo, turismo, hoteles, gastronomia, actualidad, internacional","potentialAction":[{"@type":"SearchAction","target":{"@type":"EntryPoint","urlTemplate":"https:\/\/aeronoticias.com.pe\/noticiero\/?s={search_term_string}"},"query-input":{"@type":"PropertyValueSpecification","valueRequired":true,"valueName":"search_term_string"}}],"inLanguage":"es"},{"@type":"Person","@id":"https:\/\/aeronoticias.com.pe\/noticiero\/#\/schema\/person\/fc1e5d578f4b62ba1cf7ac2bba1170a0","name":"Redacci\u00f3n Aeronoticias","url":"https:\/\/aeronoticias.com.pe\/noticiero\/author\/piloto\/"}]}},"_links":{"self":[{"href":"https:\/\/aeronoticias.com.pe\/noticiero\/wp-json\/wp\/v2\/posts\/58700","targetHints":{"allow":["GET"]}}],"collection":[{"href":"https:\/\/aeronoticias.com.pe\/noticiero\/wp-json\/wp\/v2\/posts"}],"about":[{"href":"https:\/\/aeronoticias.com.pe\/noticiero\/wp-json\/wp\/v2\/types\/post"}],"author":[{"embeddable":true,"href":"https:\/\/aeronoticias.com.pe\/noticiero\/wp-json\/wp\/v2\/users\/1"}],"replies":[{"embeddable":true,"href":"https:\/\/aeronoticias.com.pe\/noticiero\/wp-json\/wp\/v2\/comments?post=58700"}],"version-history":[{"count":0,"href":"https:\/\/aeronoticias.com.pe\/noticiero\/wp-json\/wp\/v2\/posts\/58700\/revisions"}],"wp:attachment":[{"href":"https:\/\/aeronoticias.com.pe\/noticiero\/wp-json\/wp\/v2\/media?parent=58700"}],"wp:term":[{"taxonomy":"category","embeddable":true,"href":"https:\/\/aeronoticias.com.pe\/noticiero\/wp-json\/wp\/v2\/categories?post=58700"},{"taxonomy":"post_tag","embeddable":true,"href":"https:\/\/aeronoticias.com.pe\/noticiero\/wp-json\/wp\/v2\/tags?post=58700"}],"curies":[{"name":"wp","href":"https:\/\/api.w.org\/{rel}","templated":true}]}}