{"id":58702,"date":"2019-08-14T18:03:06","date_gmt":"2019-08-14T18:03:06","guid":{"rendered":"http:\/\/desarrollo.mcvicious.com\/aero2020\/2019\/08\/14\/panorama-economico-de-la-region-lastra-resultados-de-latam-airlines-en-el-segundo-trimestre\/"},"modified":"2019-08-14T18:03:06","modified_gmt":"2019-08-14T18:03:06","slug":"panorama-economico-de-la-region-lastra-resultados-de-latam-airlines-en-el-segundo-trimestre","status":"publish","type":"post","link":"https:\/\/aeronoticias.com.pe\/noticiero\/internacionales\/panorama-economico-de-la-region-lastra-resultados-de-latam-airlines-en-el-segundo-trimestre\/","title":{"rendered":"Panorama econ\u00f3mico de la regi\u00f3n lastra resultados de Latam Airlines en el segundo trimestre"},"content":{"rendered":"<p style=\"text-align: justify;\"><strong>(Aeronoticias).<\/strong>&#8211;\u00a0<span style=\"color: #454545; font-family: Helvetica; font-size: 12px;\">LATAM Airlines<\/span><span style=\"color: #454545; font-family: Helvetica; font-size: 12px;\"> sufri\u00f3 una p\u00e9rdida de US$68,2 millones en el segundo trimestre de 2019, afectada por un deprimido negocio internacional, la depreciaci\u00f3n de las monedas regionales y la profunda crisis econ\u00f3mica de Argentina.<\/span><\/p>\n<p class=\"p1\" style=\"text-align: justify;\">De todas formas, el resultado del segundo trimestre, divulgado tarde este martes, se compara con p\u00e9rdidas por US$207,8 millones en igual periodo de 2018.<\/p>\n<p class=\"p1\" style=\"text-align: justify;\">La mayor aerol\u00ednea de Am\u00e9rica Latina indic\u00f3 que sus ingresos por capacidad (asientos por kil\u00f3metros ofertados) disminuyeron 12,1% en el segundo trimestre, principalmente por una menor demanda de Argentina y el exceso de capacidad en las rutas desde Brasil hacia Europa.<\/p>\n<p class=\"p1\" style=\"text-align: justify;\">\u00a0<\/p>\n<p class=\"p1\" style=\"text-align: justify;\">\u201cEsto viene muy influenciado por todo lo que estamos viendo del mercado argentino\u201d, dijo Ramiro Alfons\u00edn, vicepresidente de Finanzas de LATAM, al presentar los resultados a periodistas.<\/p>\n<p class=\"p1\" style=\"text-align: justify;\">\u00a0<\/p>\n<p class=\"p1\" style=\"text-align: justify;\">Los ingresos por capacidad (RASK) en las operaciones dom\u00e9sticas en Brasil aumentaron 29% en reales, \u201ccontrarrestando la casi en su totalidad la ca\u00edda de los RASK en las operaciones internacionales y en los pa\u00edses de habla hispana, donde \u00e9stos \u00faltimos disminuyeron debido a la devaluaci\u00f3n de las monedas\u201d, precis\u00f3 la compa\u00f1\u00eda.<\/p>\n<p class=\"p1\" style=\"text-align: justify;\">\u00a0<\/p>\n<p class=\"p1\" style=\"text-align: justify;\">La aerol\u00ednea dijo adem\u00e1s que los ingresos totales en el segundo trimestre alcanzaron US$2.370,0 millones, un aumento de 0,5% respecto al segundo trimestre de 2018 y que los costos operacionales totales aumentaron 1,1% en el segundo trimestre, a US$2.329,8 millones, debido a un alza en 5,2% en el costo del combustible.<\/p>\n<p class=\"p2\" style=\"text-align: justify;\">\u00a0<\/p>\n<p class=\"p1\" style=\"text-align: justify;\">Durante el segundo trimestre, LATAM Airlines y sus afiliadas transportaron m\u00e1s de 16,8 millones de pasajeros, 1,4 millones de pasajeros m\u00e1s comparado con el segundo trimestre de 2018.<\/p>\n<p class=\"p1\" style=\"text-align: justify;\">\u00a0<\/p>\n<p class=\"p1\" style=\"text-align: justify;\">El grupo de transporte a\u00e9reo tiene unidades de operaci\u00f3n en Argentina, Brasil, Chile, Colombia, Ecuador, Paraguay y Per\u00fa.<\/p>\n<p class=\"p3\">\u00a0<\/p>\n<p class=\"p3\">Fuente: <span style=\"text-decoration: underline;\"><em><strong>Reuters<\/strong><\/em><\/span>.<\/p>\n<p class=\"p3\">\u00a0<\/p>\n<p class=\"p3\"><img decoding=\"async\" src=\"images\/stories\/latam.jpg\" border=\"0\" \/><\/p>\n<p> p.p1 {margin: 0.0px 0.0px 0.0px 0.0px; font: 12.0px Helvetica; color: #454545} p.p2 {margin: 0.0px 0.0px 0.0px 0.0px; text-align: center; font: 12.0px Helvetica; color: #454545; min-height: 14.0px} p.p3 {margin: 0.0px 0.0px 0.0px 0.0px; font: 12.0px Helvetica; color: #454545; min-height: 14.0px}<\/p>\n","protected":false},"excerpt":{"rendered":"<p>(Aeronoticias).&#8211;\u00a0LATAM Airlines sufri\u00f3 una p\u00e9rdida de US$68,2 millones en el segundo trimestre de 2019, afectada por un deprimido negocio internacional, la depreciaci\u00f3n de las monedas regionales y la profunda crisis econ\u00f3mica de Argentina. De todas formas, el resultado del segundo trimestre, divulgado tarde este martes, se compara con p\u00e9rdidas por US$207,8 millones en igual periodo [&hellip;]<\/p>\n","protected":false},"author":1,"featured_media":0,"comment_status":"open","ping_status":"open","sticky":false,"template":"","format":"standard","meta":{"tdm_status":"","tdm_grid_status":"","footnotes":""},"categories":[34],"tags":[],"class_list":{"0":"post-58702","1":"post","2":"type-post","3":"status-publish","4":"format-standard","6":"category-internacionales"},"yoast_head":"<!-- This site is optimized with the Yoast SEO plugin v25.1 - https:\/\/yoast.com\/wordpress\/plugins\/seo\/ -->\n<title>Panorama econ\u00f3mico de la regi\u00f3n lastra resultados de Latam Airlines en el segundo trimestre<\/title>\n<meta name=\"description\" content=\"Portal de noticias del Per\u00fa sobre el transporte a\u00e9reo, aviaci\u00f3n, turismo, hoteleria, actualidad.\" \/>\n<meta name=\"robots\" content=\"index, follow, max-snippet:-1, max-image-preview:large, max-video-preview:-1\" \/>\n<link rel=\"canonical\" href=\"https:\/\/aeronoticias.com.pe\/noticiero\/internacionales\/panorama-economico-de-la-region-lastra-resultados-de-latam-airlines-en-el-segundo-trimestre\/\" \/>\n<meta property=\"og:locale\" content=\"es_ES\" \/>\n<meta property=\"og:type\" content=\"article\" \/>\n<meta property=\"og:title\" content=\"Panorama econ\u00f3mico de la regi\u00f3n lastra resultados de Latam Airlines en el segundo trimestre\" \/>\n<meta property=\"og:description\" content=\"Portal de noticias del Per\u00fa sobre el transporte a\u00e9reo, aviaci\u00f3n, turismo, hoteleria, actualidad.\" \/>\n<meta property=\"og:url\" content=\"https:\/\/aeronoticias.com.pe\/noticiero\/internacionales\/panorama-economico-de-la-region-lastra-resultados-de-latam-airlines-en-el-segundo-trimestre\/\" \/>\n<meta property=\"og:site_name\" content=\"Aeronoticias.com.pe\" \/>\n<meta property=\"article:publisher\" content=\"https:\/\/www.facebook.com\/Aeronoticias.com.pe\/\" \/>\n<meta property=\"article:published_time\" content=\"2019-08-14T18:03:06+00:00\" \/>\n<meta name=\"author\" content=\"Redacci\u00f3n Aeronoticias\" \/>\n<meta name=\"twitter:card\" content=\"summary_large_image\" \/>\n<meta name=\"twitter:creator\" content=\"@aeronoticias\" \/>\n<meta name=\"twitter:site\" content=\"@aeronoticias\" \/>\n<meta name=\"twitter:label1\" content=\"Escrito por\" \/>\n\t<meta name=\"twitter:data1\" content=\"Redacci\u00f3n Aeronoticias\" \/>\n\t<meta name=\"twitter:label2\" content=\"Tiempo de lectura\" \/>\n\t<meta name=\"twitter:data2\" content=\"2 minutos\" \/>\n<script type=\"application\/ld+json\" class=\"yoast-schema-graph\">{\"@context\":\"https:\/\/schema.org\",\"@graph\":[{\"@type\":\"WebPage\",\"@id\":\"https:\/\/aeronoticias.com.pe\/noticiero\/internacionales\/panorama-economico-de-la-region-lastra-resultados-de-latam-airlines-en-el-segundo-trimestre\/\",\"url\":\"https:\/\/aeronoticias.com.pe\/noticiero\/internacionales\/panorama-economico-de-la-region-lastra-resultados-de-latam-airlines-en-el-segundo-trimestre\/\",\"name\":\"Panorama econ\u00f3mico de la regi\u00f3n lastra resultados de Latam Airlines en el segundo trimestre\",\"isPartOf\":{\"@id\":\"https:\/\/aeronoticias.com.pe\/noticiero\/#website\"},\"datePublished\":\"2019-08-14T18:03:06+00:00\",\"author\":{\"@id\":\"https:\/\/aeronoticias.com.pe\/noticiero\/#\/schema\/person\/fc1e5d578f4b62ba1cf7ac2bba1170a0\"},\"description\":\"Portal de noticias del Per\u00fa sobre el transporte a\u00e9reo, aviaci\u00f3n, turismo, hoteleria, actualidad.\",\"breadcrumb\":{\"@id\":\"https:\/\/aeronoticias.com.pe\/noticiero\/internacionales\/panorama-economico-de-la-region-lastra-resultados-de-latam-airlines-en-el-segundo-trimestre\/#breadcrumb\"},\"inLanguage\":\"es\",\"potentialAction\":[{\"@type\":\"ReadAction\",\"target\":[\"https:\/\/aeronoticias.com.pe\/noticiero\/internacionales\/panorama-economico-de-la-region-lastra-resultados-de-latam-airlines-en-el-segundo-trimestre\/\"]}]},{\"@type\":\"BreadcrumbList\",\"@id\":\"https:\/\/aeronoticias.com.pe\/noticiero\/internacionales\/panorama-economico-de-la-region-lastra-resultados-de-latam-airlines-en-el-segundo-trimestre\/#breadcrumb\",\"itemListElement\":[{\"@type\":\"ListItem\",\"position\":1,\"name\":\"Portada\",\"item\":\"https:\/\/aeronoticias.com.pe\/noticiero\/\"},{\"@type\":\"ListItem\",\"position\":2,\"name\":\"Panorama econ\u00f3mico de la regi\u00f3n lastra resultados de Latam Airlines en el segundo trimestre\"}]},{\"@type\":\"WebSite\",\"@id\":\"https:\/\/aeronoticias.com.pe\/noticiero\/#website\",\"url\":\"https:\/\/aeronoticias.com.pe\/noticiero\/\",\"name\":\"Aeronoticias.com.pe\",\"description\":\"Noticias de tranporte aereo, turismo, hoteles, gastronomia, actualidad, internacional\",\"potentialAction\":[{\"@type\":\"SearchAction\",\"target\":{\"@type\":\"EntryPoint\",\"urlTemplate\":\"https:\/\/aeronoticias.com.pe\/noticiero\/?s={search_term_string}\"},\"query-input\":{\"@type\":\"PropertyValueSpecification\",\"valueRequired\":true,\"valueName\":\"search_term_string\"}}],\"inLanguage\":\"es\"},{\"@type\":\"Person\",\"@id\":\"https:\/\/aeronoticias.com.pe\/noticiero\/#\/schema\/person\/fc1e5d578f4b62ba1cf7ac2bba1170a0\",\"name\":\"Redacci\u00f3n Aeronoticias\",\"url\":\"https:\/\/aeronoticias.com.pe\/noticiero\/author\/piloto\/\"}]}<\/script>\n<!-- \/ Yoast SEO plugin. -->","yoast_head_json":{"title":"Panorama econ\u00f3mico de la regi\u00f3n lastra resultados de Latam Airlines en el segundo trimestre","description":"Portal de noticias del Per\u00fa sobre el transporte a\u00e9reo, aviaci\u00f3n, turismo, hoteleria, actualidad.","robots":{"index":"index","follow":"follow","max-snippet":"max-snippet:-1","max-image-preview":"max-image-preview:large","max-video-preview":"max-video-preview:-1"},"canonical":"https:\/\/aeronoticias.com.pe\/noticiero\/internacionales\/panorama-economico-de-la-region-lastra-resultados-de-latam-airlines-en-el-segundo-trimestre\/","og_locale":"es_ES","og_type":"article","og_title":"Panorama econ\u00f3mico de la regi\u00f3n lastra resultados de Latam Airlines en el segundo trimestre","og_description":"Portal de noticias del Per\u00fa sobre el transporte a\u00e9reo, aviaci\u00f3n, turismo, hoteleria, actualidad.","og_url":"https:\/\/aeronoticias.com.pe\/noticiero\/internacionales\/panorama-economico-de-la-region-lastra-resultados-de-latam-airlines-en-el-segundo-trimestre\/","og_site_name":"Aeronoticias.com.pe","article_publisher":"https:\/\/www.facebook.com\/Aeronoticias.com.pe\/","article_published_time":"2019-08-14T18:03:06+00:00","author":"Redacci\u00f3n Aeronoticias","twitter_card":"summary_large_image","twitter_creator":"@aeronoticias","twitter_site":"@aeronoticias","twitter_misc":{"Escrito por":"Redacci\u00f3n Aeronoticias","Tiempo de lectura":"2 minutos"},"schema":{"@context":"https:\/\/schema.org","@graph":[{"@type":"WebPage","@id":"https:\/\/aeronoticias.com.pe\/noticiero\/internacionales\/panorama-economico-de-la-region-lastra-resultados-de-latam-airlines-en-el-segundo-trimestre\/","url":"https:\/\/aeronoticias.com.pe\/noticiero\/internacionales\/panorama-economico-de-la-region-lastra-resultados-de-latam-airlines-en-el-segundo-trimestre\/","name":"Panorama econ\u00f3mico de la regi\u00f3n lastra resultados de Latam Airlines en el segundo trimestre","isPartOf":{"@id":"https:\/\/aeronoticias.com.pe\/noticiero\/#website"},"datePublished":"2019-08-14T18:03:06+00:00","author":{"@id":"https:\/\/aeronoticias.com.pe\/noticiero\/#\/schema\/person\/fc1e5d578f4b62ba1cf7ac2bba1170a0"},"description":"Portal de noticias del Per\u00fa sobre el transporte a\u00e9reo, aviaci\u00f3n, turismo, hoteleria, actualidad.","breadcrumb":{"@id":"https:\/\/aeronoticias.com.pe\/noticiero\/internacionales\/panorama-economico-de-la-region-lastra-resultados-de-latam-airlines-en-el-segundo-trimestre\/#breadcrumb"},"inLanguage":"es","potentialAction":[{"@type":"ReadAction","target":["https:\/\/aeronoticias.com.pe\/noticiero\/internacionales\/panorama-economico-de-la-region-lastra-resultados-de-latam-airlines-en-el-segundo-trimestre\/"]}]},{"@type":"BreadcrumbList","@id":"https:\/\/aeronoticias.com.pe\/noticiero\/internacionales\/panorama-economico-de-la-region-lastra-resultados-de-latam-airlines-en-el-segundo-trimestre\/#breadcrumb","itemListElement":[{"@type":"ListItem","position":1,"name":"Portada","item":"https:\/\/aeronoticias.com.pe\/noticiero\/"},{"@type":"ListItem","position":2,"name":"Panorama econ\u00f3mico de la regi\u00f3n lastra resultados de Latam Airlines en el segundo trimestre"}]},{"@type":"WebSite","@id":"https:\/\/aeronoticias.com.pe\/noticiero\/#website","url":"https:\/\/aeronoticias.com.pe\/noticiero\/","name":"Aeronoticias.com.pe","description":"Noticias de tranporte aereo, turismo, hoteles, gastronomia, actualidad, internacional","potentialAction":[{"@type":"SearchAction","target":{"@type":"EntryPoint","urlTemplate":"https:\/\/aeronoticias.com.pe\/noticiero\/?s={search_term_string}"},"query-input":{"@type":"PropertyValueSpecification","valueRequired":true,"valueName":"search_term_string"}}],"inLanguage":"es"},{"@type":"Person","@id":"https:\/\/aeronoticias.com.pe\/noticiero\/#\/schema\/person\/fc1e5d578f4b62ba1cf7ac2bba1170a0","name":"Redacci\u00f3n Aeronoticias","url":"https:\/\/aeronoticias.com.pe\/noticiero\/author\/piloto\/"}]}},"_links":{"self":[{"href":"https:\/\/aeronoticias.com.pe\/noticiero\/wp-json\/wp\/v2\/posts\/58702","targetHints":{"allow":["GET"]}}],"collection":[{"href":"https:\/\/aeronoticias.com.pe\/noticiero\/wp-json\/wp\/v2\/posts"}],"about":[{"href":"https:\/\/aeronoticias.com.pe\/noticiero\/wp-json\/wp\/v2\/types\/post"}],"author":[{"embeddable":true,"href":"https:\/\/aeronoticias.com.pe\/noticiero\/wp-json\/wp\/v2\/users\/1"}],"replies":[{"embeddable":true,"href":"https:\/\/aeronoticias.com.pe\/noticiero\/wp-json\/wp\/v2\/comments?post=58702"}],"version-history":[{"count":0,"href":"https:\/\/aeronoticias.com.pe\/noticiero\/wp-json\/wp\/v2\/posts\/58702\/revisions"}],"wp:attachment":[{"href":"https:\/\/aeronoticias.com.pe\/noticiero\/wp-json\/wp\/v2\/media?parent=58702"}],"wp:term":[{"taxonomy":"category","embeddable":true,"href":"https:\/\/aeronoticias.com.pe\/noticiero\/wp-json\/wp\/v2\/categories?post=58702"},{"taxonomy":"post_tag","embeddable":true,"href":"https:\/\/aeronoticias.com.pe\/noticiero\/wp-json\/wp\/v2\/tags?post=58702"}],"curies":[{"name":"wp","href":"https:\/\/api.w.org\/{rel}","templated":true}]}}