{"id":58754,"date":"2019-08-28T17:59:11","date_gmt":"2019-08-28T17:59:11","guid":{"rendered":"http:\/\/desarrollo.mcvicious.com\/aero2020\/2019\/08\/28\/latam-airlines-renueva-la-cabina-de-sus-aviones\/"},"modified":"2020-11-19T14:45:54","modified_gmt":"2020-11-19T19:45:54","slug":"latam-airlines-renueva-la-cabina-de-sus-aviones","status":"publish","type":"post","link":"https:\/\/aeronoticias.com.pe\/noticiero\/transporte-aereo\/internacional\/latam-airlines-renueva-la-cabina-de-sus-aviones\/","title":{"rendered":"Latam Airlines renueva la cabina de sus aviones"},"content":{"rendered":"\n<p>El aeropuerto de Guarulhos, el m\u00e1s grande de Am\u00e9rica Latina \u2013y el m\u00e1s importante para Latam Airlines- fue el escenario escogido por la aerol\u00ednea para presentar una serie de mejoras en cabina y servicio a bordo, incluyendo una renovada clase Premium Business enfocada ahora, m\u00e1s que en el lujo, en el descanso del pasajero.<\/p>\n\n\n\n<p class=\"p1\">Todo el proyecto, denominado Experiencia Latam, implica una inversi\u00f3n de sobre US$500 millones, que ser\u00e1n destinados a diversos \u00edtems como configuraci\u00f3n de la cabina, un mayor espacio para el nuevo servicio Latam + -una clase econ\u00f3mica mejorada, con m\u00e1s comodidades y servicios- mejoras tecnol\u00f3gicas y otros.<\/p>\n\n\n\n<p class=\"p1\">As\u00ed lo explic\u00f3 el vicepresidente de Clientes de Latam, el brasile\u00f1o Paulo Miranda, quien arrib\u00f3 a la compa\u00f1\u00eda en mayo y que cuenta con m\u00e1s de dos d\u00e9cadas de experiencia en el negocio aeron\u00e1utico. Seg\u00fan el ejecutivo, la renovaci\u00f3n de la clase Premium Business pasa por priorizar el tiempo del cliente y privilegiar lo que quiere hacer. \u201cSi quiere descansar, esto es posible porque estamos minimizando las interrupciones, el ruido\u201d, indica Miranda.<\/p>\n\n\n\n<p class=\"p1\">El cambio de foco est\u00e1 relacionado principalmente con los requerimientos de los pasajeros. Si antes lo que se buscaba en Business era un mejor servicio en t\u00e9rminos de comidas o bebidas, hoy lo que se privilegia es el descanso. Por ello, se renov\u00f3 el asiento, se agreg\u00f3 un cubre colch\u00f3n, un nuevo plum\u00f3n y almohada. Adem\u00e1s, el servicio a bordo est\u00e1 pensado para reducir las interrupciones. Finalmente, la vajilla y los cubiertos tambi\u00e9n ser\u00e1n menos ruidosos para facilitar el descanso.<\/p>\n\n\n\n<p class=\"p1\">El plan de la compa\u00f1\u00eda es incorporar la Premium Business en todos los vuelos de m\u00e1s de 7 horas de Latam en la regi\u00f3n.<\/p>\n\n\n\n<p class=\"p1\">\u201cHay inversiones en pantallas de entretenimiento, que van a ser m\u00e1s grandes que las actuales, y hay cambios en c\u00f3mo hacemos el servicio a bordo. En el concepto de nuevo servicio, cambiamos los \u00edtems de alimentaci\u00f3n, pero tambi\u00e9n los implementos y la coreograf\u00eda. Todo esto con el foco puesto en priorizar el tiempo del cliente y privilegiar lo que quiere hacer: si quiere descansar, esto es posible porque estamos minimizando las interrupciones, el ruido\u201d, a\u00f1adi\u00f3 Miranda.<\/p>\n\n\n\n<p class=\"p1\"><strong>Confianza en la regi\u00f3n<\/strong><\/p>\n\n\n\n<p class=\"p1\">El CEO de Latam Airlines, Enrique Cueto \u2013quien encabez\u00f3 el evento de lanzamiento, al que PULSO asisti\u00f3 invitado por la compa\u00f1\u00eda- agreg\u00f3 que este es un nuevo paso tras consolidar la integraci\u00f3n de Lan con Tam y el cambio de marca.<\/p>\n\n\n\n<p class=\"p1\">\u201cA nueva a\u00f1os desde que unimos todos este grupo de aerol\u00edneas en Sudam\u00e9rica y creamos Latam, hoy es por lejos el grupo m\u00e1s grande de Sudam\u00e9rica. Acabamos de comprar Multiplus, creamos el cuarto programa m\u00e1s grande de mundo de pasajeros frecuentes, y el objetivo hoy en d\u00eda, en la medida que hemos ordenado la compa\u00f1\u00eda, es invertir m\u00e1s en el cliente, inversi\u00f3n m\u00e1s grande que se ha hecho en la historia en esta parte del mundo. Y hoy est\u00e1 reflejada en el cambio de la cabina, una cabina del siglo XXI, entrando en la tercera d\u00e9cada. Creemos que el cliente tiene que estar en el centro\u201d, dijo Cueto.<\/p>\n\n\n\n<p class=\"p1\">Sobre la realidad regional, indic\u00f3 que mantienen la confianza en ella, pese a las turbulencias econ\u00f3micas \u201cLa regi\u00f3n ha tenido un per\u00edodo muy complicado. Brasil ha pasado por a\u00f1os muy malos, Argentina est\u00e1 pasando por lo suyo, y creo que nosotros nos demoramos, pero estamos en la etapa del proceso en que sentimos que el cliente es el centro de nuestra operaci\u00f3n hacia adelante\u201d, indic\u00f3.<\/p>\n\n\n\n<p class=\"p1\">\u201cSudam\u00e9rica nadie sabe qu\u00e9 va a pasar. Pero lo m\u00e1s importante es que estamos celebrando esta inversi\u00f3n, que el cliente sienta que estamos invirtiendo y que estamos buscando darle un servicio de primer nivel\u201d, complement\u00f3 el CEO del grupo.<\/p>\n\n\n\n<p class=\"p1\">Fuente: <span style=\"text-decoration: underline;\"><em><strong>La Tercera<\/strong><\/em><\/span>.<\/p>\n","protected":false},"excerpt":{"rendered":"<p>El aeropuerto de Guarulhos, el m\u00e1s grande de Am\u00e9rica Latina \u2013y el m\u00e1s importante para Latam Airlines- fue el escenario escogido por la aerol\u00ednea para presentar una serie de mejoras en cabina y servicio a bordo, incluyendo una renovada clase Premium Business enfocada ahora, m\u00e1s que en el lujo, en el descanso del pasajero. Todo [&hellip;]<\/p>\n","protected":false},"author":1,"featured_media":65951,"comment_status":"open","ping_status":"open","sticky":false,"template":"","format":"standard","meta":{"tdm_status":"","tdm_grid_status":"","footnotes":""},"categories":[32,11],"tags":[300,252],"class_list":{"0":"post-58754","1":"post","2":"type-post","3":"status-publish","4":"format-standard","5":"has-post-thumbnail","7":"category-internacional","8":"category-transporte-aereo","9":"tag-aviones","10":"tag-latam-airlines"},"yoast_head":"<!-- This site is optimized with the Yoast SEO plugin v25.1 - https:\/\/yoast.com\/wordpress\/plugins\/seo\/ -->\n<title>Latam Airlines renueva la cabina de sus aviones<\/title>\n<meta name=\"description\" content=\"Portal de noticias del Per\u00fa sobre el transporte a\u00e9reo, aviaci\u00f3n, turismo, hoteleria, actualidad.\" \/>\n<meta name=\"robots\" content=\"index, follow, max-snippet:-1, max-image-preview:large, max-video-preview:-1\" \/>\n<link rel=\"canonical\" href=\"https:\/\/aeronoticias.com.pe\/noticiero\/transporte-aereo\/internacional\/latam-airlines-renueva-la-cabina-de-sus-aviones\/\" \/>\n<meta property=\"og:locale\" content=\"es_ES\" \/>\n<meta property=\"og:type\" content=\"article\" \/>\n<meta property=\"og:title\" content=\"Latam Airlines renueva la cabina de sus aviones\" \/>\n<meta property=\"og:description\" content=\"Portal de noticias del Per\u00fa sobre el transporte a\u00e9reo, aviaci\u00f3n, turismo, hoteleria, actualidad.\" \/>\n<meta property=\"og:url\" content=\"https:\/\/aeronoticias.com.pe\/noticiero\/transporte-aereo\/internacional\/latam-airlines-renueva-la-cabina-de-sus-aviones\/\" \/>\n<meta property=\"og:site_name\" content=\"Aeronoticias.com.pe\" \/>\n<meta property=\"article:publisher\" content=\"https:\/\/www.facebook.com\/Aeronoticias.com.pe\/\" \/>\n<meta property=\"article:published_time\" content=\"2019-08-28T17:59:11+00:00\" \/>\n<meta property=\"article:modified_time\" content=\"2020-11-19T19:45:54+00:00\" \/>\n<meta property=\"og:image\" content=\"https:\/\/aeronoticias.com.pe\/noticiero\/wp-content\/uploads\/2019\/08\/latam-cabina.jpg\" \/>\n\t<meta property=\"og:image:width\" content=\"1089\" \/>\n\t<meta property=\"og:image:height\" content=\"612\" \/>\n\t<meta property=\"og:image:type\" content=\"image\/jpeg\" \/>\n<meta name=\"author\" content=\"Redacci\u00f3n Aeronoticias\" \/>\n<meta name=\"twitter:card\" content=\"summary_large_image\" \/>\n<meta name=\"twitter:creator\" content=\"@aeronoticias\" \/>\n<meta name=\"twitter:site\" content=\"@aeronoticias\" \/>\n<meta name=\"twitter:label1\" content=\"Escrito por\" \/>\n\t<meta name=\"twitter:data1\" content=\"Redacci\u00f3n Aeronoticias\" \/>\n\t<meta name=\"twitter:label2\" content=\"Tiempo de lectura\" \/>\n\t<meta name=\"twitter:data2\" content=\"3 minutos\" \/>\n<script type=\"application\/ld+json\" class=\"yoast-schema-graph\">{\"@context\":\"https:\/\/schema.org\",\"@graph\":[{\"@type\":\"WebPage\",\"@id\":\"https:\/\/aeronoticias.com.pe\/noticiero\/transporte-aereo\/internacional\/latam-airlines-renueva-la-cabina-de-sus-aviones\/\",\"url\":\"https:\/\/aeronoticias.com.pe\/noticiero\/transporte-aereo\/internacional\/latam-airlines-renueva-la-cabina-de-sus-aviones\/\",\"name\":\"Latam Airlines renueva la cabina de sus aviones\",\"isPartOf\":{\"@id\":\"https:\/\/aeronoticias.com.pe\/noticiero\/#website\"},\"primaryImageOfPage\":{\"@id\":\"https:\/\/aeronoticias.com.pe\/noticiero\/transporte-aereo\/internacional\/latam-airlines-renueva-la-cabina-de-sus-aviones\/#primaryimage\"},\"image\":{\"@id\":\"https:\/\/aeronoticias.com.pe\/noticiero\/transporte-aereo\/internacional\/latam-airlines-renueva-la-cabina-de-sus-aviones\/#primaryimage\"},\"thumbnailUrl\":\"https:\/\/aeronoticias.com.pe\/noticiero\/wp-content\/uploads\/2019\/08\/latam-cabina.jpg\",\"datePublished\":\"2019-08-28T17:59:11+00:00\",\"dateModified\":\"2020-11-19T19:45:54+00:00\",\"author\":{\"@id\":\"https:\/\/aeronoticias.com.pe\/noticiero\/#\/schema\/person\/fc1e5d578f4b62ba1cf7ac2bba1170a0\"},\"description\":\"Portal de noticias del Per\u00fa sobre el transporte a\u00e9reo, aviaci\u00f3n, turismo, hoteleria, actualidad.\",\"breadcrumb\":{\"@id\":\"https:\/\/aeronoticias.com.pe\/noticiero\/transporte-aereo\/internacional\/latam-airlines-renueva-la-cabina-de-sus-aviones\/#breadcrumb\"},\"inLanguage\":\"es\",\"potentialAction\":[{\"@type\":\"ReadAction\",\"target\":[\"https:\/\/aeronoticias.com.pe\/noticiero\/transporte-aereo\/internacional\/latam-airlines-renueva-la-cabina-de-sus-aviones\/\"]}]},{\"@type\":\"ImageObject\",\"inLanguage\":\"es\",\"@id\":\"https:\/\/aeronoticias.com.pe\/noticiero\/transporte-aereo\/internacional\/latam-airlines-renueva-la-cabina-de-sus-aviones\/#primaryimage\",\"url\":\"https:\/\/aeronoticias.com.pe\/noticiero\/wp-content\/uploads\/2019\/08\/latam-cabina.jpg\",\"contentUrl\":\"https:\/\/aeronoticias.com.pe\/noticiero\/wp-content\/uploads\/2019\/08\/latam-cabina.jpg\",\"width\":1089,\"height\":612},{\"@type\":\"BreadcrumbList\",\"@id\":\"https:\/\/aeronoticias.com.pe\/noticiero\/transporte-aereo\/internacional\/latam-airlines-renueva-la-cabina-de-sus-aviones\/#breadcrumb\",\"itemListElement\":[{\"@type\":\"ListItem\",\"position\":1,\"name\":\"Portada\",\"item\":\"https:\/\/aeronoticias.com.pe\/noticiero\/\"},{\"@type\":\"ListItem\",\"position\":2,\"name\":\"Latam Airlines renueva la cabina de sus aviones\"}]},{\"@type\":\"WebSite\",\"@id\":\"https:\/\/aeronoticias.com.pe\/noticiero\/#website\",\"url\":\"https:\/\/aeronoticias.com.pe\/noticiero\/\",\"name\":\"Aeronoticias.com.pe\",\"description\":\"Noticias de tranporte aereo, turismo, hoteles, gastronomia, actualidad, internacional\",\"potentialAction\":[{\"@type\":\"SearchAction\",\"target\":{\"@type\":\"EntryPoint\",\"urlTemplate\":\"https:\/\/aeronoticias.com.pe\/noticiero\/?s={search_term_string}\"},\"query-input\":{\"@type\":\"PropertyValueSpecification\",\"valueRequired\":true,\"valueName\":\"search_term_string\"}}],\"inLanguage\":\"es\"},{\"@type\":\"Person\",\"@id\":\"https:\/\/aeronoticias.com.pe\/noticiero\/#\/schema\/person\/fc1e5d578f4b62ba1cf7ac2bba1170a0\",\"name\":\"Redacci\u00f3n Aeronoticias\",\"url\":\"https:\/\/aeronoticias.com.pe\/noticiero\/author\/piloto\/\"}]}<\/script>\n<!-- \/ Yoast SEO plugin. -->","yoast_head_json":{"title":"Latam Airlines renueva la cabina de sus aviones","description":"Portal de noticias del Per\u00fa sobre el transporte a\u00e9reo, aviaci\u00f3n, turismo, hoteleria, actualidad.","robots":{"index":"index","follow":"follow","max-snippet":"max-snippet:-1","max-image-preview":"max-image-preview:large","max-video-preview":"max-video-preview:-1"},"canonical":"https:\/\/aeronoticias.com.pe\/noticiero\/transporte-aereo\/internacional\/latam-airlines-renueva-la-cabina-de-sus-aviones\/","og_locale":"es_ES","og_type":"article","og_title":"Latam Airlines renueva la cabina de sus aviones","og_description":"Portal de noticias del Per\u00fa sobre el transporte a\u00e9reo, aviaci\u00f3n, turismo, hoteleria, actualidad.","og_url":"https:\/\/aeronoticias.com.pe\/noticiero\/transporte-aereo\/internacional\/latam-airlines-renueva-la-cabina-de-sus-aviones\/","og_site_name":"Aeronoticias.com.pe","article_publisher":"https:\/\/www.facebook.com\/Aeronoticias.com.pe\/","article_published_time":"2019-08-28T17:59:11+00:00","article_modified_time":"2020-11-19T19:45:54+00:00","og_image":[{"width":1089,"height":612,"url":"https:\/\/aeronoticias.com.pe\/noticiero\/wp-content\/uploads\/2019\/08\/latam-cabina.jpg","type":"image\/jpeg"}],"author":"Redacci\u00f3n Aeronoticias","twitter_card":"summary_large_image","twitter_creator":"@aeronoticias","twitter_site":"@aeronoticias","twitter_misc":{"Escrito por":"Redacci\u00f3n Aeronoticias","Tiempo de lectura":"3 minutos"},"schema":{"@context":"https:\/\/schema.org","@graph":[{"@type":"WebPage","@id":"https:\/\/aeronoticias.com.pe\/noticiero\/transporte-aereo\/internacional\/latam-airlines-renueva-la-cabina-de-sus-aviones\/","url":"https:\/\/aeronoticias.com.pe\/noticiero\/transporte-aereo\/internacional\/latam-airlines-renueva-la-cabina-de-sus-aviones\/","name":"Latam Airlines renueva la cabina de sus aviones","isPartOf":{"@id":"https:\/\/aeronoticias.com.pe\/noticiero\/#website"},"primaryImageOfPage":{"@id":"https:\/\/aeronoticias.com.pe\/noticiero\/transporte-aereo\/internacional\/latam-airlines-renueva-la-cabina-de-sus-aviones\/#primaryimage"},"image":{"@id":"https:\/\/aeronoticias.com.pe\/noticiero\/transporte-aereo\/internacional\/latam-airlines-renueva-la-cabina-de-sus-aviones\/#primaryimage"},"thumbnailUrl":"https:\/\/aeronoticias.com.pe\/noticiero\/wp-content\/uploads\/2019\/08\/latam-cabina.jpg","datePublished":"2019-08-28T17:59:11+00:00","dateModified":"2020-11-19T19:45:54+00:00","author":{"@id":"https:\/\/aeronoticias.com.pe\/noticiero\/#\/schema\/person\/fc1e5d578f4b62ba1cf7ac2bba1170a0"},"description":"Portal de noticias del Per\u00fa sobre el transporte a\u00e9reo, aviaci\u00f3n, turismo, hoteleria, actualidad.","breadcrumb":{"@id":"https:\/\/aeronoticias.com.pe\/noticiero\/transporte-aereo\/internacional\/latam-airlines-renueva-la-cabina-de-sus-aviones\/#breadcrumb"},"inLanguage":"es","potentialAction":[{"@type":"ReadAction","target":["https:\/\/aeronoticias.com.pe\/noticiero\/transporte-aereo\/internacional\/latam-airlines-renueva-la-cabina-de-sus-aviones\/"]}]},{"@type":"ImageObject","inLanguage":"es","@id":"https:\/\/aeronoticias.com.pe\/noticiero\/transporte-aereo\/internacional\/latam-airlines-renueva-la-cabina-de-sus-aviones\/#primaryimage","url":"https:\/\/aeronoticias.com.pe\/noticiero\/wp-content\/uploads\/2019\/08\/latam-cabina.jpg","contentUrl":"https:\/\/aeronoticias.com.pe\/noticiero\/wp-content\/uploads\/2019\/08\/latam-cabina.jpg","width":1089,"height":612},{"@type":"BreadcrumbList","@id":"https:\/\/aeronoticias.com.pe\/noticiero\/transporte-aereo\/internacional\/latam-airlines-renueva-la-cabina-de-sus-aviones\/#breadcrumb","itemListElement":[{"@type":"ListItem","position":1,"name":"Portada","item":"https:\/\/aeronoticias.com.pe\/noticiero\/"},{"@type":"ListItem","position":2,"name":"Latam Airlines renueva la cabina de sus aviones"}]},{"@type":"WebSite","@id":"https:\/\/aeronoticias.com.pe\/noticiero\/#website","url":"https:\/\/aeronoticias.com.pe\/noticiero\/","name":"Aeronoticias.com.pe","description":"Noticias de tranporte aereo, turismo, hoteles, gastronomia, actualidad, internacional","potentialAction":[{"@type":"SearchAction","target":{"@type":"EntryPoint","urlTemplate":"https:\/\/aeronoticias.com.pe\/noticiero\/?s={search_term_string}"},"query-input":{"@type":"PropertyValueSpecification","valueRequired":true,"valueName":"search_term_string"}}],"inLanguage":"es"},{"@type":"Person","@id":"https:\/\/aeronoticias.com.pe\/noticiero\/#\/schema\/person\/fc1e5d578f4b62ba1cf7ac2bba1170a0","name":"Redacci\u00f3n Aeronoticias","url":"https:\/\/aeronoticias.com.pe\/noticiero\/author\/piloto\/"}]}},"_links":{"self":[{"href":"https:\/\/aeronoticias.com.pe\/noticiero\/wp-json\/wp\/v2\/posts\/58754","targetHints":{"allow":["GET"]}}],"collection":[{"href":"https:\/\/aeronoticias.com.pe\/noticiero\/wp-json\/wp\/v2\/posts"}],"about":[{"href":"https:\/\/aeronoticias.com.pe\/noticiero\/wp-json\/wp\/v2\/types\/post"}],"author":[{"embeddable":true,"href":"https:\/\/aeronoticias.com.pe\/noticiero\/wp-json\/wp\/v2\/users\/1"}],"replies":[{"embeddable":true,"href":"https:\/\/aeronoticias.com.pe\/noticiero\/wp-json\/wp\/v2\/comments?post=58754"}],"version-history":[{"count":0,"href":"https:\/\/aeronoticias.com.pe\/noticiero\/wp-json\/wp\/v2\/posts\/58754\/revisions"}],"wp:featuredmedia":[{"embeddable":true,"href":"https:\/\/aeronoticias.com.pe\/noticiero\/wp-json\/wp\/v2\/media\/65951"}],"wp:attachment":[{"href":"https:\/\/aeronoticias.com.pe\/noticiero\/wp-json\/wp\/v2\/media?parent=58754"}],"wp:term":[{"taxonomy":"category","embeddable":true,"href":"https:\/\/aeronoticias.com.pe\/noticiero\/wp-json\/wp\/v2\/categories?post=58754"},{"taxonomy":"post_tag","embeddable":true,"href":"https:\/\/aeronoticias.com.pe\/noticiero\/wp-json\/wp\/v2\/tags?post=58754"}],"curies":[{"name":"wp","href":"https:\/\/api.w.org\/{rel}","templated":true}]}}