{"id":58755,"date":"2019-08-28T18:03:43","date_gmt":"2019-08-28T18:03:43","guid":{"rendered":"http:\/\/desarrollo.mcvicious.com\/aero2020\/2019\/08\/28\/emirates-y-aeromexico-envueltos-en-una-serie-de-enfrentamientos-y-acusaciones\/"},"modified":"2020-11-19T13:45:28","modified_gmt":"2020-11-19T18:45:28","slug":"emirates-y-aeromexico-envueltos-en-una-serie-de-enfrentamientos-y-acusaciones","status":"publish","type":"post","link":"https:\/\/aeronoticias.com.pe\/noticiero\/transporte-aereo\/internacional\/emirates-y-aeromexico-envueltos-en-una-serie-de-enfrentamientos-y-acusaciones\/","title":{"rendered":"Emirates y Aerom\u00e9xico envueltos en una serie de enfrentamientos y acusaciones"},"content":{"rendered":"\n<p>El presidente de Emirates Airline, Sir Tim Clark, acus\u00f3 al directivo de Aerom\u00e9xico, Andr\u00e9s Conesa, de orquestar una campa\u00f1a en su contra para evitar que entren en competencia con ellos a finales de este a\u00f1o.<\/p>\n\n\n\n<p class=\"p1\">Seg\u00fan dijo, hay una campa\u00f1a p\u00fablica de desinformaci\u00f3n para bloquear el lanzamiento de la ruta Emirates de M\u00e9xico-Barcelona-Dubai, prevista para diciembre de este a\u00f1o. \u201cDifundir falsedades para negar a los consumidores mexicanos opciones competitivas y acceso en mercados dr\u00e1sticamente desatendidos, es deshonesto\u201d, se\u00f1al\u00f3 el funcionario a trav\u00e9s de un comunicado.<\/p>\n\n\n\n<p class=\"p1\">\u201cDesde que Emirates anunci\u00f3 sus planes para operar vuelos desde Dub\u00e1i con destino a Ciudad de M\u00e9xico v\u00eda Barcelona; Andr\u00e9s Conesa, CEO de Aerom\u00e9xico, inmediatamente emprendi\u00f3 una campa\u00f1a p\u00fablica de desinformaci\u00f3n destinada a bloquear el lanzamiento de la ruta de Emirates prevista para diciembre de 2019\u201d.<\/p>\n\n\n\n<p class=\"p1\">Las acusaciones de Aerom\u00e9xico con respecto a los futuros servicios de Emirates en M\u00e9xico, carecen de fundamento, seg\u00fan acus\u00f3 el presidente de la aerol\u00ednea \u00e1rabe. Dijo adem\u00e1s que la operaci\u00f3n planificada por su compa\u00f1\u00eda est\u00e1 totalmente en l\u00ednea con el acuerdo de servicios a\u00e9reos bilaterales, legalmente v\u00e1lido y vinculante entre los Emiratos \u00c1rabes Unidos y M\u00e9xico. El acuerdo, firmado el 10 de octubre de 2012, abre la posibilidad de que la empresa use quintas libertades en ambos pa\u00edses.<\/p>\n\n\n\n<p class=\"p1\">Asimismo, asegur\u00f3 que estos derechos fueron otorgados por el gobierno mexicano sin ninguna restricci\u00f3n, bajo un Memorando de Entendimiento entre Estados Unidos y M\u00e9xico, firmado en diciembre de 2016 y que est\u00e1n en contacto con las autoridades competentes en M\u00e9xico para completar todos los tr\u00e1mites habituales antes de comenzar los servicios.<\/p>\n\n\n\n<p class=\"p1\">En su comunicado, dijo que Emirates est\u00e1 comprometida con retribuir a la econom\u00eda mexicana y estimular la creaci\u00f3n de empleo, adem\u00e1s de generar \u201cimportantes beneficios sociales\u201d para la Ciudad de M\u00e9xico y el pa\u00eds en general.<\/p>\n\n\n\n<p class=\"p1\">\u201cAlentamos a Aerom\u00e9xico a que busque extender sus vuelos desde M\u00e9xico a Barcelona. Emirates no tendr\u00eda inconvenientes con ello\u201d, agreg\u00f3. Y dijo que la compa\u00f1\u00eda que representa se gestiona comercialmente y es financieramente transparente. Adem\u00e1s, dijo que no recibe subsidios del gobierno y que PricewaterhouseCoopers audita sus cuentas financieras en total conformidad con los est\u00e1ndares internacionales.<\/p>\n\n\n\n<p class=\"p1\">\u201cVale la pena destacar que Delta Air Lines, el mayor accionista de Aerom\u00e9xico, ha alegado ante el gobierno de los Estados Unidos, que Emirates es favorecido mediante subsidios. Sin embargo, la administraci\u00f3n norteamericana en respuesta, p\u00fablicamente destac\u00f3 que \u201clos reportes financieros auditados han sido emitidos durante muchos a\u00f1os por la aerol\u00ednea Emirates\u201d, recalc\u00f3.<\/p>\n\n\n\n<p class=\"p1\">Respecto a la intromisi\u00f3n de Delta Air Lines, dijo que su posici\u00f3n en la empresa mexicana le permite orquestar esta campa\u00f1a anticompetititva, y que \u201cde ser este el caso, esta aerol\u00ednea americana busca negar a consumidores, sobre todo a los mexicanos, oportunidades de viajar sin contratiempos a 84 mercados de la red global de Emirates\u201d.<\/p>\n\n\n\n<p class=\"p1\">Fuente: <span style=\"text-decoration: underline;\"><em><strong>Infobae.<\/strong><\/em><\/span><\/p>\n","protected":false},"excerpt":{"rendered":"<p>El presidente de Emirates Airline, Sir Tim Clark, acus\u00f3 al directivo de Aerom\u00e9xico, Andr\u00e9s Conesa, de orquestar una campa\u00f1a en su contra para evitar que entren en competencia con ellos a finales de este a\u00f1o. Seg\u00fan dijo, hay una campa\u00f1a p\u00fablica de desinformaci\u00f3n para bloquear el lanzamiento de la ruta Emirates de M\u00e9xico-Barcelona-Dubai, prevista para [&hellip;]<\/p>\n","protected":false},"author":1,"featured_media":65940,"comment_status":"open","ping_status":"open","sticky":false,"template":"","format":"standard","meta":{"tdm_status":"","tdm_grid_status":"","footnotes":""},"categories":[32,11],"tags":[224,161,143],"class_list":{"0":"post-58755","1":"post","2":"type-post","3":"status-publish","4":"format-standard","5":"has-post-thumbnail","7":"category-internacional","8":"category-transporte-aereo","9":"tag-aeromexico","10":"tag-emirates","11":"tag-emirates-airlines"},"yoast_head":"<!-- This site is optimized with the Yoast SEO plugin v25.1 - https:\/\/yoast.com\/wordpress\/plugins\/seo\/ -->\n<title>Emirates y Aerom\u00e9xico envueltos en una serie de enfrentamientos y acusaciones<\/title>\n<meta name=\"description\" content=\"Portal de noticias del Per\u00fa sobre el transporte a\u00e9reo, aviaci\u00f3n, turismo, hoteleria, actualidad.\" \/>\n<meta name=\"robots\" content=\"index, follow, max-snippet:-1, max-image-preview:large, max-video-preview:-1\" \/>\n<link rel=\"canonical\" href=\"https:\/\/aeronoticias.com.pe\/noticiero\/transporte-aereo\/internacional\/emirates-y-aeromexico-envueltos-en-una-serie-de-enfrentamientos-y-acusaciones\/\" \/>\n<meta property=\"og:locale\" content=\"es_ES\" \/>\n<meta property=\"og:type\" content=\"article\" \/>\n<meta property=\"og:title\" content=\"Emirates y Aerom\u00e9xico envueltos en una serie de enfrentamientos y acusaciones\" \/>\n<meta property=\"og:description\" content=\"Portal de noticias del Per\u00fa sobre el transporte a\u00e9reo, aviaci\u00f3n, turismo, hoteleria, actualidad.\" \/>\n<meta property=\"og:url\" content=\"https:\/\/aeronoticias.com.pe\/noticiero\/transporte-aereo\/internacional\/emirates-y-aeromexico-envueltos-en-una-serie-de-enfrentamientos-y-acusaciones\/\" \/>\n<meta property=\"og:site_name\" content=\"Aeronoticias.com.pe\" \/>\n<meta property=\"article:publisher\" content=\"https:\/\/www.facebook.com\/Aeronoticias.com.pe\/\" \/>\n<meta property=\"article:published_time\" content=\"2019-08-28T18:03:43+00:00\" \/>\n<meta property=\"article:modified_time\" content=\"2020-11-19T18:45:28+00:00\" \/>\n<meta property=\"og:image\" content=\"https:\/\/aeronoticias.com.pe\/noticiero\/wp-content\/uploads\/2019\/08\/EMIRATES-AEROMEXICO.png\" \/>\n\t<meta property=\"og:image:width\" content=\"1200\" \/>\n\t<meta property=\"og:image:height\" content=\"630\" \/>\n\t<meta property=\"og:image:type\" content=\"image\/png\" \/>\n<meta name=\"author\" content=\"Redacci\u00f3n Aeronoticias\" \/>\n<meta name=\"twitter:card\" content=\"summary_large_image\" \/>\n<meta name=\"twitter:creator\" content=\"@aeronoticias\" \/>\n<meta name=\"twitter:site\" content=\"@aeronoticias\" \/>\n<meta name=\"twitter:label1\" content=\"Escrito por\" \/>\n\t<meta name=\"twitter:data1\" content=\"Redacci\u00f3n Aeronoticias\" \/>\n\t<meta name=\"twitter:label2\" content=\"Tiempo de lectura\" \/>\n\t<meta name=\"twitter:data2\" content=\"3 minutos\" \/>\n<script type=\"application\/ld+json\" class=\"yoast-schema-graph\">{\"@context\":\"https:\/\/schema.org\",\"@graph\":[{\"@type\":\"WebPage\",\"@id\":\"https:\/\/aeronoticias.com.pe\/noticiero\/transporte-aereo\/internacional\/emirates-y-aeromexico-envueltos-en-una-serie-de-enfrentamientos-y-acusaciones\/\",\"url\":\"https:\/\/aeronoticias.com.pe\/noticiero\/transporte-aereo\/internacional\/emirates-y-aeromexico-envueltos-en-una-serie-de-enfrentamientos-y-acusaciones\/\",\"name\":\"Emirates y Aerom\u00e9xico envueltos en una serie de enfrentamientos y acusaciones\",\"isPartOf\":{\"@id\":\"https:\/\/aeronoticias.com.pe\/noticiero\/#website\"},\"primaryImageOfPage\":{\"@id\":\"https:\/\/aeronoticias.com.pe\/noticiero\/transporte-aereo\/internacional\/emirates-y-aeromexico-envueltos-en-una-serie-de-enfrentamientos-y-acusaciones\/#primaryimage\"},\"image\":{\"@id\":\"https:\/\/aeronoticias.com.pe\/noticiero\/transporte-aereo\/internacional\/emirates-y-aeromexico-envueltos-en-una-serie-de-enfrentamientos-y-acusaciones\/#primaryimage\"},\"thumbnailUrl\":\"https:\/\/aeronoticias.com.pe\/noticiero\/wp-content\/uploads\/2019\/08\/EMIRATES-AEROMEXICO.png\",\"datePublished\":\"2019-08-28T18:03:43+00:00\",\"dateModified\":\"2020-11-19T18:45:28+00:00\",\"author\":{\"@id\":\"https:\/\/aeronoticias.com.pe\/noticiero\/#\/schema\/person\/fc1e5d578f4b62ba1cf7ac2bba1170a0\"},\"description\":\"Portal de noticias del Per\u00fa sobre el transporte a\u00e9reo, aviaci\u00f3n, turismo, hoteleria, actualidad.\",\"breadcrumb\":{\"@id\":\"https:\/\/aeronoticias.com.pe\/noticiero\/transporte-aereo\/internacional\/emirates-y-aeromexico-envueltos-en-una-serie-de-enfrentamientos-y-acusaciones\/#breadcrumb\"},\"inLanguage\":\"es\",\"potentialAction\":[{\"@type\":\"ReadAction\",\"target\":[\"https:\/\/aeronoticias.com.pe\/noticiero\/transporte-aereo\/internacional\/emirates-y-aeromexico-envueltos-en-una-serie-de-enfrentamientos-y-acusaciones\/\"]}]},{\"@type\":\"ImageObject\",\"inLanguage\":\"es\",\"@id\":\"https:\/\/aeronoticias.com.pe\/noticiero\/transporte-aereo\/internacional\/emirates-y-aeromexico-envueltos-en-una-serie-de-enfrentamientos-y-acusaciones\/#primaryimage\",\"url\":\"https:\/\/aeronoticias.com.pe\/noticiero\/wp-content\/uploads\/2019\/08\/EMIRATES-AEROMEXICO.png\",\"contentUrl\":\"https:\/\/aeronoticias.com.pe\/noticiero\/wp-content\/uploads\/2019\/08\/EMIRATES-AEROMEXICO.png\",\"width\":1200,\"height\":630},{\"@type\":\"BreadcrumbList\",\"@id\":\"https:\/\/aeronoticias.com.pe\/noticiero\/transporte-aereo\/internacional\/emirates-y-aeromexico-envueltos-en-una-serie-de-enfrentamientos-y-acusaciones\/#breadcrumb\",\"itemListElement\":[{\"@type\":\"ListItem\",\"position\":1,\"name\":\"Portada\",\"item\":\"https:\/\/aeronoticias.com.pe\/noticiero\/\"},{\"@type\":\"ListItem\",\"position\":2,\"name\":\"Emirates y Aerom\u00e9xico envueltos en una serie de enfrentamientos y acusaciones\"}]},{\"@type\":\"WebSite\",\"@id\":\"https:\/\/aeronoticias.com.pe\/noticiero\/#website\",\"url\":\"https:\/\/aeronoticias.com.pe\/noticiero\/\",\"name\":\"Aeronoticias.com.pe\",\"description\":\"Noticias de tranporte aereo, turismo, hoteles, gastronomia, actualidad, internacional\",\"potentialAction\":[{\"@type\":\"SearchAction\",\"target\":{\"@type\":\"EntryPoint\",\"urlTemplate\":\"https:\/\/aeronoticias.com.pe\/noticiero\/?s={search_term_string}\"},\"query-input\":{\"@type\":\"PropertyValueSpecification\",\"valueRequired\":true,\"valueName\":\"search_term_string\"}}],\"inLanguage\":\"es\"},{\"@type\":\"Person\",\"@id\":\"https:\/\/aeronoticias.com.pe\/noticiero\/#\/schema\/person\/fc1e5d578f4b62ba1cf7ac2bba1170a0\",\"name\":\"Redacci\u00f3n Aeronoticias\",\"url\":\"https:\/\/aeronoticias.com.pe\/noticiero\/author\/piloto\/\"}]}<\/script>\n<!-- \/ Yoast SEO plugin. -->","yoast_head_json":{"title":"Emirates y Aerom\u00e9xico envueltos en una serie de enfrentamientos y acusaciones","description":"Portal de noticias del Per\u00fa sobre el transporte a\u00e9reo, aviaci\u00f3n, turismo, hoteleria, actualidad.","robots":{"index":"index","follow":"follow","max-snippet":"max-snippet:-1","max-image-preview":"max-image-preview:large","max-video-preview":"max-video-preview:-1"},"canonical":"https:\/\/aeronoticias.com.pe\/noticiero\/transporte-aereo\/internacional\/emirates-y-aeromexico-envueltos-en-una-serie-de-enfrentamientos-y-acusaciones\/","og_locale":"es_ES","og_type":"article","og_title":"Emirates y Aerom\u00e9xico envueltos en una serie de enfrentamientos y acusaciones","og_description":"Portal de noticias del Per\u00fa sobre el transporte a\u00e9reo, aviaci\u00f3n, turismo, hoteleria, actualidad.","og_url":"https:\/\/aeronoticias.com.pe\/noticiero\/transporte-aereo\/internacional\/emirates-y-aeromexico-envueltos-en-una-serie-de-enfrentamientos-y-acusaciones\/","og_site_name":"Aeronoticias.com.pe","article_publisher":"https:\/\/www.facebook.com\/Aeronoticias.com.pe\/","article_published_time":"2019-08-28T18:03:43+00:00","article_modified_time":"2020-11-19T18:45:28+00:00","og_image":[{"width":1200,"height":630,"url":"https:\/\/aeronoticias.com.pe\/noticiero\/wp-content\/uploads\/2019\/08\/EMIRATES-AEROMEXICO.png","type":"image\/png"}],"author":"Redacci\u00f3n Aeronoticias","twitter_card":"summary_large_image","twitter_creator":"@aeronoticias","twitter_site":"@aeronoticias","twitter_misc":{"Escrito por":"Redacci\u00f3n Aeronoticias","Tiempo de lectura":"3 minutos"},"schema":{"@context":"https:\/\/schema.org","@graph":[{"@type":"WebPage","@id":"https:\/\/aeronoticias.com.pe\/noticiero\/transporte-aereo\/internacional\/emirates-y-aeromexico-envueltos-en-una-serie-de-enfrentamientos-y-acusaciones\/","url":"https:\/\/aeronoticias.com.pe\/noticiero\/transporte-aereo\/internacional\/emirates-y-aeromexico-envueltos-en-una-serie-de-enfrentamientos-y-acusaciones\/","name":"Emirates y Aerom\u00e9xico envueltos en una serie de enfrentamientos y acusaciones","isPartOf":{"@id":"https:\/\/aeronoticias.com.pe\/noticiero\/#website"},"primaryImageOfPage":{"@id":"https:\/\/aeronoticias.com.pe\/noticiero\/transporte-aereo\/internacional\/emirates-y-aeromexico-envueltos-en-una-serie-de-enfrentamientos-y-acusaciones\/#primaryimage"},"image":{"@id":"https:\/\/aeronoticias.com.pe\/noticiero\/transporte-aereo\/internacional\/emirates-y-aeromexico-envueltos-en-una-serie-de-enfrentamientos-y-acusaciones\/#primaryimage"},"thumbnailUrl":"https:\/\/aeronoticias.com.pe\/noticiero\/wp-content\/uploads\/2019\/08\/EMIRATES-AEROMEXICO.png","datePublished":"2019-08-28T18:03:43+00:00","dateModified":"2020-11-19T18:45:28+00:00","author":{"@id":"https:\/\/aeronoticias.com.pe\/noticiero\/#\/schema\/person\/fc1e5d578f4b62ba1cf7ac2bba1170a0"},"description":"Portal de noticias del Per\u00fa sobre el transporte a\u00e9reo, aviaci\u00f3n, turismo, hoteleria, actualidad.","breadcrumb":{"@id":"https:\/\/aeronoticias.com.pe\/noticiero\/transporte-aereo\/internacional\/emirates-y-aeromexico-envueltos-en-una-serie-de-enfrentamientos-y-acusaciones\/#breadcrumb"},"inLanguage":"es","potentialAction":[{"@type":"ReadAction","target":["https:\/\/aeronoticias.com.pe\/noticiero\/transporte-aereo\/internacional\/emirates-y-aeromexico-envueltos-en-una-serie-de-enfrentamientos-y-acusaciones\/"]}]},{"@type":"ImageObject","inLanguage":"es","@id":"https:\/\/aeronoticias.com.pe\/noticiero\/transporte-aereo\/internacional\/emirates-y-aeromexico-envueltos-en-una-serie-de-enfrentamientos-y-acusaciones\/#primaryimage","url":"https:\/\/aeronoticias.com.pe\/noticiero\/wp-content\/uploads\/2019\/08\/EMIRATES-AEROMEXICO.png","contentUrl":"https:\/\/aeronoticias.com.pe\/noticiero\/wp-content\/uploads\/2019\/08\/EMIRATES-AEROMEXICO.png","width":1200,"height":630},{"@type":"BreadcrumbList","@id":"https:\/\/aeronoticias.com.pe\/noticiero\/transporte-aereo\/internacional\/emirates-y-aeromexico-envueltos-en-una-serie-de-enfrentamientos-y-acusaciones\/#breadcrumb","itemListElement":[{"@type":"ListItem","position":1,"name":"Portada","item":"https:\/\/aeronoticias.com.pe\/noticiero\/"},{"@type":"ListItem","position":2,"name":"Emirates y Aerom\u00e9xico envueltos en una serie de enfrentamientos y acusaciones"}]},{"@type":"WebSite","@id":"https:\/\/aeronoticias.com.pe\/noticiero\/#website","url":"https:\/\/aeronoticias.com.pe\/noticiero\/","name":"Aeronoticias.com.pe","description":"Noticias de tranporte aereo, turismo, hoteles, gastronomia, actualidad, internacional","potentialAction":[{"@type":"SearchAction","target":{"@type":"EntryPoint","urlTemplate":"https:\/\/aeronoticias.com.pe\/noticiero\/?s={search_term_string}"},"query-input":{"@type":"PropertyValueSpecification","valueRequired":true,"valueName":"search_term_string"}}],"inLanguage":"es"},{"@type":"Person","@id":"https:\/\/aeronoticias.com.pe\/noticiero\/#\/schema\/person\/fc1e5d578f4b62ba1cf7ac2bba1170a0","name":"Redacci\u00f3n Aeronoticias","url":"https:\/\/aeronoticias.com.pe\/noticiero\/author\/piloto\/"}]}},"_links":{"self":[{"href":"https:\/\/aeronoticias.com.pe\/noticiero\/wp-json\/wp\/v2\/posts\/58755","targetHints":{"allow":["GET"]}}],"collection":[{"href":"https:\/\/aeronoticias.com.pe\/noticiero\/wp-json\/wp\/v2\/posts"}],"about":[{"href":"https:\/\/aeronoticias.com.pe\/noticiero\/wp-json\/wp\/v2\/types\/post"}],"author":[{"embeddable":true,"href":"https:\/\/aeronoticias.com.pe\/noticiero\/wp-json\/wp\/v2\/users\/1"}],"replies":[{"embeddable":true,"href":"https:\/\/aeronoticias.com.pe\/noticiero\/wp-json\/wp\/v2\/comments?post=58755"}],"version-history":[{"count":0,"href":"https:\/\/aeronoticias.com.pe\/noticiero\/wp-json\/wp\/v2\/posts\/58755\/revisions"}],"wp:featuredmedia":[{"embeddable":true,"href":"https:\/\/aeronoticias.com.pe\/noticiero\/wp-json\/wp\/v2\/media\/65940"}],"wp:attachment":[{"href":"https:\/\/aeronoticias.com.pe\/noticiero\/wp-json\/wp\/v2\/media?parent=58755"}],"wp:term":[{"taxonomy":"category","embeddable":true,"href":"https:\/\/aeronoticias.com.pe\/noticiero\/wp-json\/wp\/v2\/categories?post=58755"},{"taxonomy":"post_tag","embeddable":true,"href":"https:\/\/aeronoticias.com.pe\/noticiero\/wp-json\/wp\/v2\/tags?post=58755"}],"curies":[{"name":"wp","href":"https:\/\/api.w.org\/{rel}","templated":true}]}}