{"id":58756,"date":"2019-08-28T18:09:36","date_gmt":"2019-08-28T18:09:36","guid":{"rendered":"http:\/\/desarrollo.mcvicious.com\/aero2020\/2019\/08\/28\/american-airlines-refuerza-contacto-con-pasajeros-frente-a-retrasos\/"},"modified":"2020-11-19T13:40:44","modified_gmt":"2020-11-19T18:40:44","slug":"american-airlines-refuerza-contacto-con-pasajeros-frente-a-retrasos","status":"publish","type":"post","link":"https:\/\/aeronoticias.com.pe\/noticiero\/transporte-aereo\/internacional\/american-airlines-refuerza-contacto-con-pasajeros-frente-a-retrasos\/","title":{"rendered":"American Airlines refuerza contacto con pasajeros frente a retrasos"},"content":{"rendered":"\n<p>American Airlines Group Inc. est\u00e1 intensificando los esfuerzos de control de da\u00f1os con sus clientes que han sufrido m\u00faltiples demoras o cancelaciones, a medida que las interrupciones de vuelos persisten debido a una desaceleraci\u00f3n laboral por parte de mec\u00e1nicos y manipuladores de equipaje.<\/p>\n\n\n\n<p class=\"p1\">Las operaciones han mejorado mes a mes desde junio, dijo Kerry Philipovitch, vicepresidenta senior de experiencia del cliente, el martes en una conferencia de aviaci\u00f3n en Las Vegas.<\/p>\n\n\n\n<p class=\"p1\">Fue entonces cuando un tribunal federal emiti\u00f3 una orden de restricci\u00f3n temporal contra la TWU-IAM Association para poner fin a una acci\u00f3n laboral respaldada por el sindicato, establecida para ganar influencia en largas conversaciones contractuales. Un magistrado acept\u00f3 el mes pasado un mandato judicial permanente contra el sindicato, que est\u00e1 apelando la decisi\u00f3n.<\/p>\n\n\n\n<p class=\"p1\">La ralentizaci\u00f3n de los trabajadores provoc\u00f3 m\u00e1s de 1.200 cancelaciones y demoras prolongadas, un duro golpe para la ajetreada temporada de viajes de verano de los estadounidenses. La interrupci\u00f3n ha elevado los costos operativos al mantener los aviones fuera de servicio por m\u00e1s tiempo de lo normal y ha forzado a la empresa a comenzar el d\u00eda con menos aviones operativos. La aerol\u00ednea demand\u00f3 al sindicato por da\u00f1os y perjuicios para ayudar a recuperar parte de los gastos.<\/p>\n\n\n\n<p class=\"p1\">\u201cTodav\u00eda no hemos vuelto a los niveles totales de productividad y capacidad dentro de nuestra organizaci\u00f3n de mantenimiento\u201d, dijo Philipovitch en la conferencia. \u201cA\u00fan sentimos los efectos\u201d.<\/p>\n\n\n\n<p class=\"p1\">El equipo de \u201crecuperaci\u00f3n\u201d de la aerol\u00ednea se est\u00e1 contactando con los clientes m\u00e1s afectados, muchos de ellos viajeros frecuentes de American, en algunos casos solo para empatizar y en otros para ofrecer una compensaci\u00f3n, que generalmente implica millas adicionales de un programa de fidelizaci\u00f3n. Los empleados podr\u00edan hacer \u201calgo m\u00e1s creativo\u201d dependiendo de las circunstancias.<\/p>\n\n\n\n<p class=\"p1\">\u201cCiertamente hemos decepcionado a la gente\u201d, dijo la ejecutiva. Philipovitch no especific\u00f3 cu\u00e1ntos clientes han experimentado m\u00faltiples retrasos. La aerol\u00ednea no ha observado una \u201cdeserci\u00f3n material\u201d de clientes corporativos.<\/p>\n\n\n\n<p class=\"p1\">Un programa de capacitaci\u00f3n de servicio al cliente solicita a los trabajadores que se disculpen con los pasajeros cuando los vuelos salen mal, pero en esta ocasi\u00f3n no se les ha ordenado hacerlo, dijo el ejecutivo. \u201cLo que m\u00e1s escucho es \u2019estoy cansado de disculparme\u2019\u201d.<\/p>\n\n\n\n<p class=\"p1\">Fuente: <span style=\"text-decoration: underline;\"><em><strong>Aviaci\u00f3n al d\u00eda<\/strong><\/em><\/span>.<\/p>\n","protected":false},"excerpt":{"rendered":"<p>American Airlines Group Inc. est\u00e1 intensificando los esfuerzos de control de da\u00f1os con sus clientes que han sufrido m\u00faltiples demoras o cancelaciones, a medida que las interrupciones de vuelos persisten debido a una desaceleraci\u00f3n laboral por parte de mec\u00e1nicos y manipuladores de equipaje. Las operaciones han mejorado mes a mes desde junio, dijo Kerry Philipovitch, [&hellip;]<\/p>\n","protected":false},"author":1,"featured_media":65938,"comment_status":"open","ping_status":"open","sticky":false,"template":"","format":"standard","meta":{"tdm_status":"","tdm_grid_status":"","footnotes":""},"categories":[32,11],"tags":[213,912],"class_list":{"0":"post-58756","1":"post","2":"type-post","3":"status-publish","4":"format-standard","5":"has-post-thumbnail","7":"category-internacional","8":"category-transporte-aereo","9":"tag-american-airlines","10":"tag-american-airlines-group-inc"},"yoast_head":"<!-- This site is optimized with the Yoast SEO plugin v25.1 - https:\/\/yoast.com\/wordpress\/plugins\/seo\/ -->\n<title>American Airlines refuerza contacto con pasajeros frente a retrasos<\/title>\n<meta name=\"description\" content=\"Portal de noticias del Per\u00fa sobre el transporte a\u00e9reo, aviaci\u00f3n, turismo, hoteleria, actualidad.\" \/>\n<meta name=\"robots\" content=\"index, follow, max-snippet:-1, max-image-preview:large, max-video-preview:-1\" \/>\n<link rel=\"canonical\" href=\"https:\/\/aeronoticias.com.pe\/noticiero\/transporte-aereo\/internacional\/american-airlines-refuerza-contacto-con-pasajeros-frente-a-retrasos\/\" \/>\n<meta property=\"og:locale\" content=\"es_ES\" \/>\n<meta property=\"og:type\" content=\"article\" \/>\n<meta property=\"og:title\" content=\"American Airlines refuerza contacto con pasajeros frente a retrasos\" \/>\n<meta property=\"og:description\" content=\"Portal de noticias del Per\u00fa sobre el transporte a\u00e9reo, aviaci\u00f3n, turismo, hoteleria, actualidad.\" \/>\n<meta property=\"og:url\" content=\"https:\/\/aeronoticias.com.pe\/noticiero\/transporte-aereo\/internacional\/american-airlines-refuerza-contacto-con-pasajeros-frente-a-retrasos\/\" \/>\n<meta property=\"og:site_name\" content=\"Aeronoticias.com.pe\" \/>\n<meta property=\"article:publisher\" content=\"https:\/\/www.facebook.com\/Aeronoticias.com.pe\/\" \/>\n<meta property=\"article:published_time\" content=\"2019-08-28T18:09:36+00:00\" \/>\n<meta property=\"article:modified_time\" content=\"2020-11-19T18:40:44+00:00\" \/>\n<meta property=\"og:image\" content=\"https:\/\/aeronoticias.com.pe\/noticiero\/wp-content\/uploads\/2019\/08\/American-Airlines-1.jpg\" \/>\n\t<meta property=\"og:image:width\" content=\"1000\" \/>\n\t<meta property=\"og:image:height\" content=\"541\" \/>\n\t<meta property=\"og:image:type\" content=\"image\/jpeg\" \/>\n<meta name=\"author\" content=\"Redacci\u00f3n Aeronoticias\" \/>\n<meta name=\"twitter:card\" content=\"summary_large_image\" \/>\n<meta name=\"twitter:creator\" content=\"@aeronoticias\" \/>\n<meta name=\"twitter:site\" content=\"@aeronoticias\" \/>\n<meta name=\"twitter:label1\" content=\"Escrito por\" \/>\n\t<meta name=\"twitter:data1\" content=\"Redacci\u00f3n Aeronoticias\" \/>\n\t<meta name=\"twitter:label2\" content=\"Tiempo de lectura\" \/>\n\t<meta name=\"twitter:data2\" content=\"2 minutos\" \/>\n<script type=\"application\/ld+json\" class=\"yoast-schema-graph\">{\"@context\":\"https:\/\/schema.org\",\"@graph\":[{\"@type\":\"WebPage\",\"@id\":\"https:\/\/aeronoticias.com.pe\/noticiero\/transporte-aereo\/internacional\/american-airlines-refuerza-contacto-con-pasajeros-frente-a-retrasos\/\",\"url\":\"https:\/\/aeronoticias.com.pe\/noticiero\/transporte-aereo\/internacional\/american-airlines-refuerza-contacto-con-pasajeros-frente-a-retrasos\/\",\"name\":\"American Airlines refuerza contacto con pasajeros frente a retrasos\",\"isPartOf\":{\"@id\":\"https:\/\/aeronoticias.com.pe\/noticiero\/#website\"},\"primaryImageOfPage\":{\"@id\":\"https:\/\/aeronoticias.com.pe\/noticiero\/transporte-aereo\/internacional\/american-airlines-refuerza-contacto-con-pasajeros-frente-a-retrasos\/#primaryimage\"},\"image\":{\"@id\":\"https:\/\/aeronoticias.com.pe\/noticiero\/transporte-aereo\/internacional\/american-airlines-refuerza-contacto-con-pasajeros-frente-a-retrasos\/#primaryimage\"},\"thumbnailUrl\":\"https:\/\/aeronoticias.com.pe\/noticiero\/wp-content\/uploads\/2019\/08\/American-Airlines-1.jpg\",\"datePublished\":\"2019-08-28T18:09:36+00:00\",\"dateModified\":\"2020-11-19T18:40:44+00:00\",\"author\":{\"@id\":\"https:\/\/aeronoticias.com.pe\/noticiero\/#\/schema\/person\/fc1e5d578f4b62ba1cf7ac2bba1170a0\"},\"description\":\"Portal de noticias del Per\u00fa sobre el transporte a\u00e9reo, aviaci\u00f3n, turismo, hoteleria, actualidad.\",\"breadcrumb\":{\"@id\":\"https:\/\/aeronoticias.com.pe\/noticiero\/transporte-aereo\/internacional\/american-airlines-refuerza-contacto-con-pasajeros-frente-a-retrasos\/#breadcrumb\"},\"inLanguage\":\"es\",\"potentialAction\":[{\"@type\":\"ReadAction\",\"target\":[\"https:\/\/aeronoticias.com.pe\/noticiero\/transporte-aereo\/internacional\/american-airlines-refuerza-contacto-con-pasajeros-frente-a-retrasos\/\"]}]},{\"@type\":\"ImageObject\",\"inLanguage\":\"es\",\"@id\":\"https:\/\/aeronoticias.com.pe\/noticiero\/transporte-aereo\/internacional\/american-airlines-refuerza-contacto-con-pasajeros-frente-a-retrasos\/#primaryimage\",\"url\":\"https:\/\/aeronoticias.com.pe\/noticiero\/wp-content\/uploads\/2019\/08\/American-Airlines-1.jpg\",\"contentUrl\":\"https:\/\/aeronoticias.com.pe\/noticiero\/wp-content\/uploads\/2019\/08\/American-Airlines-1.jpg\",\"width\":1000,\"height\":541},{\"@type\":\"BreadcrumbList\",\"@id\":\"https:\/\/aeronoticias.com.pe\/noticiero\/transporte-aereo\/internacional\/american-airlines-refuerza-contacto-con-pasajeros-frente-a-retrasos\/#breadcrumb\",\"itemListElement\":[{\"@type\":\"ListItem\",\"position\":1,\"name\":\"Portada\",\"item\":\"https:\/\/aeronoticias.com.pe\/noticiero\/\"},{\"@type\":\"ListItem\",\"position\":2,\"name\":\"American Airlines refuerza contacto con pasajeros frente a retrasos\"}]},{\"@type\":\"WebSite\",\"@id\":\"https:\/\/aeronoticias.com.pe\/noticiero\/#website\",\"url\":\"https:\/\/aeronoticias.com.pe\/noticiero\/\",\"name\":\"Aeronoticias.com.pe\",\"description\":\"Noticias de tranporte aereo, turismo, hoteles, gastronomia, actualidad, internacional\",\"potentialAction\":[{\"@type\":\"SearchAction\",\"target\":{\"@type\":\"EntryPoint\",\"urlTemplate\":\"https:\/\/aeronoticias.com.pe\/noticiero\/?s={search_term_string}\"},\"query-input\":{\"@type\":\"PropertyValueSpecification\",\"valueRequired\":true,\"valueName\":\"search_term_string\"}}],\"inLanguage\":\"es\"},{\"@type\":\"Person\",\"@id\":\"https:\/\/aeronoticias.com.pe\/noticiero\/#\/schema\/person\/fc1e5d578f4b62ba1cf7ac2bba1170a0\",\"name\":\"Redacci\u00f3n Aeronoticias\",\"url\":\"https:\/\/aeronoticias.com.pe\/noticiero\/author\/piloto\/\"}]}<\/script>\n<!-- \/ Yoast SEO plugin. -->","yoast_head_json":{"title":"American Airlines refuerza contacto con pasajeros frente a retrasos","description":"Portal de noticias del Per\u00fa sobre el transporte a\u00e9reo, aviaci\u00f3n, turismo, hoteleria, actualidad.","robots":{"index":"index","follow":"follow","max-snippet":"max-snippet:-1","max-image-preview":"max-image-preview:large","max-video-preview":"max-video-preview:-1"},"canonical":"https:\/\/aeronoticias.com.pe\/noticiero\/transporte-aereo\/internacional\/american-airlines-refuerza-contacto-con-pasajeros-frente-a-retrasos\/","og_locale":"es_ES","og_type":"article","og_title":"American Airlines refuerza contacto con pasajeros frente a retrasos","og_description":"Portal de noticias del Per\u00fa sobre el transporte a\u00e9reo, aviaci\u00f3n, turismo, hoteleria, actualidad.","og_url":"https:\/\/aeronoticias.com.pe\/noticiero\/transporte-aereo\/internacional\/american-airlines-refuerza-contacto-con-pasajeros-frente-a-retrasos\/","og_site_name":"Aeronoticias.com.pe","article_publisher":"https:\/\/www.facebook.com\/Aeronoticias.com.pe\/","article_published_time":"2019-08-28T18:09:36+00:00","article_modified_time":"2020-11-19T18:40:44+00:00","og_image":[{"width":1000,"height":541,"url":"https:\/\/aeronoticias.com.pe\/noticiero\/wp-content\/uploads\/2019\/08\/American-Airlines-1.jpg","type":"image\/jpeg"}],"author":"Redacci\u00f3n Aeronoticias","twitter_card":"summary_large_image","twitter_creator":"@aeronoticias","twitter_site":"@aeronoticias","twitter_misc":{"Escrito por":"Redacci\u00f3n Aeronoticias","Tiempo de lectura":"2 minutos"},"schema":{"@context":"https:\/\/schema.org","@graph":[{"@type":"WebPage","@id":"https:\/\/aeronoticias.com.pe\/noticiero\/transporte-aereo\/internacional\/american-airlines-refuerza-contacto-con-pasajeros-frente-a-retrasos\/","url":"https:\/\/aeronoticias.com.pe\/noticiero\/transporte-aereo\/internacional\/american-airlines-refuerza-contacto-con-pasajeros-frente-a-retrasos\/","name":"American Airlines refuerza contacto con pasajeros frente a retrasos","isPartOf":{"@id":"https:\/\/aeronoticias.com.pe\/noticiero\/#website"},"primaryImageOfPage":{"@id":"https:\/\/aeronoticias.com.pe\/noticiero\/transporte-aereo\/internacional\/american-airlines-refuerza-contacto-con-pasajeros-frente-a-retrasos\/#primaryimage"},"image":{"@id":"https:\/\/aeronoticias.com.pe\/noticiero\/transporte-aereo\/internacional\/american-airlines-refuerza-contacto-con-pasajeros-frente-a-retrasos\/#primaryimage"},"thumbnailUrl":"https:\/\/aeronoticias.com.pe\/noticiero\/wp-content\/uploads\/2019\/08\/American-Airlines-1.jpg","datePublished":"2019-08-28T18:09:36+00:00","dateModified":"2020-11-19T18:40:44+00:00","author":{"@id":"https:\/\/aeronoticias.com.pe\/noticiero\/#\/schema\/person\/fc1e5d578f4b62ba1cf7ac2bba1170a0"},"description":"Portal de noticias del Per\u00fa sobre el transporte a\u00e9reo, aviaci\u00f3n, turismo, hoteleria, actualidad.","breadcrumb":{"@id":"https:\/\/aeronoticias.com.pe\/noticiero\/transporte-aereo\/internacional\/american-airlines-refuerza-contacto-con-pasajeros-frente-a-retrasos\/#breadcrumb"},"inLanguage":"es","potentialAction":[{"@type":"ReadAction","target":["https:\/\/aeronoticias.com.pe\/noticiero\/transporte-aereo\/internacional\/american-airlines-refuerza-contacto-con-pasajeros-frente-a-retrasos\/"]}]},{"@type":"ImageObject","inLanguage":"es","@id":"https:\/\/aeronoticias.com.pe\/noticiero\/transporte-aereo\/internacional\/american-airlines-refuerza-contacto-con-pasajeros-frente-a-retrasos\/#primaryimage","url":"https:\/\/aeronoticias.com.pe\/noticiero\/wp-content\/uploads\/2019\/08\/American-Airlines-1.jpg","contentUrl":"https:\/\/aeronoticias.com.pe\/noticiero\/wp-content\/uploads\/2019\/08\/American-Airlines-1.jpg","width":1000,"height":541},{"@type":"BreadcrumbList","@id":"https:\/\/aeronoticias.com.pe\/noticiero\/transporte-aereo\/internacional\/american-airlines-refuerza-contacto-con-pasajeros-frente-a-retrasos\/#breadcrumb","itemListElement":[{"@type":"ListItem","position":1,"name":"Portada","item":"https:\/\/aeronoticias.com.pe\/noticiero\/"},{"@type":"ListItem","position":2,"name":"American Airlines refuerza contacto con pasajeros frente a retrasos"}]},{"@type":"WebSite","@id":"https:\/\/aeronoticias.com.pe\/noticiero\/#website","url":"https:\/\/aeronoticias.com.pe\/noticiero\/","name":"Aeronoticias.com.pe","description":"Noticias de tranporte aereo, turismo, hoteles, gastronomia, actualidad, internacional","potentialAction":[{"@type":"SearchAction","target":{"@type":"EntryPoint","urlTemplate":"https:\/\/aeronoticias.com.pe\/noticiero\/?s={search_term_string}"},"query-input":{"@type":"PropertyValueSpecification","valueRequired":true,"valueName":"search_term_string"}}],"inLanguage":"es"},{"@type":"Person","@id":"https:\/\/aeronoticias.com.pe\/noticiero\/#\/schema\/person\/fc1e5d578f4b62ba1cf7ac2bba1170a0","name":"Redacci\u00f3n Aeronoticias","url":"https:\/\/aeronoticias.com.pe\/noticiero\/author\/piloto\/"}]}},"_links":{"self":[{"href":"https:\/\/aeronoticias.com.pe\/noticiero\/wp-json\/wp\/v2\/posts\/58756","targetHints":{"allow":["GET"]}}],"collection":[{"href":"https:\/\/aeronoticias.com.pe\/noticiero\/wp-json\/wp\/v2\/posts"}],"about":[{"href":"https:\/\/aeronoticias.com.pe\/noticiero\/wp-json\/wp\/v2\/types\/post"}],"author":[{"embeddable":true,"href":"https:\/\/aeronoticias.com.pe\/noticiero\/wp-json\/wp\/v2\/users\/1"}],"replies":[{"embeddable":true,"href":"https:\/\/aeronoticias.com.pe\/noticiero\/wp-json\/wp\/v2\/comments?post=58756"}],"version-history":[{"count":0,"href":"https:\/\/aeronoticias.com.pe\/noticiero\/wp-json\/wp\/v2\/posts\/58756\/revisions"}],"wp:featuredmedia":[{"embeddable":true,"href":"https:\/\/aeronoticias.com.pe\/noticiero\/wp-json\/wp\/v2\/media\/65938"}],"wp:attachment":[{"href":"https:\/\/aeronoticias.com.pe\/noticiero\/wp-json\/wp\/v2\/media?parent=58756"}],"wp:term":[{"taxonomy":"category","embeddable":true,"href":"https:\/\/aeronoticias.com.pe\/noticiero\/wp-json\/wp\/v2\/categories?post=58756"},{"taxonomy":"post_tag","embeddable":true,"href":"https:\/\/aeronoticias.com.pe\/noticiero\/wp-json\/wp\/v2\/tags?post=58756"}],"curies":[{"name":"wp","href":"https:\/\/api.w.org\/{rel}","templated":true}]}}