{"id":58757,"date":"2019-08-28T18:16:28","date_gmt":"2019-08-28T18:16:28","guid":{"rendered":"http:\/\/desarrollo.mcvicious.com\/aero2020\/2019\/08\/28\/brasil-autorizan-a-la-aerolinea-jetsmart-a-ejecutar-operaciones\/"},"modified":"2019-08-28T18:16:28","modified_gmt":"2019-08-28T18:16:28","slug":"brasil-autorizan-a-la-aerolinea-jetsmart-a-ejecutar-operaciones","status":"publish","type":"post","link":"https:\/\/aeronoticias.com.pe\/noticiero\/economia\/brasil-autorizan-a-la-aerolinea-jetsmart-a-ejecutar-operaciones\/","title":{"rendered":"Brasil: Autorizan a la aerol\u00ednea JetSmart a ejecutar operaciones"},"content":{"rendered":"<p style=\"text-align: justify;\"><strong>(Aeronoticias)<\/strong>.-\u00a0<span style=\"color: #454545; font-family: Helvetica; font-size: 12px;\">Las autoridades brasile\u00f1as autorizaron este martes a operar regularmente en Brasil a la subsidiaria argentina de la aerol\u00ednea de bajo costo<\/span><strong style=\"color: #454545; font-family: Helvetica; font-size: 12px;\"> JetSmart<\/strong><span style=\"color: #454545; font-family: Helvetica; font-size: 12px;\">, que pretende iniciar sus operaciones internacionales con rutas de Argentina a Brasil.<\/span><\/p>\n<p class=\"p1\" style=\"text-align: justify;\">La autorizaci\u00f3n para que la aerol\u00ednea registre las rutas y comience a vender pasajes fue otorgada por la Agencia Nacional de Aviaci\u00f3n Civil (ANAC), seg\u00fan inform\u00f3 el \u00f3rgano regulador en un comunicado.<\/p>\n<p class=\"p1\" style=\"text-align: justify;\">\u00a0<\/p>\n<p class=\"p1\" style=\"text-align: justify;\">JetSmart, controlada por el fondo estadounidense \u00cdndigo Partner, opera en Argentina y Chile, donde en conjunto lleva unos tres millones de pasajeros transportados.<\/p>\n<p class=\"p1\" style=\"text-align: justify;\">\u00a0<\/p>\n<p class=\"p1\" style=\"text-align: justify;\">De acuerdo con el \u00f3rgano regulador, JetSmart es la cuarta aerol\u00ednea del modelo de bajo costo en recibir la autorizaci\u00f3n para operar en Brasil, despu\u00e9s del visto bueno otorgado a Flybondi el pasado mes de julio.<\/p>\n<p class=\"p1\" style=\"text-align: justify;\">\u00a0<\/p>\n<p class=\"p1\" style=\"text-align: justify;\">La autorizaci\u00f3n se suma a la ya ofrecida a la chilena Sky Airline y a la noruega Norwegian, que vuelan regularmente en el pa\u00eds.<\/p>\n<p class=\"p1\" style=\"text-align: justify;\">Pese a la popularidad de las aerol\u00edneas de bajo costo en Estados Unidos, Europa y otros pa\u00edses de Am\u00e9rica Latina, Brasil a\u00fan no contaba con aerol\u00edneas que realmente ofreciera bajas tarifas.<\/p>\n<p class=\"p2\" style=\"text-align: justify;\">\u00a0<\/p>\n<p class=\"p1\" style=\"text-align: justify;\">De acuerdo con la Anac, la llegada de compa\u00f1\u00edas de bajo coste se produce despu\u00e9s de una decisi\u00f3n que permite a las aerol\u00edneas cobrar por las maletas despachadas por los viajeros, lo que hasta hace unos a\u00f1os no estaba permitido.<\/p>\n<p class=\"p1\" style=\"text-align: justify;\">\u00a0<\/p>\n<p class=\"p1\" style=\"text-align: justify;\">Brasil ha intentado en los \u00faltimos a\u00f1os disminuir la burocracia del sector a\u00e9reo y el pasado mes de diciembre fue firmado un decreto ejecutivo que autoriza la participaci\u00f3n del capital extranjero en hasta el 100 % de las aerol\u00edneas de Brasil, con lo que se pretende resolver el problema de la fuente de financiaci\u00f3n de las compa\u00f1\u00edas nacionales.<\/p>\n<p class=\"p1\" style=\"text-align: justify;\">\u00a0<\/p>\n<p class=\"p1\" style=\"text-align: justify;\">Con la medida deja de existir el l\u00edmite del 20 % de capital extranjero que impart\u00edan las normas aeron\u00e1uticas a las empresas a\u00e9reas brasile\u00f1as, que ahora podr\u00e1n contar con inyecci\u00f3n financiera sin importar el origen del dinero.<\/p>\n<p class=\"p1\" style=\"text-align: justify;\">\u00a0<\/p>\n<p class=\"p1\" style=\"text-align: justify;\">La primera aerol\u00ednea con capital 100 % extranjero en ser autorizada a operar vuelos nacionales en Brasil fue la de la compa\u00f1\u00eda espa\u00f1ola Globalia, cuyo presidente, Juan Jos\u00e9 Hidalgo, ha dicho que la aerol\u00ednea tambi\u00e9n pretende operar con el modelo de bajo costo.<\/p>\n<p class=\"p1\" style=\"text-align: justify;\">\u00a0<\/p>\n<p class=\"p1\" style=\"text-align: justify;\">Globalia ya opera en Brasil por medio de su aerol\u00ednea Air Europa con 18 vuelos internacionales partiendo de Sao Paulo, Salvador y Recife con destino a Madrid.<\/p>\n<p class=\"p1\" style=\"text-align: justify;\">\u00a0<\/p>\n<p class=\"p1\" style=\"text-align: justify;\">Fuente: <span style=\"text-decoration: underline;\"><em><strong>EFE<\/strong><\/em><\/span>.<\/p>\n<p class=\"p1\" style=\"text-align: justify;\">\u00a0<\/p>\n<p class=\"p1\" style=\"text-align: justify;\"><img decoding=\"async\" src=\"images\/stories\/jet.jpg\" border=\"0\" \/><\/p>\n<p>p.p1 {margin: 0.0px 0.0px 0.0px 0.0px; font: 12.0px Helvetica; color: #454545} p.p2 {margin: 0.0px 0.0px 0.0px 0.0px; text-align: center; font: 12.0px Helvetica; color: #454545; min-height: 14.0px} p.p3 {margin: 0.0px 0.0px 0.0px 0.0px; font: 12.0px Helvetica; color: #454545; min-height: 14.0px}<\/p>\n","protected":false},"excerpt":{"rendered":"<p>(Aeronoticias).-\u00a0Las autoridades brasile\u00f1as autorizaron este martes a operar regularmente en Brasil a la subsidiaria argentina de la aerol\u00ednea de bajo costo JetSmart, que pretende iniciar sus operaciones internacionales con rutas de Argentina a Brasil. La autorizaci\u00f3n para que la aerol\u00ednea registre las rutas y comience a vender pasajes fue otorgada por la Agencia Nacional de [&hellip;]<\/p>\n","protected":false},"author":1,"featured_media":0,"comment_status":"open","ping_status":"open","sticky":false,"template":"","format":"standard","meta":{"tdm_status":"","tdm_grid_status":"","footnotes":""},"categories":[33],"tags":[],"class_list":{"0":"post-58757","1":"post","2":"type-post","3":"status-publish","4":"format-standard","6":"category-economia"},"yoast_head":"<!-- This site is optimized with the Yoast SEO plugin v25.1 - https:\/\/yoast.com\/wordpress\/plugins\/seo\/ -->\n<title>Brasil: Autorizan a la aerol\u00ednea JetSmart a ejecutar operaciones<\/title>\n<meta name=\"description\" content=\"Portal de noticias del Per\u00fa sobre el transporte a\u00e9reo, aviaci\u00f3n, turismo, hoteleria, actualidad.\" \/>\n<meta name=\"robots\" content=\"index, follow, max-snippet:-1, max-image-preview:large, max-video-preview:-1\" \/>\n<link rel=\"canonical\" href=\"https:\/\/aeronoticias.com.pe\/noticiero\/economia\/brasil-autorizan-a-la-aerolinea-jetsmart-a-ejecutar-operaciones\/\" \/>\n<meta property=\"og:locale\" content=\"es_ES\" \/>\n<meta property=\"og:type\" content=\"article\" \/>\n<meta property=\"og:title\" content=\"Brasil: Autorizan a la aerol\u00ednea JetSmart a ejecutar operaciones\" \/>\n<meta property=\"og:description\" content=\"Portal de noticias del Per\u00fa sobre el transporte a\u00e9reo, aviaci\u00f3n, turismo, hoteleria, actualidad.\" \/>\n<meta property=\"og:url\" content=\"https:\/\/aeronoticias.com.pe\/noticiero\/economia\/brasil-autorizan-a-la-aerolinea-jetsmart-a-ejecutar-operaciones\/\" \/>\n<meta property=\"og:site_name\" content=\"Aeronoticias.com.pe\" \/>\n<meta property=\"article:publisher\" content=\"https:\/\/www.facebook.com\/Aeronoticias.com.pe\/\" \/>\n<meta property=\"article:published_time\" content=\"2019-08-28T18:16:28+00:00\" \/>\n<meta name=\"author\" content=\"Redacci\u00f3n Aeronoticias\" \/>\n<meta name=\"twitter:card\" content=\"summary_large_image\" \/>\n<meta name=\"twitter:creator\" content=\"@aeronoticias\" \/>\n<meta name=\"twitter:site\" content=\"@aeronoticias\" \/>\n<meta name=\"twitter:label1\" content=\"Escrito por\" \/>\n\t<meta name=\"twitter:data1\" content=\"Redacci\u00f3n Aeronoticias\" \/>\n\t<meta name=\"twitter:label2\" content=\"Tiempo de lectura\" \/>\n\t<meta name=\"twitter:data2\" content=\"2 minutos\" \/>\n<script type=\"application\/ld+json\" class=\"yoast-schema-graph\">{\"@context\":\"https:\/\/schema.org\",\"@graph\":[{\"@type\":\"WebPage\",\"@id\":\"https:\/\/aeronoticias.com.pe\/noticiero\/economia\/brasil-autorizan-a-la-aerolinea-jetsmart-a-ejecutar-operaciones\/\",\"url\":\"https:\/\/aeronoticias.com.pe\/noticiero\/economia\/brasil-autorizan-a-la-aerolinea-jetsmart-a-ejecutar-operaciones\/\",\"name\":\"Brasil: Autorizan a la aerol\u00ednea JetSmart a ejecutar operaciones\",\"isPartOf\":{\"@id\":\"https:\/\/aeronoticias.com.pe\/noticiero\/#website\"},\"datePublished\":\"2019-08-28T18:16:28+00:00\",\"author\":{\"@id\":\"https:\/\/aeronoticias.com.pe\/noticiero\/#\/schema\/person\/fc1e5d578f4b62ba1cf7ac2bba1170a0\"},\"description\":\"Portal de noticias del Per\u00fa sobre el transporte a\u00e9reo, aviaci\u00f3n, turismo, hoteleria, actualidad.\",\"breadcrumb\":{\"@id\":\"https:\/\/aeronoticias.com.pe\/noticiero\/economia\/brasil-autorizan-a-la-aerolinea-jetsmart-a-ejecutar-operaciones\/#breadcrumb\"},\"inLanguage\":\"es\",\"potentialAction\":[{\"@type\":\"ReadAction\",\"target\":[\"https:\/\/aeronoticias.com.pe\/noticiero\/economia\/brasil-autorizan-a-la-aerolinea-jetsmart-a-ejecutar-operaciones\/\"]}]},{\"@type\":\"BreadcrumbList\",\"@id\":\"https:\/\/aeronoticias.com.pe\/noticiero\/economia\/brasil-autorizan-a-la-aerolinea-jetsmart-a-ejecutar-operaciones\/#breadcrumb\",\"itemListElement\":[{\"@type\":\"ListItem\",\"position\":1,\"name\":\"Portada\",\"item\":\"https:\/\/aeronoticias.com.pe\/noticiero\/\"},{\"@type\":\"ListItem\",\"position\":2,\"name\":\"Brasil: Autorizan a la aerol\u00ednea JetSmart a ejecutar operaciones\"}]},{\"@type\":\"WebSite\",\"@id\":\"https:\/\/aeronoticias.com.pe\/noticiero\/#website\",\"url\":\"https:\/\/aeronoticias.com.pe\/noticiero\/\",\"name\":\"Aeronoticias.com.pe\",\"description\":\"Noticias de tranporte aereo, turismo, hoteles, gastronomia, actualidad, internacional\",\"potentialAction\":[{\"@type\":\"SearchAction\",\"target\":{\"@type\":\"EntryPoint\",\"urlTemplate\":\"https:\/\/aeronoticias.com.pe\/noticiero\/?s={search_term_string}\"},\"query-input\":{\"@type\":\"PropertyValueSpecification\",\"valueRequired\":true,\"valueName\":\"search_term_string\"}}],\"inLanguage\":\"es\"},{\"@type\":\"Person\",\"@id\":\"https:\/\/aeronoticias.com.pe\/noticiero\/#\/schema\/person\/fc1e5d578f4b62ba1cf7ac2bba1170a0\",\"name\":\"Redacci\u00f3n Aeronoticias\",\"url\":\"https:\/\/aeronoticias.com.pe\/noticiero\/author\/piloto\/\"}]}<\/script>\n<!-- \/ Yoast SEO plugin. -->","yoast_head_json":{"title":"Brasil: Autorizan a la aerol\u00ednea JetSmart a ejecutar operaciones","description":"Portal de noticias del Per\u00fa sobre el transporte a\u00e9reo, aviaci\u00f3n, turismo, hoteleria, actualidad.","robots":{"index":"index","follow":"follow","max-snippet":"max-snippet:-1","max-image-preview":"max-image-preview:large","max-video-preview":"max-video-preview:-1"},"canonical":"https:\/\/aeronoticias.com.pe\/noticiero\/economia\/brasil-autorizan-a-la-aerolinea-jetsmart-a-ejecutar-operaciones\/","og_locale":"es_ES","og_type":"article","og_title":"Brasil: Autorizan a la aerol\u00ednea JetSmart a ejecutar operaciones","og_description":"Portal de noticias del Per\u00fa sobre el transporte a\u00e9reo, aviaci\u00f3n, turismo, hoteleria, actualidad.","og_url":"https:\/\/aeronoticias.com.pe\/noticiero\/economia\/brasil-autorizan-a-la-aerolinea-jetsmart-a-ejecutar-operaciones\/","og_site_name":"Aeronoticias.com.pe","article_publisher":"https:\/\/www.facebook.com\/Aeronoticias.com.pe\/","article_published_time":"2019-08-28T18:16:28+00:00","author":"Redacci\u00f3n Aeronoticias","twitter_card":"summary_large_image","twitter_creator":"@aeronoticias","twitter_site":"@aeronoticias","twitter_misc":{"Escrito por":"Redacci\u00f3n Aeronoticias","Tiempo de lectura":"2 minutos"},"schema":{"@context":"https:\/\/schema.org","@graph":[{"@type":"WebPage","@id":"https:\/\/aeronoticias.com.pe\/noticiero\/economia\/brasil-autorizan-a-la-aerolinea-jetsmart-a-ejecutar-operaciones\/","url":"https:\/\/aeronoticias.com.pe\/noticiero\/economia\/brasil-autorizan-a-la-aerolinea-jetsmart-a-ejecutar-operaciones\/","name":"Brasil: Autorizan a la aerol\u00ednea JetSmart a ejecutar operaciones","isPartOf":{"@id":"https:\/\/aeronoticias.com.pe\/noticiero\/#website"},"datePublished":"2019-08-28T18:16:28+00:00","author":{"@id":"https:\/\/aeronoticias.com.pe\/noticiero\/#\/schema\/person\/fc1e5d578f4b62ba1cf7ac2bba1170a0"},"description":"Portal de noticias del Per\u00fa sobre el transporte a\u00e9reo, aviaci\u00f3n, turismo, hoteleria, actualidad.","breadcrumb":{"@id":"https:\/\/aeronoticias.com.pe\/noticiero\/economia\/brasil-autorizan-a-la-aerolinea-jetsmart-a-ejecutar-operaciones\/#breadcrumb"},"inLanguage":"es","potentialAction":[{"@type":"ReadAction","target":["https:\/\/aeronoticias.com.pe\/noticiero\/economia\/brasil-autorizan-a-la-aerolinea-jetsmart-a-ejecutar-operaciones\/"]}]},{"@type":"BreadcrumbList","@id":"https:\/\/aeronoticias.com.pe\/noticiero\/economia\/brasil-autorizan-a-la-aerolinea-jetsmart-a-ejecutar-operaciones\/#breadcrumb","itemListElement":[{"@type":"ListItem","position":1,"name":"Portada","item":"https:\/\/aeronoticias.com.pe\/noticiero\/"},{"@type":"ListItem","position":2,"name":"Brasil: Autorizan a la aerol\u00ednea JetSmart a ejecutar operaciones"}]},{"@type":"WebSite","@id":"https:\/\/aeronoticias.com.pe\/noticiero\/#website","url":"https:\/\/aeronoticias.com.pe\/noticiero\/","name":"Aeronoticias.com.pe","description":"Noticias de tranporte aereo, turismo, hoteles, gastronomia, actualidad, internacional","potentialAction":[{"@type":"SearchAction","target":{"@type":"EntryPoint","urlTemplate":"https:\/\/aeronoticias.com.pe\/noticiero\/?s={search_term_string}"},"query-input":{"@type":"PropertyValueSpecification","valueRequired":true,"valueName":"search_term_string"}}],"inLanguage":"es"},{"@type":"Person","@id":"https:\/\/aeronoticias.com.pe\/noticiero\/#\/schema\/person\/fc1e5d578f4b62ba1cf7ac2bba1170a0","name":"Redacci\u00f3n Aeronoticias","url":"https:\/\/aeronoticias.com.pe\/noticiero\/author\/piloto\/"}]}},"_links":{"self":[{"href":"https:\/\/aeronoticias.com.pe\/noticiero\/wp-json\/wp\/v2\/posts\/58757","targetHints":{"allow":["GET"]}}],"collection":[{"href":"https:\/\/aeronoticias.com.pe\/noticiero\/wp-json\/wp\/v2\/posts"}],"about":[{"href":"https:\/\/aeronoticias.com.pe\/noticiero\/wp-json\/wp\/v2\/types\/post"}],"author":[{"embeddable":true,"href":"https:\/\/aeronoticias.com.pe\/noticiero\/wp-json\/wp\/v2\/users\/1"}],"replies":[{"embeddable":true,"href":"https:\/\/aeronoticias.com.pe\/noticiero\/wp-json\/wp\/v2\/comments?post=58757"}],"version-history":[{"count":0,"href":"https:\/\/aeronoticias.com.pe\/noticiero\/wp-json\/wp\/v2\/posts\/58757\/revisions"}],"wp:attachment":[{"href":"https:\/\/aeronoticias.com.pe\/noticiero\/wp-json\/wp\/v2\/media?parent=58757"}],"wp:term":[{"taxonomy":"category","embeddable":true,"href":"https:\/\/aeronoticias.com.pe\/noticiero\/wp-json\/wp\/v2\/categories?post=58757"},{"taxonomy":"post_tag","embeddable":true,"href":"https:\/\/aeronoticias.com.pe\/noticiero\/wp-json\/wp\/v2\/tags?post=58757"}],"curies":[{"name":"wp","href":"https:\/\/api.w.org\/{rel}","templated":true}]}}