{"id":58759,"date":"2019-08-29T01:53:58","date_gmt":"2019-08-29T01:53:58","guid":{"rendered":"http:\/\/desarrollo.mcvicious.com\/aero2020\/2019\/08\/29\/aerolineas-de-brasil-y-argentina-no-podran-usar-mas-la-marca-avianca\/"},"modified":"2020-11-19T13:37:22","modified_gmt":"2020-11-19T18:37:22","slug":"aerolineas-de-brasil-y-argentina-no-podran-usar-mas-la-marca-avianca","status":"publish","type":"post","link":"https:\/\/aeronoticias.com.pe\/noticiero\/transporte-aereo\/aerolineas-de-brasil-y-argentina-no-podran-usar-mas-la-marca-avianca\/","title":{"rendered":"Aerol\u00edneas de Brasil y Argentina no podr\u00e1n usar m\u00e1s la marca Avianca"},"content":{"rendered":"\n<p>Desde este martes Avianca Holdings dio por terminados los contratos de licencia de uso de marca que le permit\u00edan a Ocean Air y a Avian L\u00edneas A\u00e9reas el uso de la marca \u2018Avianca Brasil\u2019 y \u2018Avianca Argentina\u201d, respectivamente.<\/p>\n\n\n\n<p class=\"p1\">Avianca Holdings como due\u00f1a de los derechos de uso tampoco permitir\u00e1 que otra empresa use los derechos de la marca.<\/p>\n\n\n\n<p class=\"p1\">Seg\u00fan conoci\u00f3 La Rep\u00fablica, las marcas regionales ya fueron informadas del proceso y esto quitar\u00eda la presi\u00f3n a Avianca Holdings de salir a comunicar por informaci\u00f3n relevante a los inversionistas, cuando una noticia relacionada con las aerol\u00edneas de Synergy Group afectaba el comportamiento de la acci\u00f3n local, explicaron los analistas consultados.<\/p>\n\n\n\n<p class=\"p1\">Entre lo que conoci\u00f3 el diario tambi\u00e9n est\u00e1 que la finalizaci\u00f3n unilateral del contrato se da porque en el acuerdo de uso estaba estipulado que una de las posibles causales de finalizaci\u00f3n era la entrada en ley de quiebras de las compa\u00f1\u00edas. Situaci\u00f3n que en la que habr\u00edan entrado las compa\u00f1\u00edas que est\u00e1n dentro de Synergy Group de Brasil y Argentina.<\/p>\n\n\n\n<p class=\"p1\">Es bueno recordar que lo que comparten las aerol\u00edneas es un accionista en com\u00fan, Synergy Group, conglomerado que maneja Germ\u00e1n Efromovich.<\/p>\n\n\n\n<p class=\"p1\">Sobre el tema Carlos Rodr\u00edguez, analista de Renta Variable de Ultraserfinco, explic\u00f3 que \u201clas afectaciones de Avianca Brasil y Argentina no pasaban m\u00e1s all\u00e1 de un tema reputacional, el beneficio de que dejen de usar la marca, es que efectivamente estas dos compa\u00f1\u00edas que ya est\u00e1n en quiebra se alejan de Avianca Holdings, que no esta en quiebra, sino en cuidados intensivos\u201d.<\/p>\n\n\n\n<p class=\"p1\">Fuente: <span style=\"text-decoration: underline;\"><em><strong>Aviaci\u00f3n al d\u00eda<\/strong><\/em><\/span>.<\/p>\n","protected":false},"excerpt":{"rendered":"<p>Desde este martes Avianca Holdings dio por terminados los contratos de licencia de uso de marca que le permit\u00edan a Ocean Air y a Avian L\u00edneas A\u00e9reas el uso de la marca \u2018Avianca Brasil\u2019 y \u2018Avianca Argentina\u201d, respectivamente. Avianca Holdings como due\u00f1a de los derechos de uso tampoco permitir\u00e1 que otra empresa use los derechos [&hellip;]<\/p>\n","protected":false},"author":1,"featured_media":65935,"comment_status":"open","ping_status":"open","sticky":false,"template":"","format":"standard","meta":{"tdm_status":"","tdm_grid_status":"","footnotes":""},"categories":[32,11],"tags":[910,909,153],"class_list":{"0":"post-58759","1":"post","2":"type-post","3":"status-publish","4":"format-standard","5":"has-post-thumbnail","7":"category-internacional","8":"category-transporte-aereo","9":"tag-aerolineas-de-argentina","10":"tag-aerolineas-de-brasil","11":"tag-avianca"},"yoast_head":"<!-- This site is optimized with the Yoast SEO plugin v25.1 - https:\/\/yoast.com\/wordpress\/plugins\/seo\/ -->\n<title>Aerol\u00edneas de Brasil y Argentina no podr\u00e1n usar m\u00e1s la marca Avianca<\/title>\n<meta name=\"description\" content=\"Desde este martes Avianca Holdings dio por terminados los contratos de licencia de uso de marca que le permit\u00edan a Ocean Air y a Avian L\u00edneas A\u00e9reas el uso de la marca \u2018Avianca Brasil\u2019 y \u2018Avianca Argentina\u201d, respectivamente.\" \/>\n<meta name=\"robots\" content=\"index, follow, max-snippet:-1, max-image-preview:large, max-video-preview:-1\" \/>\n<link rel=\"canonical\" href=\"https:\/\/aeronoticias.com.pe\/noticiero\/transporte-aereo\/aerolineas-de-brasil-y-argentina-no-podran-usar-mas-la-marca-avianca\/\" \/>\n<meta property=\"og:locale\" content=\"es_ES\" \/>\n<meta property=\"og:type\" content=\"article\" \/>\n<meta property=\"og:title\" content=\"Aerol\u00edneas de Brasil y Argentina no podr\u00e1n usar m\u00e1s la marca Avianca\" \/>\n<meta property=\"og:description\" content=\"Desde este martes Avianca Holdings dio por terminados los contratos de licencia de uso de marca que le permit\u00edan a Ocean Air y a Avian L\u00edneas A\u00e9reas el uso de la marca \u2018Avianca Brasil\u2019 y \u2018Avianca Argentina\u201d, respectivamente.\" \/>\n<meta property=\"og:url\" content=\"https:\/\/aeronoticias.com.pe\/noticiero\/transporte-aereo\/aerolineas-de-brasil-y-argentina-no-podran-usar-mas-la-marca-avianca\/\" \/>\n<meta property=\"og:site_name\" content=\"Aeronoticias.com.pe\" \/>\n<meta property=\"article:publisher\" content=\"https:\/\/www.facebook.com\/Aeronoticias.com.pe\/\" \/>\n<meta property=\"article:published_time\" content=\"2019-08-29T01:53:58+00:00\" \/>\n<meta property=\"article:modified_time\" content=\"2020-11-19T18:37:22+00:00\" \/>\n<meta property=\"og:image\" content=\"https:\/\/aeronoticias.com.pe\/noticiero\/wp-content\/uploads\/2019\/08\/Avianca-brasil.jpg\" \/>\n\t<meta property=\"og:image:width\" content=\"1024\" \/>\n\t<meta property=\"og:image:height\" content=\"630\" \/>\n\t<meta property=\"og:image:type\" content=\"image\/jpeg\" \/>\n<meta name=\"author\" content=\"Redacci\u00f3n Aeronoticias\" \/>\n<meta name=\"twitter:card\" content=\"summary_large_image\" \/>\n<meta name=\"twitter:creator\" content=\"@aeronoticias\" \/>\n<meta name=\"twitter:site\" content=\"@aeronoticias\" \/>\n<meta name=\"twitter:label1\" content=\"Escrito por\" \/>\n\t<meta name=\"twitter:data1\" content=\"Redacci\u00f3n Aeronoticias\" \/>\n\t<meta name=\"twitter:label2\" content=\"Tiempo de lectura\" \/>\n\t<meta name=\"twitter:data2\" content=\"1 minuto\" \/>\n<script type=\"application\/ld+json\" class=\"yoast-schema-graph\">{\"@context\":\"https:\/\/schema.org\",\"@graph\":[{\"@type\":\"WebPage\",\"@id\":\"https:\/\/aeronoticias.com.pe\/noticiero\/transporte-aereo\/aerolineas-de-brasil-y-argentina-no-podran-usar-mas-la-marca-avianca\/\",\"url\":\"https:\/\/aeronoticias.com.pe\/noticiero\/transporte-aereo\/aerolineas-de-brasil-y-argentina-no-podran-usar-mas-la-marca-avianca\/\",\"name\":\"Aerol\u00edneas de Brasil y Argentina no podr\u00e1n usar m\u00e1s la marca Avianca\",\"isPartOf\":{\"@id\":\"https:\/\/aeronoticias.com.pe\/noticiero\/#website\"},\"primaryImageOfPage\":{\"@id\":\"https:\/\/aeronoticias.com.pe\/noticiero\/transporte-aereo\/aerolineas-de-brasil-y-argentina-no-podran-usar-mas-la-marca-avianca\/#primaryimage\"},\"image\":{\"@id\":\"https:\/\/aeronoticias.com.pe\/noticiero\/transporte-aereo\/aerolineas-de-brasil-y-argentina-no-podran-usar-mas-la-marca-avianca\/#primaryimage\"},\"thumbnailUrl\":\"https:\/\/aeronoticias.com.pe\/noticiero\/wp-content\/uploads\/2019\/08\/Avianca-brasil.jpg\",\"datePublished\":\"2019-08-29T01:53:58+00:00\",\"dateModified\":\"2020-11-19T18:37:22+00:00\",\"author\":{\"@id\":\"https:\/\/aeronoticias.com.pe\/noticiero\/#\/schema\/person\/fc1e5d578f4b62ba1cf7ac2bba1170a0\"},\"description\":\"Desde este martes Avianca Holdings dio por terminados los contratos de licencia de uso de marca que le permit\u00edan a Ocean Air y a Avian L\u00edneas A\u00e9reas el uso de la marca \u2018Avianca Brasil\u2019 y \u2018Avianca Argentina\u201d, respectivamente.\",\"breadcrumb\":{\"@id\":\"https:\/\/aeronoticias.com.pe\/noticiero\/transporte-aereo\/aerolineas-de-brasil-y-argentina-no-podran-usar-mas-la-marca-avianca\/#breadcrumb\"},\"inLanguage\":\"es\",\"potentialAction\":[{\"@type\":\"ReadAction\",\"target\":[\"https:\/\/aeronoticias.com.pe\/noticiero\/transporte-aereo\/aerolineas-de-brasil-y-argentina-no-podran-usar-mas-la-marca-avianca\/\"]}]},{\"@type\":\"ImageObject\",\"inLanguage\":\"es\",\"@id\":\"https:\/\/aeronoticias.com.pe\/noticiero\/transporte-aereo\/aerolineas-de-brasil-y-argentina-no-podran-usar-mas-la-marca-avianca\/#primaryimage\",\"url\":\"https:\/\/aeronoticias.com.pe\/noticiero\/wp-content\/uploads\/2019\/08\/Avianca-brasil.jpg\",\"contentUrl\":\"https:\/\/aeronoticias.com.pe\/noticiero\/wp-content\/uploads\/2019\/08\/Avianca-brasil.jpg\",\"width\":1024,\"height\":630},{\"@type\":\"BreadcrumbList\",\"@id\":\"https:\/\/aeronoticias.com.pe\/noticiero\/transporte-aereo\/aerolineas-de-brasil-y-argentina-no-podran-usar-mas-la-marca-avianca\/#breadcrumb\",\"itemListElement\":[{\"@type\":\"ListItem\",\"position\":1,\"name\":\"Portada\",\"item\":\"https:\/\/aeronoticias.com.pe\/noticiero\/\"},{\"@type\":\"ListItem\",\"position\":2,\"name\":\"Aerol\u00edneas de Brasil y Argentina no podr\u00e1n usar m\u00e1s la marca Avianca\"}]},{\"@type\":\"WebSite\",\"@id\":\"https:\/\/aeronoticias.com.pe\/noticiero\/#website\",\"url\":\"https:\/\/aeronoticias.com.pe\/noticiero\/\",\"name\":\"Aeronoticias.com.pe\",\"description\":\"Noticias de tranporte aereo, turismo, hoteles, gastronomia, actualidad, internacional\",\"potentialAction\":[{\"@type\":\"SearchAction\",\"target\":{\"@type\":\"EntryPoint\",\"urlTemplate\":\"https:\/\/aeronoticias.com.pe\/noticiero\/?s={search_term_string}\"},\"query-input\":{\"@type\":\"PropertyValueSpecification\",\"valueRequired\":true,\"valueName\":\"search_term_string\"}}],\"inLanguage\":\"es\"},{\"@type\":\"Person\",\"@id\":\"https:\/\/aeronoticias.com.pe\/noticiero\/#\/schema\/person\/fc1e5d578f4b62ba1cf7ac2bba1170a0\",\"name\":\"Redacci\u00f3n Aeronoticias\",\"url\":\"https:\/\/aeronoticias.com.pe\/noticiero\/author\/piloto\/\"}]}<\/script>\n<!-- \/ Yoast SEO plugin. -->","yoast_head_json":{"title":"Aerol\u00edneas de Brasil y Argentina no podr\u00e1n usar m\u00e1s la marca Avianca","description":"Desde este martes Avianca Holdings dio por terminados los contratos de licencia de uso de marca que le permit\u00edan a Ocean Air y a Avian L\u00edneas A\u00e9reas el uso de la marca \u2018Avianca Brasil\u2019 y \u2018Avianca Argentina\u201d, respectivamente.","robots":{"index":"index","follow":"follow","max-snippet":"max-snippet:-1","max-image-preview":"max-image-preview:large","max-video-preview":"max-video-preview:-1"},"canonical":"https:\/\/aeronoticias.com.pe\/noticiero\/transporte-aereo\/aerolineas-de-brasil-y-argentina-no-podran-usar-mas-la-marca-avianca\/","og_locale":"es_ES","og_type":"article","og_title":"Aerol\u00edneas de Brasil y Argentina no podr\u00e1n usar m\u00e1s la marca Avianca","og_description":"Desde este martes Avianca Holdings dio por terminados los contratos de licencia de uso de marca que le permit\u00edan a Ocean Air y a Avian L\u00edneas A\u00e9reas el uso de la marca \u2018Avianca Brasil\u2019 y \u2018Avianca Argentina\u201d, respectivamente.","og_url":"https:\/\/aeronoticias.com.pe\/noticiero\/transporte-aereo\/aerolineas-de-brasil-y-argentina-no-podran-usar-mas-la-marca-avianca\/","og_site_name":"Aeronoticias.com.pe","article_publisher":"https:\/\/www.facebook.com\/Aeronoticias.com.pe\/","article_published_time":"2019-08-29T01:53:58+00:00","article_modified_time":"2020-11-19T18:37:22+00:00","og_image":[{"width":1024,"height":630,"url":"https:\/\/aeronoticias.com.pe\/noticiero\/wp-content\/uploads\/2019\/08\/Avianca-brasil.jpg","type":"image\/jpeg"}],"author":"Redacci\u00f3n Aeronoticias","twitter_card":"summary_large_image","twitter_creator":"@aeronoticias","twitter_site":"@aeronoticias","twitter_misc":{"Escrito por":"Redacci\u00f3n Aeronoticias","Tiempo de lectura":"1 minuto"},"schema":{"@context":"https:\/\/schema.org","@graph":[{"@type":"WebPage","@id":"https:\/\/aeronoticias.com.pe\/noticiero\/transporte-aereo\/aerolineas-de-brasil-y-argentina-no-podran-usar-mas-la-marca-avianca\/","url":"https:\/\/aeronoticias.com.pe\/noticiero\/transporte-aereo\/aerolineas-de-brasil-y-argentina-no-podran-usar-mas-la-marca-avianca\/","name":"Aerol\u00edneas de Brasil y Argentina no podr\u00e1n usar m\u00e1s la marca Avianca","isPartOf":{"@id":"https:\/\/aeronoticias.com.pe\/noticiero\/#website"},"primaryImageOfPage":{"@id":"https:\/\/aeronoticias.com.pe\/noticiero\/transporte-aereo\/aerolineas-de-brasil-y-argentina-no-podran-usar-mas-la-marca-avianca\/#primaryimage"},"image":{"@id":"https:\/\/aeronoticias.com.pe\/noticiero\/transporte-aereo\/aerolineas-de-brasil-y-argentina-no-podran-usar-mas-la-marca-avianca\/#primaryimage"},"thumbnailUrl":"https:\/\/aeronoticias.com.pe\/noticiero\/wp-content\/uploads\/2019\/08\/Avianca-brasil.jpg","datePublished":"2019-08-29T01:53:58+00:00","dateModified":"2020-11-19T18:37:22+00:00","author":{"@id":"https:\/\/aeronoticias.com.pe\/noticiero\/#\/schema\/person\/fc1e5d578f4b62ba1cf7ac2bba1170a0"},"description":"Desde este martes Avianca Holdings dio por terminados los contratos de licencia de uso de marca que le permit\u00edan a Ocean Air y a Avian L\u00edneas A\u00e9reas el uso de la marca \u2018Avianca Brasil\u2019 y \u2018Avianca Argentina\u201d, respectivamente.","breadcrumb":{"@id":"https:\/\/aeronoticias.com.pe\/noticiero\/transporte-aereo\/aerolineas-de-brasil-y-argentina-no-podran-usar-mas-la-marca-avianca\/#breadcrumb"},"inLanguage":"es","potentialAction":[{"@type":"ReadAction","target":["https:\/\/aeronoticias.com.pe\/noticiero\/transporte-aereo\/aerolineas-de-brasil-y-argentina-no-podran-usar-mas-la-marca-avianca\/"]}]},{"@type":"ImageObject","inLanguage":"es","@id":"https:\/\/aeronoticias.com.pe\/noticiero\/transporte-aereo\/aerolineas-de-brasil-y-argentina-no-podran-usar-mas-la-marca-avianca\/#primaryimage","url":"https:\/\/aeronoticias.com.pe\/noticiero\/wp-content\/uploads\/2019\/08\/Avianca-brasil.jpg","contentUrl":"https:\/\/aeronoticias.com.pe\/noticiero\/wp-content\/uploads\/2019\/08\/Avianca-brasil.jpg","width":1024,"height":630},{"@type":"BreadcrumbList","@id":"https:\/\/aeronoticias.com.pe\/noticiero\/transporte-aereo\/aerolineas-de-brasil-y-argentina-no-podran-usar-mas-la-marca-avianca\/#breadcrumb","itemListElement":[{"@type":"ListItem","position":1,"name":"Portada","item":"https:\/\/aeronoticias.com.pe\/noticiero\/"},{"@type":"ListItem","position":2,"name":"Aerol\u00edneas de Brasil y Argentina no podr\u00e1n usar m\u00e1s la marca Avianca"}]},{"@type":"WebSite","@id":"https:\/\/aeronoticias.com.pe\/noticiero\/#website","url":"https:\/\/aeronoticias.com.pe\/noticiero\/","name":"Aeronoticias.com.pe","description":"Noticias de tranporte aereo, turismo, hoteles, gastronomia, actualidad, internacional","potentialAction":[{"@type":"SearchAction","target":{"@type":"EntryPoint","urlTemplate":"https:\/\/aeronoticias.com.pe\/noticiero\/?s={search_term_string}"},"query-input":{"@type":"PropertyValueSpecification","valueRequired":true,"valueName":"search_term_string"}}],"inLanguage":"es"},{"@type":"Person","@id":"https:\/\/aeronoticias.com.pe\/noticiero\/#\/schema\/person\/fc1e5d578f4b62ba1cf7ac2bba1170a0","name":"Redacci\u00f3n Aeronoticias","url":"https:\/\/aeronoticias.com.pe\/noticiero\/author\/piloto\/"}]}},"_links":{"self":[{"href":"https:\/\/aeronoticias.com.pe\/noticiero\/wp-json\/wp\/v2\/posts\/58759","targetHints":{"allow":["GET"]}}],"collection":[{"href":"https:\/\/aeronoticias.com.pe\/noticiero\/wp-json\/wp\/v2\/posts"}],"about":[{"href":"https:\/\/aeronoticias.com.pe\/noticiero\/wp-json\/wp\/v2\/types\/post"}],"author":[{"embeddable":true,"href":"https:\/\/aeronoticias.com.pe\/noticiero\/wp-json\/wp\/v2\/users\/1"}],"replies":[{"embeddable":true,"href":"https:\/\/aeronoticias.com.pe\/noticiero\/wp-json\/wp\/v2\/comments?post=58759"}],"version-history":[{"count":0,"href":"https:\/\/aeronoticias.com.pe\/noticiero\/wp-json\/wp\/v2\/posts\/58759\/revisions"}],"wp:featuredmedia":[{"embeddable":true,"href":"https:\/\/aeronoticias.com.pe\/noticiero\/wp-json\/wp\/v2\/media\/65935"}],"wp:attachment":[{"href":"https:\/\/aeronoticias.com.pe\/noticiero\/wp-json\/wp\/v2\/media?parent=58759"}],"wp:term":[{"taxonomy":"category","embeddable":true,"href":"https:\/\/aeronoticias.com.pe\/noticiero\/wp-json\/wp\/v2\/categories?post=58759"},{"taxonomy":"post_tag","embeddable":true,"href":"https:\/\/aeronoticias.com.pe\/noticiero\/wp-json\/wp\/v2\/tags?post=58759"}],"curies":[{"name":"wp","href":"https:\/\/api.w.org\/{rel}","templated":true}]}}