{"id":58766,"date":"2019-08-29T23:02:20","date_gmt":"2019-08-29T23:02:20","guid":{"rendered":"http:\/\/desarrollo.mcvicious.com\/aero2020\/2019\/08\/29\/conviasa-incorporo-siete-nuevas-rutas-internacionales-a-sus-planes-de-vuelo\/"},"modified":"2019-08-29T23:02:20","modified_gmt":"2019-08-29T23:02:20","slug":"conviasa-incorporo-siete-nuevas-rutas-internacionales-a-sus-planes-de-vuelo","status":"publish","type":"post","link":"https:\/\/aeronoticias.com.pe\/noticiero\/internacionales\/conviasa-incorporo-siete-nuevas-rutas-internacionales-a-sus-planes-de-vuelo\/","title":{"rendered":"Conviasa incorpor\u00f3 siete nuevas rutas internacionales a sus planes de vuelo"},"content":{"rendered":"<p style=\"text-align: justify;\"><strong>(Aeronoticias)<\/strong>.-\u00a0<span style=\"color: #454545; font-family: Helvetica; font-size: 12px;\">La aerol\u00ednea del Consorcio Venezolano de Industrias Aeron\u00e1uticas y Servicios A\u00e9reos (<\/span><strong style=\"color: #454545; font-family: Helvetica; font-size: 12px;\">Conviasa<\/strong><span style=\"color: #454545; font-family: Helvetica; font-size: 12px;\">), incorpor\u00f3 a sus planes de vuelo, siete nuevas rutas internacionales, para de esta manera ampliar las opciones de destinos para los usuarios que desean enlazar con otros destinos del mundo.<\/span><\/p>\n<p class=\"p1\" style=\"text-align: justify;\">As\u00ed lo inform\u00f3 el presidente de Conviasa, Ram\u00f3n Vel\u00e1squez, qui\u00e9n explic\u00f3 que desde los aeropuertos de Barinas, Barcelona, Cuman\u00e1,<\/p>\n<p class=\"p1\" style=\"text-align: justify;\">\u00a0<\/p>\n<p class=\"p1\" style=\"text-align: justify;\">El Vig\u00eda, La Fr\u00eda, Las Piedras, Maracaibo, Matur\u00edn, Porlamar, Puerto Ordaz y Santo Domingo del T\u00e1chira, se realizar\u00e1 la conexi\u00f3n directa desde el Aeropuerto Internacional Sim\u00f3n Bol\u00edvar de Maiquet\u00eda, como puente para llegar a Panam\u00e1, Rep\u00fablica Dominicana, La Habana, Ecuador, Bolivia y la conexi\u00f3n entre Panam\u00e1 \u2013 Managua y La Habana.<\/p>\n<p class=\"p1\" style=\"text-align: justify;\">\u00a0<\/p>\n<p class=\"p1\" style=\"text-align: justify;\">Sumado a estas rutas, Vel\u00e1squez explic\u00f3 que desde este mi\u00e9rcoles se inici\u00f3 la pre-venta para que los venezolanos que deseen viajar a tierras aztecas, puedan adquirir los boletos.<\/p>\n<p class=\"p1\" style=\"text-align: justify;\">\u00a0<\/p>\n<p class=\"p1\" style=\"text-align: justify;\">\u00abHoy estamos iniciando la pre-venta de nuestro vuelo inaugural que se realizar\u00e1 en noviembre desde Caracas \u2013 M\u00e9xico, la cual, contar\u00e1 con dos frecuencias y que permitir\u00e1 fortalecer la uni\u00f3n entre los pueblos\u00bb, afirm\u00f3.<\/p>\n<p class=\"p1\" style=\"text-align: justify;\">\u00a0<\/p>\n<p class=\"p1\" style=\"text-align: justify;\">Agreg\u00f3 que para el mes de septiembre se reactivar\u00e1n los vuelos entre Venezuela y las islas de San Vicente y las Granadinas, incluyendo la ruta hasta Manaos.<\/p>\n<p class=\"p2\" style=\"text-align: justify;\">\u00a0<\/p>\n<p class=\"p1\" style=\"text-align: justify;\">Pa\u00edses como Rusia, China y Turqu\u00eda, Uruguay, Italia y el Medio Oriente, son parte de la lista de destinos que la aerol\u00ednea planea ofrecer pr\u00f3ximamente y se realizar\u00e1n con la aeronave de cuerpo ancho Airbus A340-200 que tiene una capacidad para 286 pasajeros y que hizo su vuelo de prueba el pasado 12 de julio del 2019, expres\u00f3.<\/p>\n<p class=\"p1\" style=\"text-align: justify;\">\u00a0<\/p>\n<p class=\"p1\" style=\"text-align: justify;\">Fuente: <span style=\"text-decoration: underline;\"><em><strong>Aviaci\u00f3n al d\u00eda<\/strong><\/em><\/span>.<\/p>\n<p class=\"p1\" style=\"text-align: justify;\">\u00a0<\/p>\n<p class=\"p1\" style=\"text-align: justify;\"><img decoding=\"async\" src=\"images\/stories\/conviaaa1.jpg\" border=\"0\" \/><\/p>\n<p> p.p1 {margin: 0.0px 0.0px 0.0px 0.0px; font: 12.0px Helvetica; color: #454545} p.p2 {margin: 0.0px 0.0px 0.0px 0.0px; text-align: center; font: 12.0px Helvetica; color: #454545; min-height: 14.0px} p.p3 {margin: 0.0px 0.0px 0.0px 0.0px; font: 12.0px Helvetica; color: #454545; min-height: 14.0px}<\/p>\n","protected":false},"excerpt":{"rendered":"<p>(Aeronoticias).-\u00a0La aerol\u00ednea del Consorcio Venezolano de Industrias Aeron\u00e1uticas y Servicios A\u00e9reos (Conviasa), incorpor\u00f3 a sus planes de vuelo, siete nuevas rutas internacionales, para de esta manera ampliar las opciones de destinos para los usuarios que desean enlazar con otros destinos del mundo. As\u00ed lo inform\u00f3 el presidente de Conviasa, Ram\u00f3n Vel\u00e1squez, qui\u00e9n explic\u00f3 que desde [&hellip;]<\/p>\n","protected":false},"author":1,"featured_media":0,"comment_status":"open","ping_status":"open","sticky":false,"template":"","format":"standard","meta":{"tdm_status":"","tdm_grid_status":"","footnotes":""},"categories":[34],"tags":[],"class_list":{"0":"post-58766","1":"post","2":"type-post","3":"status-publish","4":"format-standard","6":"category-internacionales"},"yoast_head":"<!-- This site is optimized with the Yoast SEO plugin v25.1 - https:\/\/yoast.com\/wordpress\/plugins\/seo\/ -->\n<title>Conviasa incorpor\u00f3 siete nuevas rutas internacionales a sus planes de vuelo<\/title>\n<meta name=\"description\" content=\"Portal de noticias del Per\u00fa sobre el transporte a\u00e9reo, aviaci\u00f3n, turismo, hoteleria, actualidad.\" \/>\n<meta name=\"robots\" content=\"index, follow, max-snippet:-1, max-image-preview:large, max-video-preview:-1\" \/>\n<link rel=\"canonical\" href=\"https:\/\/aeronoticias.com.pe\/noticiero\/internacionales\/conviasa-incorporo-siete-nuevas-rutas-internacionales-a-sus-planes-de-vuelo\/\" \/>\n<meta property=\"og:locale\" content=\"es_ES\" \/>\n<meta property=\"og:type\" content=\"article\" \/>\n<meta property=\"og:title\" content=\"Conviasa incorpor\u00f3 siete nuevas rutas internacionales a sus planes de vuelo\" \/>\n<meta property=\"og:description\" content=\"Portal de noticias del Per\u00fa sobre el transporte a\u00e9reo, aviaci\u00f3n, turismo, hoteleria, actualidad.\" \/>\n<meta property=\"og:url\" content=\"https:\/\/aeronoticias.com.pe\/noticiero\/internacionales\/conviasa-incorporo-siete-nuevas-rutas-internacionales-a-sus-planes-de-vuelo\/\" \/>\n<meta property=\"og:site_name\" content=\"Aeronoticias.com.pe\" \/>\n<meta property=\"article:publisher\" content=\"https:\/\/www.facebook.com\/Aeronoticias.com.pe\/\" \/>\n<meta property=\"article:published_time\" content=\"2019-08-29T23:02:20+00:00\" \/>\n<meta name=\"author\" content=\"Redacci\u00f3n Aeronoticias\" \/>\n<meta name=\"twitter:card\" content=\"summary_large_image\" \/>\n<meta name=\"twitter:creator\" content=\"@aeronoticias\" \/>\n<meta name=\"twitter:site\" content=\"@aeronoticias\" \/>\n<meta name=\"twitter:label1\" content=\"Escrito por\" \/>\n\t<meta name=\"twitter:data1\" content=\"Redacci\u00f3n Aeronoticias\" \/>\n\t<meta name=\"twitter:label2\" content=\"Tiempo de lectura\" \/>\n\t<meta name=\"twitter:data2\" content=\"2 minutos\" \/>\n<script type=\"application\/ld+json\" class=\"yoast-schema-graph\">{\"@context\":\"https:\/\/schema.org\",\"@graph\":[{\"@type\":\"WebPage\",\"@id\":\"https:\/\/aeronoticias.com.pe\/noticiero\/internacionales\/conviasa-incorporo-siete-nuevas-rutas-internacionales-a-sus-planes-de-vuelo\/\",\"url\":\"https:\/\/aeronoticias.com.pe\/noticiero\/internacionales\/conviasa-incorporo-siete-nuevas-rutas-internacionales-a-sus-planes-de-vuelo\/\",\"name\":\"Conviasa incorpor\u00f3 siete nuevas rutas internacionales a sus planes de vuelo\",\"isPartOf\":{\"@id\":\"https:\/\/aeronoticias.com.pe\/noticiero\/#website\"},\"datePublished\":\"2019-08-29T23:02:20+00:00\",\"author\":{\"@id\":\"https:\/\/aeronoticias.com.pe\/noticiero\/#\/schema\/person\/fc1e5d578f4b62ba1cf7ac2bba1170a0\"},\"description\":\"Portal de noticias del Per\u00fa sobre el transporte a\u00e9reo, aviaci\u00f3n, turismo, hoteleria, actualidad.\",\"breadcrumb\":{\"@id\":\"https:\/\/aeronoticias.com.pe\/noticiero\/internacionales\/conviasa-incorporo-siete-nuevas-rutas-internacionales-a-sus-planes-de-vuelo\/#breadcrumb\"},\"inLanguage\":\"es\",\"potentialAction\":[{\"@type\":\"ReadAction\",\"target\":[\"https:\/\/aeronoticias.com.pe\/noticiero\/internacionales\/conviasa-incorporo-siete-nuevas-rutas-internacionales-a-sus-planes-de-vuelo\/\"]}]},{\"@type\":\"BreadcrumbList\",\"@id\":\"https:\/\/aeronoticias.com.pe\/noticiero\/internacionales\/conviasa-incorporo-siete-nuevas-rutas-internacionales-a-sus-planes-de-vuelo\/#breadcrumb\",\"itemListElement\":[{\"@type\":\"ListItem\",\"position\":1,\"name\":\"Portada\",\"item\":\"https:\/\/aeronoticias.com.pe\/noticiero\/\"},{\"@type\":\"ListItem\",\"position\":2,\"name\":\"Conviasa incorpor\u00f3 siete nuevas rutas internacionales a sus planes de vuelo\"}]},{\"@type\":\"WebSite\",\"@id\":\"https:\/\/aeronoticias.com.pe\/noticiero\/#website\",\"url\":\"https:\/\/aeronoticias.com.pe\/noticiero\/\",\"name\":\"Aeronoticias.com.pe\",\"description\":\"Noticias de tranporte aereo, turismo, hoteles, gastronomia, actualidad, internacional\",\"potentialAction\":[{\"@type\":\"SearchAction\",\"target\":{\"@type\":\"EntryPoint\",\"urlTemplate\":\"https:\/\/aeronoticias.com.pe\/noticiero\/?s={search_term_string}\"},\"query-input\":{\"@type\":\"PropertyValueSpecification\",\"valueRequired\":true,\"valueName\":\"search_term_string\"}}],\"inLanguage\":\"es\"},{\"@type\":\"Person\",\"@id\":\"https:\/\/aeronoticias.com.pe\/noticiero\/#\/schema\/person\/fc1e5d578f4b62ba1cf7ac2bba1170a0\",\"name\":\"Redacci\u00f3n Aeronoticias\",\"url\":\"https:\/\/aeronoticias.com.pe\/noticiero\/author\/piloto\/\"}]}<\/script>\n<!-- \/ Yoast SEO plugin. -->","yoast_head_json":{"title":"Conviasa incorpor\u00f3 siete nuevas rutas internacionales a sus planes de vuelo","description":"Portal de noticias del Per\u00fa sobre el transporte a\u00e9reo, aviaci\u00f3n, turismo, hoteleria, actualidad.","robots":{"index":"index","follow":"follow","max-snippet":"max-snippet:-1","max-image-preview":"max-image-preview:large","max-video-preview":"max-video-preview:-1"},"canonical":"https:\/\/aeronoticias.com.pe\/noticiero\/internacionales\/conviasa-incorporo-siete-nuevas-rutas-internacionales-a-sus-planes-de-vuelo\/","og_locale":"es_ES","og_type":"article","og_title":"Conviasa incorpor\u00f3 siete nuevas rutas internacionales a sus planes de vuelo","og_description":"Portal de noticias del Per\u00fa sobre el transporte a\u00e9reo, aviaci\u00f3n, turismo, hoteleria, actualidad.","og_url":"https:\/\/aeronoticias.com.pe\/noticiero\/internacionales\/conviasa-incorporo-siete-nuevas-rutas-internacionales-a-sus-planes-de-vuelo\/","og_site_name":"Aeronoticias.com.pe","article_publisher":"https:\/\/www.facebook.com\/Aeronoticias.com.pe\/","article_published_time":"2019-08-29T23:02:20+00:00","author":"Redacci\u00f3n Aeronoticias","twitter_card":"summary_large_image","twitter_creator":"@aeronoticias","twitter_site":"@aeronoticias","twitter_misc":{"Escrito por":"Redacci\u00f3n Aeronoticias","Tiempo de lectura":"2 minutos"},"schema":{"@context":"https:\/\/schema.org","@graph":[{"@type":"WebPage","@id":"https:\/\/aeronoticias.com.pe\/noticiero\/internacionales\/conviasa-incorporo-siete-nuevas-rutas-internacionales-a-sus-planes-de-vuelo\/","url":"https:\/\/aeronoticias.com.pe\/noticiero\/internacionales\/conviasa-incorporo-siete-nuevas-rutas-internacionales-a-sus-planes-de-vuelo\/","name":"Conviasa incorpor\u00f3 siete nuevas rutas internacionales a sus planes de vuelo","isPartOf":{"@id":"https:\/\/aeronoticias.com.pe\/noticiero\/#website"},"datePublished":"2019-08-29T23:02:20+00:00","author":{"@id":"https:\/\/aeronoticias.com.pe\/noticiero\/#\/schema\/person\/fc1e5d578f4b62ba1cf7ac2bba1170a0"},"description":"Portal de noticias del Per\u00fa sobre el transporte a\u00e9reo, aviaci\u00f3n, turismo, hoteleria, actualidad.","breadcrumb":{"@id":"https:\/\/aeronoticias.com.pe\/noticiero\/internacionales\/conviasa-incorporo-siete-nuevas-rutas-internacionales-a-sus-planes-de-vuelo\/#breadcrumb"},"inLanguage":"es","potentialAction":[{"@type":"ReadAction","target":["https:\/\/aeronoticias.com.pe\/noticiero\/internacionales\/conviasa-incorporo-siete-nuevas-rutas-internacionales-a-sus-planes-de-vuelo\/"]}]},{"@type":"BreadcrumbList","@id":"https:\/\/aeronoticias.com.pe\/noticiero\/internacionales\/conviasa-incorporo-siete-nuevas-rutas-internacionales-a-sus-planes-de-vuelo\/#breadcrumb","itemListElement":[{"@type":"ListItem","position":1,"name":"Portada","item":"https:\/\/aeronoticias.com.pe\/noticiero\/"},{"@type":"ListItem","position":2,"name":"Conviasa incorpor\u00f3 siete nuevas rutas internacionales a sus planes de vuelo"}]},{"@type":"WebSite","@id":"https:\/\/aeronoticias.com.pe\/noticiero\/#website","url":"https:\/\/aeronoticias.com.pe\/noticiero\/","name":"Aeronoticias.com.pe","description":"Noticias de tranporte aereo, turismo, hoteles, gastronomia, actualidad, internacional","potentialAction":[{"@type":"SearchAction","target":{"@type":"EntryPoint","urlTemplate":"https:\/\/aeronoticias.com.pe\/noticiero\/?s={search_term_string}"},"query-input":{"@type":"PropertyValueSpecification","valueRequired":true,"valueName":"search_term_string"}}],"inLanguage":"es"},{"@type":"Person","@id":"https:\/\/aeronoticias.com.pe\/noticiero\/#\/schema\/person\/fc1e5d578f4b62ba1cf7ac2bba1170a0","name":"Redacci\u00f3n Aeronoticias","url":"https:\/\/aeronoticias.com.pe\/noticiero\/author\/piloto\/"}]}},"_links":{"self":[{"href":"https:\/\/aeronoticias.com.pe\/noticiero\/wp-json\/wp\/v2\/posts\/58766","targetHints":{"allow":["GET"]}}],"collection":[{"href":"https:\/\/aeronoticias.com.pe\/noticiero\/wp-json\/wp\/v2\/posts"}],"about":[{"href":"https:\/\/aeronoticias.com.pe\/noticiero\/wp-json\/wp\/v2\/types\/post"}],"author":[{"embeddable":true,"href":"https:\/\/aeronoticias.com.pe\/noticiero\/wp-json\/wp\/v2\/users\/1"}],"replies":[{"embeddable":true,"href":"https:\/\/aeronoticias.com.pe\/noticiero\/wp-json\/wp\/v2\/comments?post=58766"}],"version-history":[{"count":0,"href":"https:\/\/aeronoticias.com.pe\/noticiero\/wp-json\/wp\/v2\/posts\/58766\/revisions"}],"wp:attachment":[{"href":"https:\/\/aeronoticias.com.pe\/noticiero\/wp-json\/wp\/v2\/media?parent=58766"}],"wp:term":[{"taxonomy":"category","embeddable":true,"href":"https:\/\/aeronoticias.com.pe\/noticiero\/wp-json\/wp\/v2\/categories?post=58766"},{"taxonomy":"post_tag","embeddable":true,"href":"https:\/\/aeronoticias.com.pe\/noticiero\/wp-json\/wp\/v2\/tags?post=58766"}],"curies":[{"name":"wp","href":"https:\/\/api.w.org\/{rel}","templated":true}]}}