{"id":58769,"date":"2019-08-31T15:51:44","date_gmt":"2019-08-31T15:51:44","guid":{"rendered":"http:\/\/desarrollo.mcvicious.com\/aero2020\/2019\/08\/31\/mexico-iata-aun-no-aprueban-el-aeropuerto-de-santa-lucia\/"},"modified":"2020-11-19T13:13:06","modified_gmt":"2020-11-19T18:13:06","slug":"mexico-iata-aun-no-aprueban-el-aeropuerto-de-santa-lucia","status":"publish","type":"post","link":"https:\/\/aeronoticias.com.pe\/noticiero\/transporte-aereo\/internacional\/mexico-iata-aun-no-aprueban-el-aeropuerto-de-santa-lucia\/","title":{"rendered":"M\u00e9xico: IATA a\u00fan no aprueban el aeropuerto de Santa Luc\u00eda"},"content":{"rendered":"\n<p class=\"p1\">La Asociaci\u00f3n Internacional de Transporte A\u00e9reo (IATA) aclar\u00f3 que a\u00fan no aprueba el proyecto del nuevo aeropuerto de Santa Luc\u00eda, pero se encuentran complacidos de la invitaci\u00f3n del gobierno para revisarlo.<\/p>\n\n\n\n<p class=\"p1\">Al t\u00e9rmino de su participaci\u00f3n en el foro el Traslado de V\u00edctimas de Trata de Personas, organizado por Grupo Aerom\u00e9xico, el director de IATA para M\u00e9xico, Cuitl\u00e1huac Guti\u00e9rrez, afirm\u00f3 que a\u00fan es prematuro dar una aprobaci\u00f3n a esta obra, pero se trabaja en conocer m\u00e1s detalles al respecto. \u201cEstamos complacidos de estar colaborando ya con el gobierno, es lo que esper\u00e1bamos, lo que hab\u00edamos pedido\u201d, dijo.<\/p>\n\n\n\n<p class=\"p1\">Guti\u00e9rrez inform\u00f3 que llevan dos reuniones con el gobierno federal para abordar este tema, donde IATA ha aportado ideas y propuestas en el tema del espacio a\u00e9reo.<\/p>\n\n\n\n<p class=\"p1\">Tras cancelar el Nuevo Aeropuerto Internacional de M\u00e9xico (NAIM), el gobierno de Andr\u00e9s Manuel L\u00f3pez Obrador eligi\u00f3 la construcci\u00f3n de un aeropuerto en la base militar de Santa Lucia, para hacer frente a la saturaci\u00f3n del espacio a\u00e9reo en el \u00c1rea Metropolitana.<\/p>\n\n\n\n<p class=\"p1\">\u201cMantenemos una buena colaboraci\u00f3n que esperemos brinde frutos por el beneficio de la industria. Estamos siendo escuchados para sacar de este proyecto lo mejor para las aerol\u00edneas que operan en este mercado\u201d, afirm\u00f3.<\/p>\n\n\n\n<p class=\"p1\">El directivo especific\u00f3 que en las reuniones que han tenido con la Secretar\u00eda de Comunicaciones y Transportes se han abordado temas conceptuales del espacio a\u00e9reo y su interacci\u00f3n con otros aeropuertos de la zona. Guti\u00e9rrez coment\u00f3 que el principal inter\u00e9s de IATA es participar en la planeaci\u00f3n de esta terminal.<\/p>\n\n\n\n<p class=\"p1\">Fuente: <span style=\"text-decoration: underline;\"><em><strong>Milenio.<\/strong><\/em><\/span><\/p>\n","protected":false},"excerpt":{"rendered":"<p>La Asociaci\u00f3n Internacional de Transporte A\u00e9reo (IATA) aclar\u00f3 que a\u00fan no aprueba el proyecto del nuevo aeropuerto de Santa Luc\u00eda, pero se encuentran complacidos de la invitaci\u00f3n del gobierno para revisarlo. Al t\u00e9rmino de su participaci\u00f3n en el foro el Traslado de V\u00edctimas de Trata de Personas, organizado por Grupo Aerom\u00e9xico, el director de IATA [&hellip;]<\/p>\n","protected":false},"author":1,"featured_media":65925,"comment_status":"open","ping_status":"open","sticky":false,"template":"","format":"standard","meta":{"tdm_status":"","tdm_grid_status":"","footnotes":""},"categories":[32,11],"tags":[901,296,228],"class_list":{"0":"post-58769","1":"post","2":"type-post","3":"status-publish","4":"format-standard","5":"has-post-thumbnail","7":"category-internacional","8":"category-transporte-aereo","9":"tag-aeropuerto-de-santa-lucia","10":"tag-iata","11":"tag-mexico"},"yoast_head":"<!-- This site is optimized with the Yoast SEO plugin v25.1 - https:\/\/yoast.com\/wordpress\/plugins\/seo\/ -->\n<title>M\u00e9xico: IATA a\u00fan no aprueban el aeropuerto de Santa Luc\u00eda<\/title>\n<meta name=\"description\" content=\"La Asociaci\u00f3n Internacional de Transporte A\u00e9reo (IATA) aclar\u00f3 que a\u00fan no aprueba el proyecto del nuevo aeropuerto de Santa Luc\u00eda, pero se encuentran complacidos de la invitaci\u00f3n del gobierno para revisarlo.\" \/>\n<meta name=\"robots\" content=\"index, follow, max-snippet:-1, max-image-preview:large, max-video-preview:-1\" \/>\n<link rel=\"canonical\" href=\"https:\/\/aeronoticias.com.pe\/noticiero\/transporte-aereo\/internacional\/mexico-iata-aun-no-aprueban-el-aeropuerto-de-santa-lucia\/\" \/>\n<meta property=\"og:locale\" content=\"es_ES\" \/>\n<meta property=\"og:type\" content=\"article\" \/>\n<meta property=\"og:title\" content=\"M\u00e9xico: IATA a\u00fan no aprueban el aeropuerto de Santa Luc\u00eda\" \/>\n<meta property=\"og:description\" content=\"La Asociaci\u00f3n Internacional de Transporte A\u00e9reo (IATA) aclar\u00f3 que a\u00fan no aprueba el proyecto del nuevo aeropuerto de Santa Luc\u00eda, pero se encuentran complacidos de la invitaci\u00f3n del gobierno para revisarlo.\" \/>\n<meta property=\"og:url\" content=\"https:\/\/aeronoticias.com.pe\/noticiero\/transporte-aereo\/internacional\/mexico-iata-aun-no-aprueban-el-aeropuerto-de-santa-lucia\/\" \/>\n<meta property=\"og:site_name\" content=\"Aeronoticias.com.pe\" \/>\n<meta property=\"article:publisher\" content=\"https:\/\/www.facebook.com\/Aeronoticias.com.pe\/\" \/>\n<meta property=\"article:published_time\" content=\"2019-08-31T15:51:44+00:00\" \/>\n<meta property=\"article:modified_time\" content=\"2020-11-19T18:13:06+00:00\" \/>\n<meta property=\"og:image\" content=\"https:\/\/aeronoticias.com.pe\/noticiero\/wp-content\/uploads\/2019\/08\/Aero-Santa-Luc\u00eda.jpg\" \/>\n\t<meta property=\"og:image:width\" content=\"998\" \/>\n\t<meta property=\"og:image:height\" content=\"380\" \/>\n\t<meta property=\"og:image:type\" content=\"image\/jpeg\" \/>\n<meta name=\"author\" content=\"Redacci\u00f3n Aeronoticias\" \/>\n<meta name=\"twitter:card\" content=\"summary_large_image\" \/>\n<meta name=\"twitter:creator\" content=\"@aeronoticias\" \/>\n<meta name=\"twitter:site\" content=\"@aeronoticias\" \/>\n<meta name=\"twitter:label1\" content=\"Escrito por\" \/>\n\t<meta name=\"twitter:data1\" content=\"Redacci\u00f3n Aeronoticias\" \/>\n\t<meta name=\"twitter:label2\" content=\"Tiempo de lectura\" \/>\n\t<meta name=\"twitter:data2\" content=\"1 minuto\" \/>\n<script type=\"application\/ld+json\" class=\"yoast-schema-graph\">{\"@context\":\"https:\/\/schema.org\",\"@graph\":[{\"@type\":\"WebPage\",\"@id\":\"https:\/\/aeronoticias.com.pe\/noticiero\/transporte-aereo\/internacional\/mexico-iata-aun-no-aprueban-el-aeropuerto-de-santa-lucia\/\",\"url\":\"https:\/\/aeronoticias.com.pe\/noticiero\/transporte-aereo\/internacional\/mexico-iata-aun-no-aprueban-el-aeropuerto-de-santa-lucia\/\",\"name\":\"M\u00e9xico: IATA a\u00fan no aprueban el aeropuerto de Santa Luc\u00eda\",\"isPartOf\":{\"@id\":\"https:\/\/aeronoticias.com.pe\/noticiero\/#website\"},\"primaryImageOfPage\":{\"@id\":\"https:\/\/aeronoticias.com.pe\/noticiero\/transporte-aereo\/internacional\/mexico-iata-aun-no-aprueban-el-aeropuerto-de-santa-lucia\/#primaryimage\"},\"image\":{\"@id\":\"https:\/\/aeronoticias.com.pe\/noticiero\/transporte-aereo\/internacional\/mexico-iata-aun-no-aprueban-el-aeropuerto-de-santa-lucia\/#primaryimage\"},\"thumbnailUrl\":\"https:\/\/aeronoticias.com.pe\/noticiero\/wp-content\/uploads\/2019\/08\/Aero-Santa-Luc\u00eda.jpg\",\"datePublished\":\"2019-08-31T15:51:44+00:00\",\"dateModified\":\"2020-11-19T18:13:06+00:00\",\"author\":{\"@id\":\"https:\/\/aeronoticias.com.pe\/noticiero\/#\/schema\/person\/fc1e5d578f4b62ba1cf7ac2bba1170a0\"},\"description\":\"La Asociaci\u00f3n Internacional de Transporte A\u00e9reo (IATA) aclar\u00f3 que a\u00fan no aprueba el proyecto del nuevo aeropuerto de Santa Luc\u00eda, pero se encuentran complacidos de la invitaci\u00f3n del gobierno para revisarlo.\",\"breadcrumb\":{\"@id\":\"https:\/\/aeronoticias.com.pe\/noticiero\/transporte-aereo\/internacional\/mexico-iata-aun-no-aprueban-el-aeropuerto-de-santa-lucia\/#breadcrumb\"},\"inLanguage\":\"es\",\"potentialAction\":[{\"@type\":\"ReadAction\",\"target\":[\"https:\/\/aeronoticias.com.pe\/noticiero\/transporte-aereo\/internacional\/mexico-iata-aun-no-aprueban-el-aeropuerto-de-santa-lucia\/\"]}]},{\"@type\":\"ImageObject\",\"inLanguage\":\"es\",\"@id\":\"https:\/\/aeronoticias.com.pe\/noticiero\/transporte-aereo\/internacional\/mexico-iata-aun-no-aprueban-el-aeropuerto-de-santa-lucia\/#primaryimage\",\"url\":\"https:\/\/aeronoticias.com.pe\/noticiero\/wp-content\/uploads\/2019\/08\/Aero-Santa-Luc\u00eda.jpg\",\"contentUrl\":\"https:\/\/aeronoticias.com.pe\/noticiero\/wp-content\/uploads\/2019\/08\/Aero-Santa-Luc\u00eda.jpg\",\"width\":998,\"height\":380},{\"@type\":\"BreadcrumbList\",\"@id\":\"https:\/\/aeronoticias.com.pe\/noticiero\/transporte-aereo\/internacional\/mexico-iata-aun-no-aprueban-el-aeropuerto-de-santa-lucia\/#breadcrumb\",\"itemListElement\":[{\"@type\":\"ListItem\",\"position\":1,\"name\":\"Portada\",\"item\":\"https:\/\/aeronoticias.com.pe\/noticiero\/\"},{\"@type\":\"ListItem\",\"position\":2,\"name\":\"M\u00e9xico: IATA a\u00fan no aprueban el aeropuerto de Santa Luc\u00eda\"}]},{\"@type\":\"WebSite\",\"@id\":\"https:\/\/aeronoticias.com.pe\/noticiero\/#website\",\"url\":\"https:\/\/aeronoticias.com.pe\/noticiero\/\",\"name\":\"Aeronoticias.com.pe\",\"description\":\"Noticias de tranporte aereo, turismo, hoteles, gastronomia, actualidad, internacional\",\"potentialAction\":[{\"@type\":\"SearchAction\",\"target\":{\"@type\":\"EntryPoint\",\"urlTemplate\":\"https:\/\/aeronoticias.com.pe\/noticiero\/?s={search_term_string}\"},\"query-input\":{\"@type\":\"PropertyValueSpecification\",\"valueRequired\":true,\"valueName\":\"search_term_string\"}}],\"inLanguage\":\"es\"},{\"@type\":\"Person\",\"@id\":\"https:\/\/aeronoticias.com.pe\/noticiero\/#\/schema\/person\/fc1e5d578f4b62ba1cf7ac2bba1170a0\",\"name\":\"Redacci\u00f3n Aeronoticias\",\"url\":\"https:\/\/aeronoticias.com.pe\/noticiero\/author\/piloto\/\"}]}<\/script>\n<!-- \/ Yoast SEO plugin. -->","yoast_head_json":{"title":"M\u00e9xico: IATA a\u00fan no aprueban el aeropuerto de Santa Luc\u00eda","description":"La Asociaci\u00f3n Internacional de Transporte A\u00e9reo (IATA) aclar\u00f3 que a\u00fan no aprueba el proyecto del nuevo aeropuerto de Santa Luc\u00eda, pero se encuentran complacidos de la invitaci\u00f3n del gobierno para revisarlo.","robots":{"index":"index","follow":"follow","max-snippet":"max-snippet:-1","max-image-preview":"max-image-preview:large","max-video-preview":"max-video-preview:-1"},"canonical":"https:\/\/aeronoticias.com.pe\/noticiero\/transporte-aereo\/internacional\/mexico-iata-aun-no-aprueban-el-aeropuerto-de-santa-lucia\/","og_locale":"es_ES","og_type":"article","og_title":"M\u00e9xico: IATA a\u00fan no aprueban el aeropuerto de Santa Luc\u00eda","og_description":"La Asociaci\u00f3n Internacional de Transporte A\u00e9reo (IATA) aclar\u00f3 que a\u00fan no aprueba el proyecto del nuevo aeropuerto de Santa Luc\u00eda, pero se encuentran complacidos de la invitaci\u00f3n del gobierno para revisarlo.","og_url":"https:\/\/aeronoticias.com.pe\/noticiero\/transporte-aereo\/internacional\/mexico-iata-aun-no-aprueban-el-aeropuerto-de-santa-lucia\/","og_site_name":"Aeronoticias.com.pe","article_publisher":"https:\/\/www.facebook.com\/Aeronoticias.com.pe\/","article_published_time":"2019-08-31T15:51:44+00:00","article_modified_time":"2020-11-19T18:13:06+00:00","og_image":[{"width":998,"height":380,"url":"https:\/\/aeronoticias.com.pe\/noticiero\/wp-content\/uploads\/2019\/08\/Aero-Santa-Luc\u00eda.jpg","type":"image\/jpeg"}],"author":"Redacci\u00f3n Aeronoticias","twitter_card":"summary_large_image","twitter_creator":"@aeronoticias","twitter_site":"@aeronoticias","twitter_misc":{"Escrito por":"Redacci\u00f3n Aeronoticias","Tiempo de lectura":"1 minuto"},"schema":{"@context":"https:\/\/schema.org","@graph":[{"@type":"WebPage","@id":"https:\/\/aeronoticias.com.pe\/noticiero\/transporte-aereo\/internacional\/mexico-iata-aun-no-aprueban-el-aeropuerto-de-santa-lucia\/","url":"https:\/\/aeronoticias.com.pe\/noticiero\/transporte-aereo\/internacional\/mexico-iata-aun-no-aprueban-el-aeropuerto-de-santa-lucia\/","name":"M\u00e9xico: IATA a\u00fan no aprueban el aeropuerto de Santa Luc\u00eda","isPartOf":{"@id":"https:\/\/aeronoticias.com.pe\/noticiero\/#website"},"primaryImageOfPage":{"@id":"https:\/\/aeronoticias.com.pe\/noticiero\/transporte-aereo\/internacional\/mexico-iata-aun-no-aprueban-el-aeropuerto-de-santa-lucia\/#primaryimage"},"image":{"@id":"https:\/\/aeronoticias.com.pe\/noticiero\/transporte-aereo\/internacional\/mexico-iata-aun-no-aprueban-el-aeropuerto-de-santa-lucia\/#primaryimage"},"thumbnailUrl":"https:\/\/aeronoticias.com.pe\/noticiero\/wp-content\/uploads\/2019\/08\/Aero-Santa-Luc\u00eda.jpg","datePublished":"2019-08-31T15:51:44+00:00","dateModified":"2020-11-19T18:13:06+00:00","author":{"@id":"https:\/\/aeronoticias.com.pe\/noticiero\/#\/schema\/person\/fc1e5d578f4b62ba1cf7ac2bba1170a0"},"description":"La Asociaci\u00f3n Internacional de Transporte A\u00e9reo (IATA) aclar\u00f3 que a\u00fan no aprueba el proyecto del nuevo aeropuerto de Santa Luc\u00eda, pero se encuentran complacidos de la invitaci\u00f3n del gobierno para revisarlo.","breadcrumb":{"@id":"https:\/\/aeronoticias.com.pe\/noticiero\/transporte-aereo\/internacional\/mexico-iata-aun-no-aprueban-el-aeropuerto-de-santa-lucia\/#breadcrumb"},"inLanguage":"es","potentialAction":[{"@type":"ReadAction","target":["https:\/\/aeronoticias.com.pe\/noticiero\/transporte-aereo\/internacional\/mexico-iata-aun-no-aprueban-el-aeropuerto-de-santa-lucia\/"]}]},{"@type":"ImageObject","inLanguage":"es","@id":"https:\/\/aeronoticias.com.pe\/noticiero\/transporte-aereo\/internacional\/mexico-iata-aun-no-aprueban-el-aeropuerto-de-santa-lucia\/#primaryimage","url":"https:\/\/aeronoticias.com.pe\/noticiero\/wp-content\/uploads\/2019\/08\/Aero-Santa-Luc\u00eda.jpg","contentUrl":"https:\/\/aeronoticias.com.pe\/noticiero\/wp-content\/uploads\/2019\/08\/Aero-Santa-Luc\u00eda.jpg","width":998,"height":380},{"@type":"BreadcrumbList","@id":"https:\/\/aeronoticias.com.pe\/noticiero\/transporte-aereo\/internacional\/mexico-iata-aun-no-aprueban-el-aeropuerto-de-santa-lucia\/#breadcrumb","itemListElement":[{"@type":"ListItem","position":1,"name":"Portada","item":"https:\/\/aeronoticias.com.pe\/noticiero\/"},{"@type":"ListItem","position":2,"name":"M\u00e9xico: IATA a\u00fan no aprueban el aeropuerto de Santa Luc\u00eda"}]},{"@type":"WebSite","@id":"https:\/\/aeronoticias.com.pe\/noticiero\/#website","url":"https:\/\/aeronoticias.com.pe\/noticiero\/","name":"Aeronoticias.com.pe","description":"Noticias de tranporte aereo, turismo, hoteles, gastronomia, actualidad, internacional","potentialAction":[{"@type":"SearchAction","target":{"@type":"EntryPoint","urlTemplate":"https:\/\/aeronoticias.com.pe\/noticiero\/?s={search_term_string}"},"query-input":{"@type":"PropertyValueSpecification","valueRequired":true,"valueName":"search_term_string"}}],"inLanguage":"es"},{"@type":"Person","@id":"https:\/\/aeronoticias.com.pe\/noticiero\/#\/schema\/person\/fc1e5d578f4b62ba1cf7ac2bba1170a0","name":"Redacci\u00f3n Aeronoticias","url":"https:\/\/aeronoticias.com.pe\/noticiero\/author\/piloto\/"}]}},"_links":{"self":[{"href":"https:\/\/aeronoticias.com.pe\/noticiero\/wp-json\/wp\/v2\/posts\/58769","targetHints":{"allow":["GET"]}}],"collection":[{"href":"https:\/\/aeronoticias.com.pe\/noticiero\/wp-json\/wp\/v2\/posts"}],"about":[{"href":"https:\/\/aeronoticias.com.pe\/noticiero\/wp-json\/wp\/v2\/types\/post"}],"author":[{"embeddable":true,"href":"https:\/\/aeronoticias.com.pe\/noticiero\/wp-json\/wp\/v2\/users\/1"}],"replies":[{"embeddable":true,"href":"https:\/\/aeronoticias.com.pe\/noticiero\/wp-json\/wp\/v2\/comments?post=58769"}],"version-history":[{"count":0,"href":"https:\/\/aeronoticias.com.pe\/noticiero\/wp-json\/wp\/v2\/posts\/58769\/revisions"}],"wp:featuredmedia":[{"embeddable":true,"href":"https:\/\/aeronoticias.com.pe\/noticiero\/wp-json\/wp\/v2\/media\/65925"}],"wp:attachment":[{"href":"https:\/\/aeronoticias.com.pe\/noticiero\/wp-json\/wp\/v2\/media?parent=58769"}],"wp:term":[{"taxonomy":"category","embeddable":true,"href":"https:\/\/aeronoticias.com.pe\/noticiero\/wp-json\/wp\/v2\/categories?post=58769"},{"taxonomy":"post_tag","embeddable":true,"href":"https:\/\/aeronoticias.com.pe\/noticiero\/wp-json\/wp\/v2\/tags?post=58769"}],"curies":[{"name":"wp","href":"https:\/\/api.w.org\/{rel}","templated":true}]}}