{"id":58772,"date":"2019-09-02T01:44:42","date_gmt":"2019-09-02T01:44:42","guid":{"rendered":"http:\/\/desarrollo.mcvicious.com\/aero2020\/2019\/09\/02\/espana-comienza-la-primera-jornada-de-huelga-de-tcp-de-ryanair-con-seis-vuelos-cancelados\/"},"modified":"2020-11-16T18:40:51","modified_gmt":"2020-11-16T23:40:51","slug":"espana-comienza-la-primera-jornada-de-huelga-de-tcp-de-ryanair-con-seis-vuelos-cancelados","status":"publish","type":"post","link":"https:\/\/aeronoticias.com.pe\/noticiero\/transporte-aereo\/internacional\/espana-comienza-la-primera-jornada-de-huelga-de-tcp-de-ryanair-con-seis-vuelos-cancelados\/","title":{"rendered":"Espa\u00f1a: Comienza la primera jornada de huelga de TCP de Ryanair con seis vuelos cancelados"},"content":{"rendered":"\n<p class=\"p1\">Ryanair se enfrenta este domingo a la primera de las diez jornadas de huelga convocadas por los sindicatos USO y Sitcpla para los tripulantes de cabina (TCP) de la aerol\u00ednea contra el cierre el pr\u00f3ximo enero de las bases de Tenerife Sur, Gran Canaria, Lanzarote y Girona.<\/p>\n\n\n\n<p class=\"p1\">La compa\u00f1\u00eda anunci\u00f3 la cancelaci\u00f3n de seis vuelos este 1 de septiembre, que, en concreto y seg\u00fan ha registrado en un buscador en su p\u00e1gina web, cubren las rutas Barcelona-Mil\u00e1n B\u00e9rgamo, Barcelona-Sevilla, Madrid-Santiago de Compostela, Mil\u00e1n B\u00e9rgamo-Barcelona, Santiago de Compostela-Madrid y Sevilla-Barcelona. Todos los pasajeros de estos vuelos fueron informados con anterioridad v\u00eda SMS.<\/p>\n\n\n\n<p class=\"p1\">Para la huelga, convocada para los d\u00edas 1, 2, 6, 8, 13, 15, 20, 22, 27 y 29 de septiembre, Fomento ha fijado unos servicios m\u00ednimos con los que Ryanair est\u00e1 obligada a garantizar el 100% de los vuelos no peninsulares, el 60% de los peninsulares e internacionales con desplazamiento igual o superior a cinco horas y el 35% de los vuelos peninsulares con tiempo de desplazamiento inferior a cinco horas. Desde los sindicatos han tildado estos servicios m\u00ednimos de \u201cabusivos\u201d y han criticado que el Gobierno \u201cse ponga de perfil\u201d.<\/p>\n\n\n\n<p class=\"p1\">El pasado jueves, Ryanair se\u00f1al\u00f3 que la huelga es \u201csin sentido\u201d porque el cierre de las bases es \u201cirreversible\u201d y se justifica con el retraso en las entregas de los Boeing 737 MAX, lo que ha obligado a cerrar estas bases \u201cdeficitarias\u201d.<\/p>\n\n\n\n<p class=\"p1\">Adem\u00e1s, indic\u00f3 que convocar tales huelgas a tan solo ocho semanas del \u2018Brexit\u2019 \u201ces un acto de irresponsabilidad por parte de estos sindicatos\u201d.<\/p>\n\n\n\n<p class=\"p1\">Adem\u00e1s de los TCP, Sepla tambi\u00e9n ha realizado un preaviso de huelga para los pilotos los d\u00edas 19, 20, 22, 27 y 29 de septiembre, por los mismos motivos, aunque esperar\u00e1 a reunirse con representantes de la aerol\u00ednea en el Servicio Interconfederal de Mediaci\u00f3n y Arbitraje (SIMA) antes de hacer la convocatoria formal.<\/p>\n\n\n\n<p class=\"p1\">El cierre de las bases afectar\u00e1 a 512 trabajadores de Ryanair entre pilotos y TCP, en concreto, 164 personas en Girona, 156 en Tenerife Sur, 110 en Las Palmas y 82 en Lanzarote.<\/p>\n\n\n\n<p class=\"p1\">Fuente: <span style=\"text-decoration: underline;\"><em><strong>Europa Press<\/strong><\/em><\/span>.<\/p>\n","protected":false},"excerpt":{"rendered":"<p>Ryanair se enfrenta este domingo a la primera de las diez jornadas de huelga convocadas por los sindicatos USO y Sitcpla para los tripulantes de cabina (TCP) de la aerol\u00ednea contra el cierre el pr\u00f3ximo enero de las bases de Tenerife Sur, Gran Canaria, Lanzarote y Girona. La compa\u00f1\u00eda anunci\u00f3 la cancelaci\u00f3n de seis vuelos [&hellip;]<\/p>\n","protected":false},"author":1,"featured_media":65685,"comment_status":"open","ping_status":"open","sticky":false,"template":"","format":"standard","meta":{"tdm_status":"","tdm_grid_status":"","footnotes":""},"categories":[32,11],"tags":[451,177,870],"class_list":{"0":"post-58772","1":"post","2":"type-post","3":"status-publish","4":"format-standard","5":"has-post-thumbnail","7":"category-internacional","9":"tag-espana","10":"tag-ryanair","11":"tag-tcp"},"yoast_head":"<!-- This site is optimized with the Yoast SEO plugin v25.1 - https:\/\/yoast.com\/wordpress\/plugins\/seo\/ -->\n<title>Espa\u00f1a: Comienza la primera jornada de huelga de TCP de Ryanair con seis vuelos cancelados<\/title>\n<meta name=\"description\" content=\"Ryanair se enfrenta este domingo a la primera de las diez jornadas de huelga convocadas por los sindicatos USO y Sitcpla para los tripulantes de cabina (TCP) de la aerol\u00ednea contra el cierre el pr\u00f3ximo enero de las bases de Tenerife Sur, Gran Canaria, Lanzarote y Girona.\" \/>\n<meta name=\"robots\" content=\"index, follow, max-snippet:-1, max-image-preview:large, max-video-preview:-1\" \/>\n<link rel=\"canonical\" href=\"https:\/\/aeronoticias.com.pe\/noticiero\/transporte-aereo\/internacional\/espana-comienza-la-primera-jornada-de-huelga-de-tcp-de-ryanair-con-seis-vuelos-cancelados\/\" \/>\n<meta property=\"og:locale\" content=\"es_ES\" \/>\n<meta property=\"og:type\" content=\"article\" \/>\n<meta property=\"og:title\" content=\"Espa\u00f1a: Comienza la primera jornada de huelga de TCP de Ryanair con seis vuelos cancelados\" \/>\n<meta property=\"og:description\" content=\"Ryanair se enfrenta este domingo a la primera de las diez jornadas de huelga convocadas por los sindicatos USO y Sitcpla para los tripulantes de cabina (TCP) de la aerol\u00ednea contra el cierre el pr\u00f3ximo enero de las bases de Tenerife Sur, Gran Canaria, Lanzarote y Girona.\" \/>\n<meta property=\"og:url\" content=\"https:\/\/aeronoticias.com.pe\/noticiero\/transporte-aereo\/internacional\/espana-comienza-la-primera-jornada-de-huelga-de-tcp-de-ryanair-con-seis-vuelos-cancelados\/\" \/>\n<meta property=\"og:site_name\" content=\"Aeronoticias.com.pe\" \/>\n<meta property=\"article:publisher\" content=\"https:\/\/www.facebook.com\/Aeronoticias.com.pe\/\" \/>\n<meta property=\"article:published_time\" content=\"2019-09-02T01:44:42+00:00\" \/>\n<meta property=\"article:modified_time\" content=\"2020-11-16T23:40:51+00:00\" \/>\n<meta property=\"og:image\" content=\"https:\/\/aeronoticias.com.pe\/noticiero\/wp-content\/uploads\/2019\/09\/huelga-Ryanair-scaled.jpg\" \/>\n\t<meta property=\"og:image:width\" content=\"2560\" \/>\n\t<meta property=\"og:image:height\" content=\"1707\" \/>\n\t<meta property=\"og:image:type\" content=\"image\/jpeg\" \/>\n<meta name=\"author\" content=\"Redacci\u00f3n Aeronoticias\" \/>\n<meta name=\"twitter:card\" content=\"summary_large_image\" \/>\n<meta name=\"twitter:creator\" content=\"@aeronoticias\" \/>\n<meta name=\"twitter:site\" content=\"@aeronoticias\" \/>\n<meta name=\"twitter:label1\" content=\"Escrito por\" \/>\n\t<meta name=\"twitter:data1\" content=\"Redacci\u00f3n Aeronoticias\" \/>\n\t<meta name=\"twitter:label2\" content=\"Tiempo de lectura\" \/>\n\t<meta name=\"twitter:data2\" content=\"2 minutos\" \/>\n<script type=\"application\/ld+json\" class=\"yoast-schema-graph\">{\"@context\":\"https:\/\/schema.org\",\"@graph\":[{\"@type\":\"WebPage\",\"@id\":\"https:\/\/aeronoticias.com.pe\/noticiero\/transporte-aereo\/internacional\/espana-comienza-la-primera-jornada-de-huelga-de-tcp-de-ryanair-con-seis-vuelos-cancelados\/\",\"url\":\"https:\/\/aeronoticias.com.pe\/noticiero\/transporte-aereo\/internacional\/espana-comienza-la-primera-jornada-de-huelga-de-tcp-de-ryanair-con-seis-vuelos-cancelados\/\",\"name\":\"Espa\u00f1a: Comienza la primera jornada de huelga de TCP de Ryanair con seis vuelos cancelados\",\"isPartOf\":{\"@id\":\"https:\/\/aeronoticias.com.pe\/noticiero\/#website\"},\"primaryImageOfPage\":{\"@id\":\"https:\/\/aeronoticias.com.pe\/noticiero\/transporte-aereo\/internacional\/espana-comienza-la-primera-jornada-de-huelga-de-tcp-de-ryanair-con-seis-vuelos-cancelados\/#primaryimage\"},\"image\":{\"@id\":\"https:\/\/aeronoticias.com.pe\/noticiero\/transporte-aereo\/internacional\/espana-comienza-la-primera-jornada-de-huelga-de-tcp-de-ryanair-con-seis-vuelos-cancelados\/#primaryimage\"},\"thumbnailUrl\":\"https:\/\/aeronoticias.com.pe\/noticiero\/wp-content\/uploads\/2019\/09\/huelga-Ryanair-scaled.jpg\",\"datePublished\":\"2019-09-02T01:44:42+00:00\",\"dateModified\":\"2020-11-16T23:40:51+00:00\",\"author\":{\"@id\":\"https:\/\/aeronoticias.com.pe\/noticiero\/#\/schema\/person\/fc1e5d578f4b62ba1cf7ac2bba1170a0\"},\"description\":\"Ryanair se enfrenta este domingo a la primera de las diez jornadas de huelga convocadas por los sindicatos USO y Sitcpla para los tripulantes de cabina (TCP) de la aerol\u00ednea contra el cierre el pr\u00f3ximo enero de las bases de Tenerife Sur, Gran Canaria, Lanzarote y Girona.\",\"breadcrumb\":{\"@id\":\"https:\/\/aeronoticias.com.pe\/noticiero\/transporte-aereo\/internacional\/espana-comienza-la-primera-jornada-de-huelga-de-tcp-de-ryanair-con-seis-vuelos-cancelados\/#breadcrumb\"},\"inLanguage\":\"es\",\"potentialAction\":[{\"@type\":\"ReadAction\",\"target\":[\"https:\/\/aeronoticias.com.pe\/noticiero\/transporte-aereo\/internacional\/espana-comienza-la-primera-jornada-de-huelga-de-tcp-de-ryanair-con-seis-vuelos-cancelados\/\"]}]},{\"@type\":\"ImageObject\",\"inLanguage\":\"es\",\"@id\":\"https:\/\/aeronoticias.com.pe\/noticiero\/transporte-aereo\/internacional\/espana-comienza-la-primera-jornada-de-huelga-de-tcp-de-ryanair-con-seis-vuelos-cancelados\/#primaryimage\",\"url\":\"https:\/\/aeronoticias.com.pe\/noticiero\/wp-content\/uploads\/2019\/09\/huelga-Ryanair-scaled.jpg\",\"contentUrl\":\"https:\/\/aeronoticias.com.pe\/noticiero\/wp-content\/uploads\/2019\/09\/huelga-Ryanair-scaled.jpg\",\"width\":2560,\"height\":1707},{\"@type\":\"BreadcrumbList\",\"@id\":\"https:\/\/aeronoticias.com.pe\/noticiero\/transporte-aereo\/internacional\/espana-comienza-la-primera-jornada-de-huelga-de-tcp-de-ryanair-con-seis-vuelos-cancelados\/#breadcrumb\",\"itemListElement\":[{\"@type\":\"ListItem\",\"position\":1,\"name\":\"Portada\",\"item\":\"https:\/\/aeronoticias.com.pe\/noticiero\/\"},{\"@type\":\"ListItem\",\"position\":2,\"name\":\"Espa\u00f1a: Comienza la primera jornada de huelga de TCP de Ryanair con seis vuelos cancelados\"}]},{\"@type\":\"WebSite\",\"@id\":\"https:\/\/aeronoticias.com.pe\/noticiero\/#website\",\"url\":\"https:\/\/aeronoticias.com.pe\/noticiero\/\",\"name\":\"Aeronoticias.com.pe\",\"description\":\"Noticias de tranporte aereo, turismo, hoteles, gastronomia, actualidad, internacional\",\"potentialAction\":[{\"@type\":\"SearchAction\",\"target\":{\"@type\":\"EntryPoint\",\"urlTemplate\":\"https:\/\/aeronoticias.com.pe\/noticiero\/?s={search_term_string}\"},\"query-input\":{\"@type\":\"PropertyValueSpecification\",\"valueRequired\":true,\"valueName\":\"search_term_string\"}}],\"inLanguage\":\"es\"},{\"@type\":\"Person\",\"@id\":\"https:\/\/aeronoticias.com.pe\/noticiero\/#\/schema\/person\/fc1e5d578f4b62ba1cf7ac2bba1170a0\",\"name\":\"Redacci\u00f3n Aeronoticias\",\"url\":\"https:\/\/aeronoticias.com.pe\/noticiero\/author\/piloto\/\"}]}<\/script>\n<!-- \/ Yoast SEO plugin. -->","yoast_head_json":{"title":"Espa\u00f1a: Comienza la primera jornada de huelga de TCP de Ryanair con seis vuelos cancelados","description":"Ryanair se enfrenta este domingo a la primera de las diez jornadas de huelga convocadas por los sindicatos USO y Sitcpla para los tripulantes de cabina (TCP) de la aerol\u00ednea contra el cierre el pr\u00f3ximo enero de las bases de Tenerife Sur, Gran Canaria, Lanzarote y Girona.","robots":{"index":"index","follow":"follow","max-snippet":"max-snippet:-1","max-image-preview":"max-image-preview:large","max-video-preview":"max-video-preview:-1"},"canonical":"https:\/\/aeronoticias.com.pe\/noticiero\/transporte-aereo\/internacional\/espana-comienza-la-primera-jornada-de-huelga-de-tcp-de-ryanair-con-seis-vuelos-cancelados\/","og_locale":"es_ES","og_type":"article","og_title":"Espa\u00f1a: Comienza la primera jornada de huelga de TCP de Ryanair con seis vuelos cancelados","og_description":"Ryanair se enfrenta este domingo a la primera de las diez jornadas de huelga convocadas por los sindicatos USO y Sitcpla para los tripulantes de cabina (TCP) de la aerol\u00ednea contra el cierre el pr\u00f3ximo enero de las bases de Tenerife Sur, Gran Canaria, Lanzarote y Girona.","og_url":"https:\/\/aeronoticias.com.pe\/noticiero\/transporte-aereo\/internacional\/espana-comienza-la-primera-jornada-de-huelga-de-tcp-de-ryanair-con-seis-vuelos-cancelados\/","og_site_name":"Aeronoticias.com.pe","article_publisher":"https:\/\/www.facebook.com\/Aeronoticias.com.pe\/","article_published_time":"2019-09-02T01:44:42+00:00","article_modified_time":"2020-11-16T23:40:51+00:00","og_image":[{"width":2560,"height":1707,"url":"https:\/\/aeronoticias.com.pe\/noticiero\/wp-content\/uploads\/2019\/09\/huelga-Ryanair-scaled.jpg","type":"image\/jpeg"}],"author":"Redacci\u00f3n Aeronoticias","twitter_card":"summary_large_image","twitter_creator":"@aeronoticias","twitter_site":"@aeronoticias","twitter_misc":{"Escrito por":"Redacci\u00f3n Aeronoticias","Tiempo de lectura":"2 minutos"},"schema":{"@context":"https:\/\/schema.org","@graph":[{"@type":"WebPage","@id":"https:\/\/aeronoticias.com.pe\/noticiero\/transporte-aereo\/internacional\/espana-comienza-la-primera-jornada-de-huelga-de-tcp-de-ryanair-con-seis-vuelos-cancelados\/","url":"https:\/\/aeronoticias.com.pe\/noticiero\/transporte-aereo\/internacional\/espana-comienza-la-primera-jornada-de-huelga-de-tcp-de-ryanair-con-seis-vuelos-cancelados\/","name":"Espa\u00f1a: Comienza la primera jornada de huelga de TCP de Ryanair con seis vuelos cancelados","isPartOf":{"@id":"https:\/\/aeronoticias.com.pe\/noticiero\/#website"},"primaryImageOfPage":{"@id":"https:\/\/aeronoticias.com.pe\/noticiero\/transporte-aereo\/internacional\/espana-comienza-la-primera-jornada-de-huelga-de-tcp-de-ryanair-con-seis-vuelos-cancelados\/#primaryimage"},"image":{"@id":"https:\/\/aeronoticias.com.pe\/noticiero\/transporte-aereo\/internacional\/espana-comienza-la-primera-jornada-de-huelga-de-tcp-de-ryanair-con-seis-vuelos-cancelados\/#primaryimage"},"thumbnailUrl":"https:\/\/aeronoticias.com.pe\/noticiero\/wp-content\/uploads\/2019\/09\/huelga-Ryanair-scaled.jpg","datePublished":"2019-09-02T01:44:42+00:00","dateModified":"2020-11-16T23:40:51+00:00","author":{"@id":"https:\/\/aeronoticias.com.pe\/noticiero\/#\/schema\/person\/fc1e5d578f4b62ba1cf7ac2bba1170a0"},"description":"Ryanair se enfrenta este domingo a la primera de las diez jornadas de huelga convocadas por los sindicatos USO y Sitcpla para los tripulantes de cabina (TCP) de la aerol\u00ednea contra el cierre el pr\u00f3ximo enero de las bases de Tenerife Sur, Gran Canaria, Lanzarote y Girona.","breadcrumb":{"@id":"https:\/\/aeronoticias.com.pe\/noticiero\/transporte-aereo\/internacional\/espana-comienza-la-primera-jornada-de-huelga-de-tcp-de-ryanair-con-seis-vuelos-cancelados\/#breadcrumb"},"inLanguage":"es","potentialAction":[{"@type":"ReadAction","target":["https:\/\/aeronoticias.com.pe\/noticiero\/transporte-aereo\/internacional\/espana-comienza-la-primera-jornada-de-huelga-de-tcp-de-ryanair-con-seis-vuelos-cancelados\/"]}]},{"@type":"ImageObject","inLanguage":"es","@id":"https:\/\/aeronoticias.com.pe\/noticiero\/transporte-aereo\/internacional\/espana-comienza-la-primera-jornada-de-huelga-de-tcp-de-ryanair-con-seis-vuelos-cancelados\/#primaryimage","url":"https:\/\/aeronoticias.com.pe\/noticiero\/wp-content\/uploads\/2019\/09\/huelga-Ryanair-scaled.jpg","contentUrl":"https:\/\/aeronoticias.com.pe\/noticiero\/wp-content\/uploads\/2019\/09\/huelga-Ryanair-scaled.jpg","width":2560,"height":1707},{"@type":"BreadcrumbList","@id":"https:\/\/aeronoticias.com.pe\/noticiero\/transporte-aereo\/internacional\/espana-comienza-la-primera-jornada-de-huelga-de-tcp-de-ryanair-con-seis-vuelos-cancelados\/#breadcrumb","itemListElement":[{"@type":"ListItem","position":1,"name":"Portada","item":"https:\/\/aeronoticias.com.pe\/noticiero\/"},{"@type":"ListItem","position":2,"name":"Espa\u00f1a: Comienza la primera jornada de huelga de TCP de Ryanair con seis vuelos cancelados"}]},{"@type":"WebSite","@id":"https:\/\/aeronoticias.com.pe\/noticiero\/#website","url":"https:\/\/aeronoticias.com.pe\/noticiero\/","name":"Aeronoticias.com.pe","description":"Noticias de tranporte aereo, turismo, hoteles, gastronomia, actualidad, internacional","potentialAction":[{"@type":"SearchAction","target":{"@type":"EntryPoint","urlTemplate":"https:\/\/aeronoticias.com.pe\/noticiero\/?s={search_term_string}"},"query-input":{"@type":"PropertyValueSpecification","valueRequired":true,"valueName":"search_term_string"}}],"inLanguage":"es"},{"@type":"Person","@id":"https:\/\/aeronoticias.com.pe\/noticiero\/#\/schema\/person\/fc1e5d578f4b62ba1cf7ac2bba1170a0","name":"Redacci\u00f3n Aeronoticias","url":"https:\/\/aeronoticias.com.pe\/noticiero\/author\/piloto\/"}]}},"_links":{"self":[{"href":"https:\/\/aeronoticias.com.pe\/noticiero\/wp-json\/wp\/v2\/posts\/58772","targetHints":{"allow":["GET"]}}],"collection":[{"href":"https:\/\/aeronoticias.com.pe\/noticiero\/wp-json\/wp\/v2\/posts"}],"about":[{"href":"https:\/\/aeronoticias.com.pe\/noticiero\/wp-json\/wp\/v2\/types\/post"}],"author":[{"embeddable":true,"href":"https:\/\/aeronoticias.com.pe\/noticiero\/wp-json\/wp\/v2\/users\/1"}],"replies":[{"embeddable":true,"href":"https:\/\/aeronoticias.com.pe\/noticiero\/wp-json\/wp\/v2\/comments?post=58772"}],"version-history":[{"count":0,"href":"https:\/\/aeronoticias.com.pe\/noticiero\/wp-json\/wp\/v2\/posts\/58772\/revisions"}],"wp:featuredmedia":[{"embeddable":true,"href":"https:\/\/aeronoticias.com.pe\/noticiero\/wp-json\/wp\/v2\/media\/65685"}],"wp:attachment":[{"href":"https:\/\/aeronoticias.com.pe\/noticiero\/wp-json\/wp\/v2\/media?parent=58772"}],"wp:term":[{"taxonomy":"category","embeddable":true,"href":"https:\/\/aeronoticias.com.pe\/noticiero\/wp-json\/wp\/v2\/categories?post=58772"},{"taxonomy":"post_tag","embeddable":true,"href":"https:\/\/aeronoticias.com.pe\/noticiero\/wp-json\/wp\/v2\/tags?post=58772"}],"curies":[{"name":"wp","href":"https:\/\/api.w.org\/{rel}","templated":true}]}}