{"id":58773,"date":"2019-09-02T01:52:28","date_gmt":"2019-09-02T01:52:28","guid":{"rendered":"http:\/\/desarrollo.mcvicious.com\/aero2020\/2019\/09\/02\/air-europa-lanza-la-campana-time-to-fly-y-ofrece-vuelos-a-partir-de-29-euros\/"},"modified":"2019-09-02T01:52:28","modified_gmt":"2019-09-02T01:52:28","slug":"air-europa-lanza-la-campana-time-to-fly-y-ofrece-vuelos-a-partir-de-29-euros","status":"publish","type":"post","link":"https:\/\/aeronoticias.com.pe\/noticiero\/economia\/air-europa-lanza-la-campana-time-to-fly-y-ofrece-vuelos-a-partir-de-29-euros\/","title":{"rendered":"Air Europa lanza la campa\u00f1a \u2018Time to Fly\u2019 y ofrece vuelos a partir de 29 euros"},"content":{"rendered":"<p style=\"text-align: justify;\"><strong>(Aeronoticias)<\/strong>.-\u00a0<span style=\"color: #454545; font-family: Helvetica; font-size: 12px;\">Air Europa<\/span><span style=\"color: #454545; font-family: Helvetica; font-size: 12px;\"> ha lanzado su nueva campa\u00f1a \u2018Time to Fly, nuestros precios son tus alas\u2019 para sustituir la anterior \u2018Minimax\u2019 dentro de su plan de posicionamiento de marca, con la que ofrece vuelos desde 29 euros por trayecto, comprando ida y vuelta, a la pen\u00ednsula Baleares y Europa; o a Canarias desde 39 euros, adem\u00e1s de la posibilidad de volar a destinos como Marrakech desde 29 euros o a Tel Aviv por 109 euros.<\/span><\/p>\n<p class=\"p1\" style=\"text-align: justify;\">\u2018Time to Fly\u2019 se engloba dentro de la nueva evoluci\u00f3n que busca \u201ccontinuar con ese compromiso al que siempre ha sido fiel Air Europa, basado en ofrecer a cada pasajero la mejor experiencia con m\u00e1s y mejores opciones\u201d, ha indicado el director de Marketing de Globalia, Rafael Brull.<\/p>\n<p class=\"p1\" style=\"text-align: justify;\">\u00a0<\/p>\n<p class=\"p1\" style=\"text-align: justify;\">En cuanto al largo radio, los clientes podr\u00e1n viajar a Estados Unidos con precios ida y vuelta a partir de 359 euros, y al resto de Am\u00e9rica desde 509 euros. Hasta el 16 de septiembre, ser\u00e1 posible adquirir un billete para volar hasta el pr\u00f3ximo 12 de junio.<\/p>\n<p class=\"p1\" style=\"text-align: justify;\">\u00a0<\/p>\n<p class=\"p1\" style=\"text-align: justify;\">Air Europa vuela desde su \u2018hub\u2019 ubicado en el aeropuerto Adolfo Su\u00e1rez Madrid-Barajas a un total de 24 destinos en el continente americano, 22 nacionales y 17 repartidos por Europa, \u00c1frica y Oriente Medio.<\/p>\n<p class=\"p1\" style=\"text-align: justify;\">\u00a0<\/p>\n<p class=\"p1\" style=\"text-align: justify;\">Fuente: <span style=\"text-decoration: underline;\"><strong><em>Europa Press<\/em><\/strong><\/span>.<\/p>\n<p class=\"p1\" style=\"text-align: justify;\">\u00a0<\/p>\n<p class=\"p1\" style=\"text-align: justify;\"><img decoding=\"async\" src=\"images\/stories\/aireuropa1.jpg\" border=\"0\" \/><\/p>\n<p>p.p1 {margin: 0.0px 0.0px 0.0px 0.0px; font: 12.0px Helvetica; color: #454545} p.p2 {margin: 0.0px 0.0px 0.0px 0.0px; text-align: center; font: 12.0px Helvetica; color: #454545; min-height: 14.0px} p.p3 {margin: 0.0px 0.0px 0.0px 0.0px; font: 12.0px Helvetica; color: #454545; min-height: 14.0px}<\/p>\n","protected":false},"excerpt":{"rendered":"<p>(Aeronoticias).-\u00a0Air Europa ha lanzado su nueva campa\u00f1a \u2018Time to Fly, nuestros precios son tus alas\u2019 para sustituir la anterior \u2018Minimax\u2019 dentro de su plan de posicionamiento de marca, con la que ofrece vuelos desde 29 euros por trayecto, comprando ida y vuelta, a la pen\u00ednsula Baleares y Europa; o a Canarias desde 39 euros, adem\u00e1s [&hellip;]<\/p>\n","protected":false},"author":1,"featured_media":0,"comment_status":"open","ping_status":"open","sticky":false,"template":"","format":"standard","meta":{"tdm_status":"","tdm_grid_status":"","footnotes":""},"categories":[33],"tags":[],"class_list":{"0":"post-58773","1":"post","2":"type-post","3":"status-publish","4":"format-standard","6":"category-economia"},"yoast_head":"<!-- This site is optimized with the Yoast SEO plugin v25.1 - https:\/\/yoast.com\/wordpress\/plugins\/seo\/ -->\n<title>Air Europa lanza la campa\u00f1a \u2018Time to Fly\u2019 y ofrece vuelos a partir de 29 euros<\/title>\n<meta name=\"description\" content=\"Portal de noticias del Per\u00fa sobre el transporte a\u00e9reo, aviaci\u00f3n, turismo, hoteleria, actualidad.\" \/>\n<meta name=\"robots\" content=\"index, follow, max-snippet:-1, max-image-preview:large, max-video-preview:-1\" \/>\n<link rel=\"canonical\" href=\"https:\/\/aeronoticias.com.pe\/noticiero\/economia\/air-europa-lanza-la-campana-time-to-fly-y-ofrece-vuelos-a-partir-de-29-euros\/\" \/>\n<meta property=\"og:locale\" content=\"es_ES\" \/>\n<meta property=\"og:type\" content=\"article\" \/>\n<meta property=\"og:title\" content=\"Air Europa lanza la campa\u00f1a \u2018Time to Fly\u2019 y ofrece vuelos a partir de 29 euros\" \/>\n<meta property=\"og:description\" content=\"Portal de noticias del Per\u00fa sobre el transporte a\u00e9reo, aviaci\u00f3n, turismo, hoteleria, actualidad.\" \/>\n<meta property=\"og:url\" content=\"https:\/\/aeronoticias.com.pe\/noticiero\/economia\/air-europa-lanza-la-campana-time-to-fly-y-ofrece-vuelos-a-partir-de-29-euros\/\" \/>\n<meta property=\"og:site_name\" content=\"Aeronoticias.com.pe\" \/>\n<meta property=\"article:publisher\" content=\"https:\/\/www.facebook.com\/Aeronoticias.com.pe\/\" \/>\n<meta property=\"article:published_time\" content=\"2019-09-02T01:52:28+00:00\" \/>\n<meta name=\"author\" content=\"Redacci\u00f3n Aeronoticias\" \/>\n<meta name=\"twitter:card\" content=\"summary_large_image\" \/>\n<meta name=\"twitter:creator\" content=\"@aeronoticias\" \/>\n<meta name=\"twitter:site\" content=\"@aeronoticias\" \/>\n<meta name=\"twitter:label1\" content=\"Escrito por\" \/>\n\t<meta name=\"twitter:data1\" content=\"Redacci\u00f3n Aeronoticias\" \/>\n\t<meta name=\"twitter:label2\" content=\"Tiempo de lectura\" \/>\n\t<meta name=\"twitter:data2\" content=\"1 minuto\" \/>\n<script type=\"application\/ld+json\" class=\"yoast-schema-graph\">{\"@context\":\"https:\/\/schema.org\",\"@graph\":[{\"@type\":\"WebPage\",\"@id\":\"https:\/\/aeronoticias.com.pe\/noticiero\/economia\/air-europa-lanza-la-campana-time-to-fly-y-ofrece-vuelos-a-partir-de-29-euros\/\",\"url\":\"https:\/\/aeronoticias.com.pe\/noticiero\/economia\/air-europa-lanza-la-campana-time-to-fly-y-ofrece-vuelos-a-partir-de-29-euros\/\",\"name\":\"Air Europa lanza la campa\u00f1a \u2018Time to Fly\u2019 y ofrece vuelos a partir de 29 euros\",\"isPartOf\":{\"@id\":\"https:\/\/aeronoticias.com.pe\/noticiero\/#website\"},\"datePublished\":\"2019-09-02T01:52:28+00:00\",\"author\":{\"@id\":\"https:\/\/aeronoticias.com.pe\/noticiero\/#\/schema\/person\/fc1e5d578f4b62ba1cf7ac2bba1170a0\"},\"description\":\"Portal de noticias del Per\u00fa sobre el transporte a\u00e9reo, aviaci\u00f3n, turismo, hoteleria, actualidad.\",\"breadcrumb\":{\"@id\":\"https:\/\/aeronoticias.com.pe\/noticiero\/economia\/air-europa-lanza-la-campana-time-to-fly-y-ofrece-vuelos-a-partir-de-29-euros\/#breadcrumb\"},\"inLanguage\":\"es\",\"potentialAction\":[{\"@type\":\"ReadAction\",\"target\":[\"https:\/\/aeronoticias.com.pe\/noticiero\/economia\/air-europa-lanza-la-campana-time-to-fly-y-ofrece-vuelos-a-partir-de-29-euros\/\"]}]},{\"@type\":\"BreadcrumbList\",\"@id\":\"https:\/\/aeronoticias.com.pe\/noticiero\/economia\/air-europa-lanza-la-campana-time-to-fly-y-ofrece-vuelos-a-partir-de-29-euros\/#breadcrumb\",\"itemListElement\":[{\"@type\":\"ListItem\",\"position\":1,\"name\":\"Portada\",\"item\":\"https:\/\/aeronoticias.com.pe\/noticiero\/\"},{\"@type\":\"ListItem\",\"position\":2,\"name\":\"Air Europa lanza la campa\u00f1a \u2018Time to Fly\u2019 y ofrece vuelos a partir de 29 euros\"}]},{\"@type\":\"WebSite\",\"@id\":\"https:\/\/aeronoticias.com.pe\/noticiero\/#website\",\"url\":\"https:\/\/aeronoticias.com.pe\/noticiero\/\",\"name\":\"Aeronoticias.com.pe\",\"description\":\"Noticias de tranporte aereo, turismo, hoteles, gastronomia, actualidad, internacional\",\"potentialAction\":[{\"@type\":\"SearchAction\",\"target\":{\"@type\":\"EntryPoint\",\"urlTemplate\":\"https:\/\/aeronoticias.com.pe\/noticiero\/?s={search_term_string}\"},\"query-input\":{\"@type\":\"PropertyValueSpecification\",\"valueRequired\":true,\"valueName\":\"search_term_string\"}}],\"inLanguage\":\"es\"},{\"@type\":\"Person\",\"@id\":\"https:\/\/aeronoticias.com.pe\/noticiero\/#\/schema\/person\/fc1e5d578f4b62ba1cf7ac2bba1170a0\",\"name\":\"Redacci\u00f3n Aeronoticias\",\"url\":\"https:\/\/aeronoticias.com.pe\/noticiero\/author\/piloto\/\"}]}<\/script>\n<!-- \/ Yoast SEO plugin. -->","yoast_head_json":{"title":"Air Europa lanza la campa\u00f1a \u2018Time to Fly\u2019 y ofrece vuelos a partir de 29 euros","description":"Portal de noticias del Per\u00fa sobre el transporte a\u00e9reo, aviaci\u00f3n, turismo, hoteleria, actualidad.","robots":{"index":"index","follow":"follow","max-snippet":"max-snippet:-1","max-image-preview":"max-image-preview:large","max-video-preview":"max-video-preview:-1"},"canonical":"https:\/\/aeronoticias.com.pe\/noticiero\/economia\/air-europa-lanza-la-campana-time-to-fly-y-ofrece-vuelos-a-partir-de-29-euros\/","og_locale":"es_ES","og_type":"article","og_title":"Air Europa lanza la campa\u00f1a \u2018Time to Fly\u2019 y ofrece vuelos a partir de 29 euros","og_description":"Portal de noticias del Per\u00fa sobre el transporte a\u00e9reo, aviaci\u00f3n, turismo, hoteleria, actualidad.","og_url":"https:\/\/aeronoticias.com.pe\/noticiero\/economia\/air-europa-lanza-la-campana-time-to-fly-y-ofrece-vuelos-a-partir-de-29-euros\/","og_site_name":"Aeronoticias.com.pe","article_publisher":"https:\/\/www.facebook.com\/Aeronoticias.com.pe\/","article_published_time":"2019-09-02T01:52:28+00:00","author":"Redacci\u00f3n Aeronoticias","twitter_card":"summary_large_image","twitter_creator":"@aeronoticias","twitter_site":"@aeronoticias","twitter_misc":{"Escrito por":"Redacci\u00f3n Aeronoticias","Tiempo de lectura":"1 minuto"},"schema":{"@context":"https:\/\/schema.org","@graph":[{"@type":"WebPage","@id":"https:\/\/aeronoticias.com.pe\/noticiero\/economia\/air-europa-lanza-la-campana-time-to-fly-y-ofrece-vuelos-a-partir-de-29-euros\/","url":"https:\/\/aeronoticias.com.pe\/noticiero\/economia\/air-europa-lanza-la-campana-time-to-fly-y-ofrece-vuelos-a-partir-de-29-euros\/","name":"Air Europa lanza la campa\u00f1a \u2018Time to Fly\u2019 y ofrece vuelos a partir de 29 euros","isPartOf":{"@id":"https:\/\/aeronoticias.com.pe\/noticiero\/#website"},"datePublished":"2019-09-02T01:52:28+00:00","author":{"@id":"https:\/\/aeronoticias.com.pe\/noticiero\/#\/schema\/person\/fc1e5d578f4b62ba1cf7ac2bba1170a0"},"description":"Portal de noticias del Per\u00fa sobre el transporte a\u00e9reo, aviaci\u00f3n, turismo, hoteleria, actualidad.","breadcrumb":{"@id":"https:\/\/aeronoticias.com.pe\/noticiero\/economia\/air-europa-lanza-la-campana-time-to-fly-y-ofrece-vuelos-a-partir-de-29-euros\/#breadcrumb"},"inLanguage":"es","potentialAction":[{"@type":"ReadAction","target":["https:\/\/aeronoticias.com.pe\/noticiero\/economia\/air-europa-lanza-la-campana-time-to-fly-y-ofrece-vuelos-a-partir-de-29-euros\/"]}]},{"@type":"BreadcrumbList","@id":"https:\/\/aeronoticias.com.pe\/noticiero\/economia\/air-europa-lanza-la-campana-time-to-fly-y-ofrece-vuelos-a-partir-de-29-euros\/#breadcrumb","itemListElement":[{"@type":"ListItem","position":1,"name":"Portada","item":"https:\/\/aeronoticias.com.pe\/noticiero\/"},{"@type":"ListItem","position":2,"name":"Air Europa lanza la campa\u00f1a \u2018Time to Fly\u2019 y ofrece vuelos a partir de 29 euros"}]},{"@type":"WebSite","@id":"https:\/\/aeronoticias.com.pe\/noticiero\/#website","url":"https:\/\/aeronoticias.com.pe\/noticiero\/","name":"Aeronoticias.com.pe","description":"Noticias de tranporte aereo, turismo, hoteles, gastronomia, actualidad, internacional","potentialAction":[{"@type":"SearchAction","target":{"@type":"EntryPoint","urlTemplate":"https:\/\/aeronoticias.com.pe\/noticiero\/?s={search_term_string}"},"query-input":{"@type":"PropertyValueSpecification","valueRequired":true,"valueName":"search_term_string"}}],"inLanguage":"es"},{"@type":"Person","@id":"https:\/\/aeronoticias.com.pe\/noticiero\/#\/schema\/person\/fc1e5d578f4b62ba1cf7ac2bba1170a0","name":"Redacci\u00f3n Aeronoticias","url":"https:\/\/aeronoticias.com.pe\/noticiero\/author\/piloto\/"}]}},"_links":{"self":[{"href":"https:\/\/aeronoticias.com.pe\/noticiero\/wp-json\/wp\/v2\/posts\/58773","targetHints":{"allow":["GET"]}}],"collection":[{"href":"https:\/\/aeronoticias.com.pe\/noticiero\/wp-json\/wp\/v2\/posts"}],"about":[{"href":"https:\/\/aeronoticias.com.pe\/noticiero\/wp-json\/wp\/v2\/types\/post"}],"author":[{"embeddable":true,"href":"https:\/\/aeronoticias.com.pe\/noticiero\/wp-json\/wp\/v2\/users\/1"}],"replies":[{"embeddable":true,"href":"https:\/\/aeronoticias.com.pe\/noticiero\/wp-json\/wp\/v2\/comments?post=58773"}],"version-history":[{"count":0,"href":"https:\/\/aeronoticias.com.pe\/noticiero\/wp-json\/wp\/v2\/posts\/58773\/revisions"}],"wp:attachment":[{"href":"https:\/\/aeronoticias.com.pe\/noticiero\/wp-json\/wp\/v2\/media?parent=58773"}],"wp:term":[{"taxonomy":"category","embeddable":true,"href":"https:\/\/aeronoticias.com.pe\/noticiero\/wp-json\/wp\/v2\/categories?post=58773"},{"taxonomy":"post_tag","embeddable":true,"href":"https:\/\/aeronoticias.com.pe\/noticiero\/wp-json\/wp\/v2\/tags?post=58773"}],"curies":[{"name":"wp","href":"https:\/\/api.w.org\/{rel}","templated":true}]}}