{"id":58774,"date":"2019-09-02T23:11:35","date_gmt":"2019-09-02T23:11:35","guid":{"rendered":"http:\/\/desarrollo.mcvicious.com\/aero2020\/2019\/09\/02\/precios-de-vuelos-a-colombia-desde-us-140-ida-y-vuelta\/"},"modified":"2019-09-02T23:11:35","modified_gmt":"2019-09-02T23:11:35","slug":"precios-de-vuelos-a-colombia-desde-us-140-ida-y-vuelta","status":"publish","type":"post","link":"https:\/\/aeronoticias.com.pe\/noticiero\/economia\/precios-de-vuelos-a-colombia-desde-us-140-ida-y-vuelta\/","title":{"rendered":"Precios de vuelos a Colombia desde US$ 140 ida y vuelta"},"content":{"rendered":"<p style=\"text-align: justify;\"><strong>(Aeronoticias).<\/strong>&#8211;\u00a0<span style=\"color: #454545; font-family: Helvetica; font-size: 12px;\">Los precio de los vuelos de <\/span><a href=\"https:\/\/peru21.pe\/lima\/\" style=\"font-family: Helvetica; font-size: 12px;\"><span class=\"s1\"><strong>Lima<\/strong><\/span><\/a><strong style=\"color: #454545; font-family: Helvetica; font-size: 12px;\"> <\/strong><span style=\"color: #454545; font-family: Helvetica; font-size: 12px;\">a <\/span><strong style=\"color: #454545; font-family: Helvetica; font-size: 12px;\">Bogot\u00e1<\/strong><span style=\"color: #454545; font-family: Helvetica; font-size: 12px;\">, <\/span><strong style=\"color: #454545; font-family: Helvetica; font-size: 12px;\">Cartagena <\/strong><span style=\"color: #454545; font-family: Helvetica; font-size: 12px;\">y <\/span><strong style=\"color: #454545; font-family: Helvetica; font-size: 12px;\">Medell\u00edn <\/strong><span style=\"color: #454545; font-family: Helvetica; font-size: 12px;\">se han reducido en 54% en el lapso de un a\u00f1o debido, en parte, a que la duraci\u00f3n del vuelo ha disminuido de 6 horas (por las escalas) a solo 2 a 3 horas y media.<\/span><\/p>\n<p class=\"p1\" style=\"text-align: justify;\">\u201cDarse una escapada a\u00a0<strong>Colombia <\/strong>por 3 o 4 d\u00edas es posible para m\u00e1s peruanos gracias a las nuevas rutas directas de Lima hacia\u00a0<strong>Medell\u00edn<\/strong>,\u00a0<strong>Cartagena <\/strong>y\u00a0<strong>Bogot\u00e1 <\/strong>que las aerol\u00edneas han inaugurado a lo largo del a\u00f1o. Durante el 2018 estos vuelos costaban por encima de los US$ 300 ida y vuelta, en cambio ahora podemos encontrarlos desde US$ 140 por ida y vuelta, ya que se ha producido una reducci\u00f3n del 54% en el lapso de un a\u00f1o\u00bb, coment\u00f3 Greta Armestar, country manager de la plataforma Atr\u00e1palo.<\/p>\n<p class=\"p1\" style=\"text-align: justify;\">\u00a0<\/p>\n<p class=\"p1\" style=\"text-align: justify;\">Seg\u00fan la plataforma, durante el primer semestre del a\u00f1o las tres ciudades colombianas m\u00e1s visitadas por los viajeros que partieron desde Per\u00fa fueron\u00a0<strong>Bogot\u00e1 <\/strong>(40%),\u00a0<strong>Cartagena <\/strong>(26%) y\u00a0<strong>Medell\u00edn <\/strong>(16%); mientras que los pasajes a\u00e9reos se adquirieron, en su mayor\u00eda con 1 a 2 meses de anticipaci\u00f3n.<\/p>\n<p class=\"p1\" style=\"text-align: justify;\">\u00a0<\/p>\n<p class=\"p1\" style=\"text-align: justify;\">En dicho contexto, la entidad gubernamental de turismo de\u00a0<strong>Colombia<\/strong>, ProColombia, ha impulsado el turismo internacional de la mano de la plataforma especializada en experiencias y viajes, con promociones hacia el pa\u00eds vecino con vuelos a Medell\u00edn desde US$ 70 por tramo (con impuestos incluidos y sin gastos administrativos).<\/p>\n<p class=\"p1\" style=\"text-align: justify;\">\u00a0<\/p>\n<p class=\"p1\" style=\"text-align: justify;\">Asimismo, el organismo colombiano y el portal alistan descuentos especiales para visitar Cartagena, Bogot\u00e1, Santa Marta y San Andr\u00e9s.<\/p>\n<p class=\"p1\" style=\"text-align: justify;\">\u00a0<\/p>\n<p class=\"p1\" style=\"text-align: justify;\">Del 02 al 06 de septiembre se activar\u00e1n los descuentos en la web de Atr\u00e1palo y en la aplicaci\u00f3n m\u00f3vil donde se podr\u00e1n adquirir pasajes a\u00e9reos, reservar hoteles de 4 estrellas desde US$ 35 por persona por noche, as\u00ed como paquetes de 4 d\u00edas y 3 noches que incluyen vuelos y hotel de 4 estrellas desde US$ 280 por persona por noche en base a habitaci\u00f3n doble.<\/p>\n<p class=\"p1\" style=\"text-align: justify;\">\u00a0<\/p>\n<p class=\"p1\" style=\"text-align: justify;\">Cabe se\u00f1alar que ProColombia espera que para finales del 2019 se logre atraer a 4.7 millones de visitantes a tierras cafeteras.<\/p>\n<p class=\"p1\" style=\"text-align: justify;\">\u00a0<\/p>\n<p class=\"p1\" style=\"text-align: justify;\">Fuente: <span style=\"text-decoration: underline;\"><em><strong>Per\u00fa 21<\/strong><\/em><\/span>.<\/p>\n<p class=\"p1\" style=\"text-align: justify;\">\u00a0<\/p>\n<p class=\"p1\" style=\"text-align: justify;\"><img decoding=\"async\" src=\"images\/stories\/a9.jpg\" border=\"0\" \/><\/p>\n<p>p.p1 {margin: 0.0px 0.0px 0.0px 0.0px; font: 12.0px Helvetica; color: #454545} span.s1 {color: #e4af09}<\/p>\n","protected":false},"excerpt":{"rendered":"<p>(Aeronoticias).&#8211;\u00a0Los precio de los vuelos de Lima a Bogot\u00e1, Cartagena y Medell\u00edn se han reducido en 54% en el lapso de un a\u00f1o debido, en parte, a que la duraci\u00f3n del vuelo ha disminuido de 6 horas (por las escalas) a solo 2 a 3 horas y media. \u201cDarse una escapada a\u00a0Colombia por 3 o [&hellip;]<\/p>\n","protected":false},"author":1,"featured_media":0,"comment_status":"open","ping_status":"open","sticky":false,"template":"","format":"standard","meta":{"tdm_status":"","tdm_grid_status":"","footnotes":""},"categories":[33],"tags":[],"class_list":{"0":"post-58774","1":"post","2":"type-post","3":"status-publish","4":"format-standard","6":"category-economia"},"yoast_head":"<!-- This site is optimized with the Yoast SEO plugin v25.1 - https:\/\/yoast.com\/wordpress\/plugins\/seo\/ -->\n<title>Precios de vuelos a Colombia desde US$ 140 ida y vuelta<\/title>\n<meta name=\"description\" content=\"Portal de noticias del Per\u00fa sobre el transporte a\u00e9reo, aviaci\u00f3n, turismo, hoteleria, actualidad.\" \/>\n<meta name=\"robots\" content=\"index, follow, max-snippet:-1, max-image-preview:large, max-video-preview:-1\" \/>\n<link rel=\"canonical\" href=\"https:\/\/aeronoticias.com.pe\/noticiero\/economia\/precios-de-vuelos-a-colombia-desde-us-140-ida-y-vuelta\/\" \/>\n<meta property=\"og:locale\" content=\"es_ES\" \/>\n<meta property=\"og:type\" content=\"article\" \/>\n<meta property=\"og:title\" content=\"Precios de vuelos a Colombia desde US$ 140 ida y vuelta\" \/>\n<meta property=\"og:description\" content=\"Portal de noticias del Per\u00fa sobre el transporte a\u00e9reo, aviaci\u00f3n, turismo, hoteleria, actualidad.\" \/>\n<meta property=\"og:url\" content=\"https:\/\/aeronoticias.com.pe\/noticiero\/economia\/precios-de-vuelos-a-colombia-desde-us-140-ida-y-vuelta\/\" \/>\n<meta property=\"og:site_name\" content=\"Aeronoticias.com.pe\" \/>\n<meta property=\"article:publisher\" content=\"https:\/\/www.facebook.com\/Aeronoticias.com.pe\/\" \/>\n<meta property=\"article:published_time\" content=\"2019-09-02T23:11:35+00:00\" \/>\n<meta name=\"author\" content=\"Redacci\u00f3n Aeronoticias\" \/>\n<meta name=\"twitter:card\" content=\"summary_large_image\" \/>\n<meta name=\"twitter:creator\" content=\"@aeronoticias\" \/>\n<meta name=\"twitter:site\" content=\"@aeronoticias\" \/>\n<meta name=\"twitter:label1\" content=\"Escrito por\" \/>\n\t<meta name=\"twitter:data1\" content=\"Redacci\u00f3n Aeronoticias\" \/>\n\t<meta name=\"twitter:label2\" content=\"Tiempo de lectura\" \/>\n\t<meta name=\"twitter:data2\" content=\"2 minutos\" \/>\n<script type=\"application\/ld+json\" class=\"yoast-schema-graph\">{\"@context\":\"https:\/\/schema.org\",\"@graph\":[{\"@type\":\"WebPage\",\"@id\":\"https:\/\/aeronoticias.com.pe\/noticiero\/economia\/precios-de-vuelos-a-colombia-desde-us-140-ida-y-vuelta\/\",\"url\":\"https:\/\/aeronoticias.com.pe\/noticiero\/economia\/precios-de-vuelos-a-colombia-desde-us-140-ida-y-vuelta\/\",\"name\":\"Precios de vuelos a Colombia desde US$ 140 ida y vuelta\",\"isPartOf\":{\"@id\":\"https:\/\/aeronoticias.com.pe\/noticiero\/#website\"},\"datePublished\":\"2019-09-02T23:11:35+00:00\",\"author\":{\"@id\":\"https:\/\/aeronoticias.com.pe\/noticiero\/#\/schema\/person\/fc1e5d578f4b62ba1cf7ac2bba1170a0\"},\"description\":\"Portal de noticias del Per\u00fa sobre el transporte a\u00e9reo, aviaci\u00f3n, turismo, hoteleria, actualidad.\",\"breadcrumb\":{\"@id\":\"https:\/\/aeronoticias.com.pe\/noticiero\/economia\/precios-de-vuelos-a-colombia-desde-us-140-ida-y-vuelta\/#breadcrumb\"},\"inLanguage\":\"es\",\"potentialAction\":[{\"@type\":\"ReadAction\",\"target\":[\"https:\/\/aeronoticias.com.pe\/noticiero\/economia\/precios-de-vuelos-a-colombia-desde-us-140-ida-y-vuelta\/\"]}]},{\"@type\":\"BreadcrumbList\",\"@id\":\"https:\/\/aeronoticias.com.pe\/noticiero\/economia\/precios-de-vuelos-a-colombia-desde-us-140-ida-y-vuelta\/#breadcrumb\",\"itemListElement\":[{\"@type\":\"ListItem\",\"position\":1,\"name\":\"Portada\",\"item\":\"https:\/\/aeronoticias.com.pe\/noticiero\/\"},{\"@type\":\"ListItem\",\"position\":2,\"name\":\"Precios de vuelos a Colombia desde US$ 140 ida y vuelta\"}]},{\"@type\":\"WebSite\",\"@id\":\"https:\/\/aeronoticias.com.pe\/noticiero\/#website\",\"url\":\"https:\/\/aeronoticias.com.pe\/noticiero\/\",\"name\":\"Aeronoticias.com.pe\",\"description\":\"Noticias de tranporte aereo, turismo, hoteles, gastronomia, actualidad, internacional\",\"potentialAction\":[{\"@type\":\"SearchAction\",\"target\":{\"@type\":\"EntryPoint\",\"urlTemplate\":\"https:\/\/aeronoticias.com.pe\/noticiero\/?s={search_term_string}\"},\"query-input\":{\"@type\":\"PropertyValueSpecification\",\"valueRequired\":true,\"valueName\":\"search_term_string\"}}],\"inLanguage\":\"es\"},{\"@type\":\"Person\",\"@id\":\"https:\/\/aeronoticias.com.pe\/noticiero\/#\/schema\/person\/fc1e5d578f4b62ba1cf7ac2bba1170a0\",\"name\":\"Redacci\u00f3n Aeronoticias\",\"url\":\"https:\/\/aeronoticias.com.pe\/noticiero\/author\/piloto\/\"}]}<\/script>\n<!-- \/ Yoast SEO plugin. -->","yoast_head_json":{"title":"Precios de vuelos a Colombia desde US$ 140 ida y vuelta","description":"Portal de noticias del Per\u00fa sobre el transporte a\u00e9reo, aviaci\u00f3n, turismo, hoteleria, actualidad.","robots":{"index":"index","follow":"follow","max-snippet":"max-snippet:-1","max-image-preview":"max-image-preview:large","max-video-preview":"max-video-preview:-1"},"canonical":"https:\/\/aeronoticias.com.pe\/noticiero\/economia\/precios-de-vuelos-a-colombia-desde-us-140-ida-y-vuelta\/","og_locale":"es_ES","og_type":"article","og_title":"Precios de vuelos a Colombia desde US$ 140 ida y vuelta","og_description":"Portal de noticias del Per\u00fa sobre el transporte a\u00e9reo, aviaci\u00f3n, turismo, hoteleria, actualidad.","og_url":"https:\/\/aeronoticias.com.pe\/noticiero\/economia\/precios-de-vuelos-a-colombia-desde-us-140-ida-y-vuelta\/","og_site_name":"Aeronoticias.com.pe","article_publisher":"https:\/\/www.facebook.com\/Aeronoticias.com.pe\/","article_published_time":"2019-09-02T23:11:35+00:00","author":"Redacci\u00f3n Aeronoticias","twitter_card":"summary_large_image","twitter_creator":"@aeronoticias","twitter_site":"@aeronoticias","twitter_misc":{"Escrito por":"Redacci\u00f3n Aeronoticias","Tiempo de lectura":"2 minutos"},"schema":{"@context":"https:\/\/schema.org","@graph":[{"@type":"WebPage","@id":"https:\/\/aeronoticias.com.pe\/noticiero\/economia\/precios-de-vuelos-a-colombia-desde-us-140-ida-y-vuelta\/","url":"https:\/\/aeronoticias.com.pe\/noticiero\/economia\/precios-de-vuelos-a-colombia-desde-us-140-ida-y-vuelta\/","name":"Precios de vuelos a Colombia desde US$ 140 ida y vuelta","isPartOf":{"@id":"https:\/\/aeronoticias.com.pe\/noticiero\/#website"},"datePublished":"2019-09-02T23:11:35+00:00","author":{"@id":"https:\/\/aeronoticias.com.pe\/noticiero\/#\/schema\/person\/fc1e5d578f4b62ba1cf7ac2bba1170a0"},"description":"Portal de noticias del Per\u00fa sobre el transporte a\u00e9reo, aviaci\u00f3n, turismo, hoteleria, actualidad.","breadcrumb":{"@id":"https:\/\/aeronoticias.com.pe\/noticiero\/economia\/precios-de-vuelos-a-colombia-desde-us-140-ida-y-vuelta\/#breadcrumb"},"inLanguage":"es","potentialAction":[{"@type":"ReadAction","target":["https:\/\/aeronoticias.com.pe\/noticiero\/economia\/precios-de-vuelos-a-colombia-desde-us-140-ida-y-vuelta\/"]}]},{"@type":"BreadcrumbList","@id":"https:\/\/aeronoticias.com.pe\/noticiero\/economia\/precios-de-vuelos-a-colombia-desde-us-140-ida-y-vuelta\/#breadcrumb","itemListElement":[{"@type":"ListItem","position":1,"name":"Portada","item":"https:\/\/aeronoticias.com.pe\/noticiero\/"},{"@type":"ListItem","position":2,"name":"Precios de vuelos a Colombia desde US$ 140 ida y vuelta"}]},{"@type":"WebSite","@id":"https:\/\/aeronoticias.com.pe\/noticiero\/#website","url":"https:\/\/aeronoticias.com.pe\/noticiero\/","name":"Aeronoticias.com.pe","description":"Noticias de tranporte aereo, turismo, hoteles, gastronomia, actualidad, internacional","potentialAction":[{"@type":"SearchAction","target":{"@type":"EntryPoint","urlTemplate":"https:\/\/aeronoticias.com.pe\/noticiero\/?s={search_term_string}"},"query-input":{"@type":"PropertyValueSpecification","valueRequired":true,"valueName":"search_term_string"}}],"inLanguage":"es"},{"@type":"Person","@id":"https:\/\/aeronoticias.com.pe\/noticiero\/#\/schema\/person\/fc1e5d578f4b62ba1cf7ac2bba1170a0","name":"Redacci\u00f3n Aeronoticias","url":"https:\/\/aeronoticias.com.pe\/noticiero\/author\/piloto\/"}]}},"_links":{"self":[{"href":"https:\/\/aeronoticias.com.pe\/noticiero\/wp-json\/wp\/v2\/posts\/58774","targetHints":{"allow":["GET"]}}],"collection":[{"href":"https:\/\/aeronoticias.com.pe\/noticiero\/wp-json\/wp\/v2\/posts"}],"about":[{"href":"https:\/\/aeronoticias.com.pe\/noticiero\/wp-json\/wp\/v2\/types\/post"}],"author":[{"embeddable":true,"href":"https:\/\/aeronoticias.com.pe\/noticiero\/wp-json\/wp\/v2\/users\/1"}],"replies":[{"embeddable":true,"href":"https:\/\/aeronoticias.com.pe\/noticiero\/wp-json\/wp\/v2\/comments?post=58774"}],"version-history":[{"count":0,"href":"https:\/\/aeronoticias.com.pe\/noticiero\/wp-json\/wp\/v2\/posts\/58774\/revisions"}],"wp:attachment":[{"href":"https:\/\/aeronoticias.com.pe\/noticiero\/wp-json\/wp\/v2\/media?parent=58774"}],"wp:term":[{"taxonomy":"category","embeddable":true,"href":"https:\/\/aeronoticias.com.pe\/noticiero\/wp-json\/wp\/v2\/categories?post=58774"},{"taxonomy":"post_tag","embeddable":true,"href":"https:\/\/aeronoticias.com.pe\/noticiero\/wp-json\/wp\/v2\/tags?post=58774"}],"curies":[{"name":"wp","href":"https:\/\/api.w.org\/{rel}","templated":true}]}}