{"id":58778,"date":"2019-09-03T15:15:54","date_gmt":"2019-09-03T15:15:54","guid":{"rendered":"http:\/\/desarrollo.mcvicious.com\/aero2020\/2019\/09\/03\/seminario-diplomacia-mundial-y-globalizacion-energetica-en-el-siglo-xxi\/"},"modified":"2020-09-11T15:21:54","modified_gmt":"2020-09-11T15:21:54","slug":"seminario-diplomacia-mundial-y-globalizacion-energetica-en-el-siglo-xxi","status":"publish","type":"post","link":"https:\/\/aeronoticias.com.pe\/noticiero\/diplomatica\/seminario-diplomacia-mundial-y-globalizacion-energetica-en-el-siglo-xxi\/","title":{"rendered":"Seminario: Diplomacia Mundial y Globalizaci\u00f3n Energ\u00e9tica en el Siglo XXI"},"content":{"rendered":"<p style=\"text-align: justify;\"><strong>(Aeronoticias).-<\/strong> El pr\u00f3ximo Lunes 09 de Setiembre del 2019, a horas 9:00 am a 13:00 horas se llevar\u00e1 a cabo en el Auditorio de Petro Per\u00fa sito en Canaval y Moreyra N\u00b0 150 San Isidro-Lima; el Seminario Internacional \u201cDiplomacia Mundial y Globalizaci\u00f3n Energ\u00e9tica en el Siglo XXI\u201d.<\/p>\n<p style=\"text-align: justify;\">La primera Conferencia, estar\u00e1 a cargo del Lic. Frank Guerrero Inga, Presidente Ejecutivo CENAEP-Internacionalista, quien tratar\u00e1 el tema \u201cDiplomacia Mundial y Geopol\u00edtica Energ\u00e9tica\u201d.<\/p>\n<p>  <!--more-->  <\/p>\n<p style=\"text-align: justify;\">La segunda Conferencia Magistral, estar\u00e1 a cargo del Abogado Julian Palacin Fernandez, Presidente del Instituto Peruano de Derecho\u00a0 A\u00e9reo (IPDA) y Presidente de la Comisi\u00f3n de la Comisi\u00f3n de Juristas Expertos en Derecho A\u00e9reo y Espacial (CIJEDAE), quien tratar\u00e1 el tema \u201cEl Derecho A\u00e9reo Internacional en el contexto del 11 de Setiembre del 2001\u201d<\/p>\n<p style=\"text-align: justify;\">La tercera Conferencia, estar\u00e1 a cargo del Contralmirante (AP) Luis Adawi, experto en Seguridad e Inteligencia Estrat\u00e9gica, quien tratar\u00e1 el tema \u201cLas amenazas a la Seguridad Global en el actual Contexto Internacional\u201d<\/p>\n<p style=\"text-align: justify;\">La Cuarta Conferencia, estar\u00e1 a cargo del Dr. Miguel Angel Rodr\u00edguez Mackay, Internacionalista, quien tratar\u00e1 el tema \u201cLa ONU y el Consejo de Seguridad en Tiempos de la Globalizaci\u00f3n\u201d.<\/p>\n<p style=\"text-align: justify;\">La Quinta Conferencia, estar\u00e1 a cargo del Dr. Carlos Canales Anchorena, Presidente de CANATUR, quien tratar\u00e1 el tema \u201cAsociaci\u00f3n Estrat\u00e9gica: Turismo y Diplomacia\u201d<\/p>\n<p style=\"text-align: justify;\">Cabe agregar que habr\u00e1 una ronda de preguntas a los Expositores y entrega de Diplomas.<\/p>\n<p style=\"text-align: justify;\"><img decoding=\"async\" src=\"images\/stories\/14\/05\/120514\/13_portis.jpg\" border=\"0\" title=\"Globalizacion\" \/><\/p>\n","protected":false},"excerpt":{"rendered":"<p>(Aeronoticias).- El pr\u00f3ximo Lunes 09 de Setiembre del 2019, a horas 9:00 am a 13:00 horas se llevar\u00e1 a cabo en el Auditorio de Petro Per\u00fa sito en Canaval y Moreyra N\u00b0 150 San Isidro-Lima; el Seminario Internacional \u201cDiplomacia Mundial y Globalizaci\u00f3n Energ\u00e9tica en el Siglo XXI\u201d. La primera Conferencia, estar\u00e1 a cargo del Lic. [&hellip;]<\/p>\n","protected":false},"author":1,"featured_media":0,"comment_status":"open","ping_status":"open","sticky":false,"template":"","format":"standard","meta":{"tdm_status":"","tdm_grid_status":"","footnotes":""},"categories":[25],"tags":[],"class_list":{"0":"post-58778","1":"post","2":"type-post","3":"status-publish","4":"format-standard","6":"category-diplomatica"},"yoast_head":"<!-- This site is optimized with the Yoast SEO plugin v25.1 - https:\/\/yoast.com\/wordpress\/plugins\/seo\/ -->\n<title>Seminario: Diplomacia Mundial y Globalizaci\u00f3n Energ\u00e9tica en el Siglo XXI<\/title>\n<meta name=\"description\" content=\"Portal de noticias del Per\u00fa sobre el transporte a\u00e9reo, aviaci\u00f3n, turismo, hoteleria, actualidad.\" \/>\n<meta name=\"robots\" content=\"index, follow, max-snippet:-1, max-image-preview:large, max-video-preview:-1\" \/>\n<link rel=\"canonical\" href=\"https:\/\/aeronoticias.com.pe\/noticiero\/diplomatica\/seminario-diplomacia-mundial-y-globalizacion-energetica-en-el-siglo-xxi\/\" \/>\n<meta property=\"og:locale\" content=\"es_ES\" \/>\n<meta property=\"og:type\" content=\"article\" \/>\n<meta property=\"og:title\" content=\"Seminario: Diplomacia Mundial y Globalizaci\u00f3n Energ\u00e9tica en el Siglo XXI\" \/>\n<meta property=\"og:description\" content=\"Portal de noticias del Per\u00fa sobre el transporte a\u00e9reo, aviaci\u00f3n, turismo, hoteleria, actualidad.\" \/>\n<meta property=\"og:url\" content=\"https:\/\/aeronoticias.com.pe\/noticiero\/diplomatica\/seminario-diplomacia-mundial-y-globalizacion-energetica-en-el-siglo-xxi\/\" \/>\n<meta property=\"og:site_name\" content=\"Aeronoticias.com.pe\" \/>\n<meta property=\"article:publisher\" content=\"https:\/\/www.facebook.com\/Aeronoticias.com.pe\/\" \/>\n<meta property=\"article:published_time\" content=\"2019-09-03T15:15:54+00:00\" \/>\n<meta property=\"article:modified_time\" content=\"2020-09-11T15:21:54+00:00\" \/>\n<meta name=\"author\" content=\"Redacci\u00f3n Aeronoticias\" \/>\n<meta name=\"twitter:card\" content=\"summary_large_image\" \/>\n<meta name=\"twitter:creator\" content=\"@aeronoticias\" \/>\n<meta name=\"twitter:site\" content=\"@aeronoticias\" \/>\n<meta name=\"twitter:label1\" content=\"Escrito por\" \/>\n\t<meta name=\"twitter:data1\" content=\"Redacci\u00f3n Aeronoticias\" \/>\n\t<meta name=\"twitter:label2\" content=\"Tiempo de lectura\" \/>\n\t<meta name=\"twitter:data2\" content=\"1 minuto\" \/>\n<script type=\"application\/ld+json\" class=\"yoast-schema-graph\">{\"@context\":\"https:\/\/schema.org\",\"@graph\":[{\"@type\":\"WebPage\",\"@id\":\"https:\/\/aeronoticias.com.pe\/noticiero\/diplomatica\/seminario-diplomacia-mundial-y-globalizacion-energetica-en-el-siglo-xxi\/\",\"url\":\"https:\/\/aeronoticias.com.pe\/noticiero\/diplomatica\/seminario-diplomacia-mundial-y-globalizacion-energetica-en-el-siglo-xxi\/\",\"name\":\"Seminario: Diplomacia Mundial y Globalizaci\u00f3n Energ\u00e9tica en el Siglo XXI\",\"isPartOf\":{\"@id\":\"https:\/\/aeronoticias.com.pe\/noticiero\/#website\"},\"datePublished\":\"2019-09-03T15:15:54+00:00\",\"dateModified\":\"2020-09-11T15:21:54+00:00\",\"author\":{\"@id\":\"https:\/\/aeronoticias.com.pe\/noticiero\/#\/schema\/person\/fc1e5d578f4b62ba1cf7ac2bba1170a0\"},\"description\":\"Portal de noticias del Per\u00fa sobre el transporte a\u00e9reo, aviaci\u00f3n, turismo, hoteleria, actualidad.\",\"breadcrumb\":{\"@id\":\"https:\/\/aeronoticias.com.pe\/noticiero\/diplomatica\/seminario-diplomacia-mundial-y-globalizacion-energetica-en-el-siglo-xxi\/#breadcrumb\"},\"inLanguage\":\"es\",\"potentialAction\":[{\"@type\":\"ReadAction\",\"target\":[\"https:\/\/aeronoticias.com.pe\/noticiero\/diplomatica\/seminario-diplomacia-mundial-y-globalizacion-energetica-en-el-siglo-xxi\/\"]}]},{\"@type\":\"BreadcrumbList\",\"@id\":\"https:\/\/aeronoticias.com.pe\/noticiero\/diplomatica\/seminario-diplomacia-mundial-y-globalizacion-energetica-en-el-siglo-xxi\/#breadcrumb\",\"itemListElement\":[{\"@type\":\"ListItem\",\"position\":1,\"name\":\"Portada\",\"item\":\"https:\/\/aeronoticias.com.pe\/noticiero\/\"},{\"@type\":\"ListItem\",\"position\":2,\"name\":\"Seminario: Diplomacia Mundial y Globalizaci\u00f3n Energ\u00e9tica en el Siglo XXI\"}]},{\"@type\":\"WebSite\",\"@id\":\"https:\/\/aeronoticias.com.pe\/noticiero\/#website\",\"url\":\"https:\/\/aeronoticias.com.pe\/noticiero\/\",\"name\":\"Aeronoticias.com.pe\",\"description\":\"Noticias de tranporte aereo, turismo, hoteles, gastronomia, actualidad, internacional\",\"potentialAction\":[{\"@type\":\"SearchAction\",\"target\":{\"@type\":\"EntryPoint\",\"urlTemplate\":\"https:\/\/aeronoticias.com.pe\/noticiero\/?s={search_term_string}\"},\"query-input\":{\"@type\":\"PropertyValueSpecification\",\"valueRequired\":true,\"valueName\":\"search_term_string\"}}],\"inLanguage\":\"es\"},{\"@type\":\"Person\",\"@id\":\"https:\/\/aeronoticias.com.pe\/noticiero\/#\/schema\/person\/fc1e5d578f4b62ba1cf7ac2bba1170a0\",\"name\":\"Redacci\u00f3n Aeronoticias\",\"url\":\"https:\/\/aeronoticias.com.pe\/noticiero\/author\/piloto\/\"}]}<\/script>\n<!-- \/ Yoast SEO plugin. -->","yoast_head_json":{"title":"Seminario: Diplomacia Mundial y Globalizaci\u00f3n Energ\u00e9tica en el Siglo XXI","description":"Portal de noticias del Per\u00fa sobre el transporte a\u00e9reo, aviaci\u00f3n, turismo, hoteleria, actualidad.","robots":{"index":"index","follow":"follow","max-snippet":"max-snippet:-1","max-image-preview":"max-image-preview:large","max-video-preview":"max-video-preview:-1"},"canonical":"https:\/\/aeronoticias.com.pe\/noticiero\/diplomatica\/seminario-diplomacia-mundial-y-globalizacion-energetica-en-el-siglo-xxi\/","og_locale":"es_ES","og_type":"article","og_title":"Seminario: Diplomacia Mundial y Globalizaci\u00f3n Energ\u00e9tica en el Siglo XXI","og_description":"Portal de noticias del Per\u00fa sobre el transporte a\u00e9reo, aviaci\u00f3n, turismo, hoteleria, actualidad.","og_url":"https:\/\/aeronoticias.com.pe\/noticiero\/diplomatica\/seminario-diplomacia-mundial-y-globalizacion-energetica-en-el-siglo-xxi\/","og_site_name":"Aeronoticias.com.pe","article_publisher":"https:\/\/www.facebook.com\/Aeronoticias.com.pe\/","article_published_time":"2019-09-03T15:15:54+00:00","article_modified_time":"2020-09-11T15:21:54+00:00","author":"Redacci\u00f3n Aeronoticias","twitter_card":"summary_large_image","twitter_creator":"@aeronoticias","twitter_site":"@aeronoticias","twitter_misc":{"Escrito por":"Redacci\u00f3n Aeronoticias","Tiempo de lectura":"1 minuto"},"schema":{"@context":"https:\/\/schema.org","@graph":[{"@type":"WebPage","@id":"https:\/\/aeronoticias.com.pe\/noticiero\/diplomatica\/seminario-diplomacia-mundial-y-globalizacion-energetica-en-el-siglo-xxi\/","url":"https:\/\/aeronoticias.com.pe\/noticiero\/diplomatica\/seminario-diplomacia-mundial-y-globalizacion-energetica-en-el-siglo-xxi\/","name":"Seminario: Diplomacia Mundial y Globalizaci\u00f3n Energ\u00e9tica en el Siglo XXI","isPartOf":{"@id":"https:\/\/aeronoticias.com.pe\/noticiero\/#website"},"datePublished":"2019-09-03T15:15:54+00:00","dateModified":"2020-09-11T15:21:54+00:00","author":{"@id":"https:\/\/aeronoticias.com.pe\/noticiero\/#\/schema\/person\/fc1e5d578f4b62ba1cf7ac2bba1170a0"},"description":"Portal de noticias del Per\u00fa sobre el transporte a\u00e9reo, aviaci\u00f3n, turismo, hoteleria, actualidad.","breadcrumb":{"@id":"https:\/\/aeronoticias.com.pe\/noticiero\/diplomatica\/seminario-diplomacia-mundial-y-globalizacion-energetica-en-el-siglo-xxi\/#breadcrumb"},"inLanguage":"es","potentialAction":[{"@type":"ReadAction","target":["https:\/\/aeronoticias.com.pe\/noticiero\/diplomatica\/seminario-diplomacia-mundial-y-globalizacion-energetica-en-el-siglo-xxi\/"]}]},{"@type":"BreadcrumbList","@id":"https:\/\/aeronoticias.com.pe\/noticiero\/diplomatica\/seminario-diplomacia-mundial-y-globalizacion-energetica-en-el-siglo-xxi\/#breadcrumb","itemListElement":[{"@type":"ListItem","position":1,"name":"Portada","item":"https:\/\/aeronoticias.com.pe\/noticiero\/"},{"@type":"ListItem","position":2,"name":"Seminario: Diplomacia Mundial y Globalizaci\u00f3n Energ\u00e9tica en el Siglo XXI"}]},{"@type":"WebSite","@id":"https:\/\/aeronoticias.com.pe\/noticiero\/#website","url":"https:\/\/aeronoticias.com.pe\/noticiero\/","name":"Aeronoticias.com.pe","description":"Noticias de tranporte aereo, turismo, hoteles, gastronomia, actualidad, internacional","potentialAction":[{"@type":"SearchAction","target":{"@type":"EntryPoint","urlTemplate":"https:\/\/aeronoticias.com.pe\/noticiero\/?s={search_term_string}"},"query-input":{"@type":"PropertyValueSpecification","valueRequired":true,"valueName":"search_term_string"}}],"inLanguage":"es"},{"@type":"Person","@id":"https:\/\/aeronoticias.com.pe\/noticiero\/#\/schema\/person\/fc1e5d578f4b62ba1cf7ac2bba1170a0","name":"Redacci\u00f3n Aeronoticias","url":"https:\/\/aeronoticias.com.pe\/noticiero\/author\/piloto\/"}]}},"_links":{"self":[{"href":"https:\/\/aeronoticias.com.pe\/noticiero\/wp-json\/wp\/v2\/posts\/58778","targetHints":{"allow":["GET"]}}],"collection":[{"href":"https:\/\/aeronoticias.com.pe\/noticiero\/wp-json\/wp\/v2\/posts"}],"about":[{"href":"https:\/\/aeronoticias.com.pe\/noticiero\/wp-json\/wp\/v2\/types\/post"}],"author":[{"embeddable":true,"href":"https:\/\/aeronoticias.com.pe\/noticiero\/wp-json\/wp\/v2\/users\/1"}],"replies":[{"embeddable":true,"href":"https:\/\/aeronoticias.com.pe\/noticiero\/wp-json\/wp\/v2\/comments?post=58778"}],"version-history":[{"count":0,"href":"https:\/\/aeronoticias.com.pe\/noticiero\/wp-json\/wp\/v2\/posts\/58778\/revisions"}],"wp:attachment":[{"href":"https:\/\/aeronoticias.com.pe\/noticiero\/wp-json\/wp\/v2\/media?parent=58778"}],"wp:term":[{"taxonomy":"category","embeddable":true,"href":"https:\/\/aeronoticias.com.pe\/noticiero\/wp-json\/wp\/v2\/categories?post=58778"},{"taxonomy":"post_tag","embeddable":true,"href":"https:\/\/aeronoticias.com.pe\/noticiero\/wp-json\/wp\/v2\/tags?post=58778"}],"curies":[{"name":"wp","href":"https:\/\/api.w.org\/{rel}","templated":true}]}}